{"id":1,"date":"2007-01-31T08:06:13","date_gmt":"2007-01-31T05:06:13","guid":{"rendered":"https:\/\/www.ramazanbasak.com.tr\/secim-beyannamesi"},"modified":"2007-01-31T08:06:13","modified_gmt":"2007-01-31T05:06:13","slug":"secim-beyannamesi","status":"publish","type":"post","link":"https:\/\/www.ramazanbasak.com.tr\/?p=1","title":{"rendered":"Se\u00e7im Beyannamesi"},"content":{"rendered":"<blockquote>\n<h1 style=\"MARGIN: 3pt 0cm; LINE-HEIGHT: 150%; TEXT-ALIGN: center\" align=\"center\"><font face=\"tahoma,arial,helvetica,sans-serif\"><span style=\"LINE-HEIGHT: 150%\"><font color=\"#003399\" size=\"2\">HER\u015eEY T&Uuml;RK\u0130YE \u0130\u00c7\u0130N<\/font><\/span><font color=\"#003399\"><span style=\"LINE-HEIGHT: 150%\"><font size=\"2\"> AK PART\u0130<\/font><\/span><font size=\"2\"><span style=\"FONT-FAMILY: Arial\">&nbsp; <\/span><span lang=\"EN-US\" style=\"FONT-FAMILY: Arial\">SE\u00c7\u0130M BEYANNAMES\u0130<\/span><\/font><\/font><\/font><\/h1>\n<div align=\"center\"><center><\/p>\n<table class=\"MsoNormalTable\" style=\"FONT-SIZE: 10px; FONT-FAMILY: Arial; BORDER-COLLAPSE: collapse\" height=\"1329\" cellspacing=\"0\" cellpadding=\"0\" width=\"420\" border=\"0\">\n<tbody>\n<tr style=\"HEIGHT: 17pt\">\n<td style=\"PADDING-RIGHT: 5.4pt; PADDING-LEFT: 5.4pt; PADDING-BOTTOM: 0cm; WIDTH: 524px; PADDING-TOP: 0cm; HEIGHT: 19px\" colspan=\"6\">\n<p style=\"LINE-HEIGHT: normal; TEXT-ALIGN: center\" align=\"center\"><b><font face=\"tahoma,arial,helvetica,sans-serif\" color=\"#0000ff\" size=\"2\">\u0130\u00c7\u0130NDEK\u0130LER<\/font><\/b><\/p>\n<\/td>\n<\/tr>\n<tr style=\"HEIGHT: 17pt\">\n<td style=\"PADDING-RIGHT: 5.4pt; PADDING-LEFT: 5.4pt; PADDING-BOTTOM: 0cm; WIDTH: 385px; PADDING-TOP: 0cm; HEIGHT: 14px\" colspan=\"4\"><font face=\"tahoma,arial,helvetica,sans-serif\" size=\"2\"><a style=\"COLOR: blue; TEXT-DECORATION: underline; text-underline: single\" href=\"#SUNU\u015e\">SUNU\u015e<\/a><\/font><\/td>\n<td style=\"PADDING-RIGHT: 5.4pt; PADDING-LEFT: 5.4pt; PADDING-BOTTOM: 0cm; WIDTH: 125px; PADDING-TOP: 0cm; HEIGHT: 14px\" colspan=\"2\"><font face=\"tahoma,arial,helvetica,sans-serif\">&nbsp;<\/font><\/td>\n<\/tr>\n<tr style=\"HEIGHT: 17pt\">\n<td style=\"PADDING-RIGHT: 5.4pt; PADDING-LEFT: 5.4pt; PADDING-BOTTOM: 0cm; WIDTH: 385px; PADDING-TOP: 0cm; HEIGHT: 11px\" colspan=\"4\">\n<p style=\"MARGIN-RIGHT: -5.4pt\"><font face=\"tahoma,arial,helvetica,sans-serif\">&nbsp;<\/font><\/p>\n<\/td>\n<td style=\"PADDING-RIGHT: 5.4pt; PADDING-LEFT: 5.4pt; PADDING-BOTTOM: 0cm; WIDTH: 125px; PADDING-TOP: 0cm; HEIGHT: 11px\" colspan=\"2\">\n<h1><font face=\"tahoma,arial,helvetica,sans-serif\" size=\"2\">&nbsp;<\/font><\/h1>\n<\/td>\n<\/tr>\n<tr style=\"HEIGHT: 17pt\">\n<td style=\"PADDING-RIGHT: 5.4pt; PADDING-LEFT: 5.4pt; PADDING-BOTTOM: 0cm; WIDTH: 52px; PADDING-TOP: 0cm; HEIGHT: 22px\">\n<p class=\"MsoNormal\" style=\"MARGIN-RIGHT: -5.4pt; TEXT-ALIGN: right\" align=\"right\"><b><font face=\"tahoma,arial,helvetica,sans-serif\">I.<\/font><\/b><\/p>\n<\/td>\n<td style=\"PADDING-RIGHT: 5.4pt; PADDING-LEFT: 5.4pt; PADDING-BOTTOM: 0cm; WIDTH: 480px; PADDING-TOP: 0cm; HEIGHT: 22px\" colspan=\"4\">\n<p class=\"MsoNormal\"><b><a style=\"COLOR: blue; TEXT-DECORATION: underline; text-underline: single\" href=\"#I. \u0130LKEL\u0130 S\u0130YASET\"><font face=\"tahoma,arial,helvetica,sans-serif\">\u0130LKEL\u0130 S\u0130YASET<\/font><\/a><\/b><\/p>\n<\/td>\n<td style=\"PADDING-RIGHT: 5.4pt; PADDING-LEFT: 5.4pt; PADDING-BOTTOM: 0cm; WIDTH: 1px; PADDING-TOP: 0cm; HEIGHT: 22px\">\n<p class=\"MsoNormal\" style=\"MARGIN: 3pt 0cm; LINE-HEIGHT: 150%\"><font face=\"tahoma,arial,helvetica,sans-serif\">&nbsp;<\/font><\/p>\n<\/td>\n<\/tr>\n<tr style=\"HEIGHT: 17pt\">\n<td style=\"PADDING-RIGHT: 5.4pt; PADDING-LEFT: 5.4pt; PADDING-BOTTOM: 0cm; WIDTH: 52px; PADDING-TOP: 0cm; HEIGHT: 22px\">\n<p class=\"MsoNormal\" style=\"MARGIN-RIGHT: -5.4pt; TEXT-ALIGN: right\" align=\"right\"><b><font face=\"tahoma,arial,helvetica,sans-serif\">II.<\/font><\/b><\/p>\n<\/td>\n<td style=\"PADDING-RIGHT: 5.4pt; PADDING-LEFT: 5.4pt; PADDING-BOTTOM: 0cm; WIDTH: 480px; PADDING-TOP: 0cm; HEIGHT: 22px\" colspan=\"4\">\n<p class=\"MsoNormal\"><b><a style=\"COLOR: blue; TEXT-DECORATION: underline; text-underline: single\" href=\"#II. TEMEL HAK ve \u00d6ZG\u00dcRL\u00dcKLER\"><font face=\"tahoma,arial,helvetica,sans-serif\">TEMEL HAK ve &Ouml;ZG&Uuml;RL&Uuml;KLER<\/font><\/a><\/b><\/p>\n<\/td>\n<td style=\"PADDING-RIGHT: 5.4pt; PADDING-LEFT: 5.4pt; PADDING-BOTTOM: 0cm; WIDTH: 1px; PADDING-TOP: 0cm; HEIGHT: 22px\">\n<p class=\"MsoNormal\" style=\"MARGIN: 3pt 0cm; LINE-HEIGHT: 150%\"><font face=\"tahoma,arial,helvetica,sans-serif\">&nbsp;<\/font><\/p>\n<\/td>\n<\/tr>\n<tr style=\"HEIGHT: 17pt\">\n<td style=\"PADDING-RIGHT: 5.4pt; PADDING-LEFT: 5.4pt; PADDING-BOTTOM: 0cm; WIDTH: 52px; PADDING-TOP: 0cm; HEIGHT: 22px\">\n<p class=\"MsoNormal\" style=\"MARGIN-RIGHT: -5.4pt; TEXT-ALIGN: right\" align=\"right\"><b><font face=\"tahoma,arial,helvetica,sans-serif\">III.<\/font><\/b><\/p>\n<\/td>\n<td style=\"PADDING-RIGHT: 5.4pt; PADDING-LEFT: 5.4pt; PADDING-BOTTOM: 0cm; WIDTH: 480px; PADDING-TOP: 0cm; HEIGHT: 22px\" colspan=\"4\">\n<p class=\"MsoNormal\"><b><a style=\"COLOR: blue; TEXT-DECORATION: underline; text-underline: single\" href=\"#III. DEMOKRAS\u0130 ve S\u0130V\u0130L TOPLUM\"><font face=\"tahoma,arial,helvetica,sans-serif\">DEMOKRAS\u0130 ve S\u0130V\u0130L TOPLUM<\/font><\/a><\/b><\/p>\n<\/td>\n<td style=\"PADDING-RIGHT: 5.4pt; PADDING-LEFT: 5.4pt; PADDING-BOTTOM: 0cm; WIDTH: 1px; PADDING-TOP: 0cm; HEIGHT: 22px\">\n<p class=\"MsoNormal\" style=\"MARGIN: 3pt 0cm; LINE-HEIGHT: 150%\"><font face=\"tahoma,arial,helvetica,sans-serif\">&nbsp;<\/font><\/p>\n<\/td>\n<\/tr>\n<tr style=\"HEIGHT: 17pt\">\n<td style=\"PADDING-RIGHT: 5.4pt; PADDING-LEFT: 5.4pt; PADDING-BOTTOM: 0cm; WIDTH: 52px; PADDING-TOP: 0cm; HEIGHT: 22px\">\n<p class=\"MsoNormal\"><font face=\"tahoma,arial,helvetica,sans-serif\">&nbsp;<\/font><\/p>\n<\/td>\n<td style=\"PADDING-RIGHT: 5.4pt; PADDING-LEFT: 5.4pt; PADDING-BOTTOM: 0cm; WIDTH: 20px; PADDING-TOP: 0cm; HEIGHT: 22px\">\n<p class=\"MsoNormal\"><b><font face=\"tahoma,arial,helvetica,sans-serif\">A-<\/font><\/b><\/p>\n<\/td>\n<td style=\"PADDING-RIGHT: 5.4pt; PADDING-LEFT: 5.4pt; PADDING-BOTTOM: 0cm; WIDTH: 446px; PADDING-TOP: 0cm; HEIGHT: 22px\" colspan=\"3\">\n<p class=\"MsoNormal\" style=\"MARGIN-LEFT: -5.4pt\"><b><a style=\"COLOR: blue; TEXT-DECORATION: underline; text-underline: single\" href=\"#A- S\u0130V\u0130L TOPLUMUN G\u00dc\u00c7LENMES\u0130\"><font face=\"tahoma,arial,helvetica,sans-serif\">S\u0130V\u0130L TOPLUMUN G&Uuml;\u00c7LENMES\u0130<\/font><\/a><\/b><\/p>\n<\/td>\n<td style=\"PADDING-RIGHT: 5.4pt; PADDING-LEFT: 5.4pt; PADDING-BOTTOM: 0cm; WIDTH: 1px; PADDING-TOP: 0cm; HEIGHT: 22px\">\n<p class=\"MsoNormal\" style=\"MARGIN: 3pt 0cm; LINE-HEIGHT: 150%\"><font face=\"tahoma,arial,helvetica,sans-serif\">&nbsp;<\/font><\/p>\n<\/td>\n<\/tr>\n<tr style=\"HEIGHT: 17pt\">\n<td style=\"PADDING-RIGHT: 5.4pt; PADDING-LEFT: 5.4pt; PADDING-BOTTOM: 0cm; WIDTH: 52px; PADDING-TOP: 0cm; HEIGHT: 22px\">\n<p class=\"MsoNormal\"><font face=\"tahoma,arial,helvetica,sans-serif\">&nbsp;<\/font><\/p>\n<\/td>\n<td style=\"PADDING-RIGHT: 5.4pt; PADDING-LEFT: 5.4pt; PADDING-BOTTOM: 0cm; WIDTH: 20px; PADDING-TOP: 0cm; HEIGHT: 22px\">\n<p class=\"MsoNormal\"><b><font face=\"tahoma,arial,helvetica,sans-serif\">B-<\/font><\/b><\/p>\n<\/td>\n<td style=\"PADDING-RIGHT: 5.4pt; PADDING-LEFT: 5.4pt; PADDING-BOTTOM: 0cm; WIDTH: 446px; PADDING-TOP: 0cm; HEIGHT: 22px\" colspan=\"3\">\n<p class=\"MsoNormal\" style=\"MARGIN-LEFT: -5.4pt\"><b><a style=\"COLOR: blue; TEXT-DECORATION: underline; text-underline: single\" href=\"#B- DEMOKRAS\u0130 ve KALKINMA\"><font face=\"tahoma,arial,helvetica,sans-serif\">DEMOKRAS\u0130 ve KALKINMA<\/font><\/a><\/b><\/p>\n<\/td>\n<td style=\"PADDING-RIGHT: 5.4pt; PADDING-LEFT: 5.4pt; PADDING-BOTTOM: 0cm; WIDTH: 1px; PADDING-TOP: 0cm; HEIGHT: 22px\">\n<p class=\"MsoNormal\" style=\"MARGIN: 3pt 0cm; LINE-HEIGHT: 150%\"><font face=\"tahoma,arial,helvetica,sans-serif\">&nbsp;<\/font><\/p>\n<\/td>\n<\/tr>\n<tr style=\"HEIGHT: 17pt\">\n<td style=\"PADDING-RIGHT: 5.4pt; PADDING-LEFT: 5.4pt; PADDING-BOTTOM: 0cm; WIDTH: 52px; PADDING-TOP: 0cm; HEIGHT: 22px\">\n<p class=\"MsoNormal\" style=\"MARGIN-RIGHT: -5.4pt; TEXT-ALIGN: right\" align=\"right\"><b><font face=\"tahoma,arial,helvetica,sans-serif\">IV.<\/font><\/b><\/p>\n<\/td>\n<td style=\"PADDING-RIGHT: 5.4pt; PADDING-LEFT: 5.4pt; PADDING-BOTTOM: 0cm; WIDTH: 480px; PADDING-TOP: 0cm; HEIGHT: 22px\" colspan=\"4\">\n<p class=\"MsoNormal\"><b><a style=\"COLOR: blue; TEXT-DECORATION: underline; text-underline: single\" href=\"#IV. HUKUK VE ADALET REFORMU\"><font face=\"tahoma,arial,helvetica,sans-serif\">HUKUK ve ADALET REFORMU<\/font><\/a><\/b><\/p>\n<\/td>\n<td style=\"PADDING-RIGHT: 5.4pt; PADDING-LEFT: 5.4pt; PADDING-BOTTOM: 0cm; WIDTH: 1px; PADDING-TOP: 0cm; HEIGHT: 22px\">\n<p class=\"MsoNormal\" style=\"MARGIN: 3pt 0cm; LINE-HEIGHT: 150%\"><font face=\"tahoma,arial,helvetica,sans-serif\">&nbsp;<\/font><\/p>\n<\/td>\n<\/tr>\n<tr style=\"HEIGHT: 17pt\">\n<td style=\"PADDING-RIGHT: 5.4pt; PADDING-LEFT: 5.4pt; PADDING-BOTTOM: 0cm; WIDTH: 52px; PADDING-TOP: 0cm; HEIGHT: 22px\">\n<p class=\"MsoNormal\"><font face=\"tahoma,arial,helvetica,sans-serif\">&nbsp;<\/font><\/p>\n<\/td>\n<td style=\"PADDING-RIGHT: 5.4pt; PADDING-LEFT: 5.4pt; PADDING-BOTTOM: 0cm; WIDTH: 20px; PADDING-TOP: 0cm; HEIGHT: 22px\">\n<p class=\"MsoNormal\"><b><font face=\"tahoma,arial,helvetica,sans-serif\">A-<\/font><\/b><\/p>\n<\/td>\n<td style=\"PADDING-RIGHT: 5.4pt; PADDING-LEFT: 5.4pt; PADDING-BOTTOM: 0cm; WIDTH: 446px; PADDING-TOP: 0cm; HEIGHT: 22px\" colspan=\"3\">\n<p class=\"MsoNormal\" style=\"MARGIN-LEFT: -5.4pt\"><b><a style=\"COLOR: blue; TEXT-DECORATION: underline; text-underline: single\" href=\"#A- HUKUK ve ADALET ANLAYI\u015eIMIZ\"><font face=\"tahoma,arial,helvetica,sans-serif\">HUKUK ve ADALET ANLAYI\u015eIMIZ<\/font><\/a><\/b><\/p>\n<\/td>\n<td style=\"PADDING-RIGHT: 5.4pt; PADDING-LEFT: 5.4pt; PADDING-BOTTOM: 0cm; WIDTH: 1px; PADDING-TOP: 0cm; HEIGHT: 22px\">\n<p class=\"MsoNormal\" style=\"MARGIN: 3pt 0cm; LINE-HEIGHT: 150%\"><font face=\"tahoma,arial,helvetica,sans-serif\">&nbsp;<\/font><\/p>\n<\/td>\n<\/tr>\n<tr style=\"HEIGHT: 17pt\">\n<td style=\"PADDING-RIGHT: 5.4pt; PADDING-LEFT: 5.4pt; PADDING-BOTTOM: 0cm; WIDTH: 52px; PADDING-TOP: 0cm; HEIGHT: 22px\">\n<p class=\"MsoNormal\"><font face=\"tahoma,arial,helvetica,sans-serif\">&nbsp;<\/font><\/p>\n<\/td>\n<td style=\"PADDING-RIGHT: 5.4pt; PADDING-LEFT: 5.4pt; PADDING-BOTTOM: 0cm; WIDTH: 20px; PADDING-TOP: 0cm; HEIGHT: 22px\">\n<p class=\"MsoNormal\"><b><font face=\"tahoma,arial,helvetica,sans-serif\">B-<\/font><\/b><\/p>\n<\/td>\n<td style=\"PADDING-RIGHT: 5.4pt; PADDING-LEFT: 5.4pt; PADDING-BOTTOM: 0cm; WIDTH: 446px; PADDING-TOP: 0cm; HEIGHT: 22px\" colspan=\"3\">\n<p class=\"MsoNormal\" style=\"MARGIN-LEFT: -5.4pt\"><b><a style=\"COLOR: blue; TEXT-DECORATION: underline; text-underline: single\" href=\"#B- BA\u011eIMSIZ ve TARAFSIZ YARGI\"><font face=\"tahoma,arial,helvetica,sans-serif\">BA\u011eIMSIZ ve TARAFSIZ YARGI<\/font><\/a><\/b><\/p>\n<\/td>\n<td style=\"PADDING-RIGHT: 5.4pt; PADDING-LEFT: 5.4pt; PADDING-BOTTOM: 0cm; WIDTH: 1px; PADDING-TOP: 0cm; HEIGHT: 22px\">\n<p class=\"MsoNormal\" style=\"MARGIN: 3pt 0cm; LINE-HEIGHT: 150%\"><font face=\"tahoma,arial,helvetica,sans-serif\">&nbsp;<\/font><\/p>\n<\/td>\n<\/tr>\n<tr style=\"HEIGHT: 17pt\">\n<td style=\"PADDING-RIGHT: 5.4pt; PADDING-LEFT: 5.4pt; PADDING-BOTTOM: 0cm; WIDTH: 52px; PADDING-TOP: 0cm; HEIGHT: 22px\">\n<p class=\"MsoNormal\"><font face=\"tahoma,arial,helvetica,sans-serif\">&nbsp;<\/font><\/p>\n<\/td>\n<td style=\"PADDING-RIGHT: 5.4pt; PADDING-LEFT: 5.4pt; PADDING-BOTTOM: 0cm; WIDTH: 20px; PADDING-TOP: 0cm; HEIGHT: 22px\">\n<p class=\"MsoNormal\"><b><font face=\"tahoma,arial,helvetica,sans-serif\">C-<\/font><\/b><\/p>\n<\/td>\n<td style=\"PADDING-RIGHT: 5.4pt; PADDING-LEFT: 5.4pt; PADDING-BOTTOM: 0cm; WIDTH: 446px; PADDING-TOP: 0cm; HEIGHT: 22px\" colspan=\"3\">\n<p class=\"MsoNormal\" style=\"MARGIN-LEFT: -5.4pt\"><b><a style=\"COLOR: blue; TEXT-DECORATION: underline; text-underline: single\" href=\"#C- TAM ve ZAMANINDA ADALET\"><font face=\"tahoma,arial,helvetica,sans-serif\">TAM ve ZAMANINDA ADALET<\/font><\/a><\/b><\/p>\n<\/td>\n<td style=\"PADDING-RIGHT: 5.4pt; PADDING-LEFT: 5.4pt; PADDING-BOTTOM: 0cm; WIDTH: 1px; PADDING-TOP: 0cm; HEIGHT: 22px\">\n<p class=\"MsoNormal\" style=\"MARGIN: 3pt 0cm; LINE-HEIGHT: 150%\"><font face=\"tahoma,arial,helvetica,sans-serif\">&nbsp;<\/font><\/p>\n<\/td>\n<\/tr>\n<tr style=\"HEIGHT: 17pt\">\n<td style=\"PADDING-RIGHT: 5.4pt; PADDING-LEFT: 5.4pt; PADDING-BOTTOM: 0cm; WIDTH: 52px; PADDING-TOP: 0cm; HEIGHT: 22px\">\n<p class=\"MsoNormal\" style=\"MARGIN-RIGHT: -5.4pt; TEXT-ALIGN: right\" align=\"right\"><b><font face=\"tahoma,arial,helvetica,sans-serif\">V.<\/font><\/b><\/p>\n<\/td>\n<td style=\"PADDING-RIGHT: 5.4pt; PADDING-LEFT: 5.4pt; PADDING-BOTTOM: 0cm; WIDTH: 480px; PADDING-TOP: 0cm; HEIGHT: 22px\" colspan=\"4\">\n<p class=\"MsoNormal\"><b><a style=\"COLOR: blue; TEXT-DECORATION: underline; text-underline: single\" href=\"#V. Y\u00d6NET\u0130M\u0130N YEN\u0130DEN YAPILANDIRILMASI\"><font face=\"tahoma,arial,helvetica,sans-serif\">Y&Ouml;NET\u0130M\u0130N YEN\u0130DEN YAPILANDIRILMASI<\/font><\/a><\/b><\/p>\n<\/td>\n<td style=\"PADDING-RIGHT: 5.4pt; PADDING-LEFT: 5.4pt; PADDING-BOTTOM: 0cm; WIDTH: 1px; PADDING-TOP: 0cm; HEIGHT: 22px\">\n<p class=\"MsoNormal\" style=\"MARGIN: 3pt 0cm; LINE-HEIGHT: 150%\"><font face=\"tahoma,arial,helvetica,sans-serif\">&nbsp;<\/font><\/p>\n<\/td>\n<\/tr>\n<tr style=\"HEIGHT: 17pt\">\n<td style=\"PADDING-RIGHT: 5.4pt; PADDING-LEFT: 5.4pt; PADDING-BOTTOM: 0cm; WIDTH: 52px; PADDING-TOP: 0cm; HEIGHT: 22px\">\n<p class=\"MsoNormal\"><font face=\"tahoma,arial,helvetica,sans-serif\">&nbsp;<\/font><\/p>\n<\/td>\n<td style=\"PADDING-RIGHT: 5.4pt; PADDING-LEFT: 5.4pt; PADDING-BOTTOM: 0cm; WIDTH: 20px; PADDING-TOP: 0cm; HEIGHT: 22px\">\n<p class=\"MsoNormal\"><b><font face=\"tahoma,arial,helvetica,sans-serif\">A-<\/font><\/b><\/p>\n<\/td>\n<td style=\"PADDING-RIGHT: 5.4pt; PADDING-LEFT: 5.4pt; PADDING-BOTTOM: 0cm; WIDTH: 446px; PADDING-TOP: 0cm; HEIGHT: 22px\" colspan=\"3\">\n<p class=\"MsoNormal\" style=\"MARGIN-LEFT: -5.4pt\"><b><a style=\"COLOR: blue; TEXT-DECORATION: underline; text-underline: single\" href=\"#A- DEVLET\u0130N DE\u011e\u0130\u015eEN ROL\u00dc\"><font face=\"tahoma,arial,helvetica,sans-serif\">DEVLET\u0130N DE\u011e\u0130\u015eEN ROL&Uuml;<\/font><\/a><\/b><\/p>\n<\/td>\n<td style=\"PADDING-RIGHT: 5.4pt; PADDING-LEFT: 5.4pt; PADDING-BOTTOM: 0cm; WIDTH: 1px; PADDING-TOP: 0cm; HEIGHT: 22px\">\n<p class=\"MsoNormal\" style=\"MARGIN: 3pt 0cm; LINE-HEIGHT: 150%\"><font face=\"tahoma,arial,helvetica,sans-serif\">&nbsp;<\/font><\/p>\n<\/td>\n<\/tr>\n<tr style=\"HEIGHT: 17pt\">\n<td style=\"PADDING-RIGHT: 5.4pt; PADDING-LEFT: 5.4pt; PADDING-BOTTOM: 0cm; WIDTH: 52px; PADDING-TOP: 0cm; HEIGHT: 22px\">\n<p class=\"MsoNormal\"><font face=\"tahoma,arial,helvetica,sans-serif\">&nbsp;<\/font><\/p>\n<\/td>\n<td style=\"PADDING-RIGHT: 5.4pt; PADDING-LEFT: 5.4pt; PADDING-BOTTOM: 0cm; WIDTH: 20px; PADDING-TOP: 0cm; HEIGHT: 22px\">\n<p class=\"MsoNormal\"><b><font face=\"tahoma,arial,helvetica,sans-serif\">B-<\/font><\/b><\/p>\n<\/td>\n<td style=\"PADDING-RIGHT: 5.4pt; PADDING-LEFT: 5.4pt; PADDING-BOTTOM: 0cm; WIDTH: 446px; PADDING-TOP: 0cm; HEIGHT: 22px\" colspan=\"3\">\n<p class=\"MsoNormal\" style=\"MARGIN-LEFT: -5.4pt\"><b><a style=\"COLOR: blue; TEXT-DECORATION: underline; text-underline: single\" href=\"#B-\u00a0\u00a0\u00a0 DEVLETTE \u015eEFFAF Y\u00d6NET\u0130M\"><font face=\"tahoma,arial,helvetica,sans-serif\">DEVLETTE \u015eEFFAF Y&Ouml;NET\u0130M <\/font><\/a><\/b><\/p>\n<\/td>\n<td style=\"PADDING-RIGHT: 5.4pt; PADDING-LEFT: 5.4pt; PADDING-BOTTOM: 0cm; WIDTH: 1px; PADDING-TOP: 0cm; HEIGHT: 22px\">\n<p class=\"MsoNormal\" style=\"MARGIN: 3pt 0cm; LINE-HEIGHT: 150%\"><font face=\"tahoma,arial,helvetica,sans-serif\">&nbsp;<\/font><\/p>\n<\/td>\n<\/tr>\n<tr style=\"HEIGHT: 17pt\">\n<td style=\"PADDING-RIGHT: 5.4pt; PADDING-LEFT: 5.4pt; PADDING-BOTTOM: 0cm; WIDTH: 52px; PADDING-TOP: 0cm; HEIGHT: 22px\">\n<p class=\"MsoNormal\"><font face=\"tahoma,arial,helvetica,sans-serif\">&nbsp;<\/font><\/p>\n<\/td>\n<td style=\"PADDING-RIGHT: 5.4pt; PADDING-LEFT: 5.4pt; PADDING-BOTTOM: 0cm; WIDTH: 20px; PADDING-TOP: 0cm; HEIGHT: 22px\">\n<p class=\"MsoNormal\"><b><font face=\"tahoma,arial,helvetica,sans-serif\">C-<\/font><\/b><\/p>\n<\/td>\n<td style=\"PADDING-RIGHT: 5.4pt; PADDING-LEFT: 5.4pt; PADDING-BOTTOM: 0cm; WIDTH: 446px; PADDING-TOP: 0cm; HEIGHT: 22px\" colspan=\"3\">\n<p class=\"MsoNormal\" style=\"MARGIN-LEFT: -5.4pt\"><b><a style=\"COLOR: blue; TEXT-DECORATION: underline; text-underline: single\" href=\"#C- E-D\u00d6N\u00dc\u015e\u00dcM T\u00dcRK\u0130YE PROJES\u0130\"><font face=\"tahoma,arial,helvetica,sans-serif\">E-D&Ouml;N&Uuml;\u015e&Uuml;M T&Uuml;RK\u0130YE PROJES\u0130 <\/font><\/a><\/b><\/p>\n<\/td>\n<td style=\"PADDING-RIGHT: 5.4pt; PADDING-LEFT: 5.4pt; PADDING-BOTTOM: 0cm; WIDTH: 1px; PADDING-TOP: 0cm; HEIGHT: 22px\">\n<p class=\"MsoNormal\" style=\"MARGIN: 3pt 0cm; LINE-HEIGHT: 150%\"><font face=\"tahoma,arial,helvetica,sans-serif\">&nbsp;<\/font><\/p>\n<\/td>\n<\/tr>\n<tr style=\"HEIGHT: 17pt\">\n<td style=\"PADDING-RIGHT: 5.4pt; PADDING-LEFT: 5.4pt; PADDING-BOTTOM: 0cm; WIDTH: 52px; PADDING-TOP: 0cm; HEIGHT: 22px\">\n<p class=\"MsoNormal\"><font face=\"tahoma,arial,helvetica,sans-serif\">&nbsp;<\/font><\/p>\n<\/td>\n<td style=\"PADDING-RIGHT: 5.4pt; PADDING-LEFT: 5.4pt; PADDING-BOTTOM: 0cm; WIDTH: 20px; PADDING-TOP: 0cm; HEIGHT: 22px\">\n<p class=\"MsoNormal\"><b><font face=\"tahoma,arial,helvetica,sans-serif\">D-<\/font><\/b><\/p>\n<\/td>\n<td style=\"PADDING-RIGHT: 5.4pt; PADDING-LEFT: 5.4pt; PADDING-BOTTOM: 0cm; WIDTH: 446px; PADDING-TOP: 0cm; HEIGHT: 22px\" colspan=\"3\">\n<p class=\"MsoNormal\" style=\"MARGIN-LEFT: -5.4pt\"><b><a style=\"COLOR: blue; TEXT-DECORATION: underline; text-underline: single\" href=\"#D- MERKEZ\u0130 \u0130DARE REFORMU\"><font face=\"tahoma,arial,helvetica,sans-serif\">MERKEZ\u0130 \u0130DARE REFORMU<\/font><\/a><font face=\"tahoma,arial,helvetica,sans-serif\">&nbsp;<\/font><\/b><\/p>\n<\/td>\n<td style=\"PADDING-RIGHT: 5.4pt; PADDING-LEFT: 5.4pt; PADDING-BOTTOM: 0cm; WIDTH: 1px; PADDING-TOP: 0cm; HEIGHT: 22px\">\n<p class=\"MsoNormal\" style=\"MARGIN: 3pt 0cm; LINE-HEIGHT: 150%\"><font face=\"tahoma,arial,helvetica,sans-serif\">&nbsp;<\/font><\/p>\n<\/td>\n<\/tr>\n<tr style=\"HEIGHT: 17pt\">\n<td style=\"PADDING-RIGHT: 5.4pt; PADDING-LEFT: 5.4pt; PADDING-BOTTOM: 0cm; WIDTH: 52px; PADDING-TOP: 0cm; HEIGHT: 22px\">\n<p class=\"MsoNormal\"><font face=\"tahoma,arial,helvetica,sans-serif\">&nbsp;<\/font><\/p>\n<\/td>\n<td style=\"PADDING-RIGHT: 5.4pt; PADDING-LEFT: 5.4pt; PADDING-BOTTOM: 0cm; WIDTH: 20px; PADDING-TOP: 0cm; HEIGHT: 22px\">\n<p class=\"MsoNormal\"><b><font face=\"tahoma,arial,helvetica,sans-serif\">E-<\/font><\/b><\/p>\n<\/td>\n<td style=\"PADDING-RIGHT: 5.4pt; PADDING-LEFT: 5.4pt; PADDING-BOTTOM: 0cm; WIDTH: 446px; PADDING-TOP: 0cm; HEIGHT: 22px\" colspan=\"3\">\n<p class=\"MsoNormal\" style=\"MARGIN-LEFT: -5.4pt\"><b><a style=\"COLOR: blue; TEXT-DECORATION: underline; text-underline: single\" href=\"#E- YEREL Y\u00d6NET\u0130MLER\u0130N G\u00dc\u00c7LEND\u0130R\u0130LMES\u0130\"><font face=\"tahoma,arial,helvetica,sans-serif\">YEREL Y&Ouml;NET\u0130MLER\u0130N G&Uuml;\u00c7LEND\u0130R\u0130LMES\u0130<\/font><\/a><\/b><\/p>\n<\/td>\n<td style=\"PADDING-RIGHT: 5.4pt; PADDING-LEFT: 5.4pt; PADDING-BOTTOM: 0cm; WIDTH: 1px; PADDING-TOP: 0cm; HEIGHT: 22px\">\n<p class=\"MsoNormal\" style=\"MARGIN: 3pt 0cm; LINE-HEIGHT: 150%\"><font face=\"tahoma,arial,helvetica,sans-serif\">&nbsp;<\/font><\/p>\n<\/td>\n<\/tr>\n<tr style=\"HEIGHT: 17pt\">\n<td style=\"PADDING-RIGHT: 5.4pt; PADDING-LEFT: 5.4pt; PADDING-BOTTOM: 0cm; WIDTH: 52px; PADDING-TOP: 0cm; HEIGHT: 22px\">\n<p class=\"MsoNormal\" style=\"MARGIN-RIGHT: -5.4pt; TEXT-ALIGN: right\" align=\"right\"><b><font face=\"tahoma,arial,helvetica,sans-serif\">VI.<\/font><\/b><\/p>\n<\/td>\n<td style=\"PADDING-RIGHT: 5.4pt; PADDING-LEFT: 5.4pt; PADDING-BOTTOM: 0cm; WIDTH: 480px; PADDING-TOP: 0cm; HEIGHT: 22px\" colspan=\"4\">\n<p class=\"MsoNormal\"><b><a style=\"COLOR: blue; TEXT-DECORATION: underline; text-underline: single\" href=\"#VI. EKONOM\u0130 POL\u0130T\u0130KALARI\"><font face=\"tahoma,arial,helvetica,sans-serif\">EKONOM\u0130 POL\u0130T\u0130KALARI<\/font><\/a><\/b><\/p>\n<\/td>\n<td style=\"PADDING-RIGHT: 5.4pt; PADDING-LEFT: 5.4pt; PADDING-BOTTOM: 0cm; WIDTH: 1px; PADDING-TOP: 0cm; HEIGHT: 22px\">\n<p class=\"MsoNormal\" style=\"MARGIN: 3pt 0cm; LINE-HEIGHT: 150%\"><font face=\"tahoma,arial,helvetica,sans-serif\">&nbsp;<\/font><\/p>\n<\/td>\n<\/tr>\n<tr style=\"HEIGHT: 17pt\">\n<td style=\"PADDING-RIGHT: 5.4pt; PADDING-LEFT: 5.4pt; PADDING-BOTTOM: 0cm; WIDTH: 52px; PADDING-TOP: 0cm; HEIGHT: 22px\">\n<p class=\"MsoNormal\"><font face=\"tahoma,arial,helvetica,sans-serif\">&nbsp;<\/font><\/p>\n<\/td>\n<td style=\"PADDING-RIGHT: 5.4pt; PADDING-LEFT: 5.4pt; PADDING-BOTTOM: 0cm; WIDTH: 20px; PADDING-TOP: 0cm; HEIGHT: 22px\">\n<p class=\"MsoNormal\"><b><font face=\"tahoma,arial,helvetica,sans-serif\">A-<\/font><\/b><\/p>\n<\/td>\n<td style=\"PADDING-RIGHT: 5.4pt; PADDING-LEFT: 5.4pt; PADDING-BOTTOM: 0cm; WIDTH: 446px; PADDING-TOP: 0cm; HEIGHT: 22px\" colspan=\"3\">\n<p class=\"MsoNormal\" style=\"MARGIN-LEFT: -5.4pt\"><b><a style=\"COLOR: blue; TEXT-DECORATION: underline; text-underline: single\" href=\"#A-\u00a0TEMEL YAKLA\u015eIMLAR\"><font face=\"tahoma,arial,helvetica,sans-serif\">TEMEL YAKLA\u015eIMLAR<\/font><\/a><\/b><\/p>\n<\/td>\n<td style=\"PADDING-RIGHT: 5.4pt; PADDING-LEFT: 5.4pt; PADDING-BOTTOM: 0cm; WIDTH: 1px; PADDING-TOP: 0cm; HEIGHT: 22px\">\n<p class=\"MsoNormal\" style=\"MARGIN: 3pt 0cm; LINE-HEIGHT: 150%\"><font face=\"tahoma,arial,helvetica,sans-serif\">&nbsp;<\/font><\/p>\n<\/td>\n<\/tr>\n<tr style=\"HEIGHT: 17pt\">\n<td style=\"PADDING-RIGHT: 5.4pt; PADDING-LEFT: 5.4pt; PADDING-BOTTOM: 0cm; WIDTH: 52px; PADDING-TOP: 0cm; HEIGHT: 22px\">\n<p class=\"MsoNormal\"><font face=\"tahoma,arial,helvetica,sans-serif\">&nbsp;<\/font><\/p>\n<\/td>\n<td style=\"PADDING-RIGHT: 5.4pt; PADDING-LEFT: 5.4pt; PADDING-BOTTOM: 0cm; WIDTH: 20px; PADDING-TOP: 0cm; HEIGHT: 22px\">\n<p class=\"MsoNormal\"><b><font face=\"tahoma,arial,helvetica,sans-serif\">B-<\/font><\/b><\/p>\n<\/td>\n<td style=\"PADDING-RIGHT: 5.4pt; PADDING-LEFT: 5.4pt; PADDING-BOTTOM: 0cm; WIDTH: 446px; PADDING-TOP: 0cm; HEIGHT: 22px\" colspan=\"3\">\n<p class=\"MsoNormal\" style=\"MARGIN-LEFT: -5.4pt\"><b><a style=\"COLOR: blue; TEXT-DECORATION: underline; text-underline: single\" href=\"#B- MEVCUT PROGRAMIN YETERS\u0130ZL\u0130KLER\u0130\"><font face=\"tahoma,arial,helvetica,sans-serif\">MEVCUT PROGRAMIN YETERS\u0130ZL\u0130KLER\u0130<\/font><\/a><\/b><\/p>\n<\/td>\n<td style=\"PADDING-RIGHT: 5.4pt; PADDING-LEFT: 5.4pt; PADDING-BOTTOM: 0cm; WIDTH: 1px; PADDING-TOP: 0cm; HEIGHT: 22px\">\n<p class=\"MsoNormal\" style=\"MARGIN: 3pt 0cm; LINE-HEIGHT: 150%\"><font face=\"tahoma,arial,helvetica,sans-serif\">&nbsp;<\/font><\/p>\n<\/td>\n<\/tr>\n<tr style=\"HEIGHT: 17pt\">\n<td style=\"PADDING-RIGHT: 5.4pt; PADDING-LEFT: 5.4pt; PADDING-BOTTOM: 0cm; WIDTH: 52px; PADDING-TOP: 0cm; HEIGHT: 22px\">\n<p class=\"MsoNormal\"><font face=\"tahoma,arial,helvetica,sans-serif\">&nbsp;<\/font><\/p>\n<\/td>\n<td style=\"PADDING-RIGHT: 5.4pt; PADDING-LEFT: 5.4pt; PADDING-BOTTOM: 0cm; WIDTH: 20px; PADDING-TOP: 0cm; HEIGHT: 22px\" valign=\"top\">\n<p class=\"MsoNormal\"><b><font face=\"tahoma,arial,helvetica,sans-serif\">C-<\/font><\/b><\/p>\n<\/td>\n<td style=\"PADDING-RIGHT: 5.4pt; PADDING-LEFT: 5.4pt; PADDING-BOTTOM: 0cm; WIDTH: 446px; PADDING-TOP: 0cm; HEIGHT: 22px\" colspan=\"3\">\n<p class=\"MsoNormal\" style=\"MARGIN-LEFT: -5.4pt\"><b><a style=\"COLOR: blue; TEXT-DECORATION: underline; text-underline: single\" href=\"#C- PROGRAMIMIZIN AMA\u00c7LARI ve STRATEJ\u0130LER\u0130\"><font face=\"tahoma,arial,helvetica,sans-serif\">PROGRAMIMIZIN AMA\u00c7LARI ve STRATEJ\u0130LER\u0130<\/font><\/a><\/b><\/p>\n<\/td>\n<td style=\"PADDING-RIGHT: 5.4pt; PADDING-LEFT: 5.4pt; PADDING-BOTTOM: 0cm; WIDTH: 1px; PADDING-TOP: 0cm; HEIGHT: 22px\">\n<p class=\"MsoNormal\" style=\"MARGIN: 3pt 0cm; LINE-HEIGHT: 150%\"><font face=\"tahoma,arial,helvetica,sans-serif\">&nbsp;<\/font><\/p>\n<\/td>\n<\/tr>\n<tr style=\"HEIGHT: 17pt\">\n<td style=\"PADDING-RIGHT: 5.4pt; PADDING-LEFT: 5.4pt; PADDING-BOTTOM: 0cm; WIDTH: 52px; PADDING-TOP: 0cm; HEIGHT: 22px\">\n<p class=\"MsoNormal\"><font face=\"tahoma,arial,helvetica,sans-serif\">&nbsp;<\/font><\/p>\n<\/td>\n<td style=\"PADDING-RIGHT: 5.4pt; PADDING-LEFT: 5.4pt; PADDING-BOTTOM: 0cm; WIDTH: 20px; PADDING-TOP: 0cm; HEIGHT: 22px\">\n<p class=\"MsoNormal\"><b><font face=\"tahoma,arial,helvetica,sans-serif\">D-<\/font><\/b><\/p>\n<\/td>\n<td style=\"PADDING-RIGHT: 5.4pt; PADDING-LEFT: 5.4pt; PADDING-BOTTOM: 0cm; WIDTH: 446px; PADDING-TOP: 0cm; HEIGHT: 22px\" colspan=\"3\">\n<p class=\"MsoNormal\" style=\"MARGIN-LEFT: -5.4pt\"><b><a style=\"COLOR: blue; TEXT-DECORATION: underline; text-underline: single\" href=\"#D- MAL\u0130YE POL\u0130T\u0130KALARI\"><font face=\"tahoma,arial,helvetica,sans-serif\">MAL\u0130YE POL\u0130T\u0130KALARI<\/font><\/a><\/b><\/p>\n<\/td>\n<td style=\"PADDING-RIGHT: 5.4pt; PADDING-LEFT: 5.4pt; PADDING-BOTTOM: 0cm; WIDTH: 1px; PADDING-TOP: 0cm; HEIGHT: 22px\">\n<p class=\"MsoNormal\" style=\"MARGIN: 3pt 0cm; LINE-HEIGHT: 150%\"><font face=\"tahoma,arial,helvetica,sans-serif\">&nbsp;<\/font><\/p>\n<\/td>\n<\/tr>\n<tr style=\"HEIGHT: 17pt\">\n<td style=\"PADDING-RIGHT: 5.4pt; PADDING-LEFT: 5.4pt; PADDING-BOTTOM: 0cm; WIDTH: 52px; PADDING-TOP: 0cm; HEIGHT: 22px\">\n<p class=\"MsoNormal\"><font face=\"tahoma,arial,helvetica,sans-serif\">&nbsp;<\/font><\/p>\n<\/td>\n<td style=\"PADDING-RIGHT: 5.4pt; PADDING-LEFT: 5.4pt; PADDING-BOTTOM: 0cm; WIDTH: 20px; PADDING-TOP: 0cm; HEIGHT: 22px\">\n<p class=\"MsoNormal\"><font face=\"tahoma,arial,helvetica,sans-serif\">&nbsp;<\/font><\/p>\n<\/td>\n<td style=\"PADDING-RIGHT: 5.4pt; PADDING-LEFT: 5.4pt; PADDING-BOTTOM: 0cm; WIDTH: 23px; PADDING-TOP: 0cm; HEIGHT: 22px\">\n<p class=\"MsoNormal\" style=\"MARGIN-LEFT: -5.4pt\"><b><font face=\"tahoma,arial,helvetica,sans-serif\">1.<\/font><\/b><\/p>\n<\/td>\n<td style=\"PADDING-RIGHT: 5.4pt; PADDING-LEFT: 5.4pt; PADDING-BOTTOM: 0cm; WIDTH: 409px; PADDING-TOP: 0cm; HEIGHT: 22px\" colspan=\"2\">\n<p class=\"MsoNormal\" style=\"MARGIN-LEFT: -5.4pt\"><b><a style=\"COLOR: blue; TEXT-DECORATION: underline; text-underline: single\" href=\"#_1._Kamu_A\u00e7\u0131klar\u0131\"><font face=\"tahoma,arial,helvetica,sans-serif\">Kamu A\u00e7\u0131klar\u0131<\/font><\/a><\/b><\/p>\n<\/td>\n<td style=\"PADDING-RIGHT: 5.4pt; PADDING-LEFT: 5.4pt; PADDING-BOTTOM: 0cm; WIDTH: 1px; PADDING-TOP: 0cm; HEIGHT: 22px\">\n<p class=\"MsoNormal\" style=\"MARGIN: 3pt 0cm; LINE-HEIGHT: 150%\"><font face=\"tahoma,arial,helvetica,sans-serif\">&nbsp;<\/font><\/p>\n<\/td>\n<\/tr>\n<tr style=\"HEIGHT: 17pt\">\n<td style=\"PADDING-RIGHT: 5.4pt; PADDING-LEFT: 5.4pt; PADDING-BOTTOM: 0cm; WIDTH: 52px; PADDING-TOP: 0cm; HEIGHT: 22px\">\n<p class=\"MsoNormal\"><font face=\"tahoma,arial,helvetica,sans-serif\">&nbsp;<\/font><\/p>\n<\/td>\n<td style=\"PADDING-RIGHT: 5.4pt; PADDING-LEFT: 5.4pt; PADDING-BOTTOM: 0cm; WIDTH: 20px; PADDING-TOP: 0cm; HEIGHT: 22px\">\n<p class=\"MsoNormal\"><font face=\"tahoma,arial,helvetica,sans-serif\">&nbsp;<\/font><\/p>\n<\/td>\n<td style=\"PADDING-RIGHT: 5.4pt; PADDING-LEFT: 5.4pt; PADDING-BOTTOM: 0cm; WIDTH: 23px; PADDING-TOP: 0cm; HEIGHT: 22px\">\n<p class=\"MsoNormal\" style=\"MARGIN-LEFT: -5.4pt\"><b><font face=\"tahoma,arial,helvetica,sans-serif\">2.<\/font><\/b><\/p>\n<\/td>\n<td style=\"PADDING-RIGHT: 5.4pt; PADDING-LEFT: 5.4pt; PADDING-BOTTOM: 0cm; WIDTH: 409px; PADDING-TOP: 0cm; HEIGHT: 22px\" colspan=\"2\">\n<p class=\"MsoNormal\" style=\"MARGIN-LEFT: -5.4pt\"><b><a style=\"COLOR: blue; TEXT-DECORATION: underline; text-underline: single\" href=\"#_2._Gelirler_Politikas\u0131\"><font face=\"tahoma,arial,helvetica,sans-serif\">Gelirler Politikas\u0131<\/font><\/a><\/b><\/p>\n<\/td>\n<td style=\"PADDING-RIGHT: 5.4pt; PADDING-LEFT: 5.4pt; PADDING-BOTTOM: 0cm; WIDTH: 1px; PADDING-TOP: 0cm; HEIGHT: 22px\">\n<p class=\"MsoNormal\" style=\"MARGIN: 3pt 0cm; LINE-HEIGHT: 150%\"><font face=\"tahoma,arial,helvetica,sans-serif\">&nbsp;<\/font><\/p>\n<\/td>\n<\/tr>\n<tr style=\"HEIGHT: 17pt\">\n<td style=\"PADDING-RIGHT: 5.4pt; PADDING-LEFT: 5.4pt; PADDING-BOTTOM: 0cm; WIDTH: 52px; PADDING-TOP: 0cm; HEIGHT: 22px\">\n<p class=\"MsoNormal\"><font face=\"tahoma,arial,helvetica,sans-serif\">&nbsp;<\/font><\/p>\n<\/td>\n<td style=\"PADDING-RIGHT: 5.4pt; PADDING-LEFT: 5.4pt; PADDING-BOTTOM: 0cm; WIDTH: 20px; PADDING-TOP: 0cm; HEIGHT: 22px\">\n<p class=\"MsoNormal\"><font face=\"tahoma,arial,helvetica,sans-serif\">&nbsp;<\/font><\/p>\n<\/td>\n<td style=\"PADDING-RIGHT: 5.4pt; PADDING-LEFT: 5.4pt; PADDING-BOTTOM: 0cm; WIDTH: 23px; PADDING-TOP: 0cm; HEIGHT: 22px\">\n<p class=\"MsoNormal\" style=\"MARGIN-LEFT: -5.4pt\"><b><font face=\"tahoma,arial,helvetica,sans-serif\">3.<\/font><\/b><\/p>\n<\/td>\n<td style=\"PADDING-RIGHT: 5.4pt; PADDING-LEFT: 5.4pt; PADDING-BOTTOM: 0cm; WIDTH: 409px; PADDING-TOP: 0cm; HEIGHT: 22px\" colspan=\"2\">\n<p class=\"MsoNormal\" style=\"MARGIN-LEFT: -5.4pt\"><b><a style=\"COLOR: blue; TEXT-DECORATION: underline; text-underline: single\" href=\"#_3._Kamu_Harcamalar\u0131\"><font face=\"tahoma,arial,helvetica,sans-serif\">Kamu Harcamalar\u0131<\/font><\/a><\/b><\/p>\n<\/td>\n<td style=\"PADDING-RIGHT: 5.4pt; PADDING-LEFT: 5.4pt; PADDING-BOTTOM: 0cm; WIDTH: 1px; PADDING-TOP: 0cm; HEIGHT: 22px\">\n<p class=\"MsoNormal\" style=\"MARGIN: 3pt 0cm; LINE-HEIGHT: 150%\"><font face=\"tahoma,arial,helvetica,sans-serif\">&nbsp;<\/font><\/p>\n<\/td>\n<\/tr>\n<tr style=\"HEIGHT: 17pt\">\n<td style=\"PADDING-RIGHT: 5.4pt; PADDING-LEFT: 5.4pt; PADDING-BOTTOM: 0cm; WIDTH: 52px; PADDING-TOP: 0cm; HEIGHT: 22px\">\n<p class=\"MsoNormal\"><font face=\"tahoma,arial,helvetica,sans-serif\">&nbsp;<\/font><\/p>\n<\/td>\n<td style=\"PADDING-RIGHT: 5.4pt; PADDING-LEFT: 5.4pt; PADDING-BOTTOM: 0cm; WIDTH: 20px; PADDING-TOP: 0cm; HEIGHT: 22px\">\n<p class=\"MsoNormal\"><b><font face=\"tahoma,arial,helvetica,sans-serif\">E-<\/font><\/b><\/p>\n<\/td>\n<td style=\"PADDING-RIGHT: 5.4pt; PADDING-LEFT: 5.4pt; PADDING-BOTTOM: 0cm; WIDTH: 446px; PADDING-TOP: 0cm; HEIGHT: 22px\" colspan=\"3\">\n<p class=\"MsoNormal\" style=\"MARGIN-LEFT: -5.4pt\"><b><a style=\"COLOR: blue; TEXT-DECORATION: underline; text-underline: single\" href=\"#E- BOR\u00c7 Y\u00d6NET\u0130M\u0130\"><font face=\"tahoma,arial,helvetica,sans-serif\">BOR\u00c7 Y&Ouml;NET\u0130M\u0130<\/font><\/a><\/b><\/p>\n<\/td>\n<td style=\"PADDING-RIGHT: 5.4pt; PADDING-LEFT: 5.4pt; PADDING-BOTTOM: 0cm; WIDTH: 1px; PADDING-TOP: 0cm; HEIGHT: 22px\">\n<p class=\"MsoNormal\" style=\"MARGIN: 3pt 0cm; LINE-HEIGHT: 150%\"><font face=\"tahoma,arial,helvetica,sans-serif\">&nbsp;<\/font><\/p>\n<\/td>\n<\/tr>\n<tr style=\"HEIGHT: 17pt\">\n<td style=\"PADDING-RIGHT: 5.4pt; PADDING-LEFT: 5.4pt; PADDING-BOTTOM: 0cm; WIDTH: 52px; PADDING-TOP: 0cm; HEIGHT: 22px\">\n<p class=\"MsoNormal\"><font face=\"tahoma,arial,helvetica,sans-serif\">&nbsp;<\/font><\/p>\n<\/td>\n<td style=\"PADDING-RIGHT: 5.4pt; PADDING-LEFT: 5.4pt; PADDING-BOTTOM: 0cm; WIDTH: 20px; PADDING-TOP: 0cm; HEIGHT: 22px\">\n<p class=\"MsoNormal\"><b><font face=\"tahoma,arial,helvetica,sans-serif\">F-<\/font><\/b><\/p>\n<\/td>\n<td style=\"PADDING-RIGHT: 5.4pt; PADDING-LEFT: 5.4pt; PADDING-BOTTOM: 0cm; WIDTH: 446px; PADDING-TOP: 0cm; HEIGHT: 22px\" colspan=\"3\">\n<p class=\"MsoNormal\" style=\"MARGIN-LEFT: -5.4pt\"><b><a style=\"COLOR: blue; TEXT-DECORATION: underline; text-underline: single\" href=\"#F- F\u0130NANS SEKT\u00d6R\u00dc POL\u0130T\u0130KALARI\"><font face=\"tahoma,arial,helvetica,sans-serif\">F\u0130NANS SEKT&Ouml;R&Uuml; POL\u0130T\u0130KALARI<\/font><\/a><\/b><\/p>\n<\/td>\n<td style=\"PADDING-RIGHT: 5.4pt; PADDING-LEFT: 5.4pt; PADDING-BOTTOM: 0cm; WIDTH: 1px; PADDING-TOP: 0cm; HEIGHT: 22px\">\n<p class=\"MsoNormal\" style=\"MARGIN: 3pt 0cm; LINE-HEIGHT: 150%\"><font face=\"tahoma,arial,helvetica,sans-serif\">&nbsp;<\/font><\/p>\n<\/td>\n<\/tr>\n<tr style=\"HEIGHT: 17pt\">\n<td style=\"PADDING-RIGHT: 5.4pt; PADDING-LEFT: 5.4pt; PADDING-BOTTOM: 0cm; WIDTH: 52px; PADDING-TOP: 0cm; HEIGHT: 22px\">\n<p class=\"MsoNormal\"><font face=\"tahoma,arial,helvetica,sans-serif\">&nbsp;<\/font><\/p>\n<\/td>\n<td style=\"PADDING-RIGHT: 5.4pt; PADDING-LEFT: 5.4pt; PADDING-BOTTOM: 0cm; WIDTH: 20px; PADDING-TOP: 0cm; HEIGHT: 22px\">\n<p class=\"MsoNormal\"><b><font face=\"tahoma,arial,helvetica,sans-serif\">G-<\/font><\/b><\/p>\n<\/td>\n<td style=\"PADDING-RIGHT: 5.4pt; PADDING-LEFT: 5.4pt; PADDING-BOTTOM: 0cm; WIDTH: 446px; PADDING-TOP: 0cm; HEIGHT: 22px\" colspan=\"3\">\n<p class=\"MsoNormal\" style=\"MARGIN-LEFT: -5.4pt\"><b><a style=\"COLOR: blue; TEXT-DECORATION: underline; text-underline: single\" href=\"#G- K\u0130T&#8217;LER ve \u00d6ZELLE\u015eT\u0130RME\"><font face=\"tahoma,arial,helvetica,sans-serif\">K\u0130T&#8217;LER ve &Ouml;ZELLE\u015eT\u0130RME<\/font><\/a><\/b><\/p>\n<\/td>\n<td style=\"PADDING-RIGHT: 5.4pt; PADDING-LEFT: 5.4pt; PADDING-BOTTOM: 0cm; WIDTH: 1px; PADDING-TOP: 0cm; HEIGHT: 22px\">\n<p class=\"MsoNormal\" style=\"MARGIN: 3pt 0cm; LINE-HEIGHT: 150%\"><font face=\"tahoma,arial,helvetica,sans-serif\">&nbsp;<\/font><\/p>\n<\/td>\n<\/tr>\n<tr style=\"HEIGHT: 17pt\">\n<td style=\"PADDING-RIGHT: 5.4pt; PADDING-LEFT: 5.4pt; PADDING-BOTTOM: 0cm; WIDTH: 52px; PADDING-TOP: 0cm; HEIGHT: 22px\">\n<p class=\"MsoNormal\"><font face=\"tahoma,arial,helvetica,sans-serif\">&nbsp;<\/font><\/p>\n<\/td>\n<td style=\"PADDING-RIGHT: 5.4pt; PADDING-LEFT: 5.4pt; PADDING-BOTTOM: 0cm; WIDTH: 20px; PADDING-TOP: 0cm; HEIGHT: 22px\">\n<p class=\"MsoNormal\"><b><font face=\"tahoma,arial,helvetica,sans-serif\">H-<\/font><\/b><\/p>\n<\/td>\n<td style=\"PADDING-RIGHT: 5.4pt; PADDING-LEFT: 5.4pt; PADDING-BOTTOM: 0cm; WIDTH: 446px; PADDING-TOP: 0cm; HEIGHT: 22px\" colspan=\"3\">\n<p class=\"MsoNormal\" style=\"MARGIN-LEFT: -5.4pt\"><b><a style=\"COLOR: blue; TEXT-DECORATION: underline; text-underline: single\" href=\"#H- ENFLASYONLA M\u00dcCADELE\"><font face=\"tahoma,arial,helvetica,sans-serif\">ENFLASYONLA M&Uuml;CADELE<\/font><\/a><\/b><\/p>\n<\/td>\n<td style=\"PADDING-RIGHT: 5.4pt; PADDING-LEFT: 5.4pt; PADDING-BOTTOM: 0cm; WIDTH: 1px; PADDING-TOP: 0cm; HEIGHT: 22px\">\n<p class=\"MsoNormal\" style=\"MARGIN: 3pt 0cm; LINE-HEIGHT: 150%\"><font face=\"tahoma,arial,helvetica,sans-serif\">&nbsp;<\/font><\/p>\n<\/td>\n<\/tr>\n<tr style=\"HEIGHT: 17pt\">\n<td style=\"PADDING-RIGHT: 5.4pt; PADDING-LEFT: 5.4pt; PADDING-BOTTOM: 0cm; WIDTH: 52px; PADDING-TOP: 0cm; HEIGHT: 22px\">\n<p class=\"MsoNormal\"><font face=\"tahoma,arial,helvetica,sans-serif\">&nbsp;<\/font><\/p>\n<\/td>\n<td style=\"PADDING-RIGHT: 5.4pt; PADDING-LEFT: 5.4pt; PADDING-BOTTOM: 0cm; WIDTH: 20px; PADDING-TOP: 0cm; HEIGHT: 22px\">\n<p class=\"MsoNormal\"><b><font face=\"tahoma,arial,helvetica,sans-serif\">I-<\/font><\/b><\/p>\n<\/td>\n<td style=\"PADDING-RIGHT: 5.4pt; PADDING-LEFT: 5.4pt; PADDING-BOTTOM: 0cm; WIDTH: 446px; PADDING-TOP: 0cm; HEIGHT: 22px\" colspan=\"3\">\n<p class=\"MsoNormal\" style=\"MARGIN-LEFT: -5.4pt\"><b><a style=\"COLOR: blue; TEXT-DECORATION: underline; text-underline: single\" href=\"#I) REEL SEKT\u00d6R\u00dcN CANLANDIRILMASI\"><font face=\"tahoma,arial,helvetica,sans-serif\">REEL SEKT&Ouml;R&Uuml;N CANLANDIRILMASI<\/font><\/a><\/b><\/p>\n<\/td>\n<td style=\"PADDING-RIGHT: 5.4pt; PADDING-LEFT: 5.4pt; PADDING-BOTTOM: 0cm; WIDTH: 1px; PADDING-TOP: 0cm; HEIGHT: 22px\">\n<p class=\"MsoNormal\" style=\"MARGIN: 3pt 0cm; LINE-HEIGHT: 150%\"><font face=\"tahoma,arial,helvetica,sans-serif\">&nbsp;<\/font><\/p>\n<\/td>\n<\/tr>\n<tr style=\"HEIGHT: 17pt\">\n<td style=\"PADDING-RIGHT: 5.4pt; PADDING-LEFT: 5.4pt; PADDING-BOTTOM: 0cm; WIDTH: 52px; PADDING-TOP: 0cm; HEIGHT: 22px\">\n<p class=\"MsoNormal\"><font face=\"tahoma,arial,helvetica,sans-serif\">&nbsp;<\/font><\/p>\n<\/td>\n<td style=\"PADDING-RIGHT: 5.4pt; PADDING-LEFT: 5.4pt; PADDING-BOTTOM: 0cm; WIDTH: 20px; PADDING-TOP: 0cm; HEIGHT: 22px\">\n<p class=\"MsoNormal\"><b><font face=\"tahoma,arial,helvetica,sans-serif\">J-<\/font><\/b><\/p>\n<\/td>\n<td style=\"PADDING-RIGHT: 5.4pt; PADDING-LEFT: 5.4pt; PADDING-BOTTOM: 0cm; WIDTH: 446px; PADDING-TOP: 0cm; HEIGHT: 22px\" colspan=\"3\">\n<p class=\"MsoNormal\" style=\"MARGIN-LEFT: -5.4pt\"><b><a style=\"COLOR: blue; TEXT-DECORATION: underline; text-underline: single\" href=\"#J- YABANCI SERMAYEN\u0130N CEZBED\u0130LMES\u0130\"><font face=\"tahoma,arial,helvetica,sans-serif\">YABANCI SERMAYEN\u0130N CEZBED\u0130LMES\u0130<\/font><\/a><\/b><\/p>\n<\/td>\n<td style=\"PADDING-RIGHT: 5.4pt; PADDING-LEFT: 5.4pt; PADDING-BOTTOM: 0cm; WIDTH: 1px; PADDING-TOP: 0cm; HEIGHT: 22px\">\n<p class=\"MsoNormal\" style=\"MARGIN: 3pt 0cm; LINE-HEIGHT: 150%\"><font face=\"tahoma,arial,helvetica,sans-serif\">&nbsp;<\/font><\/p>\n<\/td>\n<\/tr>\n<tr style=\"HEIGHT: 17pt\">\n<td style=\"PADDING-RIGHT: 5.4pt; PADDING-LEFT: 5.4pt; PADDING-BOTTOM: 0cm; WIDTH: 52px; PADDING-TOP: 0cm; HEIGHT: 22px\">\n<p class=\"MsoNormal\"><font face=\"tahoma,arial,helvetica,sans-serif\">&nbsp;<\/font><\/p>\n<\/td>\n<td style=\"PADDING-RIGHT: 5.4pt; PADDING-LEFT: 5.4pt; PADDING-BOTTOM: 0cm; WIDTH: 20px; PADDING-TOP: 0cm; HEIGHT: 22px\">\n<p class=\"MsoNormal\"><b><font face=\"tahoma,arial,helvetica,sans-serif\">K-<\/font><\/b><\/p>\n<\/td>\n<td style=\"PADDING-RIGHT: 5.4pt; PADDING-LEFT: 5.4pt; PADDING-BOTTOM: 0cm; WIDTH: 446px; PADDING-TOP: 0cm; HEIGHT: 22px\" colspan=\"3\">\n<p class=\"MsoNormal\" style=\"MARGIN-LEFT: -5.4pt\"><b><a style=\"COLOR: blue; TEXT-DECORATION: underline; text-underline: single\" href=\"#K- YEN\u0130 B\u0130R \u0130HRACAT HAMLES\u0130\"><font face=\"tahoma,arial,helvetica,sans-serif\">YEN\u0130 B\u0130R \u0130HRACAT HAMLES\u0130<\/font><\/a><\/b><\/p>\n<\/td>\n<td style=\"PADDING-RIGHT: 5.4pt; PADDING-LEFT: 5.4pt; PADDING-BOTTOM: 0cm; WIDTH: 1px; PADDING-TOP: 0cm; HEIGHT: 22px\">\n<p class=\"MsoNormal\" style=\"MARGIN: 3pt 0cm; LINE-HEIGHT: 150%\"><font face=\"tahoma,arial,helvetica,sans-serif\">&nbsp;<\/font><\/p>\n<\/td>\n<\/tr>\n<tr style=\"HEIGHT: 17pt\">\n<td style=\"PADDING-RIGHT: 5.4pt; PADDING-LEFT: 5.4pt; PADDING-BOTTOM: 0cm; WIDTH: 52px; PADDING-TOP: 0cm; HEIGHT: 22px\">\n<p class=\"MsoNormal\"><font face=\"tahoma,arial,helvetica,sans-serif\">&nbsp;<\/font><\/p>\n<\/td>\n<td style=\"PADDING-RIGHT: 5.4pt; PADDING-LEFT: 5.4pt; PADDING-BOTTOM: 0cm; WIDTH: 20px; PADDING-TOP: 0cm; HEIGHT: 22px\">\n<p class=\"MsoNormal\"><b><font face=\"tahoma,arial,helvetica,sans-serif\">L-<\/font><\/b><\/p>\n<\/td>\n<td style=\"PADDING-RIGHT: 5.4pt; PADDING-LEFT: 5.4pt; PADDING-BOTTOM: 0cm; WIDTH: 446px; PADDING-TOP: 0cm; HEIGHT: 22px\" colspan=\"3\">\n<p class=\"MsoNormal\" style=\"MARGIN-LEFT: -5.4pt\"><b><a style=\"COLOR: blue; TEXT-DECORATION: underline; text-underline: single\" href=\"#L- UCUZ ve G\u00dcVENL\u0130 ENERJ\u0130\"><font face=\"tahoma,arial,helvetica,sans-serif\">UCUZ ve G&Uuml;VENL\u0130 ENERJ\u0130<\/font><\/a><\/b><\/p>\n<\/td>\n<td style=\"PADDING-RIGHT: 5.4pt; PADDING-LEFT: 5.4pt; PADDING-BOTTOM: 0cm; WIDTH: 1px; PADDING-TOP: 0cm; HEIGHT: 22px\">\n<p class=\"MsoNormal\" style=\"MARGIN: 3pt 0cm; LINE-HEIGHT: 150%\"><font face=\"tahoma,arial,helvetica,sans-serif\">&nbsp;<\/font><\/p>\n<\/td>\n<\/tr>\n<tr style=\"HEIGHT: 17pt\">\n<td style=\"PADDING-RIGHT: 5.4pt; PADDING-LEFT: 5.4pt; PADDING-BOTTOM: 0cm; WIDTH: 52px; PADDING-TOP: 0cm; HEIGHT: 22px\">\n<p class=\"MsoNormal\"><font face=\"tahoma,arial,helvetica,sans-serif\">&nbsp;<\/font><\/p>\n<\/td>\n<td style=\"PADDING-RIGHT: 5.4pt; PADDING-LEFT: 5.4pt; PADDING-BOTTOM: 0cm; WIDTH: 20px; PADDING-TOP: 0cm; HEIGHT: 22px\">\n<p class=\"MsoNormal\"><b><font face=\"tahoma,arial,helvetica,sans-serif\">M-<\/font><\/b><\/p>\n<\/td>\n<td style=\"PADDING-RIGHT: 5.4pt; PADDING-LEFT: 5.4pt; PADDING-BOTTOM: 0cm; WIDTH: 446px; PADDING-TOP: 0cm; HEIGHT: 22px\" colspan=\"3\">\n<p class=\"MsoNormal\" style=\"MARGIN-LEFT: -5.4pt\"><b><a style=\"COLOR: blue; TEXT-DECORATION: underline; text-underline: single\" href=\"#M- MADENC\u0130L\u0130K\"><font face=\"tahoma,arial,helvetica,sans-serif\">MADENC\u0130L\u0130K<\/font><\/a><\/b><\/p>\n<\/td>\n<td style=\"PADDING-RIGHT: 5.4pt; PADDING-LEFT: 5.4pt; PADDING-BOTTOM: 0cm; WIDTH: 1px; PADDING-TOP: 0cm; HEIGHT: 22px\">\n<p class=\"MsoNormal\" style=\"MARGIN: 3pt 0cm; LINE-HEIGHT: 150%\"><font face=\"tahoma,arial,helvetica,sans-serif\">&nbsp;<\/font><\/p>\n<\/td>\n<\/tr>\n<tr style=\"HEIGHT: 17pt\">\n<td style=\"PADDING-RIGHT: 5.4pt; PADDING-LEFT: 5.4pt; PADDING-BOTTOM: 0cm; WIDTH: 52px; PADDING-TOP: 0cm; HEIGHT: 22px\">\n<p class=\"MsoNormal\"><font face=\"tahoma,arial,helvetica,sans-serif\">&nbsp;<\/font><\/p>\n<\/td>\n<td style=\"PADDING-RIGHT: 5.4pt; PADDING-LEFT: 5.4pt; PADDING-BOTTOM: 0cm; WIDTH: 20px; PADDING-TOP: 0cm; HEIGHT: 22px\">\n<p class=\"MsoNormal\"><b><font face=\"tahoma,arial,helvetica,sans-serif\">N-<\/font><\/b><\/p>\n<\/td>\n<td style=\"PADDING-RIGHT: 5.4pt; PADDING-LEFT: 5.4pt; PADDING-BOTTOM: 0cm; WIDTH: 446px; PADDING-TOP: 0cm; HEIGHT: 22px\" colspan=\"3\">\n<p class=\"MsoNormal\" style=\"MARGIN-LEFT: -5.4pt\"><b><a style=\"COLOR: blue; TEXT-DECORATION: underline; text-underline: single\" href=\"#N- ULA\u015eIM HAMLES\u0130\"><font face=\"tahoma,arial,helvetica,sans-serif\">ULA\u015eIM HAMLES\u0130<\/font><\/a><\/b><\/p>\n<\/td>\n<td style=\"PADDING-RIGHT: 5.4pt; PADDING-LEFT: 5.4pt; PADDING-BOTTOM: 0cm; WIDTH: 1px; PADDING-TOP: 0cm; HEIGHT: 22px\">\n<p class=\"MsoNormal\" style=\"MARGIN: 3pt 0cm; LINE-HEIGHT: 150%\"><font face=\"tahoma,arial,helvetica,sans-serif\">&nbsp;<\/font><\/p>\n<\/td>\n<\/tr>\n<tr style=\"HEIGHT: 17pt\">\n<td style=\"PADDING-RIGHT: 5.4pt; PADDING-LEFT: 5.4pt; PADDING-BOTTOM: 0cm; WIDTH: 52px; PADDING-TOP: 0cm; HEIGHT: 22px\">\n<p class=\"MsoNormal\"><font face=\"tahoma,arial,helvetica,sans-serif\">&nbsp;<\/font><\/p>\n<\/td>\n<td style=\"PADDING-RIGHT: 5.4pt; PADDING-LEFT: 5.4pt; PADDING-BOTTOM: 0cm; WIDTH: 20px; PADDING-TOP: 0cm; HEIGHT: 22px\">\n<p class=\"MsoNormal\"><b><font face=\"tahoma,arial,helvetica,sans-serif\">O-<\/font><\/b><\/p>\n<\/td>\n<td style=\"PADDING-RIGHT: 5.4pt; PADDING-LEFT: 5.4pt; PADDING-BOTTOM: 0cm; WIDTH: 446px; PADDING-TOP: 0cm; HEIGHT: 22px\" colspan=\"3\">\n<p class=\"MsoNormal\" style=\"MARGIN-LEFT: -5.4pt\"><b><a style=\"COLOR: blue; TEXT-DECORATION: underline; text-underline: single\" href=\"#O- TUR\u0130ZM\u0130N GEL\u0130\u015eT\u0130R\u0130LMES\u0130\"><font face=\"tahoma,arial,helvetica,sans-serif\">TUR\u0130ZM\u0130N GEL\u0130\u015eT\u0130R\u0130LMES\u0130<\/font><\/a><\/b><\/p>\n<\/td>\n<td style=\"PADDING-RIGHT: 5.4pt; PADDING-LEFT: 5.4pt; PADDING-BOTTOM: 0cm; WIDTH: 1px; PADDING-TOP: 0cm; HEIGHT: 22px\">\n<p class=\"MsoNormal\" style=\"MARGIN: 3pt 0cm; LINE-HEIGHT: 150%\"><font face=\"tahoma,arial,helvetica,sans-serif\">&nbsp;<\/font><\/p>\n<\/td>\n<\/tr>\n<tr style=\"HEIGHT: 17pt\">\n<td style=\"PADDING-RIGHT: 5.4pt; PADDING-LEFT: 5.4pt; PADDING-BOTTOM: 0cm; WIDTH: 52px; PADDING-TOP: 0cm; HEIGHT: 22px\">\n<p class=\"MsoNormal\" style=\"MARGIN-RIGHT: -5.4pt; TEXT-ALIGN: right\" align=\"right\"><b><font face=\"tahoma,arial,helvetica,sans-serif\">VII.<\/font><\/b><\/p>\n<\/td>\n<td style=\"PADDING-RIGHT: 5.4pt; PADDING-LEFT: 5.4pt; PADDING-BOTTOM: 0cm; WIDTH: 480px; PADDING-TOP: 0cm; HEIGHT: 22px\" colspan=\"4\">\n<p class=\"MsoNormal\"><b><a style=\"COLOR: blue; TEXT-DECORATION: underline; text-underline: single\" href=\"#VII. TARIM ve HAYVANCILIK\"><font face=\"tahoma,arial,helvetica,sans-serif\">TARIM ve HAYVANCILIK<\/font><\/a><\/b><\/p>\n<\/td>\n<td style=\"PADDING-RIGHT: 5.4pt; PADDING-LEFT: 5.4pt; PADDING-BOTTOM: 0cm; WIDTH: 1px; PADDING-TOP: 0cm; HEIGHT: 22px\">\n<p class=\"MsoNormal\" style=\"MARGIN: 3pt 0cm; LINE-HEIGHT: 150%\"><font face=\"tahoma,arial,helvetica,sans-serif\">&nbsp;<\/font><\/p>\n<\/td>\n<\/tr>\n<tr style=\"HEIGHT: 17pt\">\n<td style=\"PADDING-RIGHT: 5.4pt; PADDING-LEFT: 5.4pt; PADDING-BOTTOM: 0cm; WIDTH: 52px; PADDING-TOP: 0cm; HEIGHT: 22px\">\n<p class=\"MsoNormal\" style=\"MARGIN-RIGHT: -5.4pt; TEXT-ALIGN: right\" align=\"right\"><b><font face=\"tahoma,arial,helvetica,sans-serif\">VIII.<\/font><\/b><\/p>\n<\/td>\n<td style=\"PADDING-RIGHT: 5.4pt; PADDING-LEFT: 5.4pt; PADDING-BOTTOM: 0cm; WIDTH: 480px; PADDING-TOP: 0cm; HEIGHT: 22px\" colspan=\"4\">\n<p class=\"MsoNormal\"><b><a style=\"COLOR: blue; TEXT-DECORATION: underline; text-underline: single\" href=\"#VIII. SOSYAL POL\u0130T\u0130KALAR\"><font face=\"tahoma,arial,helvetica,sans-serif\">SOSYAL POL\u0130T\u0130KALAR<\/font><\/a><\/b><\/p>\n<\/td>\n<td style=\"PADDING-RIGHT: 5.4pt; PADDING-LEFT: 5.4pt; PADDING-BOTTOM: 0cm; WIDTH: 1px; PADDING-TOP: 0cm; HEIGHT: 22px\">\n<p class=\"MsoNormal\" style=\"MARGIN: 3pt 0cm; LINE-HEIGHT: 150%\"><font face=\"tahoma,arial,helvetica,sans-serif\">&nbsp;<\/font><\/p>\n<\/td>\n<\/tr>\n<tr style=\"HEIGHT: 17pt\">\n<td style=\"PADDING-RIGHT: 5.4pt; PADDING-LEFT: 5.4pt; PADDING-BOTTOM: 0cm; WIDTH: 52px; PADDING-TOP: 0cm; HEIGHT: 22px\">\n<p class=\"MsoNormal\"><font face=\"tahoma,arial,helvetica,sans-serif\">&nbsp;<\/font><\/p>\n<\/td>\n<td style=\"PADDING-RIGHT: 5.4pt; PADDING-LEFT: 5.4pt; PADDING-BOTTOM: 0cm; WIDTH: 20px; PADDING-TOP: 0cm; HEIGHT: 22px\">\n<p class=\"MsoNormal\"><b><font face=\"tahoma,arial,helvetica,sans-serif\">A-<\/font><\/b><\/p>\n<\/td>\n<td style=\"PADDING-RIGHT: 5.4pt; PADDING-LEFT: 5.4pt; PADDING-BOTTOM: 0cm; WIDTH: 446px; PADDING-TOP: 0cm; HEIGHT: 22px\" colspan=\"3\">\n<p class=\"MsoNormal\" style=\"MARGIN-LEFT: -5.4pt\"><b><a style=\"COLOR: blue; TEXT-DECORATION: underline; text-underline: single\" href=\"#A- GEL\u0130R DA\u011eILIMINDA ADALET\"><font face=\"tahoma,arial,helvetica,sans-serif\">GEL\u0130R DA\u011eILIMINDA ADALET<\/font><\/a><\/b><\/p>\n<\/td>\n<td style=\"PADDING-RIGHT: 5.4pt; PADDING-LEFT: 5.4pt; PADDING-BOTTOM: 0cm; WIDTH: 1px; PADDING-TOP: 0cm; HEIGHT: 22px\">\n<p class=\"MsoNormal\" style=\"MARGIN: 3pt 0cm; LINE-HEIGHT: 150%\"><font face=\"tahoma,arial,helvetica,sans-serif\">&nbsp;<\/font><\/p>\n<\/td>\n<\/tr>\n<tr style=\"HEIGHT: 17pt\">\n<td style=\"PADDING-RIGHT: 5.4pt; PADDING-LEFT: 5.4pt; PADDING-BOTTOM: 0cm; WIDTH: 52px; PADDING-TOP: 0cm; HEIGHT: 22px\">\n<p class=\"MsoNormal\"><font face=\"tahoma,arial,helvetica,sans-serif\">&nbsp;<\/font><\/p>\n<\/td>\n<td style=\"PADDING-RIGHT: 5.4pt; PADDING-LEFT: 5.4pt; PADDING-BOTTOM: 0cm; WIDTH: 20px; PADDING-TOP: 0cm; HEIGHT: 22px\">\n<p class=\"MsoNormal\"><b><font face=\"tahoma,arial,helvetica,sans-serif\">B-<\/font><\/b><\/p>\n<\/td>\n<td style=\"PADDING-RIGHT: 5.4pt; PADDING-LEFT: 5.4pt; PADDING-BOTTOM: 0cm; WIDTH: 446px; PADDING-TOP: 0cm; HEIGHT: 22px\" colspan=\"3\">\n<h1 style=\"MARGIN-LEFT: -5.4pt\"><font face=\"tahoma,arial,helvetica,sans-serif\" size=\"1\"><a style=\"COLOR: blue; TEXT-DECORATION: underline; text-underline: single\" href=\"#B- YOLSUZLUKLA M\u00dcCADELE\">YOLSUZLUKLA&nbsp; M&Uuml;CADELE<\/a><\/font><\/h1>\n<\/td>\n<td style=\"PADDING-RIGHT: 5.4pt; PADDING-LEFT: 5.4pt; PADDING-BOTTOM: 0cm; WIDTH: 1px; PADDING-TOP: 0cm; HEIGHT: 22px\">\n<p class=\"MsoNormal\" style=\"MARGIN: 3pt 0cm; LINE-HEIGHT: 150%\"><font face=\"tahoma,arial,helvetica,sans-serif\">&nbsp;<\/font><\/p>\n<\/td>\n<\/tr>\n<tr style=\"HEIGHT: 17pt\">\n<td style=\"PADDING-RIGHT: 5.4pt; PADDING-LEFT: 5.4pt; PADDING-BOTTOM: 0cm; WIDTH: 52px; PADDING-TOP: 0cm; HEIGHT: 22px\">\n<p class=\"MsoNormal\"><font face=\"tahoma,arial,helvetica,sans-serif\">&nbsp;<\/font><\/p>\n<\/td>\n<td style=\"PADDING-RIGHT: 5.4pt; PADDING-LEFT: 5.4pt; PADDING-BOTTOM: 0cm; WIDTH: 20px; PADDING-TOP: 0cm; HEIGHT: 22px\">\n<p class=\"MsoNormal\"><b><font face=\"tahoma,arial,helvetica,sans-serif\">C-<\/font><\/b><\/p>\n<\/td>\n<td style=\"PADDING-RIGHT: 5.4pt; PADDING-LEFT: 5.4pt; PADDING-BOTTOM: 0cm; WIDTH: 446px; PADDING-TOP: 0cm; HEIGHT: 22px\" colspan=\"3\">\n<p class=\"MsoNormal\" style=\"MARGIN-LEFT: -5.4pt\"><b><a style=\"COLOR: blue; TEXT-DECORATION: underline; text-underline: single\" href=\"#C- \u0130\u015eS\u0130ZL\u0130\u011e\u0130N \u00d6NLENMES\u0130\"><font face=\"tahoma,arial,helvetica,sans-serif\">\u0130\u015eS\u0130ZL\u0130\u011e\u0130N &Ouml;NLENMES\u0130<\/font><\/a><\/b><\/p>\n<\/td>\n<td style=\"PADDING-RIGHT: 5.4pt; PADDING-LEFT: 5.4pt; PADDING-BOTTOM: 0cm; WIDTH: 1px; PADDING-TOP: 0cm; HEIGHT: 22px\">\n<p class=\"MsoNormal\" style=\"MARGIN: 3pt 0cm; LINE-HEIGHT: 150%\"><font face=\"tahoma,arial,helvetica,sans-serif\">&nbsp;<\/font><\/p>\n<\/td>\n<\/tr>\n<tr style=\"HEIGHT: 17pt\">\n<td style=\"PADDING-RIGHT: 5.4pt; PADDING-LEFT: 5.4pt; PADDING-BOTTOM: 0cm; WIDTH: 52px; PADDING-TOP: 0cm; HEIGHT: 22px\">\n<p class=\"MsoNormal\"><font face=\"tahoma,arial,helvetica,sans-serif\">&nbsp;<\/font><\/p>\n<\/td>\n<td style=\"PADDING-RIGHT: 5.4pt; PADDING-LEFT: 5.4pt; PADDING-BOTTOM: 0cm; WIDTH: 20px; PADDING-TOP: 0cm; HEIGHT: 22px\">\n<p class=\"MsoNormal\"><b><font face=\"tahoma,arial,helvetica,sans-serif\">D-<\/font><\/b><\/p>\n<\/td>\n<td style=\"PADDING-RIGHT: 5.4pt; PADDING-LEFT: 5.4pt; PADDING-BOTTOM: 0cm; WIDTH: 446px; PADDING-TOP: 0cm; HEIGHT: 22px\" colspan=\"3\">\n<p class=\"MsoNormal\" style=\"MARGIN-LEFT: -5.4pt\"><b><a style=\"COLOR: blue; TEXT-DECORATION: underline; text-underline: single\" href=\"#D- N\u0130TEL\u0130KL\u0130 E\u011e\u0130T\u0130M\"><font face=\"tahoma,arial,helvetica,sans-serif\">N\u0130TEL\u0130KL\u0130 E\u011e\u0130T\u0130M<\/font><\/a><\/b><\/p>\n<\/td>\n<td style=\"PADDING-RIGHT: 5.4pt; PADDING-LEFT: 5.4pt; PADDING-BOTTOM: 0cm; WIDTH: 1px; PADDING-TOP: 0cm; HEIGHT: 22px\">\n<p class=\"MsoNormal\" style=\"MARGIN: 3pt 0cm; LINE-HEIGHT: 150%\"><font face=\"tahoma,arial,helvetica,sans-serif\">&nbsp;<\/font><\/p>\n<\/td>\n<\/tr>\n<tr style=\"HEIGHT: 17pt\">\n<td style=\"PADDING-RIGHT: 5.4pt; PADDING-LEFT: 5.4pt; PADDING-BOTTOM: 0cm; WIDTH: 52px; PADDING-TOP: 0cm; HEIGHT: 22px\">\n<p class=\"MsoNormal\"><font face=\"tahoma,arial,helvetica,sans-serif\">&nbsp;<\/font><\/p>\n<\/td>\n<td style=\"PADDING-RIGHT: 5.4pt; PADDING-LEFT: 5.4pt; PADDING-BOTTOM: 0cm; WIDTH: 20px; PADDING-TOP: 0cm; HEIGHT: 22px\">\n<p class=\"MsoNormal\"><b><font face=\"tahoma,arial,helvetica,sans-serif\">E-<\/font><\/b><\/p>\n<\/td>\n<td style=\"PADDING-RIGHT: 5.4pt; PADDING-LEFT: 5.4pt; PADDING-BOTTOM: 0cm; WIDTH: 446px; PADDING-TOP: 0cm; HEIGHT: 22px\" colspan=\"3\">\n<p class=\"MsoNormal\" style=\"MARGIN-LEFT: -5.4pt\"><b><a style=\"COLOR: blue; TEXT-DECORATION: underline; text-underline: single\" href=\"#E- SA\u011eLIKLI TOPLUM\"><font face=\"tahoma,arial,helvetica,sans-serif\">SA\u011eLIKLI TOPLUM<\/font><\/a><\/b><\/p>\n<\/td>\n<td style=\"PADDING-RIGHT: 5.4pt; PADDING-LEFT: 5.4pt; PADDING-BOTTOM: 0cm; WIDTH: 1px; PADDING-TOP: 0cm; HEIGHT: 22px\">\n<p class=\"MsoNormal\" style=\"MARGIN: 3pt 0cm; LINE-HEIGHT: 150%\"><font face=\"tahoma,arial,helvetica,sans-serif\">&nbsp;<\/font><\/p>\n<\/td>\n<\/tr>\n<tr style=\"HEIGHT: 17pt\">\n<td style=\"PADDING-RIGHT: 5.4pt; PADDING-LEFT: 5.4pt; PADDING-BOTTOM: 0cm; WIDTH: 52px; PADDING-TOP: 0cm; HEIGHT: 22px\">\n<p class=\"MsoNormal\"><font face=\"tahoma,arial,helvetica,sans-serif\">&nbsp;<\/font><\/p>\n<\/td>\n<td style=\"PADDING-RIGHT: 5.4pt; PADDING-LEFT: 5.4pt; PADDING-BOTTOM: 0cm; WIDTH: 20px; PADDING-TOP: 0cm; HEIGHT: 22px\">\n<p class=\"MsoNormal\"><b><font face=\"tahoma,arial,helvetica,sans-serif\">F-<\/font><\/b><\/p>\n<\/td>\n<td style=\"PADDING-RIGHT: 5.4pt; PADDING-LEFT: 5.4pt; PADDING-BOTTOM: 0cm; WIDTH: 446px; PADDING-TOP: 0cm; HEIGHT: 22px\" colspan=\"3\">\n<p class=\"MsoNormal\" style=\"MARGIN-LEFT: -5.4pt\"><b><a style=\"COLOR: blue; TEXT-DECORATION: underline; text-underline: single\" href=\"#F- HERKESE SOSYAL G\u00dcVENL\u0130K\"><font face=\"tahoma,arial,helvetica,sans-serif\">HERKESE SOSYAL G&Uuml;VENL\u0130K<\/font><\/a><\/b><\/p>\n<\/td>\n<td style=\"PADDING-RIGHT: 5.4pt; PADDING-LEFT: 5.4pt; PADDING-BOTTOM: 0cm; WIDTH: 1px; PADDING-TOP: 0cm; HEIGHT: 22px\">\n<p class=\"MsoNormal\" style=\"MARGIN: 3pt 0cm; LINE-HEIGHT: 150%\"><font face=\"tahoma,arial,helvetica,sans-serif\">&nbsp;<\/font><\/p>\n<\/td>\n<\/tr>\n<tr style=\"HEIGHT: 17pt\">\n<td style=\"PADDING-RIGHT: 5.4pt; PADDING-LEFT: 5.4pt; PADDING-BOTTOM: 0cm; WIDTH: 52px; PADDING-TOP: 0cm; HEIGHT: 22px\">\n<p class=\"MsoNormal\"><font face=\"tahoma,arial,helvetica,sans-serif\">&nbsp;<\/font><\/p>\n<\/td>\n<td style=\"PADDING-RIGHT: 5.4pt; PADDING-LEFT: 5.4pt; PADDING-BOTTOM: 0cm; WIDTH: 20px; PADDING-TOP: 0cm; HEIGHT: 22px\">\n<p class=\"MsoNormal\"><b><font face=\"tahoma,arial,helvetica,sans-serif\">G-<\/font><\/b><\/p>\n<\/td>\n<td style=\"PADDING-RIGHT: 5.4pt; PADDING-LEFT: 5.4pt; PADDING-BOTTOM: 0cm; WIDTH: 446px; PADDING-TOP: 0cm; HEIGHT: 22px\" colspan=\"3\">\n<p class=\"MsoNormal\" style=\"MARGIN-LEFT: -5.4pt\"><b><a style=\"COLOR: blue; TEXT-DECORATION: underline; text-underline: single\" href=\"#G- A\u0130LE, KADIN ve GEN\u00c7L\u0130K\"><font face=\"tahoma,arial,helvetica,sans-serif\">A\u0130LE, KADIN ve GEN\u00c7L\u0130K<\/font><\/a><\/b><\/p>\n<\/td>\n<td style=\"PADDING-RIGHT: 5.4pt; PADDING-LEFT: 5.4pt; PADDING-BOTTOM: 0cm; WIDTH: 1px; PADDING-TOP: 0cm; HEIGHT: 22px\">\n<p class=\"MsoNormal\" style=\"MARGIN: 3pt 0cm; LINE-HEIGHT: 150%\"><font face=\"tahoma,arial,helvetica,sans-serif\">&nbsp;<\/font><\/p>\n<\/td>\n<\/tr>\n<tr style=\"HEIGHT: 17pt\">\n<td style=\"PADDING-RIGHT: 5.4pt; PADDING-LEFT: 5.4pt; PADDING-BOTTOM: 0cm; WIDTH: 52px; PADDING-TOP: 0cm; HEIGHT: 22px\">\n<p class=\"MsoNormal\"><font face=\"tahoma,arial,helvetica,sans-serif\">&nbsp;<\/font><\/p>\n<\/td>\n<td style=\"PADDING-RIGHT: 5.4pt; PADDING-LEFT: 5.4pt; PADDING-BOTTOM: 0cm; WIDTH: 20px; PADDING-TOP: 0cm; HEIGHT: 22px\">\n<p class=\"MsoNormal\"><b><font face=\"tahoma,arial,helvetica,sans-serif\">&nbsp;<\/font><\/b><\/p>\n<\/td>\n<td style=\"PADDING-RIGHT: 5.4pt; PADDING-LEFT: 5.4pt; PADDING-BOTTOM: 0cm; WIDTH: 446px; PADDING-TOP: 0cm; HEIGHT: 22px\" colspan=\"3\">\n<p class=\"MsoNormal\" style=\"MARGIN-LEFT: -5.4pt\"><b><font face=\"tahoma,arial,helvetica,sans-serif\">1. <\/font><a style=\"COLOR: blue; TEXT-DECORATION: underline; text-underline: single\" href=\"#_1._Ailenin_G\u00fc\u00e7lendirilmesi\"><font face=\"tahoma,arial,helvetica,sans-serif\">Ailenin G&uuml;\u00e7lendirilmesi<\/font><\/a><\/b><\/p>\n<\/td>\n<td style=\"PADDING-RIGHT: 5.4pt; PADDING-LEFT: 5.4pt; PADDING-BOTTOM: 0cm; WIDTH: 1px; PADDING-TOP: 0cm; HEIGHT: 22px\">\n<p class=\"MsoNormal\" style=\"MARGIN: 3pt 0cm; LINE-HEIGHT: 150%\"><font face=\"tahoma,arial,helvetica,sans-serif\">&nbsp;<\/font><\/p>\n<\/td>\n<\/tr>\n<tr style=\"HEIGHT: 17pt\">\n<td style=\"PADDING-RIGHT: 5.4pt; PADDING-LEFT: 5.4pt; PADDING-BOTTOM: 0cm; WIDTH: 52px; PADDING-TOP: 0cm; HEIGHT: 22px\">\n<p class=\"MsoNormal\"><font face=\"tahoma,arial,helvetica,sans-serif\">&nbsp;<\/font><\/p>\n<\/td>\n<td style=\"PADDING-RIGHT: 5.4pt; PADDING-LEFT: 5.4pt; PADDING-BOTTOM: 0cm; WIDTH: 20px; PADDING-TOP: 0cm; HEIGHT: 22px\">\n<p class=\"MsoNormal\"><b><font face=\"tahoma,arial,helvetica,sans-serif\">&nbsp;<\/font><\/b><\/p>\n<\/td>\n<td style=\"PADDING-RIGHT: 5.4pt; PADDING-LEFT: 5.4pt; PADDING-BOTTOM: 0cm; WIDTH: 446px; PADDING-TOP: 0cm; HEIGHT: 22px\" colspan=\"3\">\n<p class=\"MsoNormal\" style=\"MARGIN-LEFT: -5.4pt\"><b><font face=\"tahoma,arial,helvetica,sans-serif\">2. <\/font><a style=\"COLOR: blue; TEXT-DECORATION: underline; text-underline: single\" href=\"#_2._Kad\u0131n_Sorunlar\u0131\"><font face=\"tahoma,arial,helvetica,sans-serif\">Kad\u0131n Sorunlar\u0131<\/font><\/a><\/b><\/p>\n<\/td>\n<td style=\"PADDING-RIGHT: 5.4pt; PADDING-LEFT: 5.4pt; PADDING-BOTTOM: 0cm; WIDTH: 1px; PADDING-TOP: 0cm; HEIGHT: 22px\">\n<p class=\"MsoNormal\" style=\"MARGIN: 3pt 0cm; LINE-HEIGHT: 150%\"><font face=\"tahoma,arial,helvetica,sans-serif\">&nbsp;<\/font><\/p>\n<\/td>\n<\/tr>\n<tr style=\"HEIGHT: 17pt\">\n<td style=\"PADDING-RIGHT: 5.4pt; PADDING-LEFT: 5.4pt; PADDING-BOTTOM: 0cm; WIDTH: 52px; PADDING-TOP: 0cm; HEIGHT: 22px\">\n<p class=\"MsoNormal\"><font face=\"tahoma,arial,helvetica,sans-serif\">&nbsp;<\/font><\/p>\n<\/td>\n<td style=\"PADDING-RIGHT: 5.4pt; PADDING-LEFT: 5.4pt; PADDING-BOTTOM: 0cm; WIDTH: 20px; PADDING-TOP: 0cm; HEIGHT: 22px\">\n<p class=\"MsoNormal\"><b><font face=\"tahoma,arial,helvetica,sans-serif\">&nbsp;<\/font><\/b><\/p>\n<\/td>\n<td style=\"PADDING-RIGHT: 5.4pt; PADDING-LEFT: 5.4pt; PADDING-BOTTOM: 0cm; WIDTH: 446px; PADDING-TOP: 0cm; HEIGHT: 22px\" colspan=\"3\">\n<h1 style=\"MARGIN-LEFT: -5.4pt\"><font face=\"tahoma,arial,helvetica,sans-serif\" size=\"1\">3. <\/font><a style=\"COLOR: blue; TEXT-DECORATION: underline; text-underline: single\" href=\"#_3._Gen\u00e7lik_Gelece\u011fimizdir\"><font face=\"tahoma,arial,helvetica,sans-serif\" size=\"1\">Gen\u00e7lik Gelece\u011fimizdir<\/font><\/a><\/h1>\n<\/td>\n<td style=\"PADDING-RIGHT: 5.4pt; PADDING-LEFT: 5.4pt; PADDING-BOTTOM: 0cm; WIDTH: 1px; PADDING-TOP: 0cm; HEIGHT: 22px\">\n<p class=\"MsoNormal\" style=\"MARGIN: 3pt 0cm; LINE-HEIGHT: 150%\"><font face=\"tahoma,arial,helvetica,sans-serif\">&nbsp;<\/font><\/p>\n<\/td>\n<\/tr>\n<tr style=\"HEIGHT: 17pt\">\n<td style=\"PADDING-RIGHT: 5.4pt; PADDING-LEFT: 5.4pt; PADDING-BOTTOM: 0cm; WIDTH: 52px; PADDING-TOP: 0cm; HEIGHT: 22px\">\n<p class=\"MsoNormal\"><font face=\"tahoma,arial,helvetica,sans-serif\">&nbsp;<\/font><\/p>\n<\/td>\n<td style=\"PADDING-RIGHT: 5.4pt; PADDING-LEFT: 5.4pt; PADDING-BOTTOM: 0cm; WIDTH: 20px; PADDING-TOP: 0cm; HEIGHT: 22px\">\n<p class=\"MsoNormal\"><b><font face=\"tahoma,arial,helvetica,sans-serif\">H-<\/font><\/b><\/p>\n<\/td>\n<td style=\"PADDING-RIGHT: 5.4pt; PADDING-LEFT: 5.4pt; PADDING-BOTTOM: 0cm; WIDTH: 446px; PADDING-TOP: 0cm; HEIGHT: 22px\" colspan=\"3\">\n<p class=\"MsoNormal\" style=\"MARGIN-LEFT: -5.4pt\"><b><a style=\"COLOR: blue; TEXT-DECORATION: underline; text-underline: single\" href=\"#H- \u00d6Z\u00dcRL\u00dc VATANDA\u015eLARIMIZ\"><font face=\"tahoma,arial,helvetica,sans-serif\">&Ouml;Z&Uuml;RL&Uuml; VATANDA\u015eLARIMIZ<\/font><\/a><\/b><\/p>\n<\/td>\n<td style=\"PADDING-RIGHT: 5.4pt; PADDING-LEFT: 5.4pt; PADDING-BOTTOM: 0cm; WIDTH: 1px; PADDING-TOP: 0cm; HEIGHT: 22px\">\n<p class=\"MsoNormal\" style=\"MARGIN: 3pt 0cm; LINE-HEIGHT: 150%\"><font face=\"tahoma,arial,helvetica,sans-serif\">&nbsp;<\/font><\/p>\n<\/td>\n<\/tr>\n<tr style=\"HEIGHT: 17pt\">\n<td style=\"PADDING-RIGHT: 5.4pt; PADDING-LEFT: 5.4pt; PADDING-BOTTOM: 0cm; WIDTH: 52px; PADDING-TOP: 0cm; HEIGHT: 22px\">\n<p class=\"MsoNormal\" style=\"MARGIN-RIGHT: -5.4pt; TEXT-ALIGN: right\" align=\"right\"><b><font face=\"tahoma,arial,helvetica,sans-serif\">IX.<\/font><\/b><\/p>\n<\/td>\n<td style=\"PADDING-RIGHT: 5.4pt; PADDING-LEFT: 5.4pt; PADDING-BOTTOM: 0cm; WIDTH: 480px; PADDING-TOP: 0cm; HEIGHT: 22px\" colspan=\"4\">\n<p class=\"MsoNormal\"><b><a style=\"COLOR: blue; TEXT-DECORATION: underline; text-underline: single\" href=\"#IX. DI\u015e POL\u0130T\u0130KA\"><font face=\"tahoma,arial,helvetica,sans-serif\">DI\u015e POL\u0130T\u0130KA<\/font><\/a><\/b><\/p>\n<\/td>\n<td style=\"PADDING-RIGHT: 5.4pt; PADDING-LEFT: 5.4pt; PADDING-BOTTOM: 0cm; WIDTH: 1px; PADDING-TOP: 0cm; HEIGHT: 22px\">\n<p class=\"MsoNormal\" style=\"MARGIN: 3pt 0cm; LINE-HEIGHT: 150%\"><font face=\"tahoma,arial,helvetica,sans-serif\">&nbsp;<\/font><\/p>\n<\/td>\n<\/tr>\n<\/tbody>\n<\/table>\n<p><\/center><\/div>\n<h2 style=\"MARGIN: 0px; LINE-HEIGHT: 100%\"><font face=\"tahoma,arial,helvetica,sans-serif\">&nbsp;<\/font><\/h2>\n<h2 style=\"MARGIN: 0px; LINE-HEIGHT: 100%\"><font face=\"tahoma,arial,helvetica,sans-serif\" color=\"#003399\" size=\"2\"><span style=\"LINE-HEIGHT: 150%\"><a name=\"SUNU\u015e\">SUNU\u015e<\/a><\/span><\/font><\/h2>\n<p class=\"MsoNormal\" style=\"MARGIN-TOP: 0px; MARGIN-BOTTOM: 0px; TEXT-ALIGN: justify\"><font face=\"tahoma,arial,helvetica,sans-serif\" color=\"#003399\" size=\"2\">D&uuml;nya, 21. y&uuml;zy\u0131l\u0131n ba\u015f\u0131nda, ge\u00e7mi\u015f d&ouml;nemlerden farkl\u0131 bir d&ouml;n&uuml;\u015f&uuml;m ge\u00e7irmektedir. H\u0131zla geli\u015fen bilgi ve teknoloji, insan hayat\u0131na yeni boyutlar katmaktad\u0131r. \u0130leti\u015fim ara\u00e7lar\u0131n\u0131n, uzak co\u011frafyalarda ya\u015fayan insanlar aras\u0131nda kurdu\u011fu k&ouml;pr&uuml;lerden akan bilgi, toplumsal kurumlar\u0131 ve siyasal ilkeleri yeniden \u015fekillendirmektedir.<\/font><\/p>\n<p class=\"MsoNormal\" style=\"MARGIN-TOP: 0px; MARGIN-BOTTOM: 0px; TEXT-ALIGN: justify\"><font face=\"tahoma,arial,helvetica,sans-serif\">&nbsp;<\/font><\/p>\n<p class=\"MsoNormal\" style=\"MARGIN-TOP: 0px; MARGIN-BOTTOM: 0px; TEXT-ALIGN: justify\"><font face=\"tahoma,arial,helvetica,sans-serif\" color=\"#003399\" size=\"2\">\u0130ki kutuplu D&uuml;nya&#8217;n\u0131n \u00e7at\u0131\u015fmaya dayal\u0131 siyasal anlay\u0131\u015flar\u0131, yerini mal ve hizmetlerin, bilgi, emek ve sermayenin serbest dola\u015f\u0131m\u0131n\u0131 &ouml;ng&ouml;ren b&ouml;lgesel ekonomik ve siyasal b&uuml;t&uuml;nle\u015fme hareketlerine b\u0131rakmaktad\u0131r. Bu s&uuml;re\u00e7lerin do\u011fal bir sonucu olarak, totaliter ideolojik yakla\u015f\u0131mlar terk edilmekte, temel hak ve h&uuml;rriyetlerin g&ouml;zetildi\u011fi, ayr\u0131mc\u0131l\u0131\u011fa kar\u015f\u0131 her alanda e\u015fitli\u011fin savunuldu\u011fu ve halk iradesinden g&uuml;\u00e7 alan kat\u0131l\u0131mc\u0131 siyasal anlay\u0131\u015flar yerle\u015fmektedir.<\/font><\/p>\n<p class=\"MsoNormal\" style=\"MARGIN-TOP: 0px; MARGIN-BOTTOM: 0px; TEXT-ALIGN: justify\"><font face=\"tahoma,arial,helvetica,sans-serif\">&nbsp;<\/font><\/p>\n<p class=\"MsoNormal\" style=\"MARGIN-TOP: 0px; MARGIN-BOTTOM: 0px; TEXT-ALIGN: justify\"><font face=\"tahoma,arial,helvetica,sans-serif\" color=\"#003399\" size=\"2\">Milletler aras\u0131nda ekonomik, k&uuml;lt&uuml;rel ve sosyal ili\u015fkiler geli\u015ftik\u00e7e; bu ili\u015fkilere zemin olu\u015fturan d&uuml;zenlemeler, insanl\u0131k i\u00e7in ortak bir hukuk anlay\u0131\u015f\u0131n\u0131n yerle\u015fmesine yol a\u00e7maktad\u0131r. Ulusal ve uluslararas\u0131 anla\u015fmazl\u0131klar\u0131n \u00e7&ouml;z&uuml;m&uuml;nde, nihai ve ba\u011flay\u0131c\u0131 kararlar verecek uluslar-&uuml;st&uuml; mahkemeler ve hakem kurumlar\u0131 olu\u015fturulmakta ve ulusal d&uuml;zeyde verilen kararlar buralarda temyiz edilebilmektedir.<\/font><\/p>\n<p class=\"MsoNormal\" style=\"MARGIN-TOP: 0px; MARGIN-BOTTOM: 0px; TEXT-ALIGN: justify\"><font face=\"tahoma,arial,helvetica,sans-serif\">&nbsp;<\/font><\/p>\n<p class=\"MsoNormal\" style=\"MARGIN-TOP: 0px; MARGIN-BOTTOM: 0px; TEXT-ALIGN: justify\"><font face=\"tahoma,arial,helvetica,sans-serif\" color=\"#003399\" size=\"2\">Farkl\u0131 &uuml;lkelerdeki halklar\u0131n ya\u015fam kalitesini &ouml;l\u00e7meye y&ouml;nelik evrensel standart ve normlar olu\u015fmakta ve toplumlar\u0131n refah, ba\u015far\u0131 ve mutluluk d&uuml;zeyleri ile devletlerin uluslararas\u0131 arenadaki etkinlik ve sayg\u0131nl\u0131klar\u0131 bu kriterlere g&ouml;re belirlenmektedir. Devletin faaliyet alan\u0131 s&uuml;rekli daral\u0131rken, &ouml;zel sekt&ouml;r&uuml;n ve sivil toplum &ouml;rg&uuml;tlerinin etkinli\u011fi artmaktad\u0131r.<\/font><\/p>\n<p class=\"MsoNormal\" style=\"MARGIN-TOP: 0px; MARGIN-BOTTOM: 0px; TEXT-ALIGN: justify\"><font face=\"tahoma,arial,helvetica,sans-serif\">&nbsp;<\/font><\/p>\n<p class=\"MsoNormal\" style=\"MARGIN-TOP: 0px; MARGIN-BOTTOM: 0px; TEXT-ALIGN: justify\"><font face=\"tahoma,arial,helvetica,sans-serif\" color=\"#003399\" size=\"2\">Bu geli\u015fme s&uuml;recinde, kendini D&uuml;nya&#8217;dan tecrit eden bir ulusal sistemin uzun s&uuml;re ayakta kalmas\u0131 d&uuml;\u015f&uuml;n&uuml;lemez. Art\u0131k, kendi i\u00e7ine d&ouml;n&uuml;k b&ouml;yle bir sistemle toplumun talepleri kar\u015f\u0131lanamayaca\u011f\u0131 gibi, uluslararas\u0131 camian\u0131n sayg\u0131n bir &uuml;yesi de olunamaz.<\/font><\/p>\n<p class=\"MsoNormal\" style=\"MARGIN-TOP: 0px; MARGIN-BOTTOM: 0px; TEXT-ALIGN: justify\"><font face=\"tahoma,arial,helvetica,sans-serif\">&nbsp;<\/font><\/p>\n<p class=\"MsoNormal\" style=\"MARGIN-TOP: 0px; MARGIN-BOTTOM: 0px; TEXT-ALIGN: justify\"><font face=\"tahoma,arial,helvetica,sans-serif\" color=\"#003399\" size=\"2\">D&uuml;nyada k&ouml;kl&uuml; d&ouml;n&uuml;\u015f&uuml;mler ya\u015fan\u0131rken, T&uuml;rkiye, zaman\u0131n\u0131 ve enerjisini i\u00e7 meseleleriyle u\u011fra\u015farak t&uuml;ketmektedir. Elli y\u0131l\u0131 a\u015fan \u00e7ok partili siyaset tecr&uuml;besine ra\u011fmen, yeterince demokratikle\u015femeyen, temel hak ve &ouml;zg&uuml;rl&uuml;klerin tam olarak kullan\u0131lamad\u0131\u011f\u0131 &uuml;lkeler aras\u0131nda yer almaktad\u0131r. Gen\u00e7 ve dinamik n&uuml;fusuna, zengin do\u011fal kaynaklar\u0131na ra\u011fmen, refah d&uuml;zeyini y&uuml;kseltememi\u015f, uluslararas\u0131 piyasalarda rekabet edecek &uuml;retim kapasitesine ula\u015famam\u0131\u015ft\u0131r.<\/font><\/p>\n<p class=\"MsoNormal\" style=\"MARGIN-TOP: 0px; MARGIN-BOTTOM: 0px; TEXT-ALIGN: justify\"><font face=\"tahoma,arial,helvetica,sans-serif\">&nbsp;<\/font><\/p>\n<p class=\"MsoNormal\" style=\"MARGIN-TOP: 0px; MARGIN-BOTTOM: 0px; TEXT-ALIGN: justify\"><font face=\"tahoma,arial,helvetica,sans-serif\" color=\"#003399\" size=\"2\">Uygulanan yanl\u0131\u015f politikalar y&uuml;z&uuml;nden, sa\u011fl\u0131kl\u0131 bir &ouml;zelle\u015ftirme ger\u00e7ekle\u015ftirilememi\u015f, devletin ekonomideki rol&uuml; azalt\u0131lamam\u0131\u015f, servetin toplum kesimleri aras\u0131ndaki da\u011f\u0131l\u0131m\u0131nda adalet sa\u011flanamam\u0131\u015ft\u0131r. Kamu y&ouml;netiminde yolsuzluk ve siyasal \u00e7&uuml;r&uuml;me bak\u0131m\u0131ndan ise &uuml;lkemiz &ouml;n s\u0131ralarda yer almaktad\u0131r.<\/font><\/p>\n<p class=\"MsoNormal\" style=\"MARGIN-TOP: 0px; MARGIN-BOTTOM: 0px; TEXT-ALIGN: justify\"><font face=\"tahoma,arial,helvetica,sans-serif\">&nbsp;<\/font><\/p>\n<p class=\"MsoNormal\" style=\"MARGIN-TOP: 0px; MARGIN-BOTTOM: 0px; TEXT-ALIGN: justify\"><font face=\"tahoma,arial,helvetica,sans-serif\" color=\"#003399\" size=\"2\">Koalisyon h&uuml;k&uuml;metinin uygulad\u0131\u011f\u0131, halk\u0131 can\u0131ndan bezdiren ekonomik istikrar programlar\u0131 ve ac\u0131 re\u00e7eteler, enflasyonu kontrol alt\u0131na almaya yetmemi\u015ftir. A\u011f\u0131r vergi y&uuml;k&uuml; ve yo\u011fun b&uuml;rokrasi, ekonominin &uuml;retim g&uuml;c&uuml;n&uuml; zay\u0131flatm\u0131\u015f, istihdam\u0131 azaltm\u0131\u015f ve kaynaklar\u0131n &uuml;retim yerine rant gelirlerine y&ouml;nelmesine yol a\u00e7m\u0131\u015ft\u0131r.<\/font><\/p>\n<p class=\"MsoNormal\" style=\"MARGIN-TOP: 0px; MARGIN-BOTTOM: 0px; TEXT-ALIGN: justify\"><font face=\"tahoma,arial,helvetica,sans-serif\">&nbsp;<\/font><\/p>\n<p class=\"MsoNormal\" style=\"MARGIN-TOP: 0px; MARGIN-BOTTOM: 0px; TEXT-ALIGN: justify\"><font face=\"tahoma,arial,helvetica,sans-serif\" color=\"#003399\" size=\"2\">&Uuml;lke, i\u00e7 ve d\u0131\u015f yat\u0131r\u0131mc\u0131lar a\u00e7\u0131s\u0131ndan cazibesini kaybetmi\u015f, bunun sonucunda T&uuml;rkiye &uuml;rk&uuml;t&uuml;c&uuml; boyutlarda mali ve be\u015feri sermaye kayb\u0131na u\u011fram\u0131\u015ft\u0131r. \u0130yi yeti\u015fmi\u015f nitelikli insanlar\u0131m\u0131z aras\u0131nda bile i\u015fsizlik had safhaya ula\u015fm\u0131\u015f, yetenekli gen\u00e7 beyinler, geleceklerini yurt d\u0131\u015f\u0131nda araman\u0131n tela\u015f\u0131na d&uuml;\u015fm&uuml;\u015flerdir. Bu umutsuz tablo, 2001 y\u0131l\u0131n\u0131n \u015eubat ay\u0131nda meydana gelen emsali g&ouml;r&uuml;lmemi\u015f ekonomik kriz ile zirve noktas\u0131na ula\u015fm\u0131\u015ft\u0131r.<\/font><\/p>\n<p class=\"MsoNormal\" style=\"MARGIN-TOP: 0px; MARGIN-BOTTOM: 0px; TEXT-ALIGN: justify\"><font face=\"tahoma,arial,helvetica,sans-serif\">&nbsp;<\/font><\/p>\n<p class=\"MsoNormal\" style=\"MARGIN-TOP: 0px; MARGIN-BOTTOM: 0px; TEXT-ALIGN: justify\"><font face=\"tahoma,arial,helvetica,sans-serif\" color=\"#003399\" size=\"2\">Krizin ekonomik ve sosyal maliyeti \u00e7ok y&uuml;ksek olmu\u015f; i\u00e7 ve d\u0131\u015f bor\u00e7 y&uuml;k&uuml; inan\u0131lmaz bir \u015fekilde b&uuml;y&uuml;m&uuml;\u015f, y&uuml;z binlerce i\u015f yeri kapanm\u0131\u015f, milyonlarca insan i\u015fini kaybetmi\u015f, ekonomi b&uuml;t&uuml;n&uuml;yle Uluslararas\u0131 Para Fonu (IMF) ile D&uuml;nya Bankas\u0131&#8217;n\u0131n y&ouml;netimine terkedilmi\u015ftir. Daha da &ouml;nemlisi, insan\u0131m\u0131z\u0131n devlete ve siyaset kurumuna g&uuml;veni sars\u0131lm\u0131\u015f, gelece\u011fe ili\u015fkin umutlar\u0131 k\u0131r\u0131lm\u0131\u015ft\u0131r.<\/font><\/p>\n<p class=\"MsoNormal\" style=\"MARGIN-TOP: 0px; MARGIN-BOTTOM: 0px; TEXT-ALIGN: justify\"><font face=\"tahoma,arial,helvetica,sans-serif\">&nbsp;<\/font><\/p>\n<p class=\"MsoNormal\" style=\"MARGIN-TOP: 0px; MARGIN-BOTTOM: 0px; TEXT-ALIGN: justify\"><font color=\"#003399\" size=\"2\"><font face=\"tahoma,arial,helvetica,sans-serif\"><b>PART\u0130M\u0130Z<\/b>, &uuml;lkemizin gen\u00e7 ve dinamik n&uuml;fusu, e\u015fsiz co\u011frafi konumu, zengin do\u011fal kaynaklar\u0131 ve engin k&uuml;lt&uuml;r birikimi ile yeni d&uuml;nyan\u0131n etkin bir &uuml;yesi olma potansiyeline sahip oldu\u011funu d&uuml;\u015f&uuml;nmekte ve b&uuml;t&uuml;n bu olup bitenleri hak etmedi\u011fine inanmaktad\u0131r.<\/font><\/font><\/p>\n<p class=\"MsoNormal\" style=\"MARGIN-TOP: 0px; MARGIN-BOTTOM: 0px; TEXT-ALIGN: justify\"><font face=\"tahoma,arial,helvetica,sans-serif\">&nbsp;<\/font><\/p>\n<p class=\"MsoNormal\" style=\"MARGIN-TOP: 0px; MARGIN-BOTTOM: 0px; TEXT-ALIGN: justify\"><font face=\"tahoma,arial,helvetica,sans-serif\" color=\"#003399\" size=\"2\">Krizin sorumlusu halk\u0131m\u0131z de\u011fildir.<\/font><\/p>\n<p class=\"MsoNormal\" style=\"MARGIN-TOP: 0px; MARGIN-BOTTOM: 0px; TEXT-ALIGN: justify\"><font face=\"tahoma,arial,helvetica,sans-serif\">&nbsp;<\/font><\/p>\n<p class=\"MsoNormal\" style=\"MARGIN-TOP: 0px; MARGIN-BOTTOM: 0px; TEXT-ALIGN: justify\"><font face=\"tahoma,arial,helvetica,sans-serif\" color=\"#003399\" size=\"2\">Krizin sorumlusu &uuml;lkeyi y&ouml;netenlerdir.<\/font><\/p>\n<p class=\"MsoNormal\" style=\"MARGIN-TOP: 0px; MARGIN-BOTTOM: 0px; TEXT-ALIGN: justify\"><font face=\"tahoma,arial,helvetica,sans-serif\">&nbsp;<\/font><\/p>\n<p class=\"MsoNormal\" style=\"MARGIN-TOP: 0px; MARGIN-BOTTOM: 0px; TEXT-ALIGN: justify\"><font face=\"tahoma,arial,helvetica,sans-serif\" color=\"#003399\" size=\"2\">Milletimizin bu k&ouml;t&uuml; gidi\u015fe dur demesi i\u00e7in 3 Kas\u0131m se\u00e7imi &ouml;nemli bir f\u0131rsatt\u0131r.<\/font><\/p>\n<p class=\"MsoNormal\" style=\"MARGIN-TOP: 0px; MARGIN-BOTTOM: 0px; TEXT-ALIGN: justify\"><font face=\"tahoma,arial,helvetica,sans-serif\">&nbsp;<\/font><\/p>\n<p class=\"MsoNormal\" style=\"MARGIN-TOP: 0px; MARGIN-BOTTOM: 0px; TEXT-ALIGN: justify\"><font face=\"tahoma,arial,helvetica,sans-serif\" color=\"#003399\" size=\"2\">Kronik hale gelen y&uuml;ksek i\u015fsizlik ve enflasyonu, s&uuml;rekli artan i\u00e7 ve d\u0131\u015f bor\u00e7lar\u0131, ekonomideki istikrars\u0131zl\u0131k ve tehlikeli daralmay\u0131, y&uuml;ksek faiz oranlar\u0131n\u0131, tasarruflar\u0131 kamu a\u00e7\u0131klar\u0131n\u0131n finansman\u0131na y&ouml;nlendiren bor\u00e7 y&ouml;netimi anlay\u0131\u015f\u0131n\u0131 a\u015farak &uuml;lkeyi d&uuml;ze \u00e7\u0131karacak bir siyasi iradeye ihtiya\u00e7 vard\u0131r.<\/font><\/p>\n<p class=\"MsoNormal\" style=\"MARGIN-TOP: 0px; MARGIN-BOTTOM: 0px; TEXT-ALIGN: justify\"><font face=\"tahoma,arial,helvetica,sans-serif\">&nbsp;<\/font><\/p>\n<p class=\"MsoNormal\" style=\"MARGIN-TOP: 0px; MARGIN-BOTTOM: 0px; TEXT-ALIGN: justify\"><font color=\"#003399\" size=\"2\"><font face=\"tahoma,arial,helvetica,sans-serif\"><b>AK PART\u0130<\/b>, i\u015fte bu iradeyi temsil etmektedir.<\/font><\/font><\/p>\n<p class=\"MsoNormal\" style=\"MARGIN-TOP: 0px; MARGIN-BOTTOM: 0px; TEXT-ALIGN: justify\"><font face=\"tahoma,arial,helvetica,sans-serif\">&nbsp;<\/font><\/p>\n<p style=\"MARGIN-TOP: 0px; MARGIN-BOTTOM: 0px\" align=\"justify\"><font color=\"#003399\"><font face=\"tahoma,arial,helvetica,sans-serif\"><b><span style=\"FONT-FAMILY: Arial\"><font size=\"2\">PART\u0130M\u0130Z<\/font><\/span><\/b><span style=\"FONT-FAMILY: Arial\"><font size=\"2\">, <b>d&uuml;r&uuml;st<\/b>, <b>cesur<\/b>, <b>gen\u00e7<\/b>, <b>dinamik<\/b>, <b>bilgili ve temiz<\/b> kadrolar\u0131n &ouml;nc&uuml;l&uuml;\u011f&uuml;nde, <b>siyaseti yeniden milletle bulu\u015fturmak<\/b> i\u00e7in kapsaml\u0131 bir programla<b> umut<\/b> ve <b>g&uuml;ven<\/b> dolu bir gelece\u011fi yeniden tesis etmek &uuml;zere yola \u00e7\u0131km\u0131\u015ft\u0131r.<\/font><\/span><\/font><\/font><\/p>\n<\/blockquote>\n<p><font face=\"tahoma,arial,helvetica,sans-serif\"><\/p>\n<hr width=\"90%\" color=\"#5876b2\" size=\"1\" \/><\/font><\/p>\n<blockquote>\n<h2 style=\"MARGIN: 0px 0cm; LINE-HEIGHT: 100%\"><font face=\"tahoma,arial,helvetica,sans-serif\" color=\"#003399\" size=\"2\"><span style=\"LINE-HEIGHT: 150%\"><a name=\"I. \u0130LKEL\u0130 S\u0130YASET\">I. \u0130LKEL\u0130 S\u0130YASET<\/a><\/span><\/font><\/h2>\n<p class=\"MsoNormal\" style=\"MARGIN-TOP: 0px; MARGIN-BOTTOM: 0px; TEXT-ALIGN: justify\"><font face=\"tahoma,arial,helvetica,sans-serif\" color=\"#003399\" size=\"2\">Devlet halinde ya\u015faman\u0131n zorunlu gere\u011fi olarak siyaset, toplumun genel ihtiya\u00e7lar\u0131n\u0131 g&ouml;r&uuml;\u015ferek, tart\u0131\u015farak ve uzla\u015farak kar\u015f\u0131laman\u0131n evrensel yoludur. Toplumu aktif olarak devreye sokan demokratik siyaset ise, uzun vadeli d&uuml;\u015f&uuml;nmeyi, kamunun \u00e7\u0131karlar\u0131n\u0131 ki\u015fisel \u00e7\u0131karlar &uuml;zerinde tutmay\u0131 gerektiren erdemli bir u\u011fra\u015ft\u0131r.<\/font><\/p>\n<p class=\"MsoNormal\" style=\"MARGIN-TOP: 0px; MARGIN-BOTTOM: 0px; TEXT-ALIGN: justify\"><font face=\"tahoma,arial,helvetica,sans-serif\">&nbsp;<\/font><\/p>\n<p class=\"MsoNormal\" style=\"MARGIN-TOP: 0px; MARGIN-BOTTOM: 0px; TEXT-ALIGN: justify\"><font face=\"tahoma,arial,helvetica,sans-serif\" color=\"#003399\" size=\"2\">&Uuml;lkemizde, baz\u0131 siyaset\u00e7ilerin k\u0131sa hedefli \u00e7\u0131karlara y&ouml;nelik tutumlar\u0131 y&uuml;z&uuml;nden, halk\u0131n siyaset kurumuna ve politikac\u0131lara g&uuml;veni sars\u0131lm\u0131\u015ft\u0131r. Oysa, demokratik bir toplumda, halk\u0131n refah ve mutlulu\u011funu sa\u011flaman\u0131n me\u015fru yolu olan siyaset, &uuml;st&uuml;n bir de\u011ferdir. <b>PART\u0130M\u0130Z\u0130N<\/b> uygulayaca\u011f\u0131 <b>ilkeli siyaset<\/b>le hem &uuml;lkemizin k&ouml;kl&uuml; sorunlar\u0131na \u00e7&ouml;z&uuml;m &uuml;retilecek, hem de halk\u0131n siyaset kurumuna kar\u015f\u0131 sars\u0131lan g&uuml;veni yeniden kazan\u0131lacakt\u0131r.<\/font><\/p>\n<p class=\"MsoNormal\" style=\"MARGIN-TOP: 0px; MARGIN-BOTTOM: 0px; TEXT-ALIGN: justify\"><font face=\"tahoma,arial,helvetica,sans-serif\">&nbsp;<\/font><\/p>\n<p class=\"MsoNormal\" style=\"MARGIN-TOP: 0px; MARGIN-BOTTOM: 0px; TEXT-ALIGN: justify\"><font face=\"tahoma,arial,helvetica,sans-serif\" color=\"#003399\" size=\"2\"><b>S&uuml;reklilik i\u00e7inde de\u011fi\u015fimi arayan, birliktelik i\u00e7inde farkl\u0131l\u0131klar\u0131 koruyan, toplumun dinamizmine g&uuml;venen, D&uuml;nyadaki geli\u015fmelere ve yeniliklere a\u00e7\u0131k bir siyaset anlay\u0131\u015f\u0131n\u0131 hakim k\u0131lmay\u0131 ama\u00e7layan AK PART\u0130, demokrat, muhafazakar, yenilik\u00e7i ve \u00e7a\u011fda\u015f bir partidir.<\/b><\/font><\/p>\n<p class=\"MsoNormal\" style=\"MARGIN-TOP: 0px; MARGIN-BOTTOM: 0px; TEXT-ALIGN: justify\"><font face=\"tahoma,arial,helvetica,sans-serif\">&nbsp;<\/font><\/p>\n<p class=\"MsoNormal\" style=\"MARGIN-TOP: 0px; MARGIN-BOTTOM: 0px; TEXT-ALIGN: justify\"><font color=\"#003399\" size=\"2\"><font face=\"tahoma,arial,helvetica,sans-serif\"><b>PART\u0130M\u0130Z<\/b>, parti \u00e7\u0131karlar\u0131n\u0131 &uuml;lke \u00e7\u0131karlar\u0131n\u0131n &uuml;st&uuml;nde tutan bir &#8220;negatif siyaset&#8221; de\u011fil, &uuml;lke \u00e7\u0131karlar\u0131n\u0131 parti \u00e7\u0131karlar\u0131ndan &ouml;nde tutan bir &#8220;pozitif siyaset&#8221; takip etmektedir.<\/font><\/font><\/p>\n<p class=\"MsoNormal\" style=\"MARGIN-TOP: 0px; MARGIN-BOTTOM: 0px; TEXT-ALIGN: justify\"><font face=\"tahoma,arial,helvetica,sans-serif\">&nbsp;<\/font><\/p>\n<p class=\"MsoNormal\" style=\"MARGIN-TOP: 0px; MARGIN-BOTTOM: 0px; TEXT-ALIGN: justify\"><font color=\"#003399\" size=\"2\"><font face=\"tahoma,arial,helvetica,sans-serif\"><b>Milletimizin umudu haline gelen PART\u0130M\u0130Z, ilkeli siyaset ve y&ouml;netim anlay\u0131\u015f\u0131yla, toplumsal bar\u0131\u015f\u0131 sa\u011flayacak ve halk\u0131m\u0131z\u0131n refah\u0131n\u0131 art\u0131racakt\u0131r<\/b>.<\/font><\/font><\/p>\n<p class=\"MsoNormal\" style=\"MARGIN-TOP: 0px; MARGIN-BOTTOM: 0px; TEXT-ALIGN: justify\"><font face=\"tahoma,arial,helvetica,sans-serif\">&nbsp;<\/font><\/p>\n<h2 style=\"MARGIN: 0px 0cm; LINE-HEIGHT: 100%\"><font face=\"tahoma,arial,helvetica,sans-serif\" color=\"#003399\" size=\"2\"><span style=\"LINE-HEIGHT: 150%\">AK PART\u0130 DEMOKRATTIR<\/span><\/font><\/h2>\n<p class=\"MsoNormal\" style=\"MARGIN-TOP: 0px; MARGIN-BOTTOM: 0px; TEXT-ALIGN: justify\"><font color=\"#003399\" size=\"2\"><font face=\"tahoma,arial,helvetica,sans-serif\"><b>PART\u0130M\u0130Z<\/b>, y&ouml;netme ve siyaset yapma yetkisinin topluma ait bir hak oldu\u011funa inan\u0131r. Halk bu yetkisini <b>h&uuml;r ve serbest se\u00e7imlerde<\/b> y&ouml;neticilere devreder. Bu nedenle, demokrasiyi kar\u015f\u0131t\u0131 olan rejimlerden ay\u0131ran en temel &ouml;zellik <b>iktidar\u0131n se\u00e7imle belirlenmesidir<\/b>.<\/font><\/font><\/p>\n<p class=\"MsoNormal\" style=\"MARGIN-TOP: 0px; MARGIN-BOTTOM: 0px; TEXT-ALIGN: justify\"><font face=\"tahoma,arial,helvetica,sans-serif\">&nbsp;<\/font><\/p>\n<p class=\"MsoNormal\" style=\"MARGIN-TOP: 0px; MARGIN-BOTTOM: 0px; TEXT-ALIGN: justify\"><font face=\"tahoma,arial,helvetica,sans-serif\" color=\"#003399\" size=\"2\">Se\u00e7imler, <b>genel<\/b>, <b>e\u015fit<\/b> ve <b>gizli oy<\/b> esas\u0131na g&ouml;re yap\u0131lmal\u0131 ve y&ouml;netime talip olan de\u011fi\u015fik siyasi g&ouml;r&uuml;\u015flerin e\u015fit \u015fartlarda yar\u0131\u015fmas\u0131na izin verilmelidir. Merkezi ve yerel kurumlarda y&ouml;netim organlar\u0131n\u0131n se\u00e7imle belirlenmesi uygulamas\u0131 yayg\u0131nla\u015ft\u0131k\u00e7a, &ouml;zg&uuml;rl&uuml;klerin alan\u0131 geni\u015fler, halk\u0131n kat\u0131l\u0131m\u0131 artar ve demokrasi g&uuml;\u00e7lenir.<\/font><\/p>\n<p class=\"MsoNormal\" style=\"MARGIN-TOP: 0px; MARGIN-BOTTOM: 0px; TEXT-ALIGN: justify\"><font face=\"tahoma,arial,helvetica,sans-serif\">&nbsp;<\/font><\/p>\n<p class=\"MsoNormal\" style=\"MARGIN-TOP: 0px; MARGIN-BOTTOM: 0px; TEXT-ALIGN: justify\"><font face=\"tahoma,arial,helvetica,sans-serif\" color=\"#003399\" size=\"2\">Demokrasi, millete hizmet i\u00e7in yap\u0131lan bir siyasi yar\u0131\u015f ve ho\u015fg&ouml;r&uuml; rejimidir. Bu rejimde, kimsenin di\u011ferlerine g&ouml;re daha &uuml;st&uuml;n hak ve imtiyaz\u0131 yoktur. <b>Farkl\u0131 inan\u00e7 ve k&uuml;lt&uuml;rleri &uuml;lkemiz i\u00e7in bir zenginlik <\/b>kabul eden <b>PART\u0130M\u0130Z<\/b>, de\u011fi\u015fik dil, din, soy ve sosyal stat&uuml;den insan\u0131n kanunlar\u0131n e\u015fit koruyuculu\u011fu alt\u0131nda &ouml;zg&uuml;rce ya\u015famas\u0131n\u0131 ve siyasete kat\u0131lmas\u0131n\u0131 gerekli g&ouml;r&uuml;r.<\/font><\/p>\n<p class=\"MsoNormal\" style=\"MARGIN-TOP: 0px; MARGIN-BOTTOM: 0px; TEXT-ALIGN: justify\"><font face=\"tahoma,arial,helvetica,sans-serif\">&nbsp;<\/font><\/p>\n<p class=\"MsoNormal\" style=\"MARGIN-TOP: 0px; MARGIN-BOTTOM: 0px; TEXT-ALIGN: justify\"><font face=\"tahoma,arial,helvetica,sans-serif\" color=\"#003399\" size=\"2\">Demokrasi, me\u015fruiyetini, halk\u0131n &ouml;zg&uuml;r iradesinden ve hukuktan al\u0131r. Siyasi alan\u0131 d&uuml;zenleyen yasalar, eksik de olsa ge\u00e7erlidir ve de\u011fi\u015ftirilene kadar herkesi ba\u011flar. Partileri demokratik hayat\u0131n vazge\u00e7ilmez unsurlar\u0131 olarak g&ouml;ren <b>AK PART\u0130<\/b>, Anayasa ve yasalar \u00e7er\u00e7evesinde faaliyet g&ouml;steren siyasi partilerin kapat\u0131lmas\u0131na kar\u015f\u0131d\u0131r.<\/font><\/p>\n<p class=\"MsoNormal\" style=\"MARGIN-TOP: 0px; MARGIN-BOTTOM: 0px; TEXT-ALIGN: justify\"><font face=\"tahoma,arial,helvetica,sans-serif\">&nbsp;<\/font><\/p>\n<p class=\"MsoNormal\" style=\"MARGIN-TOP: 0px; MARGIN-BOTTOM: 0px; TEXT-ALIGN: justify\"><font face=\"tahoma,arial,helvetica,sans-serif\" color=\"#003399\" size=\"2\">Muhafazakar-demokrat siyaset felsefesinin gere\u011fi olarak <b>PART\u0130M\u0130Z<\/b>, proje ve tekliflerini toplumla payla\u015f\u0131r; topluma dayan\u0131r, toplumun derdi ile dertlenir, sorunlar\u0131m\u0131z\u0131n birlikte daha kolay \u00e7&ouml;z&uuml;mlenece\u011fine inan\u0131r.<\/font><\/p>\n<p class=\"MsoNormal\" style=\"MARGIN-TOP: 0px; MARGIN-BOTTOM: 0px; TEXT-ALIGN: justify\"><font face=\"tahoma,arial,helvetica,sans-serif\">&nbsp;<\/font><\/p>\n<p class=\"MsoNormal\" style=\"MARGIN-TOP: 0px; MARGIN-BOTTOM: 0px; TEXT-ALIGN: justify\"><font color=\"#003399\" size=\"2\"><font face=\"tahoma,arial,helvetica,sans-serif\"><b>AK PART\u0130<\/b>, demokratik rejimin i\u015fleyi\u015fine, sistem d\u0131\u015f\u0131 her t&uuml;rl&uuml; m&uuml;dahaleye kar\u015f\u0131d\u0131r. <b>PART\u0130M\u0130Z<\/b>, siyasi alan\u0131n daralmas\u0131na, temel hak ve &ouml;zg&uuml;rl&uuml;klerin k\u0131s\u0131tlanmas\u0131na, b&uuml;rokrasinin siyasetin yerine ikame edilmesine, kamuda g&ouml;reve al\u0131nmada e\u015fitsizliklere, e\u011fitim hakk\u0131n\u0131n s\u0131n\u0131rlanmas\u0131na neden olan d&uuml;zenlemeler ve uygulamalar\u0131 de\u011fi\u015ftirecektir.<\/font><\/font><\/p>\n<p class=\"MsoNormal\" style=\"MARGIN-TOP: 0px; MARGIN-BOTTOM: 0px; TEXT-ALIGN: justify\"><font face=\"tahoma,arial,helvetica,sans-serif\">&nbsp;<\/font><\/p>\n<h2 style=\"MARGIN: 0px 0cm; LINE-HEIGHT: 100%\"><font face=\"tahoma,arial,helvetica,sans-serif\" color=\"#003399\" size=\"2\"><span style=\"LINE-HEIGHT: 150%\">AK PART\u0130 MUHAFAZAKARDIR<\/span><\/font><\/h2>\n<p class=\"MsoNormal\" style=\"MARGIN-TOP: 0px; MARGIN-BOTTOM: 0px; TEXT-ALIGN: justify\"><font face=\"tahoma,arial,helvetica,sans-serif\" color=\"#003399\" size=\"2\">Milletimizin tarihsel tecr&uuml;be ve birikimini gelece\u011fimiz i\u00e7in sa\u011flam bir zemin olarak g&ouml;ren <b>AK PART\u0130<\/b>, muhafazakard\u0131r. T&uuml;rk toplumu, bu co\u011frafyada ortak bir kaderi payla\u015fan, ac\u0131-tatl\u0131 hat\u0131ralar\u0131n birle\u015ftirdi\u011fi b&uuml;y&uuml;k bir ailedir. Bu ailenin kimli\u011fini olu\u015fturan de\u011ferlerin, \u00e7a\u011fda\u015f geli\u015fmeler \u0131\u015f\u0131\u011f\u0131nda yeniden &uuml;retilerek devam etmesine imkan haz\u0131rlanacakt\u0131r.<\/font><\/p>\n<p class=\"MsoNormal\" style=\"MARGIN-TOP: 0px; MARGIN-BOTTOM: 0px; TEXT-ALIGN: justify\"><font face=\"tahoma,arial,helvetica,sans-serif\">&nbsp;<\/font><\/p>\n<p class=\"MsoNormal\" style=\"MARGIN-TOP: 0px; MARGIN-BOTTOM: 0px; TEXT-ALIGN: justify\"><font face=\"tahoma,arial,helvetica,sans-serif\" color=\"#003399\" size=\"2\">Toplumun uzun ge\u00e7mi\u015finde &uuml;retti\u011fi sivil k&uuml;lt&uuml;r ve kurumlar, devletin m&uuml;dahale alan\u0131 d\u0131\u015f\u0131nda kalmal\u0131d\u0131r. \u00c7a\u011fda\u015f geli\u015fmelerin de gere\u011fi olarak devlet ekonomiden \u00e7ekildik\u00e7e, toplumun &uuml;retti\u011fi sivil k&uuml;lt&uuml;r &uuml;zerindeki denetim de zorunlu olarak azalacakt\u0131r.<\/font><\/p>\n<p class=\"MsoNormal\" style=\"MARGIN-TOP: 0px; MARGIN-BOTTOM: 0px; TEXT-ALIGN: justify\"><font face=\"tahoma,arial,helvetica,sans-serif\">&nbsp;<\/font><\/p>\n<p class=\"MsoNormal\" style=\"MARGIN-TOP: 0px; MARGIN-BOTTOM: 0px; TEXT-ALIGN: justify\"><font face=\"tahoma,arial,helvetica,sans-serif\" color=\"#003399\" size=\"2\">Toplum; aile, okul, m&uuml;lkiyet, din, ahlak gibi k&ouml;kl&uuml; kurumlar\u0131n olu\u015fturdu\u011fu k&uuml;lt&uuml;r ortam\u0131nda kendini yenileyerek varl\u0131\u011f\u0131n\u0131 s&uuml;rd&uuml;ren canl\u0131 bir organizmad\u0131r. D\u0131\u015far\u0131dan bir m&uuml;dahale olmaks\u0131z\u0131n kendi do\u011fal s&uuml;recinde &uuml;retilen ve toplumu b&uuml;t&uuml;nle\u015ftiren yerli k&uuml;lt&uuml;r ve kurumlar evrensel de\u011ferlerle \u00e7eli\u015fmez.<\/font><\/p>\n<p class=\"MsoNormal\" style=\"MARGIN-TOP: 0px; MARGIN-BOTTOM: 0px; TEXT-ALIGN: justify\"><font face=\"tahoma,arial,helvetica,sans-serif\">&nbsp;<\/font><\/p>\n<p class=\"MsoNormal\" style=\"MARGIN-TOP: 0px; MARGIN-BOTTOM: 0px; TEXT-ALIGN: justify\"><font color=\"#003399\" size=\"2\"><font face=\"tahoma,arial,helvetica,sans-serif\"><b>PART\u0130M\u0130Z<\/b>, toplumun kendi tecr&uuml;besiyle olu\u015fturdu\u011fu kurum ve de\u011ferlere devletin m&uuml;dahale etmesinin karga\u015fa ve huzursuzluk do\u011furaca\u011f\u0131na inan\u0131r. Bu nedenle, <b>AK PART\u0130<\/b>, maceraperest siyaset\u00e7ilerin, toplum ger\u00e7eklerinden kopuk ideolojik projelerle sivil-demokratik kazan\u0131mlar\u0131n tahrip edilmesine y&ouml;nelik giri\u015fimlerine kar\u015f\u0131 en b&uuml;y&uuml;k teminatt\u0131r.<\/font><\/font><\/p>\n<p class=\"MsoNormal\" style=\"MARGIN-TOP: 0px; MARGIN-BOTTOM: 0px; TEXT-ALIGN: justify\"><font face=\"tahoma,arial,helvetica,sans-serif\">&nbsp;<\/font><\/p>\n<p class=\"MsoNormal\" style=\"MARGIN-TOP: 0px; MARGIN-BOTTOM: 0px; TEXT-ALIGN: justify\"><font color=\"#003399\" size=\"2\"><font face=\"tahoma,arial,helvetica,sans-serif\"><b>PART\u0130M\u0130Z<\/b>, T&uuml;rkiye&#8217;nin yerli de\u011ferlerini korumak ad\u0131na, \u00e7a\u011fda\u015f d&uuml;nyaya s\u0131rt d&ouml;n&uuml;lmesine kar\u015f\u0131d\u0131r. Buna kar\u015f\u0131l\u0131k, T&uuml;rkiye&#8217;nin k&uuml;resel d&uuml;nyaya a\u00e7\u0131lmas\u0131 konusunda kararl\u0131 bir irade ortaya koyarken, yerli de\u011ferlerimizin tahrip edilmesini de uygun bulmamaktad\u0131r.<\/font><\/font><\/p>\n<p class=\"MsoNormal\" style=\"MARGIN-TOP: 0px; MARGIN-BOTTOM: 0px; TEXT-ALIGN: justify\"><font face=\"tahoma,arial,helvetica,sans-serif\">&nbsp;<\/font><\/p>\n<p class=\"MsoNormal\" style=\"MARGIN-TOP: 0px; MARGIN-BOTTOM: 0px; TEXT-ALIGN: justify\"><font face=\"tahoma,arial,helvetica,sans-serif\" color=\"#003399\" size=\"2\">Siyasette ilkeli yakla\u015f\u0131mlar\u0131n yerini g&uuml;n&uuml; birlik \u00e7\u0131kar ili\u015fkilerine b\u0131rakt\u0131\u011f\u0131 bir d&ouml;nemde &#8220;<b>ahlak<\/b>&#8221; en &ouml;nemli de\u011fer olarak &ouml;ne \u00e7\u0131km\u0131\u015ft\u0131r. Devlet ve toplum hayat\u0131n\u0131 tahrip eden r&uuml;\u015fvet, yolsuzluk, usuls&uuml;zl&uuml;k ve partizanl\u0131k gibi yozla\u015fmalar\u0131n yayg\u0131nla\u015fmas\u0131, siyasetin kurum olarak itibar kaybetmesine ve halk\u0131n siyaset kurumuna olan g&uuml;veninin sars\u0131lmas\u0131na sebep olmu\u015ftur.<\/font><\/p>\n<p class=\"MsoNormal\" style=\"MARGIN-TOP: 0px; MARGIN-BOTTOM: 0px; TEXT-ALIGN: justify\"><font face=\"tahoma,arial,helvetica,sans-serif\">&nbsp;<\/font><\/p>\n<p class=\"MsoNormal\" style=\"MARGIN-TOP: 0px; MARGIN-BOTTOM: 0px; TEXT-ALIGN: justify\"><font face=\"tahoma,arial,helvetica,sans-serif\" color=\"#003399\" size=\"2\">Siyasette kaliteye &ouml;nem veren <b>AK PART\u0130<\/b>, siyaseti ahlaki bir \u00e7izgiye yerle\u015ftirecektir. B&ouml;ylece, toplumda siyaset kurumuna ve demokratik y&ouml;ntemlere kar\u015f\u0131 olu\u015fturulan ku\u015fkular\u0131n giderilmesi de m&uuml;mk&uuml;n olacakt\u0131r.<\/font><\/p>\n<p class=\"MsoNormal\" style=\"MARGIN-TOP: 0px; MARGIN-BOTTOM: 0px; TEXT-ALIGN: justify\"><font face=\"tahoma,arial,helvetica,sans-serif\">&nbsp;<\/font><\/p>\n<h2 style=\"MARGIN: 0px 0cm; LINE-HEIGHT: 100%\"><font face=\"tahoma,arial,helvetica,sans-serif\" color=\"#003399\" size=\"2\"><span style=\"LINE-HEIGHT: 150%\">AK PART\u0130 YEN\u0130L\u0130K\u00c7\u0130 ve \u00c7A\u011eDA\u015eTIR<\/span><\/font><\/h2>\n<p class=\"MsoNormal\" style=\"MARGIN-TOP: 0px; MARGIN-BOTTOM: 0px; TEXT-ALIGN: justify\"><font face=\"tahoma,arial,helvetica,sans-serif\" color=\"#003399\" size=\"2\">Bilgi, sermaye, mal ve hizmetlerin D&uuml;nya genelinde serbest\u00e7e dola\u015fmaya ba\u015flad\u0131\u011f\u0131 21. y&uuml;zy\u0131l\u0131n ba\u015f\u0131nda T&uuml;rkiye&#8217;mizin siyasi hayat\u0131na kat\u0131lan <b>AK PART\u0130<\/b>, yenilik\u00e7i ve \u00e7a\u011fda\u015f bir partidir.<\/font><\/p>\n<p class=\"MsoNormal\" style=\"MARGIN-TOP: 0px; MARGIN-BOTTOM: 0px; TEXT-ALIGN: justify\"><font face=\"tahoma,arial,helvetica,sans-serif\">&nbsp;<\/font><\/p>\n<p class=\"MsoNormal\" style=\"MARGIN-TOP: 0px; MARGIN-BOTTOM: 0px; TEXT-ALIGN: justify\"><font face=\"tahoma,arial,helvetica,sans-serif\" color=\"#003399\" size=\"2\">Modernle\u015fme d&ouml;neminde T&uuml;rkiye&#8217;nin \u00e7a\u011fda\u015fla\u015fmas\u0131, &ouml;ncelikle geleneksel k&uuml;lt&uuml;r ve de\u011ferlerin terk edilmesi \u015feklinde anla\u015f\u0131lm\u0131\u015ft\u0131r. Oysa, \u00e7a\u011fda\u015fla\u015fma, toplumun kendi dinamikleriyle kendini yenilemesi ve de\u011fi\u015fen ihtiya\u00e7lar\u0131n\u0131 kar\u015f\u0131layabilmesidir. Bu anlay\u0131\u015fa, 1980&#8217;li y\u0131llarda teknolojik ve ekonomik alanlardaki yakla\u015f\u0131mlarla s\u0131n\u0131rl\u0131 da olsa ula\u015f\u0131lm\u0131\u015ft\u0131r. &Uuml;lkemizin g&uuml;\u00e7l&uuml; &uuml;lkeler aras\u0131nda hak etti\u011fi yeri almas\u0131n\u0131 sa\u011flayacak olan \u00e7a\u011fda\u015fla\u015fma, cesur siyasi ve ekonomik kararlarla toplumun &ouml;n&uuml;ndeki engellerin kald\u0131r\u0131lmas\u0131n\u0131 gerektirmektedir.<\/font><\/p>\n<p class=\"MsoNormal\" style=\"MARGIN-TOP: 0px; MARGIN-BOTTOM: 0px; TEXT-ALIGN: justify\"><font face=\"tahoma,arial,helvetica,sans-serif\">&nbsp;<\/font><\/p>\n<p class=\"MsoNormal\" style=\"MARGIN-TOP: 0px; MARGIN-BOTTOM: 0px; TEXT-ALIGN: justify\"><font face=\"tahoma,arial,helvetica,sans-serif\" color=\"#003399\" size=\"2\">Zengin &uuml;lkelerin &ouml;nc&uuml;l&uuml;\u011f&uuml;nde ka\u00e7\u0131n\u0131lmaz g&ouml;r&uuml;len k&uuml;reselle\u015fmenin, geli\u015fmekte olan &uuml;lkeler i\u00e7in ortaya \u00e7\u0131kard\u0131\u011f\u0131 risklerle dolu belirsizlikleri, ancak yenilik\u00e7i ve \u00e7a\u011fda\u015f bir anlay\u0131\u015fla &uuml;lkemizin lehine kullanabiliriz.<\/font><\/p>\n<p class=\"MsoNormal\" style=\"MARGIN-TOP: 0px; MARGIN-BOTTOM: 0px; TEXT-ALIGN: justify\"><font face=\"tahoma,arial,helvetica,sans-serif\">&nbsp;<\/font><\/p>\n<p class=\"MsoNormal\" style=\"MARGIN-TOP: 0px; MARGIN-BOTTOM: 0px; TEXT-ALIGN: justify\"><font color=\"#003399\" size=\"2\"><font face=\"tahoma,arial,helvetica,sans-serif\"><b>PART\u0130M\u0130Z<\/b>, &uuml;lkemizin Avrupa Birli\u011fi&#8217;ne tam &uuml;yeli\u011fini, modernle\u015fme s&uuml;recimizin do\u011fal sonucu olarak g&ouml;rmektedir. AB kriterlerinin ekonomik ve siyasi h&uuml;k&uuml;mlerinin hayata ge\u00e7irilmesi, devlet ve toplum olarak birlikte \u00e7a\u011fda\u015fla\u015fmam\u0131z y&ouml;n&uuml;nde at\u0131lacak &ouml;nemli bir ad\u0131md\u0131r. Bu kriterlerin, AB &uuml;yeli\u011finden ba\u011f\u0131ms\u0131z olarak d&uuml;\u015f&uuml;n&uuml;ld&uuml;\u011f&uuml;nde bile hayata ge\u00e7irilmesi ka\u00e7\u0131n\u0131lmazd\u0131r. Ancak \u00e7a\u011f\u0131n i\u00e7inde ve fark\u0131nda olarak insanl\u0131\u011fa mesajlar\u0131m\u0131z\u0131 ula\u015ft\u0131rabiliriz ve \u00e7a\u011f\u0131n imkanlar\u0131n\u0131 kullanarak uluslararas\u0131 arenada varl\u0131\u011f\u0131m\u0131z\u0131 s&uuml;rd&uuml;rebiliriz.<\/font><\/font><\/p>\n<p class=\"MsoNormal\" style=\"MARGIN-TOP: 0px; MARGIN-BOTTOM: 0px; TEXT-ALIGN: justify\"><font face=\"tahoma,arial,helvetica,sans-serif\">&nbsp;<\/font><\/p>\n<p class=\"MsoNormal\" style=\"MARGIN-TOP: 0px; MARGIN-BOTTOM: 0px; TEXT-ALIGN: justify\"><font face=\"tahoma,arial,helvetica,sans-serif\" color=\"#003399\" size=\"2\">Avrupa ile b&uuml;t&uuml;nle\u015fmemize kar\u015f\u0131 \u00e7\u0131kan \u00e7evrelerin, milli egemenlik, milli g&uuml;venlik, milli \u00e7\u0131kar, milli ve yerel k&uuml;lt&uuml;r konular\u0131ndaki ideolojik yakla\u015f\u0131mlar\u0131, Kopenhag Kriterlerinin hayata ge\u00e7irilmesini geciktirmektedir. <b>PART\u0130M\u0130Z<\/b>, b&uuml;rokratik devlet\u00e7i y&ouml;netim anlay\u0131\u015f\u0131n\u0131 s&uuml;rd&uuml;rmeyi ama\u00e7layan bu kavramlar\u0131n, bireyin hukukunu g&ouml;zeten, halk\u0131n kat\u0131l\u0131m\u0131n\u0131 esas alan demokratik, sivil ve \u00e7o\u011fulcu bir anlay\u0131\u015fla yeniden ele al\u0131nmas\u0131ndan yanad\u0131r.<\/font><\/p>\n<p class=\"MsoNormal\" style=\"MARGIN-TOP: 0px; MARGIN-BOTTOM: 0px; TEXT-ALIGN: justify\"><font face=\"tahoma,arial,helvetica,sans-serif\">&nbsp;<\/font><\/p>\n<p class=\"MsoNormal\" style=\"MARGIN-TOP: 0px; MARGIN-BOTTOM: 0px; TEXT-ALIGN: justify\"><font face=\"tahoma,arial,helvetica,sans-serif\" color=\"#003399\" size=\"2\">D&uuml;\u015f&uuml;nce ve ifade &ouml;zg&uuml;rl&uuml;\u011f&uuml;n&uuml;n tam olarak sa\u011flanmas\u0131, te\u015febb&uuml;s &ouml;zg&uuml;rl&uuml;\u011f&uuml;n&uuml; s\u0131n\u0131rlayan engellerin kald\u0131r\u0131lmas\u0131, y&ouml;netimin \u015feffaf hale getirilmesi, yerel y&ouml;netimlerin g&uuml;\u00e7lendirilmesi y&ouml;n&uuml;nde at\u0131lacak cesur ad\u0131mlar, toplumun kendi g&uuml;c&uuml;yle \u00e7a\u011fda\u015fla\u015fmas\u0131n\u0131n &ouml;n&uuml;n&uuml; a\u00e7acakt\u0131r.<\/font><\/p>\n<p class=\"MsoNormal\" style=\"MARGIN-TOP: 0px; MARGIN-BOTTOM: 0px; TEXT-ALIGN: justify\"><font face=\"tahoma,arial,helvetica,sans-serif\">&nbsp;<\/font><\/p>\n<p><font face=\"tahoma,arial,helvetica,sans-serif\"><\/p>\n<hr width=\"90%\" color=\"#5876b2\" size=\"1\" \/><\/font><\/p>\n<p class=\"MsoNormal\" style=\"MARGIN-TOP: 0px; MARGIN-BOTTOM: 0px; TEXT-ALIGN: justify\"><font face=\"tahoma,arial,helvetica,sans-serif\">&nbsp;<\/font><\/p>\n<p style=\"MARGIN: 0px 0cm; TEXT-ALIGN: justify\"><font face=\"tahoma,arial,helvetica,sans-serif\" color=\"#003399\" size=\"2\"><span style=\"FONT-WEIGHT: 700; LINE-HEIGHT: 150%\"><a name=\"II. TEMEL HAK ve \u00d6ZG\u00dcRL\u00dcKLER\">II. TEMEL HAK ve &Ouml;ZG&Uuml;RL&Uuml;KLER<\/a><\/span><\/font><\/p>\n<p style=\"MARGIN-TOP: 0px; MARGIN-BOTTOM: 0px; MARGIN-LEFT: 0cm; TEXT-ALIGN: justify\"><font face=\"tahoma,arial,helvetica,sans-serif\" color=\"#003399\" size=\"2\">\u0130nsanlar do\u011fu\u015ftan, devredilemez ve vazge\u00e7ilemez temel hak ve h&uuml;rriyetlere sahiptir. \u0130nsanl\u0131\u011f\u0131n ortak de\u011feri olan temel hak ve &ouml;zg&uuml;rl&uuml;kler, devlet idaresi alt\u0131nda onurlu bir hayat s&uuml;rebilmenin &ouml;n \u015fart\u0131d\u0131r.<\/font><\/p>\n<p style=\"MARGIN-TOP: 0px; MARGIN-BOTTOM: 0px; MARGIN-LEFT: 0cm; TEXT-ALIGN: justify\"><font face=\"tahoma,arial,helvetica,sans-serif\">&nbsp;<\/font><\/p>\n<p style=\"MARGIN-TOP: 0px; MARGIN-BOTTOM: 0px; MARGIN-LEFT: 0cm; TEXT-ALIGN: justify\"><font face=\"tahoma,arial,helvetica,sans-serif\" color=\"#003399\" size=\"2\">&#8220;<b>\u0130nsan\u0131 ya\u015fat ki devlet ya\u015fas\u0131n<\/b>&#8221; d&uuml;\u015f&uuml;ncesinden hareket eden <b>PART\u0130M\u0130Z<\/b>, b&uuml;t&uuml;n politikalar\u0131n\u0131n merkezine insan\u0131 koymu\u015ftur. Demokrasinin nihai amac\u0131, ba\u015fta d&uuml;\u015f&uuml;nce, inan\u00e7, e\u011fitim, &ouml;rg&uuml;tlenme ve te\u015febb&uuml;s &ouml;zg&uuml;rl&uuml;\u011f&uuml; olmak &uuml;zere, b&uuml;t&uuml;n sivil ve siyasi &ouml;zg&uuml;rl&uuml;kleri g&uuml;venceye almak ve insanlar\u0131n korku ve endi\u015feden uzak olarak ya\u015famalar\u0131n\u0131 sa\u011flamakt\u0131r.<\/font><\/p>\n<p style=\"MARGIN-TOP: 0px; MARGIN-BOTTOM: 0px; MARGIN-LEFT: 0cm; TEXT-ALIGN: justify\"><font face=\"tahoma,arial,helvetica,sans-serif\">&nbsp;<\/font><\/p>\n<p style=\"MARGIN-TOP: 0px; MARGIN-BOTTOM: 0px; MARGIN-LEFT: 0cm; TEXT-ALIGN: justify\"><font face=\"tahoma,arial,helvetica,sans-serif\" color=\"#003399\" size=\"2\">&Uuml;lke i\u00e7 \u015fartlar\u0131yla ba\u011flant\u0131l\u0131 d&uuml;\u015f&uuml;n&uuml;lemeyecek kadar &ouml;nemli olan temel hak ve &ouml;zg&uuml;rl&uuml;kler, uluslararas\u0131 d&uuml;zenlemelere konu olmaktad\u0131r. Bir &uuml;lkenin sadece kendi \u015fartlar\u0131n\u0131 dikkate alarak d&uuml;zenleme yapamayaca\u011f\u0131 alanlar\u0131n ba\u015f\u0131nda, temel hak ve &ouml;zg&uuml;rl&uuml;kler gelmektedir.<\/font><\/p>\n<p style=\"MARGIN-TOP: 0px; MARGIN-BOTTOM: 0px; MARGIN-LEFT: 0cm; TEXT-ALIGN: justify\"><font face=\"tahoma,arial,helvetica,sans-serif\">&nbsp;<\/font><\/p>\n<p style=\"MARGIN-TOP: 0px; MARGIN-BOTTOM: 0px; MARGIN-LEFT: 0cm; TEXT-ALIGN: justify\"><font face=\"tahoma,arial,helvetica,sans-serif\" color=\"#003399\" size=\"2\">\u0130kinci D&uuml;nya Sava\u015f\u0131&#8217;ndan sonra, insanl\u0131\u011f\u0131n bir daha toplu felaketlerle kar\u015f\u0131la\u015fmas\u0131n\u0131 &ouml;nleme y&ouml;n&uuml;ndeki \u00e7abalar, insan haklar\u0131n\u0131n evrensel d&uuml;zeyde tan\u0131mlanmas\u0131n\u0131 ve g&uuml;vencelerinin olu\u015fturulmas\u0131n\u0131 gerektirmi\u015ftir. Bu \u00e7abalar sonucunda <b>\u0130nsan Haklar\u0131 Evrensel Beyannamesi<\/b>, <b>Avrupa \u0130nsan Haklar\u0131 S&ouml;zle\u015fmesi<\/b> ve <b>Paris \u015eart\u0131<\/b> gibi belgeler y&uuml;r&uuml;rl&uuml;\u011fe konularak temel hak ve &ouml;zg&uuml;rl&uuml;klerin uluslararas\u0131 boyutta g&uuml;vence alt\u0131na al\u0131nmas\u0131 y&ouml;n&uuml;nde &ouml;nemli bir ad\u0131m at\u0131lm\u0131\u015ft\u0131r.<\/font><\/p>\n<p style=\"MARGIN-TOP: 0px; MARGIN-BOTTOM: 0px; MARGIN-LEFT: 0cm; TEXT-ALIGN: justify\"><font face=\"tahoma,arial,helvetica,sans-serif\">&nbsp;<\/font><\/p>\n<p style=\"MARGIN-TOP: 0px; MARGIN-BOTTOM: 0px; MARGIN-LEFT: 0cm; TEXT-ALIGN: justify\"><font face=\"tahoma,arial,helvetica,sans-serif\" color=\"#003399\" size=\"2\">T&uuml;rkiye <b>\u0130nsan Haklar\u0131 Evrensel Beyannamesi<\/b>ni ve <b>Avrupa \u0130nsan Haklar\u0131 S&ouml;zle\u015fmesi<\/b>ni kabul ederek i\u00e7 hukukunun par\u00e7as\u0131 haline getirmi\u015ftir. Avrupa Birli\u011fi&#8217;ne tam &uuml;yeli\u011fin &ouml;n \u015fart\u0131 olan <b>Kopenhag Kriterleri<\/b> de temel hak ve &ouml;zg&uuml;rl&uuml;klere &ouml;zel bir vurgu yapmaktad\u0131r.<\/font><\/p>\n<p style=\"MARGIN-TOP: 0px; MARGIN-BOTTOM: 0px; MARGIN-LEFT: 0cm; TEXT-ALIGN: justify\"><font face=\"tahoma,arial,helvetica,sans-serif\">&nbsp;<\/font><\/p>\n<p style=\"MARGIN-TOP: 0px; MARGIN-BOTTOM: 0px; MARGIN-LEFT: 0cm; TEXT-ALIGN: justify\"><font face=\"tahoma,arial,helvetica,sans-serif\" color=\"#003399\" size=\"2\">Demokratik rejimlerde, siyasi iktidarlar\u0131n ve b&uuml;rokratik yap\u0131lar\u0131n temel hak ve &ouml;zg&uuml;rl&uuml;klerin kullan\u0131lmas\u0131na m&uuml;dahale edemeyece\u011fini; uluslararas\u0131 s&ouml;zle\u015fmelerle g&uuml;vence alt\u0131na al\u0131nan temel hak ve &ouml;zg&uuml;rl&uuml;klerin eksiksiz olarak hayata ge\u00e7irilmesini savunan <b>PART\u0130M\u0130Z<\/b>,<\/font><\/p>\n<p style=\"MARGIN-TOP: 0px; MARGIN-BOTTOM: 0px; MARGIN-LEFT: 0cm; TEXT-ALIGN: justify\"><font face=\"tahoma,arial,helvetica,sans-serif\">&nbsp;<\/font><\/p>\n<ul>\n<li style=\"COLOR: #003399\">\n<p style=\"MARGIN-TOP: 0px; MARGIN-BOTTOM: 0px; MARGIN-LEFT: 0cm; TEXT-ALIGN: justify\"><font face=\"tahoma,arial,helvetica,sans-serif\" color=\"#003399\" size=\"2\">Temel hak ve &ouml;zg&uuml;rl&uuml;kleri &uuml;lkemizin taraf oldu\u011fu uluslararas\u0131 s&ouml;zle\u015fmelerde, &ouml;zellikle <b>Kopenhag Kriterlerinde<\/b> belirtilen seviyeye y&uuml;kseltmek i\u00e7in Anayasa ve yasalarda gerekli de\u011fi\u015fikli\u011fi yapacakt\u0131r.<\/font><\/p>\n<\/li>\n<li style=\"COLOR: #003399\">\n<p style=\"MARGIN-TOP: 0px; MARGIN-BOTTOM: 0px; MARGIN-LEFT: 0cm; TEXT-ALIGN: justify\"><font face=\"tahoma,arial,helvetica,sans-serif\" color=\"#003399\" size=\"2\">Temel hak ve &ouml;zg&uuml;rl&uuml;klerin, sadece anayasal ve yasal g&uuml;venceye al\u0131nmas\u0131 ile yetinmeyip, fiilen uygulanmas\u0131 ve siyasal k&uuml;lt&uuml;r&uuml;m&uuml;z&uuml;n yerle\u015fik bir boyutu olarak g&uuml;\u00e7lenmesi y&ouml;n&uuml;nde \u00e7aba sarf edecektir.<\/font><\/p>\n<\/li>\n<li style=\"COLOR: #003399\">\n<p style=\"MARGIN-TOP: 0px; MARGIN-BOTTOM: 0px; MARGIN-LEFT: 0cm; TEXT-ALIGN: justify\"><font face=\"tahoma,arial,helvetica,sans-serif\" color=\"#003399\" size=\"2\">Devletin, yasal ve kurumsal d&uuml;zenlemeleri ile kaynaklar\u0131n\u0131, temel hak ve &ouml;zg&uuml;rl&uuml;klerin yerle\u015ftirilmesi ve geli\u015ftirilmesi y&ouml;n&uuml;nde etkin bir \u015fekilde kullanacakt\u0131r.<\/font><\/p>\n<\/li>\n<li style=\"COLOR: #003399\">\n<p style=\"MARGIN-TOP: 0px; MARGIN-BOTTOM: 0px; MARGIN-LEFT: 0cm; TEXT-ALIGN: justify\"><font face=\"tahoma,arial,helvetica,sans-serif\" color=\"#003399\" size=\"2\">Toplumumuzda k\u0131s\u0131r \u00e7eki\u015fmelere yol a\u00e7an, din, mezhep, cinsiyet, etnik ay\u0131r\u0131mc\u0131l\u0131k konular\u0131ndaki tart\u0131\u015fmal\u0131 uygulamalar\u0131n temelinde, hak ve &ouml;zg&uuml;rl&uuml;kler konusundaki eksiklikler yatmaktad\u0131r. Demokrasimizi evrensel d&uuml;zeye ta\u015f\u0131yacak &#8220;insan haklar\u0131na dayanan&#8221; devlet anlay\u0131\u015f\u0131n\u0131n yerle\u015fmesiyle bu k\u0131s\u0131r \u00e7eki\u015fmeler sona erecektir.<\/font><\/p>\n<\/li>\n<li style=\"COLOR: #003399\">\n<p style=\"MARGIN-TOP: 0px; MARGIN-BOTTOM: 0px; MARGIN-LEFT: 0cm; TEXT-ALIGN: justify\"><font face=\"tahoma,arial,helvetica,sans-serif\" color=\"#003399\" size=\"2\">Temel hak ve &ouml;zg&uuml;rl&uuml;kler konusunda, toplumun de\u011fi\u015fik kesimlerinin sorunlar\u0131na ve taleplerine kar\u015f\u0131 duyarl\u0131 olacak, bu alanda \u00e7ifte standartlara, k\u0131s\u0131r \u00e7eki\u015fmelere ve siyasi istismarlara izin vermeyecektir.<\/font><\/p>\n<\/li>\n<li style=\"COLOR: #003399\">\n<p style=\"MARGIN-TOP: 0px; MARGIN-BOTTOM: 0px; MARGIN-LEFT: 0cm; TEXT-ALIGN: justify\"><font face=\"tahoma,arial,helvetica,sans-serif\" color=\"#003399\" size=\"2\">\u0130\u015fkence, kay\u0131p, g&ouml;z alt\u0131nda &ouml;l&uuml;m, faili me\u00e7hul cinayet gibi demokratik hukuk devletinde kabul edilemez insan haklar\u0131 ihlallerinin &uuml;zerine ciddiyetle gidecektir.<\/font><\/p>\n<\/li>\n<li style=\"COLOR: #003399\">\n<p style=\"MARGIN-TOP: 0px; MARGIN-BOTTOM: 0px; MARGIN-LEFT: 0cm; TEXT-ALIGN: justify\"><font face=\"tahoma,arial,helvetica,sans-serif\" color=\"#003399\" size=\"2\">Temel hak ve &ouml;zg&uuml;rl&uuml;kler alan\u0131ndaki eksikliklerin giderilmesi i\u00e7in, di\u011fer siyasi partiler ve sivil toplum &ouml;rg&uuml;tleri aras\u0131nda mutabakat ve i\u015fbirli\u011fi imkanlar\u0131n\u0131 arayacakt\u0131r.<\/font><\/p>\n<\/li>\n<li style=\"COLOR: #003399\">\n<p style=\"MARGIN-TOP: 0px; MARGIN-BOTTOM: 0px; MARGIN-LEFT: 0cm; TEXT-ALIGN: justify\"><font color=\"#003399\"><span style=\"FONT-WEIGHT: normal\"><font face=\"tahoma,arial,helvetica,sans-serif\" size=\"2\">Temel hak ve &ouml;zg&uuml;rl&uuml;klerin ka\u011f\u0131t &uuml;zerinde kalmamas\u0131 i\u00e7in s&uuml;rd&uuml;r&uuml;lebilir kalk\u0131nmay\u0131 ger\u00e7ekle\u015ftirecek, bu s&uuml;re\u00e7te ortaya \u00e7\u0131kacak kaynaklar\u0131n toplumun t&uuml;m kesimlerine daha adil da\u011f\u0131t\u0131lmas\u0131n\u0131 sa\u011flayacakt\u0131r.<\/font><\/span><\/font><\/p>\n<\/li>\n<li style=\"COLOR: #003399\">\n<p style=\"MARGIN-TOP: 0px; MARGIN-BOTTOM: 0px; MARGIN-LEFT: 0cm; TEXT-ALIGN: justify\"><font color=\"#003399\"><span style=\"FONT-WEIGHT: normal\"><font face=\"tahoma,arial,helvetica,sans-serif\" size=\"2\">Ya\u015fama ve m&uuml;lkiyet hakk\u0131n\u0131, d&uuml;\u015f&uuml;nce, ifade, inan\u00e7, te\u015febb&uuml;s ve &ouml;rg&uuml;tlenme &ouml;zg&uuml;rl&uuml;\u011f&uuml;n&uuml; s\u0131n\u0131rlayan h&uuml;k&uuml;mler, evrensel hukuk ve &ouml;zg&uuml;rl&uuml;k anlay\u0131\u015f\u0131 dikkate al\u0131narak yeniden d&uuml;zenleyecektir.<\/font><\/span><\/font><\/p>\n<\/li>\n<\/ul>\n<p><font face=\"tahoma,arial,helvetica,sans-serif\"><\/p>\n<hr width=\"90%\" color=\"#5876b2\" size=\"1\" \/><\/font><\/p>\n<p style=\"MARGIN-TOP: 0px; MARGIN-BOTTOM: 0px; MARGIN-LEFT: 0cm; TEXT-ALIGN: justify\"><font face=\"tahoma,arial,helvetica,sans-serif\">&nbsp;<\/font><\/p>\n<p style=\"MARGIN: 0px 0cm\" align=\"justify\"><span style=\"FONT-WEIGHT: 700; LINE-HEIGHT: 150%\"><font face=\"tahoma,arial,helvetica,sans-serif\" color=\"#003399\" size=\"2\"><a name=\"III. DEMOKRAS\u0130 ve S\u0130V\u0130L TOPLUM\">III. DEMOKRAS\u0130 ve S\u0130V\u0130L TOPLUM<\/a><\/font><\/span><\/p>\n<p style=\"MARGIN: 0px 0cm\" align=\"justify\"><font face=\"tahoma,arial,helvetica,sans-serif\" color=\"#003399\" size=\"2\">T&uuml;rkiye&#8217;de demokrasi ve piyasa ekonomisinin yerle\u015fmesine ba\u011fl\u0131 olarak sivil toplum g&uuml;\u00e7lenmektedir. Toplum \u00e7o\u011fu alanlarda devletin &ouml;n&uuml;ne ge\u00e7mekte, kamu kesiminden daha kaliteli mal ve hizmetler &uuml;retmektedir.<\/font><\/p>\n<p style=\"MARGIN: 0px 0cm\" align=\"justify\"><font face=\"tahoma,arial,helvetica,sans-serif\">&nbsp;<\/font><\/p>\n<p style=\"MARGIN: 0px 0cm\" align=\"justify\"><font color=\"#003399\"><font face=\"tahoma,arial,helvetica,sans-serif\"><b><font size=\"2\">AK PART\u0130<\/font><\/b><font size=\"2\">, insan haklar\u0131na dayanan ve eksiksiz i\u015fleyen demokratik bir y&ouml;netimin hayata ge\u00e7irilmesi i\u00e7in sivil toplumun g&uuml;\u00e7lenmesini ve &#8220;<b>y&ouml;neti\u015fim<\/b>&#8221; anlay\u0131\u015f\u0131 i\u00e7inde etkili bir kamuoyu denetimini gerekli g&ouml;rmektedir.<\/font><\/font><\/font><\/p>\n<p style=\"MARGIN: 0px 0cm\" align=\"justify\"><font face=\"tahoma,arial,helvetica,sans-serif\">&nbsp;<\/font><\/p>\n<p style=\"MARGIN: 0px 0cm; TEXT-ALIGN: justify\"><b><font face=\"tahoma,arial,helvetica,sans-serif\" color=\"#003399\" size=\"2\"><a name=\"A- S\u0130V\u0130L TOPLUMUN G\u00dc\u00c7LENMES\u0130\">A- S\u0130V\u0130L TOPLUMUN G&Uuml;\u00c7LENMES\u0130<\/a><\/font><\/b><\/p>\n<p style=\"MARGIN: 0px 0cm; TEXT-ALIGN: justify\"><font color=\"#003399\"><font face=\"tahoma,arial,helvetica,sans-serif\"><b><font size=\"2\">AK PART\u0130<\/font><\/b><font size=\"2\">, demokrasiyi, halk\u0131n geni\u015f boyutlu kat\u0131l\u0131m\u0131 ile s&uuml;rekli geli\u015ftirilmesi gereken bir s&uuml;re\u00e7 olarak g&ouml;rmektedir. Bu kapsamda, <b>\u00e7o\u011fulcu ve kat\u0131l\u0131mc\u0131 demokratik<\/b> siyasal s&uuml;recin sivil toplum &ouml;rg&uuml;tlerine a\u00e7\u0131lmas\u0131 ve karar verilecek konularda ilgili toplum kesimlerinin g&ouml;r&uuml;\u015f ve &ouml;nerilerinin al\u0131nmas\u0131 sa\u011flanacakt\u0131r.<\/font><\/font><\/font><\/p>\n<p style=\"MARGIN: 0px 0cm; TEXT-ALIGN: justify\"><font face=\"tahoma,arial,helvetica,sans-serif\">&nbsp;<\/font><\/p>\n<p style=\"MARGIN: 0px 0cm; TEXT-ALIGN: justify\"><font face=\"tahoma,arial,helvetica,sans-serif\" color=\"#003399\" size=\"2\">Sivil toplum kurulu\u015flar\u0131n\u0131n y&ouml;netime daha aktif kat\u0131l\u0131m\u0131 ile temsili demokrasinin <b>kat\u0131l\u0131mc\u0131 demokrasiye<\/b> do\u011fru geli\u015fmesi sa\u011flanacakt\u0131r. B&ouml;ylece vatanda\u015f, sadece se\u00e7imden se\u00e7ime de\u011fil, g&uuml;ncel geli\u015fmeler i\u00e7in de iradesini siyasal s&uuml;rece yans\u0131tma f\u0131rsat\u0131 kazanacakt\u0131r.<\/font><\/p>\n<p style=\"MARGIN: 0px 0cm; TEXT-ALIGN: justify\"><font face=\"tahoma,arial,helvetica,sans-serif\">&nbsp;<\/font><\/p>\n<p style=\"MARGIN: 0px 0cm; TEXT-ALIGN: justify\"><font color=\"#003399\"><font face=\"tahoma,arial,helvetica,sans-serif\"><b><font size=\"2\">Y&ouml;netimin demokratikle\u015fmesi, toplumun oldu\u011fu kadar, devletin de lehinedir<\/font><\/b><font size=\"2\">. Devlet demokratikle\u015ftik\u00e7e halk\u0131n\u0131 y&ouml;netme me\u015fruiyeti de g&uuml;\u00e7lenir ve uluslararas\u0131 alanda sayg\u0131nl\u0131k kazan\u0131r. G&uuml;c&uuml;n&uuml; halktan ve sivil toplum &ouml;rg&uuml;tlerinden alan y&ouml;netimlerin, b&ouml;lgelerinde ve D&uuml;nyada etkileri ve pazarl\u0131k g&uuml;\u00e7leri artar.<\/font><\/font><\/font><\/p>\n<p style=\"MARGIN: 0px 0cm; TEXT-ALIGN: justify\"><font face=\"tahoma,arial,helvetica,sans-serif\">&nbsp;<\/font><\/p>\n<p style=\"MARGIN: 0px 0cm; TEXT-ALIGN: justify\"><font color=\"#003399\"><font face=\"tahoma,arial,helvetica,sans-serif\"><b><font size=\"2\">PART\u0130M\u0130Z<\/font><\/b><font size=\"2\">, farkl\u0131 g&ouml;r&uuml;\u015f ve kesimleri temsil eden sivil toplum &ouml;rg&uuml;tlerine e\u015fit mesafede duracak, sivil toplum &ouml;rg&uuml;tleri aras\u0131nda diyalogu ve i\u015fbirli\u011fini destekleyecektir.<\/font><\/font><\/font><\/p>\n<p style=\"MARGIN: 0px 0cm; TEXT-ALIGN: justify\"><font face=\"tahoma,arial,helvetica,sans-serif\">&nbsp;<\/font><\/p>\n<p style=\"MARGIN: 0px 0cm; TEXT-ALIGN: justify\"><font color=\"#003399\"><font face=\"tahoma,arial,helvetica,sans-serif\"><b><font size=\"2\">AK PART\u0130<\/font><\/b><font size=\"2\">, y&ouml;netime kat\u0131l\u0131m\u0131 engelleyen yasal ve idari etkenleri kald\u0131rarak, kamu y&ouml;netimine sivil toplumun daha aktif kat\u0131l\u0131m\u0131n\u0131 sa\u011flayacakt\u0131r. \u0130\u015f d&uuml;nyas\u0131, sendikalar, meslek odalar\u0131, \u00e7ift\u00e7i &ouml;rg&uuml;tleri ve g&ouml;n&uuml;ll&uuml; kurulu\u015flar\u0131n, sorunlar\u0131n\u0131, hizmet alanlar\u0131ndaki kamu g&ouml;revlileri ile birlikte \u00e7&ouml;zmelerini kolayla\u015ft\u0131r\u0131c\u0131 mekanizmalar geli\u015ftirilecektir.<\/font><\/font><\/font><\/p>\n<p style=\"MARGIN: 0px 0cm; TEXT-ALIGN: justify\"><font face=\"tahoma,arial,helvetica,sans-serif\">&nbsp;<\/font><\/p>\n<p style=\"MARGIN: 0px 0cm; TEXT-ALIGN: justify\"><font face=\"tahoma,arial,helvetica,sans-serif\" color=\"#003399\" size=\"2\">&Uuml;lkemizde hen&uuml;z yeterince &ouml;rg&uuml;tlenemeyen sivil toplum, kamu hizmetlerinin y&uuml;r&uuml;t&uuml;lmesinde fazla etkili olamamaktad\u0131r. Bu sorunun a\u015f\u0131lmas\u0131 i\u00e7in genel kalk\u0131nma ve e\u011fitim s&uuml;recinde, t&uuml;m kesimlerin &ouml;rg&uuml;tlenmesi desteklenecek ve kamu b&uuml;rokrasisi toplumla diyalog i\u00e7inde ihtiya\u00e7lar\u0131 kar\u015f\u0131layacak \u015fekilde yeniden yap\u0131land\u0131r\u0131lacakt\u0131r.<\/font><\/p>\n<p style=\"MARGIN: 0px 0cm; TEXT-ALIGN: justify\"><font face=\"tahoma,arial,helvetica,sans-serif\">&nbsp;<\/font><\/p>\n<p style=\"MARGIN: 0px 0cm; TEXT-ALIGN: justify\"><font color=\"#003399\"><font face=\"tahoma,arial,helvetica,sans-serif\"><b><font size=\"2\">AK PART\u0130<\/font><\/b><font size=\"2\">, temel yasal d&uuml;zenlemelerin ve anayasal de\u011fi\u015fikliklerin yap\u0131lmas\u0131nda, meclisteki say\u0131sal &uuml;st&uuml;nl&uuml;\u011f&uuml; yeterli olsa bile, <b>m&uuml;mk&uuml;n olabilecek en geni\u015f toplumsal mutabakat\u0131<\/b> arayacakt\u0131r.<\/font><\/font><\/font><\/p>\n<p style=\"MARGIN: 0px 0cm; TEXT-ALIGN: justify\"><font face=\"tahoma,arial,helvetica,sans-serif\">&nbsp;<\/font><\/p>\n<p style=\"MARGIN: 0px 0cm; TEXT-ALIGN: justify\"><font color=\"#003399\"><font face=\"tahoma,arial,helvetica,sans-serif\"><b><font size=\"2\">AK PART\u0130<\/font><\/b><font size=\"2\">, \u00e7o\u011fulcu demokrasi ve rekabet\u00e7i piyasa anlay\u0131\u015f\u0131n\u0131n bir gere\u011fi olarak, modern toplumlarda do\u011fru bilgi edinme ve denetim g&ouml;revi y&uuml;r&uuml;ten <b>medyan\u0131n \u00e7o\u011fulcu ve rekabet\u00e7i bir yap\u0131da geli\u015fmesini savunur<\/b>. Kamusal bir hizmetin farkl\u0131 taraflar\u0131n\u0131 olu\u015fturan siyaset ile medya ili\u015fkisinin, kar\u015f\u0131l\u0131kl\u0131 sayg\u0131ya dayal\u0131 bir&nbsp; diyalog i\u00e7inde y&uuml;r&uuml;t&uuml;lmesinden yanad\u0131r.<\/font><\/font><\/font><\/p>\n<p style=\"MARGIN: 0px 0cm; TEXT-ALIGN: justify\"><font face=\"tahoma,arial,helvetica,sans-serif\">&nbsp;<\/font><\/p>\n<p style=\"MARGIN: 0px 0cm\" align=\"justify\"><b><font face=\"tahoma,arial,helvetica,sans-serif\" color=\"#003399\" size=\"2\"><a name=\"B- DEMOKRAS\u0130 ve KALKINMA\">B- DEMOKRAS\u0130 ve KALKINMA<\/a><\/font><\/b><\/p>\n<p style=\"MARGIN: 0px 0cm\" align=\"justify\"><font face=\"tahoma,arial,helvetica,sans-serif\" color=\"#003399\" size=\"2\">S&uuml;rd&uuml;r&uuml;lebilir kalk\u0131nma, \u00e7evreye duyarl\u0131l\u0131k ve demokratik y&ouml;netim gibi unsurlar\u0131 da i\u00e7ermektedir. Sadece ki\u015fi ba\u015f\u0131na d&uuml;\u015fen geliri art\u0131rmak veya fiziki \u015fartlar\u0131 iyile\u015ftirmek <b>kaliteli ya\u015fam<\/b> i\u00e7in yeterli de\u011fildir. \u0130nsanlar\u0131n ekmek kadar, kendilerini ger\u00e7ekle\u015ftirecek &ouml;zg&uuml;rl&uuml;\u011fe de ihtiya\u00e7lar\u0131 vard\u0131r.<\/font><\/p>\n<p style=\"MARGIN: 0px 0cm\" align=\"justify\"><font face=\"tahoma,arial,helvetica,sans-serif\">&nbsp;<\/font><\/p>\n<p style=\"MARGIN: 0px 0cm\" align=\"justify\"><font color=\"#003399\"><font face=\"tahoma,arial,helvetica,sans-serif\"><b><font size=\"2\">PART\u0130M\u0130Z<\/font><\/b><font size=\"2\">, <b>kalk\u0131nmay\u0131, devletin tek yanl\u0131 iradesini yans\u0131tan bir toplum m&uuml;hendisli\u011fi olarak de\u011fil, toplumun \u00e7o\u011fulcu yap\u0131s\u0131na sayg\u0131l\u0131 demokratik bir aray\u0131\u015f olarak g&ouml;rmektedir<\/b>. Demokratikle\u015fme ve kalk\u0131nma birbirinin alternatifi de\u011fil, ayn\u0131 anda y&uuml;r&uuml;mesi gereken ve birbirlerini destekleyen s&uuml;re\u00e7lerdir.<\/font><\/font><\/font><\/p>\n<p style=\"MARGIN: 0px 0cm\" align=\"justify\"><font face=\"tahoma,arial,helvetica,sans-serif\">&nbsp;<\/font><\/p>\n<p style=\"MARGIN-TOP: 0px; MARGIN-BOTTOM: 0px\" align=\"justify\"><font color=\"#003399\"><font face=\"tahoma,arial,helvetica,sans-serif\"><span style=\"FONT-FAMILY: Arial\"><font size=\"2\">Kamu y&ouml;netiminde tepeden inmeci ve tek y&ouml;nl&uuml; anlay\u0131\u015flar terk edilecek, y&ouml;neti\u015fimci bir anlay\u0131\u015fla devlet-toplum diyaloguna ve e\u011fitim, sa\u011fl\u0131k, \u00e7evre gibi sosyal boyutu olan hizmetlerde i\u015fbirli\u011fine dayanan modeller geli\u015ftirilecektir. <\/font><\/span><b><span lang=\"EN-US\" style=\"FONT-FAMILY: Arial\"><font size=\"2\">Devlet, piyasa ve toplum birbirlerinin alternatifi de\u011fil, tamamlay\u0131c\u0131s\u0131d\u0131r. Bunlar\u0131n olu\u015fturaca\u011f\u0131 sinerji ile s&uuml;rd&uuml;r&uuml;lebilir ve h\u0131zl\u0131 bir kalk\u0131nma sa\u011flanacakt\u0131r<\/font><\/span><\/b><span lang=\"EN-US\" style=\"FONT-FAMILY: Arial\"><font size=\"2\">.<\/font><\/span><\/font><\/font><\/p>\n<p style=\"MARGIN-TOP: 0px; MARGIN-BOTTOM: 0px\" align=\"justify\"><font face=\"tahoma,arial,helvetica,sans-serif\">&nbsp;<\/font><\/p>\n<p><font face=\"tahoma,arial,helvetica,sans-serif\"><\/p>\n<hr width=\"90%\" color=\"#5876b2\" size=\"1\" \/><\/font><\/p>\n<p style=\"MARGIN-TOP: 0px; MARGIN-BOTTOM: 0px\" align=\"justify\"><font face=\"tahoma,arial,helvetica,sans-serif\">&nbsp;<\/font><\/p>\n<h1 style=\"MARGIN: 0px 0cm; TEXT-ALIGN: justify\"><span style=\"LINE-HEIGHT: 150%\"><font face=\"tahoma,arial,helvetica,sans-serif\" color=\"#003399\" size=\"2\"><a name=\"IV. HUKUK VE ADALET REFORMU\">IV. HUKUK VE ADALET REFORMU<\/a><\/font><\/span><\/h1>\n<p class=\"MsoHeading8\" style=\"MARGIN-TOP: 0px; MARGIN-BOTTOM: 0px\"><b><span lang=\"EN-AU\"><font face=\"tahoma,arial,helvetica,sans-serif\" color=\"#003399\" size=\"2\"><a name=\"A- HUKUK ve ADALET ANLAYI\u015eIMIZ\">A- HUKUK ve ADALET ANLAYI\u015eIMIZ<\/a><\/font><\/span><\/b><\/p>\n<p style=\"MARGIN-TOP: 0px; MARGIN-BOTTOM: 0px; TEXT-ALIGN: justify\"><span style=\"FONT-WEIGHT: normal; LINE-HEIGHT: 150%; FONT-FAMILY: Arial\"><font face=\"tahoma,arial,helvetica,sans-serif\" color=\"#003399\" size=\"2\">Demokratik &uuml;lkelerde, hukukun evrensel ilkelerine sayg\u0131, hak arama yollar\u0131n\u0131n a\u00e7\u0131k tutulmas\u0131, kanun &ouml;n&uuml;nde e\u015fitlik, bireysel hak ve &ouml;zg&uuml;rl&uuml;klerin korunmas\u0131, idarenin hukuka ba\u011fl\u0131l\u0131\u011f\u0131n\u0131n sa\u011flanmas\u0131 temel de\u011ferlerdir. Bu de\u011ferlerin hayata ge\u00e7irilmesiyle otoriteyi me\u015frula\u015ft\u0131r\u0131c\u0131 bir g&uuml;\u00e7 olan hukuk devleti anlay\u0131\u015f\u0131 yerle\u015fir.<\/font><\/span><\/p>\n<p class=\"MsoTitle\" style=\"MARGIN: 0px 0cm; TEXT-ALIGN: justify\"><font face=\"tahoma,arial,helvetica,sans-serif\">&nbsp;<\/font><\/p>\n<p class=\"MsoTitle\" style=\"MARGIN: 0px 0cm; TEXT-ALIGN: justify\"><font color=\"#003399\"><font face=\"tahoma,arial,helvetica,sans-serif\"><span style=\"LINE-HEIGHT: 150%; FONT-FAMILY: Arial\"><font size=\"2\">PART\u0130M\u0130Z<\/font><\/span><span style=\"FONT-WEIGHT: normal; LINE-HEIGHT: 150%; FONT-FAMILY: Arial\"><font size=\"2\"> hukuku, korkutman\u0131n ve cezaland\u0131rman\u0131n de\u011fil, adaleti sa\u011flaman\u0131n arac\u0131 olarak g&ouml;rmektedir.<\/font><\/span><\/font><\/font><\/p>\n<p class=\"MsoTitle\" style=\"MARGIN: 0px 0cm; TEXT-ALIGN: justify\"><span style=\"FONT-WEIGHT: normal; LINE-HEIGHT: 150%; FONT-FAMILY: Arial\"><font face=\"tahoma,arial,helvetica,sans-serif\" color=\"#003399\" size=\"2\">Mevzuat\u0131m\u0131zdaki yasak\u00e7\u0131 h&uuml;k&uuml;mler nedeniyle, &uuml;lkemiz hukuk devletinden \u00e7ok kanun devleti g&ouml;r&uuml;nt&uuml;s&uuml; vermektedir. T&uuml;rkiye, kanunlar\u0131n\u0131 hukuka, hukukunu evrensel adalet ve insan haklar\u0131 esaslar\u0131na dayand\u0131rarak ve temel hak ve &ouml;zg&uuml;rl&uuml;klerin kullan\u0131lmas\u0131n\u0131 s\u0131n\u0131rlayan yasak\u00e7\u0131 hukuk sistemini de\u011fi\u015ftirerek ger\u00e7ek anlamda hukuk devleti olacak ve uluslararas\u0131 camiada sayg\u0131n bir yer kazanacakt\u0131r.<\/font><\/span><\/p>\n<p class=\"MsoTitle\" style=\"MARGIN: 0px 0cm; TEXT-ALIGN: justify\"><font face=\"tahoma,arial,helvetica,sans-serif\">&nbsp;<\/font><\/p>\n<p class=\"MsoTitle\" style=\"MARGIN: 0px 0cm; TEXT-ALIGN: justify\"><span style=\"FONT-WEIGHT: normal; LINE-HEIGHT: 150%; FONT-FAMILY: Arial\"><font face=\"tahoma,arial,helvetica,sans-serif\" color=\"#003399\" size=\"2\">Hukuk ve adalet anlay\u0131\u015f\u0131m\u0131z, devletin topluma ve bireylere dil, \u0131rk, renk, cinsiyet, siyasi d&uuml;\u015f&uuml;nce, felsefi inan\u00e7, din ve mezhep aidiyeti gibi sebeplerle ay\u0131r\u0131m g&ouml;zetmeksizin adalet i\u00e7inde yakla\u015fmas\u0131n\u0131 sa\u011flamakt\u0131r.<\/font><\/span><\/p>\n<p class=\"MsoTitle\" style=\"MARGIN: 0px 0cm; TEXT-ALIGN: justify\"><font face=\"tahoma,arial,helvetica,sans-serif\">&nbsp;<\/font><\/p>\n<p class=\"MsoNormal\" style=\"MARGIN: 0px 0cm; TEXT-ALIGN: justify\"><font face=\"tahoma,arial,helvetica,sans-serif\" color=\"#003399\" size=\"2\">Amac\u0131m\u0131z toplumumuzu su\u00e7un azald\u0131\u011f\u0131, korkunun olmad\u0131\u011f\u0131 bir <b>bar\u0131\u015f toplumu<\/b> haline getirmektir. \u0130htilaflar\u0131 \u00e7\u0131kmadan &ouml;nlemek amac\u0131yla &#8220;<b>Koruyucu Hukuk<\/b>&#8221; uygulamalar\u0131 ba\u015flat\u0131lacakt\u0131r. Hukuki konularla ilgili dan\u0131\u015fmanl\u0131k hizmetleri geli\u015ftirilip sosyal hizmet olarak halka sunulacak, halk\u0131m\u0131z\u0131n temel ve g&uuml;ndelik sorunlarla ilgili haklar\u0131n\u0131 ve hukuk kurallar\u0131n\u0131 iyi anlamalar\u0131 sa\u011flanacakt\u0131r.<\/font><\/p>\n<p class=\"MsoNormal\" style=\"MARGIN: 0px 0cm; TEXT-ALIGN: justify\"><font face=\"tahoma,arial,helvetica,sans-serif\">&nbsp;<\/font><\/p>\n<p class=\"MsoTitle\" style=\"MARGIN: 0px 0cm; TEXT-ALIGN: justify\"><font color=\"#003399\"><font face=\"tahoma,arial,helvetica,sans-serif\"><span style=\"LINE-HEIGHT: 150%; FONT-FAMILY: Arial\"><font size=\"2\">PART\u0130M\u0130Z<\/font><\/span><span style=\"FONT-WEIGHT: normal; LINE-HEIGHT: 150%; FONT-FAMILY: Arial\"><font size=\"2\"> hukukun &uuml;st&uuml;nl&uuml;\u011f&uuml;ne dayal\u0131 y&ouml;netim anlay\u0131\u015f\u0131n\u0131n teminat\u0131 olacakt\u0131r.<\/font><\/span><\/font><\/font><\/p>\n<p class=\"MsoTitle\" style=\"MARGIN: 0px 0cm; TEXT-ALIGN: justify\"><font color=\"#003399\"><font face=\"tahoma,arial,helvetica,sans-serif\"><span style=\"FONT-WEIGHT: normal; LINE-HEIGHT: 150%; FONT-FAMILY: Arial\"><font size=\"2\">&#8220;<\/font><\/span><span style=\"LINE-HEIGHT: 150%; FONT-FAMILY: Arial\"><font size=\"2\">Adalet m&uuml;lk&uuml;n temelidir<\/font><\/span><span style=\"FONT-WEIGHT: normal; LINE-HEIGHT: 150%; FONT-FAMILY: Arial\"><font size=\"2\">&#8221; &ouml;zdeyi\u015finde ifade edildi\u011fi gibi, toplumda bar\u0131\u015f\u0131n, huzurun ve refah\u0131n sa\u011flanmas\u0131 i\u00e7in &ouml;ncelikle adaletin tesis edilmesi gerekmektedir. &Uuml;lkemizde ya\u015fanan krizlerin temelinde, evrensel normlara uygun bir hukuk devleti ve adalet sisteminin eksikli\u011fi yatmaktad\u0131r.<\/font><\/span><\/font><\/font><\/p>\n<p class=\"MsoTitle\" style=\"MARGIN: 0px 0cm; TEXT-ALIGN: justify\"><font face=\"tahoma,arial,helvetica,sans-serif\">&nbsp;<\/font><\/p>\n<p class=\"MsoTitle\" style=\"MARGIN: 0px 0cm; TEXT-ALIGN: justify\"><font color=\"#003399\"><font face=\"tahoma,arial,helvetica,sans-serif\"><span style=\"LINE-HEIGHT: 150%; FONT-FAMILY: Arial\"><font size=\"2\">PART\u0130M\u0130Z\u0130N<\/font><\/span><span style=\"FONT-WEIGHT: normal; LINE-HEIGHT: 150%; FONT-FAMILY: Arial\"><font size=\"2\"> isminden de anla\u015f\u0131laca\u011f\u0131 gibi, adaletin tesisi kalk\u0131nmadan &ouml;nce gelir. Demokratik bir hukuk devleti anlay\u0131\u015f\u0131n\u0131 hayata ge\u00e7iremeyen ve adalete g&uuml;veni tesis edemeyen &uuml;lkelerin, ekonomik y&ouml;nden kalk\u0131nmas\u0131 da m&uuml;mk&uuml;n de\u011fildir.<\/font><\/span><\/font><\/font><\/p>\n<p class=\"MsoTitle\" style=\"MARGIN: 0px 0cm; TEXT-ALIGN: justify\"><font face=\"tahoma,arial,helvetica,sans-serif\">&nbsp;<\/font><\/p>\n<p class=\"MsoTitle\" style=\"MARGIN: 0px 0cm; TEXT-ALIGN: justify\"><font color=\"#003399\"><font face=\"tahoma,arial,helvetica,sans-serif\"><span style=\"FONT-WEIGHT: normal; LINE-HEIGHT: 150%; FONT-FAMILY: Arial\"><font size=\"2\">Hukuk devleti ilkesine uygun olarak adalet reformunu ger\u00e7ekle\u015ftirmek, <\/font><\/span><span style=\"LINE-HEIGHT: 150%; FONT-FAMILY: Arial\"><font size=\"2\">PART\u0130M\u0130Z\u0130N<\/font><\/span><span style=\"FONT-WEIGHT: normal; LINE-HEIGHT: 150%; FONT-FAMILY: Arial\"><font size=\"2\"> &ouml;ncelikleri aras\u0131nda yer almaktad\u0131r.<\/font><\/span><\/font><\/font><\/p>\n<p class=\"MsoTitle\" style=\"MARGIN: 0px 0cm; TEXT-ALIGN: justify\"><font face=\"tahoma,arial,helvetica,sans-serif\">&nbsp;<\/font><\/p>\n<p class=\"MsoTitle\" style=\"MARGIN: 0px 0cm; TEXT-ALIGN: justify\"><font color=\"#003399\"><font face=\"tahoma,arial,helvetica,sans-serif\"><span style=\"FONT-WEIGHT: normal; LINE-HEIGHT: 150%; FONT-FAMILY: Arial\"><font size=\"2\">Hukuk alan\u0131ndaki reformlara yeni bir anayasa yap\u0131larak ba\u015flanmal\u0131d\u0131r. <\/font><\/span><span style=\"LINE-HEIGHT: 150%; FONT-FAMILY: Arial\"><font size=\"2\">PART\u0130M\u0130Z<\/font><\/span><span style=\"FONT-WEIGHT: normal; LINE-HEIGHT: 150%; FONT-FAMILY: Arial\"><font size=\"2\">, yeni anayasan\u0131n devlet-toplum-birey aras\u0131nda yap\u0131lan bir <\/font><\/span><span style=\"LINE-HEIGHT: 150%; FONT-FAMILY: Arial\"><font size=\"2\">toplumsal s&ouml;zle\u015fme<\/font><\/span><span style=\"FONT-WEIGHT: normal; LINE-HEIGHT: 150%; FONT-FAMILY: Arial\"><font size=\"2\"> niteli\u011finde olmas\u0131ndan yanad\u0131r. Bu anayasa hukuk devleti ilkelerini hayata ge\u00e7irecek, bireyleri devlete ve &ouml;rg&uuml;tl&uuml; g&uuml;\u00e7lere kar\u015f\u0131 koruyacak, <\/font><\/span><span style=\"LINE-HEIGHT: 150%; FONT-FAMILY: Arial\"><font size=\"2\">\u0130nsan Haklar\u0131 Evrensel Beyannamesi<\/font><\/span><span style=\"FONT-WEIGHT: normal; LINE-HEIGHT: 150%; FONT-FAMILY: Arial\"><font size=\"2\">&#8217;nin ve <\/font><\/span><span style=\"LINE-HEIGHT: 150%; FONT-FAMILY: Arial\"><font size=\"2\">Avrupa \u0130nsan Haklar\u0131 S&ouml;zle\u015fmesi<\/font><\/span><span style=\"FONT-WEIGHT: normal; LINE-HEIGHT: 150%; FONT-FAMILY: Arial\"><font size=\"2\">&#8217;nin getirdi\u011fi ilke ve standartlarda temel hak ve &ouml;zg&uuml;rl&uuml;klerin g&uuml;vence alt\u0131na al\u0131nmas\u0131n\u0131 sa\u011flayacakt\u0131r.<\/font><\/span><\/font><\/font><\/p>\n<p class=\"MsoTitle\" style=\"MARGIN: 0px 0cm; TEXT-ALIGN: justify\"><font face=\"tahoma,arial,helvetica,sans-serif\">&nbsp;<\/font><\/p>\n<p class=\"MsoTitle\" style=\"MARGIN: 0px 0cm; TEXT-ALIGN: justify\"><font color=\"#003399\"><font face=\"tahoma,arial,helvetica,sans-serif\"><span style=\"FONT-WEIGHT: normal; LINE-HEIGHT: 150%; FONT-FAMILY: Arial\"><font size=\"2\">Haz\u0131rlanacak yeni anayasa, <\/font><\/span><span style=\"LINE-HEIGHT: 150%; FONT-FAMILY: Arial\"><font size=\"2\">k\u0131sa<\/font><\/span><span style=\"FONT-WEIGHT: normal; LINE-HEIGHT: 150%; FONT-FAMILY: Arial\"><font size=\"2\">, <\/font><\/span><span style=\"LINE-HEIGHT: 150%; FONT-FAMILY: Arial\"><font size=\"2\">&ouml;z<\/font><\/span><span style=\"FONT-WEIGHT: normal; LINE-HEIGHT: 150%; FONT-FAMILY: Arial\"><font size=\"2\"> ve <\/font><\/span><span style=\"LINE-HEIGHT: 150%; FONT-FAMILY: Arial\"><font size=\"2\">a\u00e7\u0131k<\/font><\/span><span style=\"FONT-WEIGHT: normal; LINE-HEIGHT: 150%; FONT-FAMILY: Arial\"><font size=\"2\"> olacak, yasama, y&uuml;r&uuml;tme ve yarg\u0131 erkleri aras\u0131ndaki ili\u015fkiler a\u00e7\u0131k, net ve anla\u015f\u0131labilir bir \u015fekilde belirlenecek, temsili demokrasiden kat\u0131l\u0131mc\u0131 demokrasiye ge\u00e7i\u015fi sa\u011flamak i\u00e7in <\/font><\/span><span style=\"LINE-HEIGHT: 150%; FONT-FAMILY: Arial\"><font size=\"2\">referandum<\/font><\/span><span style=\"FONT-WEIGHT: normal; LINE-HEIGHT: 150%; FONT-FAMILY: Arial\"><font size=\"2\"> yolu yayg\u0131nla\u015ft\u0131r\u0131lacak, &#8220;<\/font><\/span><span style=\"LINE-HEIGHT: 150%; FONT-FAMILY: Arial\"><font size=\"2\">idarenin hi\u00e7bir eylem ve i\u015flemi yarg\u0131 denetimi d\u0131\u015f\u0131nda b\u0131rak\u0131lmayacak<\/font><\/span><font size=\"2\"><span style=\"FONT-WEIGHT: normal; LINE-HEIGHT: 150%; FONT-FAMILY: Arial\">t\u0131r.<\/span><\/font><\/font><\/font><\/p>\n<p class=\"MsoHeading9\" style=\"MARGIN-TOP: 0px; MARGIN-BOTTOM: 0px\"><font face=\"tahoma,arial,helvetica,sans-serif\">&nbsp;<\/font><\/p>\n<p class=\"MsoHeading9\" style=\"MARGIN-TOP: 0px; MARGIN-BOTTOM: 0px\"><b><font face=\"tahoma,arial,helvetica,sans-serif\" color=\"#003399\" size=\"2\"><a name=\"B- BA\u011eIMSIZ ve TARAFSIZ YARGI\">B- BA\u011eIMSIZ ve TARAFSIZ YARGI<\/a><\/font><\/b><\/p>\n<p class=\"MsoTitle\" style=\"MARGIN: 0px 0cm; TEXT-ALIGN: justify\"><span style=\"FONT-WEIGHT: normal; LINE-HEIGHT: 150%; FONT-FAMILY: Arial\"><font face=\"tahoma,arial,helvetica,sans-serif\" color=\"#003399\" size=\"2\">Yarg\u0131 g&uuml;c&uuml;n&uuml; kullananlar\u0131n g&ouml;revlerini yasalar\u0131n emretti\u011fi do\u011frultuda tarafs\u0131z olarak kullanmalar\u0131 ki\u015fi hak ve &ouml;zg&uuml;rl&uuml;klerinin en &ouml;nemli teminat\u0131d\u0131r. &Uuml;lkemizde yarg\u0131ya \u00e7e\u015fitli \u015fekillerde m&uuml;dahalelerin oldu\u011fu, yarg\u0131\u00e7lar\u0131n tarafs\u0131z olarak karar vermelerinin engellendi\u011fi, y&uuml;ksek yarg\u0131 organlar\u0131n\u0131n ba\u015fkanlar\u0131 taraf\u0131ndan da s&uuml;rekli olarak dile getirilmektedir.<\/font><\/span><\/p>\n<p class=\"MsoTitle\" style=\"MARGIN: 0px 0cm; TEXT-ALIGN: justify\"><font face=\"tahoma,arial,helvetica,sans-serif\">&nbsp;<\/font><\/p>\n<p class=\"MsoTitle\" style=\"MARGIN: 0px 0cm; TEXT-ALIGN: justify\"><span style=\"FONT-WEIGHT: normal; LINE-HEIGHT: 150%; FONT-FAMILY: Arial\"><font face=\"tahoma,arial,helvetica,sans-serif\" color=\"#003399\" size=\"2\">&Uuml;lkemizde, adalet hizmetlerinin aksamas\u0131n\u0131n temelinde, b&uuml;t\u00e7eden bu hizmetlere ayr\u0131lan pay\u0131n yetersizli\u011fi, yarg\u0131lama s&uuml;recinin yava\u015f i\u015flemesi, mevzuat\u0131n \u00e7ok geni\u015f olmas\u0131, yarg\u0131lama mevzuat\u0131n\u0131n \u00e7a\u011fda\u015f geli\u015fmelere uygun olarak yenilenmemesi, teknik altyap\u0131 eksiklikleri, personel yetersizli\u011fi gibi sebepler yatmaktad\u0131r.<\/font><\/span><\/p>\n<p class=\"MsoTitle\" style=\"MARGIN: 0px 0cm; TEXT-ALIGN: justify\"><font face=\"tahoma,arial,helvetica,sans-serif\">&nbsp;<\/font><\/p>\n<p class=\"MsoTitle\" style=\"MARGIN: 0px 0cm; TEXT-ALIGN: justify\"><font color=\"#003399\"><font face=\"tahoma,arial,helvetica,sans-serif\"><span style=\"LINE-HEIGHT: 150%; FONT-FAMILY: Arial\"><font size=\"2\">AK PART\u0130<\/font><\/span><span style=\"FONT-WEIGHT: normal; LINE-HEIGHT: 150%; FONT-FAMILY: Arial\"><font size=\"2\">, yarg\u0131 yetkisini kullanan ki\u015fi ve kurumlar\u0131n ba\u011f\u0131ms\u0131z ve tarafs\u0131z karar vermelerini sa\u011flayacak bir yarg\u0131 reformunu ger\u00e7ekle\u015ftirmek i\u00e7in;<\/font><\/span><\/font><\/font><\/p>\n<p class=\"MsoTitle\" style=\"MARGIN: 0px 0cm; TEXT-ALIGN: justify\"><font face=\"tahoma,arial,helvetica,sans-serif\">&nbsp;<\/font><\/p>\n<ul>\n<li style=\"COLOR: #003399\">\n<p class=\"MsoTitle\" style=\"MARGIN: 0px 0cm; TEXT-ALIGN: justify\"><font color=\"#003399\"><font face=\"tahoma,arial,helvetica,sans-serif\"><span style=\"FONT-WEIGHT: normal; LINE-HEIGHT: 150%; FONT-FAMILY: Arial\"><font size=\"2\">Anayasa ve yasalardaki <\/font><\/span><span style=\"LINE-HEIGHT: 150%; FONT-FAMILY: Arial\"><font size=\"2\">yarg\u0131 ba\u011f\u0131ms\u0131zl\u0131\u011f\u0131<\/font><\/span><span style=\"FONT-WEIGHT: normal; LINE-HEIGHT: 150%; FONT-FAMILY: Arial\"><font size=\"2\"> ve <\/font><\/span><span style=\"LINE-HEIGHT: 150%; FONT-FAMILY: Arial\"><font size=\"2\">hakimlik teminat\u0131<\/font><\/span><span style=\"FONT-WEIGHT: normal; LINE-HEIGHT: 150%; FONT-FAMILY: Arial\"><font size=\"2\"> ile ba\u011fda\u015fmayan h&uuml;k&uuml;mler yeniden d&uuml;zenlenecek, hakimlerin tarafs\u0131zl\u0131\u011f\u0131n\u0131 ve hukukun siyasalla\u015fmas\u0131n\u0131 engelleyen &ouml;nlemler al\u0131nacakt\u0131r.<\/font><\/span><\/font><\/font><\/p>\n<\/li>\n<li style=\"COLOR: #003399\">\n<p class=\"MsoTitle\" style=\"MARGIN: 0px 0cm; TEXT-ALIGN: justify\"><font color=\"#003399\"><span style=\"FONT-WEIGHT: normal; LINE-HEIGHT: 150%; FONT-FAMILY: Arial\"><font face=\"tahoma,arial,helvetica,sans-serif\" size=\"2\">Hakim ve savc\u0131lar\u0131n terfi sistemi, hakimlik teminat\u0131n\u0131 zedelemeyecek \u015fekilde de\u011fi\u015ftirilecek, sicillerinin objektif kriterlere g&ouml;re d&uuml;zenlenmesi sa\u011flanacakt\u0131r.<\/font><\/span><\/font><\/p>\n<\/li>\n<li style=\"COLOR: #003399\">\n<p class=\"MsoTitle\" style=\"MARGIN: 0px 0cm; TEXT-ALIGN: justify\"><font color=\"#003399\"><span style=\"FONT-WEIGHT: normal; LINE-HEIGHT: 150%; FONT-FAMILY: Arial\"><font face=\"tahoma,arial,helvetica,sans-serif\" size=\"2\">Yarg\u0131 hatalar\u0131ndan dolay\u0131 ma\u011fdur olanlar\u0131n zararlar\u0131n\u0131n tazmini i\u00e7in b&uuml;t\u00e7eden kaynak ayr\u0131lacakt\u0131r.<\/font><\/span><\/font><\/p>\n<\/li>\n<li style=\"COLOR: #003399\">\n<p class=\"MsoTitle\" style=\"MARGIN: 0px 0cm; TEXT-ALIGN: justify\"><font color=\"#003399\"><span style=\"FONT-WEIGHT: normal; LINE-HEIGHT: 150%; FONT-FAMILY: Arial\"><font face=\"tahoma,arial,helvetica,sans-serif\" size=\"2\">Bas\u0131n\u0131n ve kamuoyunda etkili ki\u015fi ve organlar\u0131n yarg\u0131y\u0131 etkileyerek, adaleti yan\u0131ltmaya y&ouml;nelik faaliyetlerine engel olucu nitelikteki d&uuml;zenlemeler gere\u011fi gibi uygulanacakt\u0131r.<\/font><\/span><\/font><\/p>\n<\/li>\n<li style=\"COLOR: #003399\">\n<p class=\"MsoTitle\" style=\"MARGIN: 0px 0cm; TEXT-ALIGN: justify\"><font color=\"#003399\"><span style=\"FONT-WEIGHT: normal; LINE-HEIGHT: 150%; FONT-FAMILY: Arial\"><font face=\"tahoma,arial,helvetica,sans-serif\" size=\"2\">Devlet G&uuml;venlik Mahkemeleri kald\u0131r\u0131larak, bunlar\u0131n g&ouml;rev ve yetkileri, &ouml;rg&uuml;tl&uuml; su\u00e7lar ve ter&ouml;r konusunda ihtisasla\u015fm\u0131\u015f ceza mahkemelerine devredilecektir.<\/font><\/span><\/font><\/p>\n<\/li>\n<li style=\"COLOR: #003399\">\n<p class=\"MsoTitle\" style=\"MARGIN: 0px 0cm; TEXT-ALIGN: justify\"><font color=\"#003399\"><span style=\"FONT-WEIGHT: normal; LINE-HEIGHT: 150%; FONT-FAMILY: Arial\"><font face=\"tahoma,arial,helvetica,sans-serif\" size=\"2\">Anayasa Mahkemesi &uuml;yelerinin se\u00e7imi yeniden d&uuml;zenlenecek, yasama, y&uuml;r&uuml;tme ve yarg\u0131 aras\u0131nda denge kurularak TBMM&#8217;ne de &uuml;ye se\u00e7me yetkisi tan\u0131nacakt\u0131r.<\/font><\/span><\/font><\/p>\n<\/li>\n<\/ul>\n<p class=\"MsoHeading8\" style=\"MARGIN-TOP: 0px; MARGIN-BOTTOM: 0px\"><b><span lang=\"EN-AU\"><font face=\"tahoma,arial,helvetica,sans-serif\" color=\"#003399\" size=\"2\"><a name=\"C- TAM ve ZAMANINDA ADALET\">C- TAM ve ZAMANINDA ADALET<\/a><\/font><\/span><\/b><\/p>\n<p class=\"MsoTitle\" style=\"MARGIN: 0px 0cm; TEXT-ALIGN: justify\"><font color=\"#003399\"><font face=\"tahoma,arial,helvetica,sans-serif\"><span style=\"FONT-WEIGHT: normal; LINE-HEIGHT: 150%; FONT-FAMILY: Arial\"><font size=\"2\">Anayasan\u0131n 141&#8217;inci maddesinde, davalar\u0131n en az giderle ve m&uuml;mk&uuml;n olan en k\u0131sa s&uuml;rede sonu\u00e7land\u0131r\u0131lmas\u0131 h&uuml;kme ba\u011flanm\u0131\u015ft\u0131r. Avrupa \u0130nsan Haklar\u0131 S&ouml;zle\u015fmesinin 6&#8217;nc\u0131 maddesinde de herkesin kanun\u00ee, ba\u011f\u0131ms\u0131z ve tarafs\u0131z bir mahkemede <\/font><\/span><span style=\"LINE-HEIGHT: 150%; FONT-FAMILY: Arial\"><font size=\"2\">makul bir s&uuml;rede<\/font><\/span><span style=\"FONT-WEIGHT: normal; LINE-HEIGHT: 150%; FONT-FAMILY: Arial\"><font size=\"2\">, adil bir \u015fekilde yarg\u0131lanma hakk\u0131 temel bir insan hakk\u0131 olarak g&uuml;venceye al\u0131nm\u0131\u015ft\u0131r.<\/font><\/span><\/font><\/font><\/p>\n<p class=\"MsoTitle\" style=\"MARGIN: 0px 0cm; TEXT-ALIGN: justify\"><font face=\"tahoma,arial,helvetica,sans-serif\">&nbsp;<\/font><\/p>\n<p class=\"MsoTitle\" style=\"MARGIN: 0px 0cm; TEXT-ALIGN: justify\"><font color=\"#003399\"><font face=\"tahoma,arial,helvetica,sans-serif\"><span style=\"FONT-WEIGHT: normal; LINE-HEIGHT: 150%; FONT-FAMILY: Arial\"><font size=\"2\">Bug&uuml;n &uuml;lkemizde adalet sistemi \u00e7ok yava\u015f i\u015flemekte, bu durum <\/font><\/span><span style=\"LINE-HEIGHT: 150%; FONT-FAMILY: Arial\"><font size=\"2\">adalete g&uuml;ven<\/font><\/span><span style=\"FONT-WEIGHT: normal; LINE-HEIGHT: 150%; FONT-FAMILY: Arial\"><font size=\"2\"> duygusunu zay\u0131flatmaktad\u0131r. \u0130nsanlar, bazen haklar\u0131n\u0131 mahkemelerde aramak yerine &#8220;<\/font><\/span><span style=\"LINE-HEIGHT: 150%; FONT-FAMILY: Arial\"><font size=\"2\">ihk\u00e2k-\u0131 hakka<\/font><\/span><span style=\"FONT-WEIGHT: normal; LINE-HEIGHT: 150%; FONT-FAMILY: Arial\"><font size=\"2\">&#8221; kalk\u0131\u015fmakta, yasad\u0131\u015f\u0131 organizasyonlar\u0131 devreye sokmakta veya umutsuz bir \u015fekilde hak aramaktan vazge\u00e7erek haks\u0131zl\u0131\u011fa boyun e\u011fmektedir.<\/font><\/span><\/font><\/font><\/p>\n<p class=\"MsoTitle\" style=\"MARGIN: 0px 0cm; TEXT-ALIGN: justify\"><font face=\"tahoma,arial,helvetica,sans-serif\">&nbsp;<\/font><\/p>\n<p class=\"MsoTitle\" style=\"MARGIN: 0px 0cm; TEXT-ALIGN: justify\"><font color=\"#003399\"><font face=\"tahoma,arial,helvetica,sans-serif\"><span style=\"LINE-HEIGHT: 150%; FONT-FAMILY: Arial\"><font size=\"2\">Usul kanunlar\u0131<\/font><\/span><span style=\"FONT-WEIGHT: normal; LINE-HEIGHT: 150%; FONT-FAMILY: Arial\"><font size=\"2\">ndaki yetersizlik, nitelikli yarg\u0131 elaman\u0131 ve yard\u0131mc\u0131 personel eksikli\u011fi, bina ve fiziki mek\u00e2n yetersizlikleri, modern haberle\u015fme ve ileti\u015fim ara\u00e7lar\u0131ndan yaralan\u0131lamamas\u0131, yarg\u0131 \u00e7evrelerinde i\u00e7 g&ouml;\u00e7 nedeniyle ya\u015fanan h\u0131zl\u0131 n&uuml;fus art\u0131\u015f\u0131, adaletin tecellisini geciktiren temel fakt&ouml;rlerdir.<\/font><\/span><\/font><\/font><\/p>\n<p class=\"MsoTitle\" style=\"MARGIN: 0px 0cm; TEXT-ALIGN: justify\"><font face=\"tahoma,arial,helvetica,sans-serif\">&nbsp;<\/font><\/p>\n<p class=\"MsoTitle\" style=\"MARGIN: 0px 0cm; TEXT-ALIGN: justify\"><font color=\"#003399\"><font face=\"tahoma,arial,helvetica,sans-serif\"><span style=\"LINE-HEIGHT: 150%; FONT-FAMILY: Arial\"><font size=\"2\">PART\u0130M\u0130ZE<\/font><\/span><span style=\"FONT-WEIGHT: normal; LINE-HEIGHT: 150%; FONT-FAMILY: Arial\"><font size=\"2\"> g&ouml;re <\/font><\/span><span style=\"LINE-HEIGHT: 150%; FONT-FAMILY: Arial\"><font size=\"2\">geciken adalet adaletsizliktir<\/font><\/span><span style=\"FONT-WEIGHT: normal; LINE-HEIGHT: 150%; FONT-FAMILY: Arial\"><font size=\"2\">. Yarg\u0131 sistemindeki bu sak\u0131ncalar\u0131n giderilmesi i\u00e7in;<\/font><\/span><\/font><\/font><\/p>\n<ul>\n<li style=\"COLOR: #003399\">\n<p class=\"MsoTitle\" style=\"MARGIN: 0px 0cm; TEXT-ALIGN: justify\"><font color=\"#003399\"><span style=\"FONT-WEIGHT: normal; LINE-HEIGHT: 150%; FONT-FAMILY: Arial\"><font face=\"tahoma,arial,helvetica,sans-serif\" size=\"2\">Genel b&uuml;t\u00e7eden adalet hizmetlerine ayr\u0131lan pay, bu hizmetlerin tam ve zaman\u0131nda yap\u0131lmas\u0131n\u0131 sa\u011flayacak bir orana y&uuml;kseltilecektir.<\/font><\/span><\/font><\/p>\n<\/li>\n<li style=\"COLOR: #003399\">\n<p class=\"MsoTitle\" style=\"MARGIN: 0px 0cm; TEXT-ALIGN: justify\"><font color=\"#003399\"><span style=\"FONT-WEIGHT: normal; LINE-HEIGHT: 150%; FONT-FAMILY: Arial\"><font face=\"tahoma,arial,helvetica,sans-serif\" size=\"2\">Vatanda\u015flar\u0131n devlet kurulu\u015flar\u0131 ile olan ihtilaflar\u0131n\u0131n yarg\u0131 yoluna ba\u015fvurulmadan \u00e7&ouml;z&uuml;mlenmesi i\u00e7in gerekli idari ve yasal d&uuml;zenlemeler yap\u0131larak, kamu g&ouml;revlilerinin sorumluluktan ka\u00e7arak yapmalar\u0131 gereken i\u015fleri yarg\u0131ya havale etmeleri &ouml;nlenecektir.<\/font><\/span><\/font><\/p>\n<\/li>\n<li style=\"COLOR: #003399\">\n<p class=\"MsoTitle\" style=\"MARGIN: 0px 0cm; TEXT-ALIGN: justify\"><font color=\"#003399\"><span style=\"FONT-WEIGHT: normal; LINE-HEIGHT: 150%; FONT-FAMILY: Arial\"><font face=\"tahoma,arial,helvetica,sans-serif\" size=\"2\">Hukuk fak&uuml;ltesi &ouml;\u011fretim &uuml;yelerinin, hukuk alan\u0131nda akademik kariyer yapm\u0131\u015f ki\u015filerin ve &ouml;zellikle tecr&uuml;beli avukatlar\u0131n hakimlik mesle\u011fine ge\u00e7meleri kolayla\u015ft\u0131r\u0131larak personel a\u00e7\u0131\u011f\u0131 giderilecektir.<\/font><\/span><\/font><\/p>\n<\/li>\n<li style=\"COLOR: #003399\">\n<p class=\"MsoTitle\" style=\"MARGIN: 0px 0cm; TEXT-ALIGN: justify\"><font color=\"#003399\"><font face=\"tahoma,arial,helvetica,sans-serif\"><span style=\"FONT-WEIGHT: normal; LINE-HEIGHT: 150%; FONT-FAMILY: Arial\"><font size=\"2\">Ceza yarg\u0131lamas\u0131nda <\/font><\/span><span style=\"LINE-HEIGHT: 150%; FONT-FAMILY: Arial\"><font size=\"2\">savunma<\/font><\/span><span style=\"FONT-WEIGHT: normal; LINE-HEIGHT: 150%; FONT-FAMILY: Arial\"><font size=\"2\">y\u0131 temsil eden <\/font><\/span><span style=\"LINE-HEIGHT: 150%; FONT-FAMILY: Arial\"><font size=\"2\">avukat<\/font><\/span><span style=\"FONT-WEIGHT: normal; LINE-HEIGHT: 150%; FONT-FAMILY: Arial\"><font size=\"2\">\u0131n stat&uuml;s&uuml;, <\/font><\/span><span style=\"LINE-HEIGHT: 150%; FONT-FAMILY: Arial\"><font size=\"2\">iddia makam\u0131<\/font><\/span><span style=\"FONT-WEIGHT: normal; LINE-HEIGHT: 150%; FONT-FAMILY: Arial\"><font size=\"2\">n\u0131 temsil eden <\/font><\/span><span style=\"LINE-HEIGHT: 150%; FONT-FAMILY: Arial\"><font size=\"2\">savc\u0131<\/font><\/span><span style=\"FONT-WEIGHT: normal; LINE-HEIGHT: 150%; FONT-FAMILY: Arial\"><font size=\"2\">n\u0131n stat&uuml;s&uuml; ile denkle\u015ftirilecektir.<\/font><\/span><\/font><\/font><\/p>\n<\/li>\n<li style=\"COLOR: #003399\">\n<p class=\"MsoTitle\" style=\"MARGIN: 0px 0cm; TEXT-ALIGN: justify\"><font color=\"#003399\"><span style=\"FONT-WEIGHT: normal; LINE-HEIGHT: 150%; FONT-FAMILY: Arial\"><font face=\"tahoma,arial,helvetica,sans-serif\" size=\"2\">Davan\u0131n taraflar\u0131na davay\u0131 gereksiz yere uzatma imk\u00e2n\u0131 veren d&uuml;zenlemeler kald\u0131r\u0131lacak, davan\u0131n uzamas\u0131na yol a\u00e7an davran\u0131\u015flara izin verilmeyecektir.<\/font><\/span><\/font><\/p>\n<\/li>\n<li style=\"COLOR: #003399\">\n<p class=\"MsoTitle\" style=\"MARGIN: 0px 0cm; TEXT-ALIGN: justify\"><font color=\"#003399\"><span style=\"FONT-WEIGHT: normal; LINE-HEIGHT: 150%; FONT-FAMILY: Arial\"><font face=\"tahoma,arial,helvetica,sans-serif\" size=\"2\">Halen dava \u015feklinde g&ouml;r&uuml;len \u00e7eki\u015fmesiz yarg\u0131 i\u015fleri dava olmaktan \u00e7\u0131kar\u0131larak dava say\u0131s\u0131 azalt\u0131lacakt\u0131r. Dava kal\u0131b\u0131 i\u00e7inde g&ouml;r&uuml;len \u00e7eki\u015fmesiz yarg\u0131 i\u015flerinde de basitlik ve \u00e7abukluk sa\u011flanacakt\u0131r.<\/font><\/span><\/font><\/p>\n<\/li>\n<li style=\"COLOR: #003399\">\n<p class=\"MsoTitle\" style=\"MARGIN: 0px 0cm; TEXT-ALIGN: justify\"><font color=\"#003399\"><font face=\"tahoma,arial,helvetica,sans-serif\"><span style=\"FONT-WEIGHT: normal; LINE-HEIGHT: 150%; FONT-FAMILY: Arial\"><font size=\"2\">Mevzuattaki <\/font><\/span><span style=\"LINE-HEIGHT: 150%; FONT-FAMILY: Arial\"><font size=\"2\">dava a\u00e7ma<\/font><\/span><span style=\"FONT-WEIGHT: normal; LINE-HEIGHT: 150%; FONT-FAMILY: Arial\"><font size=\"2\">, <\/font><\/span><span style=\"LINE-HEIGHT: 150%; FONT-FAMILY: Arial\"><font size=\"2\">\u015fikayet<\/font><\/span><span style=\"FONT-WEIGHT: normal; LINE-HEIGHT: 150%; FONT-FAMILY: Arial\"><font size=\"2\">, <\/font><\/span><span style=\"LINE-HEIGHT: 150%; FONT-FAMILY: Arial\"><font size=\"2\">itiraz<\/font><\/span><span style=\"FONT-WEIGHT: normal; LINE-HEIGHT: 150%; FONT-FAMILY: Arial\"><font size=\"2\">, <\/font><\/span><span style=\"LINE-HEIGHT: 150%; FONT-FAMILY: Arial\"><font size=\"2\">temyiz<\/font><\/span><span style=\"FONT-WEIGHT: normal; LINE-HEIGHT: 150%; FONT-FAMILY: Arial\"><font size=\"2\">, <\/font><\/span><span style=\"LINE-HEIGHT: 150%; FONT-FAMILY: Arial\"><font size=\"2\">karar d&uuml;zeltme<\/font><\/span><span style=\"FONT-WEIGHT: normal; LINE-HEIGHT: 150%; FONT-FAMILY: Arial\"><font size=\"2\">, <\/font><\/span><span style=\"LINE-HEIGHT: 150%; FONT-FAMILY: Arial\"><font size=\"2\">zamana\u015f\u0131m\u0131<\/font><\/span><span style=\"FONT-WEIGHT: normal; LINE-HEIGHT: 150%; FONT-FAMILY: Arial\"><font size=\"2\"> ve <\/font><\/span><span style=\"LINE-HEIGHT: 150%; FONT-FAMILY: Arial\"><font size=\"2\">hak d&uuml;\u015f&uuml;m&uuml;<\/font><\/span><span style=\"FONT-WEIGHT: normal; LINE-HEIGHT: 150%; FONT-FAMILY: Arial\"><font size=\"2\"> gibi s&uuml;reler basitle\u015ftirilecektir.<\/font><\/span><\/font><\/font><\/p>\n<\/li>\n<li style=\"COLOR: #003399\">\n<p class=\"MsoTitle\" style=\"MARGIN: 0px 0cm; TEXT-ALIGN: justify\"><font color=\"#003399\"><font face=\"tahoma,arial,helvetica,sans-serif\"><span style=\"FONT-WEIGHT: normal; LINE-HEIGHT: 150%; FONT-FAMILY: Arial\"><font size=\"2\">Maddi imkans\u0131zl\u0131klar\u0131 nedeniyle hak arama &ouml;zg&uuml;rl&uuml;\u011f&uuml;nden yararlanamayanlar i\u00e7in &ouml;ng&ouml;r&uuml;len &#8220;<\/font><\/span><span style=\"LINE-HEIGHT: 150%; FONT-FAMILY: Arial\"><font size=\"2\">adli yard\u0131m<\/font><\/span><span style=\"FONT-WEIGHT: normal; LINE-HEIGHT: 150%; FONT-FAMILY: Arial\"><font size=\"2\">&#8221; m&uuml;essesesine i\u015flerlik kazand\u0131r\u0131lacakt\u0131r.<\/font><\/span><\/font><\/font><\/p>\n<\/li>\n<li style=\"COLOR: #003399\">\n<p class=\"MsoTitle\" style=\"MARGIN: 0px 0cm; TEXT-ALIGN: justify\"><font color=\"#003399\"><font face=\"tahoma,arial,helvetica,sans-serif\"><span style=\"FONT-WEIGHT: normal; LINE-HEIGHT: 150%; FONT-FAMILY: Arial\"><font size=\"2\">Ceza Hukuku alan\u0131ndaki son geli\u015fmelere g&ouml;re c&uuml;r&uuml;m kabul edilmeyen sosyal davran\u0131\u015flar su\u00e7 olmaktan \u00e7\u0131kar\u0131lacakt\u0131r. Kabahatler adli su\u00e7 kapsam\u0131ndan \u00e7\u0131kar\u0131larak &#8220;<\/font><\/span><span style=\"LINE-HEIGHT: 150%; FONT-FAMILY: Arial\"><font size=\"2\">&ouml;n &ouml;deme<\/font><\/span><span style=\"FONT-WEIGHT: normal; LINE-HEIGHT: 150%; FONT-FAMILY: Arial\"><font size=\"2\">&#8221; yoluna gitme imkanlar\u0131 geni\u015fletilecektir.<\/font><\/span><\/font><\/font><\/p>\n<\/li>\n<li style=\"COLOR: #003399\">\n<p class=\"MsoTitle\" style=\"MARGIN: 0px 0cm; TEXT-ALIGN: justify\"><font color=\"#003399\"><font face=\"tahoma,arial,helvetica,sans-serif\"><span style=\"FONT-WEIGHT: normal; LINE-HEIGHT: 150%; FONT-FAMILY: Arial\"><font size=\"2\">Bir <\/font><\/span><span style=\"LINE-HEIGHT: 150%; FONT-FAMILY: Arial\"><font size=\"2\">idari usul kanunu<\/font><\/span><span style=\"FONT-WEIGHT: normal; LINE-HEIGHT: 150%; FONT-FAMILY: Arial\"><font size=\"2\"> \u00e7\u0131kar\u0131larak idari i\u015flemlerin yap\u0131lmas\u0131ndaki yetki ve sorumluluk belirsizlikleri giderilerek i\u015flemlere a\u00e7\u0131kl\u0131k kazand\u0131r\u0131lacak, denetim kolayl\u0131\u011f\u0131 sa\u011flanacakt\u0131r.<\/font><\/span><\/font><\/font><\/p>\n<\/li>\n<li style=\"COLOR: #003399\">\n<p class=\"MsoTitle\" style=\"MARGIN: 0px 0cm; TEXT-ALIGN: justify\"><font color=\"#003399\"><font face=\"tahoma,arial,helvetica,sans-serif\"><span style=\"LINE-HEIGHT: 150%; FONT-FAMILY: Arial\"><font size=\"2\">\u0130stinaf mahkemeleri<\/font><\/span><span style=\"FONT-WEIGHT: normal; LINE-HEIGHT: 150%; FONT-FAMILY: Arial\"><font size=\"2\"> kurularak Yarg\u0131tay&#8217;\u0131n i\u015f y&uuml;k&uuml; hafifletilecek ve Yarg\u0131tay&#8217;\u0131n <\/font><\/span><span style=\"LINE-HEIGHT: 150%; FONT-FAMILY: Arial\"><font size=\"2\">i\u00e7tihat mahkemesi<\/font><\/span><span style=\"FONT-WEIGHT: normal; LINE-HEIGHT: 150%; FONT-FAMILY: Arial\"><font size=\"2\"> olma fonksiyonu &ouml;ne \u00e7\u0131kar\u0131lacakt\u0131r.<\/font><\/span><\/font><\/font><\/p>\n<\/li>\n<\/ul>\n<p class=\"MsoTitle\" style=\"MARGIN: 0px 0cm; TEXT-ALIGN: justify\"><span style=\"FONT-WEIGHT: normal; LINE-HEIGHT: 150%; FONT-FAMILY: Arial\"><font face=\"tahoma,arial,helvetica,sans-serif\" color=\"#003399\" size=\"2\">Sistemin, nitelikli personel, mekan ve ara\u00e7-gere\u00e7 ihtiya\u00e7lar\u0131n\u0131n kar\u015f\u0131lanmas\u0131 zaman\u0131nda ve tam adaletin tecellisi i\u00e7in zorunludur. Bu ama\u00e7la;<\/font><\/span><\/p>\n<p class=\"MsoTitle\" style=\"MARGIN: 0px 0cm; TEXT-ALIGN: justify\"><font face=\"tahoma,arial,helvetica,sans-serif\">&nbsp;<\/font><\/p>\n<p class=\"MsoTitle\" style=\"MARGIN: 0px 0cm; TEXT-ALIGN: justify\"><font color=\"#003399\"><font face=\"tahoma,arial,helvetica,sans-serif\"><span style=\"FONT-WEIGHT: normal; LINE-HEIGHT: 150%; FONT-FAMILY: Arial\"><font size=\"2\">Adliyeler, \u00e7a\u011f\u0131n geli\u015fmelerine ve hizmetin gereklerine uygun bir \u015fekilde modern ara\u00e7 ve gere\u00e7lerle donat\u0131lacakt\u0131r. Mahkemelerin elektronik ar\u015fiv imkanlar\u0131ndan yararlanmas\u0131 sa\u011flanarak gerekli bilgi ve belgeler ile emsal kararlara zaman\u0131nda eri\u015fim m&uuml;mk&uuml;n hale getirilecek, <\/font><\/span><span style=\"LINE-HEIGHT: 150%; FONT-FAMILY: Arial\"><font size=\"2\">yarg\u0131 organlar\u0131 aras\u0131nda kurulacak bir bilgi a\u011f\u0131<\/font><\/span><span style=\"FONT-WEIGHT: normal; LINE-HEIGHT: 150%; FONT-FAMILY: Arial\"><font size=\"2\"> ile adli sistemi bilgi toplumuna ta\u015f\u0131yacak bir d&uuml;zen olu\u015fturulacakt\u0131r.<\/font><\/span><\/font><\/font><\/p>\n<p class=\"MsoTitle\" style=\"MARGIN: 0px 0cm; TEXT-ALIGN: justify\"><font face=\"tahoma,arial,helvetica,sans-serif\">&nbsp;<\/font><\/p>\n<p class=\"MsoTitle\" style=\"MARGIN: 0px 0cm; TEXT-ALIGN: justify\"><span style=\"FONT-WEIGHT: normal; LINE-HEIGHT: 150%; FONT-FAMILY: Arial\"><font face=\"tahoma,arial,helvetica,sans-serif\" color=\"#003399\" size=\"2\">\u0130nfaz mevzuat\u0131 \u00e7a\u011fda\u015f normlara uygun hale getirilecek, modern bir &ouml;rg&uuml;tlenme, yeterli say\u0131da personel ve fiziki imkanlar\u0131n sa\u011flanmas\u0131yla ceza ve tutukevlerinin sorunlar\u0131 \u00e7&ouml;z&uuml;lecektir.<\/font><\/span><\/p>\n<p class=\"MsoTitle\" style=\"MARGIN: 0px 0cm; TEXT-ALIGN: justify\"><font face=\"tahoma,arial,helvetica,sans-serif\">&nbsp;<\/font><\/p>\n<p class=\"MsoTitle\" style=\"MARGIN: 0px 0cm; TEXT-ALIGN: justify\"><span style=\"FONT-WEIGHT: normal; LINE-HEIGHT: 150%; FONT-FAMILY: Arial\"><font face=\"tahoma,arial,helvetica,sans-serif\" color=\"#003399\" size=\"2\">Bu \u00e7er\u00e7evede;<\/font><\/span><\/p>\n<ul>\n<li style=\"COLOR: #003399\">\n<p class=\"MsoTitle\" style=\"MARGIN: 0px 0cm; TEXT-ALIGN: justify\"><font color=\"#003399\"><span style=\"FONT-WEIGHT: normal; LINE-HEIGHT: 150%; FONT-FAMILY: Arial\"><font face=\"tahoma,arial,helvetica,sans-serif\" size=\"2\">\u0130nfaz hizmetlerinde, tutuklu ve h&uuml;k&uuml;ml&uuml;lerin kald\u0131\u011f\u0131 mekanlar ayr\u0131lacak, ceza infaz kurumlar\u0131n\u0131n personel ve fiziki alt yap\u0131 yetersizlikleri giderilecektir. Haz\u0131rlanacak yeni infaz kanununda tutuklu ve h&uuml;k&uuml;ml&uuml;lerin asgari haklar\u0131 belirlenecek ve alternatif ceza infaz y&ouml;ntemleri geli\u015ftirilecektir.<\/font><\/span><\/font><\/p>\n<\/li>\n<li style=\"COLOR: #003399\">\n<p class=\"MsoTitle\" style=\"MARGIN: 0px 0cm; TEXT-ALIGN: justify\"><font color=\"#003399\"><span style=\"FONT-WEIGHT: normal; LINE-HEIGHT: 150%; FONT-FAMILY: Arial\"><font face=\"tahoma,arial,helvetica,sans-serif\" size=\"2\">Adli sicil kay\u0131tlar\u0131n\u0131n tutulmas\u0131nda daha d&uuml;zenli bir sisteme ge\u00e7ilecek, sab\u0131ka kay\u0131tlar\u0131n\u0131n silinmesindeki ihmallerin hak mahrumiyeti do\u011furmas\u0131 engellenecektir.<\/font><\/span><\/font><\/p>\n<\/li>\n<li style=\"COLOR: #003399\">\n<p class=\"MsoTitle\" style=\"MARGIN: 0px 0cm; TEXT-ALIGN: justify\"><font color=\"#003399\"><span style=\"FONT-WEIGHT: normal; LINE-HEIGHT: 150%; FONT-FAMILY: Arial\"><font face=\"tahoma,arial,helvetica,sans-serif\" size=\"2\">Ki\u015filerin idari kararlarla kamu haklar\u0131ndan mahrum b\u0131rak\u0131lmalar\u0131n\u0131n &ouml;n&uuml;ne ge\u00e7ilecek, kamu haklar\u0131ndan mahrumiyette yarg\u0131 karar\u0131 zorunlu hale getirilecektir.<\/font><\/span><\/font><\/p>\n<\/li>\n<\/ul>\n<p style=\"MARGIN-TOP: 0px; MARGIN-BOTTOM: 0px\"><font color=\"#003399\"><font face=\"tahoma,arial,helvetica,sans-serif\"><b><span lang=\"EN-US\" style=\"FONT-FAMILY: Arial\"><font size=\"2\">Parlamentonun <\/font><\/span><\/b><span lang=\"EN-US\" style=\"FONT-FAMILY: Arial\"><font size=\"2\">af yetkisi<\/font><b><font size=\"2\"> sadece devlete kar\u015f\u0131 i\u015flenen su\u00e7larla s\u0131n\u0131rl\u0131 hale getirilecek, ki\u015filere ve mallara kar\u015f\u0131 i\u015flenen su\u00e7larda ise ma\u011fdurlar\u0131n r\u0131zas\u0131n\u0131 arayan ve haklar\u0131n\u0131 koruyan bir sistem olu\u015fturulacakt\u0131r.<\/font><\/b><\/span><\/font><\/font><\/p>\n<p style=\"MARGIN-TOP: 0px; MARGIN-BOTTOM: 0px\" align=\"justify\"><font face=\"tahoma,arial,helvetica,sans-serif\">&nbsp;<\/font><\/p>\n<p><font face=\"tahoma,arial,helvetica,sans-serif\"><\/p>\n<hr width=\"90%\" color=\"#5876b2\" size=\"1\" \/><\/font><\/p>\n<p class=\"MsoHeading7\" style=\"MARGIN-TOP: 0px; MARGIN-BOTTOM: 0px\" align=\"justify\"><font face=\"tahoma,arial,helvetica,sans-serif\">&nbsp;<\/font><\/p>\n<p class=\"MsoHeading7\" style=\"MARGIN-TOP: 0px; MARGIN-BOTTOM: 0px\" align=\"justify\"><b><font face=\"tahoma,arial,helvetica,sans-serif\" color=\"#003399\" size=\"2\"><a name=\"V. Y\u00d6NET\u0130M\u0130N YEN\u0130DEN YAPILANDIRILMASI\">V. Y&Ouml;NET\u0130M\u0130N YEN\u0130DEN YAPILANDIRILMASI<\/a><\/font><\/b><\/p>\n<h1 style=\"MARGIN: 0px; TEXT-ALIGN: justify\"><font face=\"tahoma,arial,helvetica,sans-serif\" color=\"#003399\" size=\"2\"><a name=\"A- DEVLET\u0130N DE\u011e\u0130\u015eEN ROL\u00dc\">A- DEVLET\u0130N DE\u011e\u0130\u015eEN ROL&Uuml;<\/a><\/font><\/h1>\n<p class=\"MsoNormal\" style=\"MARGIN-TOP: 0px; MARGIN-BOTTOM: 0px; TEXT-ALIGN: justify\"><font face=\"tahoma,arial,helvetica,sans-serif\" color=\"#003399\" size=\"2\">K&uuml;reselle\u015fme ve bilgi toplumuna d&ouml;n&uuml;k geli\u015fmeler, geleneksel devlet ve y&ouml;netim yakla\u015f\u0131mlar\u0131n\u0131 b&uuml;y&uuml;k &ouml;l\u00e7&uuml;de ge\u00e7ersiz hale getirmektedir. Devletin toplum &uuml;zerindeki geleneksel kontrol ve m&uuml;dahalesi azalmakta, yerel ve uluslar &uuml;st&uuml; d&uuml;zeylerde \u00e7ok akt&ouml;rl&uuml;&nbsp; politikalar olu\u015fturulmaktad\u0131r.<\/font><\/p>\n<p class=\"MsoNormal\" style=\"MARGIN: 0px 0cm; TEXT-ALIGN: justify\"><font face=\"tahoma,arial,helvetica,sans-serif\" color=\"#003399\" size=\"2\"><b>AK PART\u0130, bu yeni s&uuml;re\u00e7te devletin, do\u011frudan m&uuml;dahale ve &uuml;retim yapmas\u0131ndan \u00e7ok, politika olu\u015fturma, kaynak yaratma, standart koyma ve denetim yapmas\u0131ndan yanad\u0131r.<\/b><\/font><\/p>\n<p class=\"MsoNormal\" style=\"MARGIN: 0px 0cm; TEXT-ALIGN: justify\"><font face=\"tahoma,arial,helvetica,sans-serif\" color=\"#003399\" size=\"2\">21. y&uuml;zy\u0131l\u0131n demokratik devletinde, y&ouml;neticilerin <b>hesap verme sorumlulu\u011fu, kat\u0131l\u0131mc\u0131l\u0131k, &ouml;ng&ouml;r&uuml;lebilirlik ve \u015feffafl\u0131k<\/b>, temel unsurlar olarak &ouml;ne \u00e7\u0131kmaktad\u0131r.<\/font><\/p>\n<p class=\"MsoNormal\" style=\"MARGIN: 0px 0cm; TEXT-ALIGN: justify\"><font color=\"#003399\" size=\"2\"><font face=\"tahoma,arial,helvetica,sans-serif\"><b>AK PART\u0130<\/b>, devletin i\u015flevlerinin bu geli\u015fmelere uyumlu hale getirilmesi i\u00e7in:<\/font><\/font><\/p>\n<p class=\"MsoNormal\" style=\"MARGIN: 0px 0cm; TEXT-ALIGN: justify\"><font face=\"tahoma,arial,helvetica,sans-serif\">&nbsp;<\/font><\/p>\n<p class=\"MsoNormal\" style=\"MARGIN-TOP: 0px; MARGIN-BOTTOM: 0px; TEXT-ALIGN: justify\"><font face=\"tahoma,arial,helvetica,sans-serif\" color=\"#003399\" size=\"2\">\u00b7 H&uuml;k&uuml;metin ve kamu y&ouml;neticilerinin <b>hesap verme sorumlulu\u011fu<\/b>nu a\u00e7\u0131k\u00e7a kabul etmektedir.<\/font><\/p>\n<p class=\"MsoNormal\" style=\"MARGIN-TOP: 0px; MARGIN-BOTTOM: 0px; TEXT-ALIGN: justify\"><font color=\"#003399\"><font face=\"tahoma,arial,helvetica,sans-serif\"><font size=\"2\">\u00b7<\/font><span style=\"FONT-WEIGHT: normal; FONT-STYLE: normal; FONT-FAMILY: Arial; FONT-VARIANT: normal\"><font size=\"2\">&nbsp;<\/font><\/span><b><font size=\"2\">Kat\u0131l\u0131mc\u0131l\u0131\u011f\u0131<\/font><\/b><font size=\"2\">, kamu kesimi ile toplum aras\u0131nda diyalogu ve i\u015fbirli\u011fini besleyecek etkin bir mekanizma olarak desteklemektedir.<\/font><\/font><\/font><\/p>\n<p class=\"MsoNormal\" style=\"MARGIN-TOP: 0px; MARGIN-BOTTOM: 0px; TEXT-ALIGN: justify\"><font face=\"tahoma,arial,helvetica,sans-serif\" color=\"#003399\" size=\"2\">\u00b7Y&ouml;netim ve karar alma s&uuml;recinin her a\u015famas\u0131nda toplam kalite anlay\u0131\u015f\u0131 benimsenerek, belirsizlikler azalt\u0131lacak ve &#8220;<b>&ouml;ng&ouml;r&uuml;lebilir<\/b>&#8221; bir y&ouml;netim sa\u011flanacakt\u0131r.<\/font><\/p>\n<p class=\"MsoNormal\" style=\"MARGIN-TOP: 0px; MARGIN-BOTTOM: 0px; TEXT-ALIGN: justify\"><font face=\"tahoma,arial,helvetica,sans-serif\" color=\"#003399\" size=\"2\">\u00b7 Kamuda yap\u0131lan kaynak kullanma ve aktar\u0131mlar\u0131 toplumun bilgisine a\u00e7\u0131larak yolsuzluklara imkan vermeyen <b>\u015feffaf<\/b> devlet anlay\u0131\u015f\u0131n\u0131 yerle\u015ftirecektir.<\/font><\/p>\n<p class=\"MsoNormal\" style=\"MARGIN-TOP: 0px; MARGIN-BOTTOM: 0px; TEXT-ALIGN: justify\"><font face=\"tahoma,arial,helvetica,sans-serif\">&nbsp;<\/font><\/p>\n<p class=\"MsoNormal\" style=\"MARGIN: 0px 0cm; TEXT-ALIGN: justify\"><font face=\"tahoma,arial,helvetica,sans-serif\" color=\"#003399\" size=\"2\"><b>Bu geli\u015fmeler \u00e7er\u00e7evesinde Devletin rol&uuml;;<\/b><\/font><\/p>\n<\/blockquote>\n<p class=\"MsoNormal\" style=\"MARGIN: 0px 0cm 0px 2cm; TEXT-ALIGN: justify\"><font face=\"tahoma,arial,helvetica,sans-serif\" color=\"#003399\" size=\"2\">\u00b7Adaleti tesis etmek,<\/font><\/p>\n<p class=\"MsoNormal\" style=\"MARGIN: 0px 0cm 0px 2cm; TEXT-ALIGN: justify\"><font face=\"tahoma,arial,helvetica,sans-serif\" color=\"#003399\" size=\"2\">\u00b7\u0130\u00e7 ve d\u0131\u015f g&uuml;venli\u011fi sa\u011flamak,<\/font><\/p>\n<p class=\"MsoNormal\" style=\"MARGIN: 0px 0cm 0px 2cm; TEXT-ALIGN: justify\"><font face=\"tahoma,arial,helvetica,sans-serif\" color=\"#003399\" size=\"2\">\u00b7Makro ekonomik dengeleri ve istikrar\u0131 sa\u011flamak,<\/font><\/p>\n<p class=\"MsoNormal\" style=\"MARGIN: 0px 0cm 0px 2cm; TEXT-ALIGN: justify\"><font face=\"tahoma,arial,helvetica,sans-serif\" color=\"#003399\" size=\"2\">\u00b7Makro d&uuml;zeyde, esnek ve kat\u0131l\u0131mc\u0131 &ouml;zelliklere sahip planlama yapmak,<\/font><\/p>\n<p class=\"MsoNormal\" style=\"MARGIN: 0px 0cm 0px 2cm; TEXT-ALIGN: justify\"><font face=\"tahoma,arial,helvetica,sans-serif\" color=\"#003399\" size=\"2\">\u00b7Sosyal ve b&ouml;lgesel dengesizlikleri gidermeye y&ouml;nelik tedbirleri almak,<\/font><\/p>\n<p class=\"MsoNormal\" style=\"MARGIN: 0px 0cm 0px 2cm; TEXT-ALIGN: justify\"><font face=\"tahoma,arial,helvetica,sans-serif\" color=\"#003399\" size=\"2\">\u00b7E\u011fitim ve sa\u011fl\u0131kla ilgili temel hizmetleri y&uuml;r&uuml;tmek,<\/font><\/p>\n<p class=\"MsoNormal\" style=\"MARGIN: 0px 0cm 0px 2cm; TEXT-ALIGN: justify\"><font face=\"tahoma,arial,helvetica,sans-serif\" color=\"#003399\" size=\"2\">\u00b7Koydu\u011fu standartlara g&ouml;re denetim yapmakla s\u0131n\u0131rl\u0131 kalacakt\u0131r.<\/font><\/p>\n<h5 style=\"MARGIN: 0px 0cm 0px 54pt; TEXT-INDENT: 0px; LINE-HEIGHT: 100%\"><font face=\"tahoma,arial,helvetica,sans-serif\">&nbsp;<\/font><\/h5>\n<h5 style=\"MARGIN: 0px 0cm 0px 54pt; LINE-HEIGHT: 100%\"><font color=\"#003399\"><a name=\"B-\u00a0\u00a0\u00a0 DEVLETTE \u015eEFFAF Y\u00d6NET\u0130M\"><font face=\"tahoma,arial,helvetica,sans-serif\" size=\"2\">B-DEVLETTE \u015eEFFAF Y&Ouml;NET\u0130M<\/font><\/a><\/font><\/h5>\n<blockquote>\n<p class=\"MsoNormal\" style=\"MARGIN-TOP: 0px; MARGIN-BOTTOM: 0px; MARGIN-LEFT: 0cm; TEXT-ALIGN: justify\"><font face=\"tahoma,arial,helvetica,sans-serif\" color=\"#003399\" size=\"2\">T&uuml;rkiye&#8217;nin mevcut y&ouml;netim yap\u0131s\u0131, k&uuml;resel \u015fartlar\u0131n ve toplumun geli\u015fme iradesinin gerisinde kalm\u0131\u015ft\u0131r. Demokratik kurallara g&ouml;re i\u015flemeyen verimsiz kamu y&ouml;netimi sistemimiz, <b>devlet ile halk aras\u0131nda g&uuml;ven bunal\u0131m\u0131<\/b> do\u011furmaktad\u0131r.<\/font><\/p>\n<p class=\"MsoNormal\" style=\"MARGIN-TOP: 0px; MARGIN-BOTTOM: 0px; MARGIN-LEFT: 0cm; TEXT-ALIGN: justify\"><font face=\"tahoma,arial,helvetica,sans-serif\">&nbsp;<\/font><\/p>\n<p class=\"MsoNormal\" style=\"MARGIN-TOP: 0px; MARGIN-BOTTOM: 0px; MARGIN-LEFT: 0cm; TEXT-ALIGN: justify\"><font color=\"#003399\" size=\"2\"><font face=\"tahoma,arial,helvetica,sans-serif\"><b>Demokratik bir devlet<\/b> anlay\u0131\u015f\u0131 ile <b>rekabet\u00e7i bir piyasa<\/b> aras\u0131nda <b>tamamlay\u0131c\u0131l\u0131k ili\u015fkisi<\/b> bulunmaktad\u0131r. <b>Toplumlar\u0131n temel ihtiya\u00e7lar\u0131n\u0131n kar\u015f\u0131lanmas\u0131nda, devlet, piyasa ve sivil toplum i\u015fbirli\u011fi<\/b> <b>ka\u00e7\u0131n\u0131lmaz hale gelmi\u015ftir. <\/b>Halk\u0131m\u0131z\u0131n temel ihtiya\u00e7lar\u0131n\u0131 kar\u015f\u0131lamakta zorlanan mevcut devlet yap\u0131m\u0131z<b>;<\/b><\/font><\/font><\/p>\n<\/blockquote>\n<p class=\"MsoNormal\" style=\"MARGIN: 0px 0cm 0px 51.05pt; TEXT-ALIGN: justify\"><font color=\"#003399\"><font face=\"tahoma,arial,helvetica,sans-serif\"><font size=\"2\">\u00b7<\/font><b><font size=\"2\">Merkeziyet\u00e7i ve kat\u0131 hiyerar\u015fik yap\u0131dad\u0131r,<\/font><\/b><\/font><\/font><\/p>\n<p class=\"MsoNormal\" style=\"MARGIN: 0px 0cm 0px 51.05pt; TEXT-ALIGN: justify\"><font color=\"#003399\"><font face=\"tahoma,arial,helvetica,sans-serif\"><font size=\"2\">\u00b7<\/font><b><font size=\"2\">Toplumsal denetim ve kat\u0131l\u0131ma kapal\u0131d\u0131r,<\/font><\/b><\/font><\/font><\/p>\n<p class=\"MsoNormal\" style=\"MARGIN: 0px 0cm 0px 51.05pt; TEXT-ALIGN: justify\"><font color=\"#003399\"><font face=\"tahoma,arial,helvetica,sans-serif\"><font size=\"2\">\u00b7<\/font><b><font size=\"2\">K\u0131rtasiyeci, \u015fekilci ve verimsizdir,<\/font><\/b><\/font><\/font><\/p>\n<p class=\"MsoNormal\" style=\"MARGIN: 0px 0cm 0px 51.05pt; TEXT-ALIGN: justify\"><font color=\"#003399\"><font face=\"tahoma,arial,helvetica,sans-serif\"><font size=\"2\">\u00b7<\/font><b><font size=\"2\">H\u0131zla b&uuml;y&uuml;mekte ve hantalla\u015fmaktad\u0131r,<\/font><\/b><\/font><\/font><\/p>\n<p class=\"MsoNormal\" style=\"MARGIN: 0px 0cm 0px 51.05pt; TEXT-ALIGN: justify\"><font color=\"#003399\"><font face=\"tahoma,arial,helvetica,sans-serif\"><font size=\"2\">\u00b7<\/font><b><font size=\"2\">Yolsuzlu\u011fa a\u00e7\u0131kt\u0131r ve siyaseti yozla\u015ft\u0131rmaktad\u0131r.<\/font><\/b><\/font><\/font><\/p>\n<blockquote>\n<p class=\"MsoNormal\" style=\"MARGIN: 0px 0cm; TEXT-ALIGN: justify\"><font face=\"tahoma,arial,helvetica,sans-serif\" color=\"#003399\" size=\"2\">Kamu y&ouml;netimi sistemimizin \u00e7a\u011fda\u015f y&ouml;netim anlay\u0131\u015f\u0131na uygun bir \u015fekilde d&ouml;n&uuml;\u015ft&uuml;r&uuml;lmesi gerekmektedir. <b>AK PART\u0130<\/b>, bu d&ouml;n&uuml;\u015f&uuml;m&uuml; sa\u011flama kararl\u0131l\u0131\u011f\u0131ndad\u0131r.<\/font><\/p>\n<p class=\"MsoNormal\" style=\"MARGIN: 0px 0cm; TEXT-ALIGN: justify\"><font face=\"tahoma,arial,helvetica,sans-serif\">&nbsp;<\/font><\/p>\n<p class=\"MsoNormal\" style=\"MARGIN: 0px 0cm; TEXT-ALIGN: justify\"><font face=\"tahoma,arial,helvetica,sans-serif\" color=\"#003399\" size=\"2\"><b>1. Merkeziyet\u00e7i ve kat\u0131 hiyerar\u015fik yap\u0131lar\u0131n a\u015f\u0131lmas\u0131 i\u00e7in;<\/b><\/font><\/p>\n<p class=\"MsoNormal\" style=\"MARGIN-TOP: 0px; MARGIN-BOTTOM: 0px; TEXT-ALIGN: justify\"><font face=\"tahoma,arial,helvetica,sans-serif\" color=\"#003399\" size=\"2\">\u00b7Ulusal &ouml;ncelikler ile yerel farkl\u0131l\u0131klar bar\u0131\u015ft\u0131r\u0131larak kamu <b>hizmetlerinin yerinden kar\u015f\u0131lanmas\u0131<\/b> temel ilke olacak, devlet taraf\u0131ndan y&uuml;r&uuml;t&uuml;lmesi zorunlu olmayan hizmetler, kaynaklar\u0131yla birlikte yerel y&ouml;netimlere devredilecektir.<\/font><\/p>\n<p class=\"MsoNormal\" style=\"MARGIN-TOP: 0px; MARGIN-BOTTOM: 0px; TEXT-ALIGN: justify\"><font face=\"tahoma,arial,helvetica,sans-serif\" color=\"#003399\" size=\"2\">\u00b7Yerel d&uuml;zeyde demokratikle\u015fmeye &ouml;nem verilecek, se\u00e7imlerle olu\u015fan yerel organlar &uuml;zerindeki <b>merkezi idarenin denetimi hukuka uygunluk denetimi <\/b>ile s\u0131n\u0131rlanacakt\u0131r.<\/font><\/p>\n<p class=\"MsoNormal\" style=\"MARGIN-TOP: 0px; MARGIN-BOTTOM: 0px; TEXT-ALIGN: justify\"><font face=\"tahoma,arial,helvetica,sans-serif\" color=\"#003399\" size=\"2\">\u00b7G&ouml;revi ba\u015f\u0131nda kalmas\u0131 sak\u0131ncal\u0131 g&ouml;r&uuml;len belediye ba\u015fkanlar\u0131n\u0131n g&ouml;revden uzakla\u015ft\u0131r\u0131lmas\u0131, mahallin en y&uuml;ksek m&uuml;lki amirinin iste\u011fi &uuml;zerine ancak mahkeme karar\u0131 ile olacakt\u0131r.<\/font><\/p>\n<p class=\"MsoNormal\" style=\"MARGIN-TOP: 0px; MARGIN-BOTTOM: 0px; TEXT-ALIGN: justify\"><font color=\"#003399\"><font face=\"tahoma,arial,helvetica,sans-serif\"><font size=\"2\">\u00b7<\/font><span style=\"FONT-WEIGHT: normal; FONT-STYLE: normal; FONT-FAMILY: Arial; FONT-VARIANT: normal\"><font size=\"2\">&nbsp;<\/font><\/span><b><font size=\"2\">&#8220;Devlette Genel Kurumsal G&ouml;zden Ge\u00e7irme&#8221;<\/font><\/b><font size=\"2\"> \u00e7al\u0131\u015fmas\u0131 yap\u0131larak, bakanl\u0131klar\u0131n say\u0131s\u0131 ve &ouml;l\u00e7ekleri, ilgili ve ba\u011fl\u0131 kurulu\u015flar ile di\u011fer kamu kurulu\u015flar\u0131n\u0131n bir b&uuml;t&uuml;n olarak g&ouml;revleri yeniden tan\u0131mlanacakt\u0131r.<\/font><\/font><\/font><\/p>\n<p class=\"MsoNormal\" style=\"MARGIN-TOP: 0px; MARGIN-BOTTOM: 0px; TEXT-ALIGN: justify\"><font color=\"#003399\"><font face=\"tahoma,arial,helvetica,sans-serif\"><font size=\"2\">\u00b7<\/font><span style=\"FONT-WEIGHT: normal; FONT-STYLE: normal; FONT-FAMILY: Arial; FONT-VARIANT: normal\"><font size=\"2\">&nbsp;<\/font><\/span><font size=\"2\">Merkezi y&ouml;netimdeki gereksiz kurulu\u015flar elenecek, benzer i\u015flevler g&ouml;ren yap\u0131lar birle\u015ftirilecek ve kurulu\u015f i\u00e7i y&ouml;netim kademeleri azalt\u0131larak, i\u015flemler basitle\u015ftirilecektir.<\/font><\/font><\/font><\/p>\n<p class=\"MsoNormal\" style=\"MARGIN-TOP: 0px; MARGIN-BOTTOM: 0px; TEXT-ALIGN: justify\"><font face=\"tahoma,arial,helvetica,sans-serif\">&nbsp;<\/font><\/p>\n<p class=\"MsoNormal\" style=\"MARGIN: 0px 0cm; TEXT-ALIGN: justify\"><font face=\"tahoma,arial,helvetica,sans-serif\" color=\"#003399\" size=\"2\"><b>2. Toplumsal denetim ve kat\u0131l\u0131m\u0131n art\u0131r\u0131lmas\u0131 i\u00e7in;<\/b><\/font><\/p>\n<p class=\"MsoNormal\" style=\"MARGIN-TOP: 0px; MARGIN-BOTTOM: 0px; TEXT-ALIGN: justify\"><font face=\"tahoma,arial,helvetica,sans-serif\" color=\"#003399\" size=\"2\">\u00b7Bilgi edinme hakk\u0131, toplumun b&uuml;t&uuml;n kesimlerine yayg\u0131nla\u015ft\u0131r\u0131lacak ve bunu sa\u011flamak i\u00e7in &#8220;<b>Vatanda\u015f\u0131n Bilgi Edinme Hakk\u0131 Kanunu<\/b>&#8221; \u00e7\u0131kar\u0131lacakt\u0131r<\/font><\/p>\n<p class=\"MsoNormal\" style=\"MARGIN-TOP: 0px; MARGIN-BOTTOM: 0px; TEXT-ALIGN: justify\"><font color=\"#003399\"><font face=\"tahoma,arial,helvetica,sans-serif\"><font size=\"2\">\u00b7<\/font><span style=\"FONT-WEIGHT: normal; FONT-STYLE: normal; FONT-FAMILY: Arial; FONT-VARIANT: normal\"><font size=\"2\">&nbsp;<\/font><\/span><font size=\"2\">Yeni bilgi ve ileti\u015fim teknolojilerinden yararlan\u0131larak, kamu kurulu\u015flar\u0131n\u0131n hizmet ve i\u015flemleri halka duyurulacak, y&ouml;netimde \u015feffafl\u0131k sa\u011flanacakt\u0131r.<\/font><\/font><\/font><\/p>\n<p class=\"MsoNormal\" style=\"MARGIN-TOP: 0px; MARGIN-BOTTOM: 0px; TEXT-ALIGN: justify\"><font face=\"tahoma,arial,helvetica,sans-serif\" color=\"#003399\" size=\"2\">\u00b7&Uuml;lkenin gelece\u011fini ilgilendiren &ouml;nemli konularda toplumun tercihlerine uygun kararlar al\u0131nabilmesi i\u00e7in, <b>referandum<\/b> yolu a\u00e7\u0131k tutulacakt\u0131r.<\/font><\/p>\n<p class=\"MsoNormal\" style=\"MARGIN-TOP: 0px; MARGIN-BOTTOM: 0px; TEXT-ALIGN: justify\"><font face=\"tahoma,arial,helvetica,sans-serif\" color=\"#003399\" size=\"2\">\u00b7Kamuda verimlili\u011fin art\u0131r\u0131lmas\u0131 ve \u015feffafl\u0131\u011f\u0131n sa\u011flanmas\u0131 i\u00e7in hizmet birimlerinin, parlamentoya ve kamuoyuna performans raporu sunmalar\u0131 sa\u011flanacakt\u0131r.<\/font><\/p>\n<p class=\"MsoHeading7\" style=\"MARGIN-TOP: 0px; MARGIN-BOTTOM: 0px\" align=\"justify\"><font face=\"tahoma,arial,helvetica,sans-serif\">&nbsp;<\/font><\/p>\n<p class=\"MsoHeading7\" style=\"MARGIN-TOP: 0px; MARGIN-BOTTOM: 0px\" align=\"justify\"><b><font face=\"tahoma,arial,helvetica,sans-serif\" color=\"#003399\" size=\"2\">3. K\u0131rtasiyecilik, \u015fekilcilik ve verimsizli\u011fin azalt\u0131lmas\u0131 i\u00e7in<\/font><\/b><\/p>\n<p class=\"MsoNormal\" style=\"MARGIN-TOP: 0px; MARGIN-BOTTOM: 0px; TEXT-ALIGN: justify\"><font face=\"tahoma,arial,helvetica,sans-serif\" color=\"#003399\" size=\"2\">\u00b7Vatanda\u015fa do\u011frudan hizmet sa\u011flayan alanlarda mevzuat azalt\u0131lacak ve idari usuller sadele\u015ftirilecektir.<\/font><\/p>\n<p class=\"MsoNormal\" style=\"MARGIN-TOP: 0px; MARGIN-BOTTOM: 0px; TEXT-ALIGN: justify\"><font face=\"tahoma,arial,helvetica,sans-serif\" color=\"#003399\" size=\"2\">\u00b7Kamu kurulu\u015flar\u0131nda bilgi ve ileti\u015fim teknolojileri azami &ouml;l\u00e7&uuml;de kullan\u0131larak, <b>e-Devlet<\/b> uygulamas\u0131 yayg\u0131nla\u015ft\u0131r\u0131lacakt\u0131r.<\/font><\/p>\n<p class=\"MsoNormal\" style=\"MARGIN-TOP: 0px; MARGIN-BOTTOM: 0px; TEXT-ALIGN: justify\"><font face=\"tahoma,arial,helvetica,sans-serif\" color=\"#003399\" size=\"2\">\u00b7Kamu y&ouml;netiminde &#8220;<b>beyana g&uuml;ven ilkesi<\/b>&#8221; esas al\u0131nacak, aksi kan\u0131tlanana kadar&nbsp; vatanda\u015f\u0131n beyan\u0131 do\u011fru kabul edilecektir. Bu ilkeyi suistimal edenlere verilecek cezalar art\u0131r\u0131lacakt\u0131r.<\/font><\/p>\n<p class=\"MsoNormal\" style=\"MARGIN-TOP: 0px; MARGIN-BOTTOM: 0px; TEXT-ALIGN: justify\"><font face=\"tahoma,arial,helvetica,sans-serif\" color=\"#003399\" size=\"2\">\u00b7\u0130\u015flerin gecikmesine ve yat\u0131r\u0131mc\u0131n\u0131n caymas\u0131na yol a\u00e7an b&uuml;rokratik engeller kald\u0131r\u0131lacak, gerekli bilgi ve belgelerin tek birimden temini sa\u011flanarak, m&uuml;kerrer belge ve bilgi talepleri &ouml;nlenecektir.<\/font><\/p>\n<p class=\"MsoNormal\" style=\"MARGIN-TOP: 0px; MARGIN-BOTTOM: 0px; TEXT-ALIGN: justify\"><font face=\"tahoma,arial,helvetica,sans-serif\">&nbsp;<\/font><\/p>\n<h5 style=\"MARGIN: 0px 0cm 0px 18pt; LINE-HEIGHT: 100%\"><font face=\"tahoma,arial,helvetica,sans-serif\" color=\"#003399\" size=\"2\">4. &Ouml;rg&uuml;tsel b&uuml;y&uuml;me ve hantall\u0131\u011f\u0131n giderilmesi i\u00e7in;<\/font><\/h5>\n<p class=\"MsoNormal\" style=\"MARGIN-TOP: 0px; MARGIN-BOTTOM: 0px; TEXT-ALIGN: justify\"><font face=\"tahoma,arial,helvetica,sans-serif\" color=\"#003399\" size=\"2\">\u00b7Kamu personeli e\u011fitilerek, &#8220;<b>esnek uzmanla\u015fma<\/b>&#8221; k&uuml;lt&uuml;r&uuml; yerle\u015ftirilecek, ge\u00e7ici ve &ouml;nemsiz i\u015fler i\u00e7in ilave personel al\u0131m\u0131 &ouml;nlenecektir.<\/font><\/p>\n<p class=\"MsoNormal\" style=\"MARGIN-TOP: 0px; MARGIN-BOTTOM: 0px; TEXT-ALIGN: justify\"><font face=\"tahoma,arial,helvetica,sans-serif\" color=\"#003399\" size=\"2\">\u00b7Kurulu\u015f i\u00e7i, kurulu\u015flar aras\u0131 ve b&ouml;lgeler aras\u0131 personel da\u011f\u0131l\u0131m\u0131 yeniden d&uuml;zenlenerek, vatanda\u015fa do\u011frudan hizmet verilen noktalardaki personel a\u00e7\u0131\u011f\u0131 giderilecektir.<\/font><\/p>\n<p class=\"MsoNormal\" style=\"MARGIN-TOP: 0px; MARGIN-BOTTOM: 0px; TEXT-ALIGN: justify\"><font face=\"tahoma,arial,helvetica,sans-serif\" color=\"#003399\" size=\"2\">\u00b7Kamuda y&ouml;neticiler ile \u00e7al\u0131\u015fanlar aras\u0131nda yap\u0131lacak s&ouml;zle\u015fmelerle performans y&ouml;netimi geli\u015ftirilecek, uzun vadede performansa dayal\u0131 &uuml;cret sistemine ge\u00e7ilecektir.<\/font><\/p>\n<p class=\"MsoNormal\" style=\"MARGIN-TOP: 0px; MARGIN-BOTTOM: 0px; TEXT-ALIGN: justify\"><font face=\"tahoma,arial,helvetica,sans-serif\" color=\"#003399\" size=\"2\">\u00b7Yerle\u015fim birimlerinin il ve il\u00e7e yap\u0131lmas\u0131nda, belediye te\u015fkilat\u0131 ve b&uuml;y&uuml;k\u015fehir belediyesi kurulmas\u0131nda istismar\u0131 &ouml;nlemek i\u00e7in objektif kriterler getirilecektir.<\/font><\/p>\n<p class=\"MsoNormal\" style=\"MARGIN: 0px 0cm 0px 2cm; TEXT-ALIGN: justify\"><font face=\"tahoma,arial,helvetica,sans-serif\">&nbsp;<\/font><\/p>\n<h5 style=\"MARGIN: 0px 0cm 0px 18pt; LINE-HEIGHT: 100%\"><font face=\"tahoma,arial,helvetica,sans-serif\" color=\"#003399\" size=\"2\">5. Kay\u0131rmac\u0131l\u0131\u011f\u0131n ve yozla\u015fman\u0131n &ouml;nlenmesi i\u00e7in;<\/font><\/h5>\n<p class=\"MsoNormal\" style=\"MARGIN-TOP: 0px; MARGIN-BOTTOM: 0px; TEXT-ALIGN: justify\"><font face=\"tahoma,arial,helvetica,sans-serif\" color=\"#003399\" size=\"2\">\u00b7Personel al\u0131m\u0131nda objektif kriterler getirilecek, terfilerde <b>liyakat<\/b> ve <b>f\u0131rsat e\u015fitli\u011fi<\/b> esas al\u0131nacakt\u0131r.<\/font><\/p>\n<p class=\"MsoNormal\" style=\"MARGIN-TOP: 0px; MARGIN-BOTTOM: 0px; TEXT-ALIGN: justify\"><font face=\"tahoma,arial,helvetica,sans-serif\" color=\"#003399\" size=\"2\">\u00b7Siyasi iktidar de\u011fi\u015fikli\u011finin &uuml;st kadrolar d\u0131\u015f\u0131nda b&uuml;rokratik yap\u0131ya etkisi en aza indirilerek y&ouml;netimde istikrar ve s&uuml;reklilik sa\u011flanacakt\u0131r.<\/font><\/p>\n<p class=\"MsoNormal\" style=\"MARGIN-TOP: 0px; MARGIN-BOTTOM: 0px; TEXT-ALIGN: justify\"><font face=\"tahoma,arial,helvetica,sans-serif\" color=\"#003399\" size=\"2\">\u00b7Ulusal, b&ouml;lgesel ve yerel d&uuml;zeyde &ouml;zel sekt&ouml;r&uuml;n ve sivil toplum &ouml;rg&uuml;tlerinin kamu y&ouml;neticileri ve siyasi yetkililer ile bir araya gelece\u011fi &#8220;<b>Ekonomik ve Sosyal Konsey<\/b>&#8221; benzeri yap\u0131lar yayg\u0131nla\u015ft\u0131r\u0131lacak ve etkin olarak \u00e7al\u0131\u015ft\u0131r\u0131lacakt\u0131r.<\/font><\/p>\n<p class=\"MsoNormal\" style=\"MARGIN-TOP: 0px; MARGIN-BOTTOM: 0px; TEXT-ALIGN: justify\"><font face=\"tahoma,arial,helvetica,sans-serif\" color=\"#003399\" size=\"2\">\u00b7Kamu y&ouml;netiminin denetlenmesinde ve insan haklar\u0131n\u0131n korunmas\u0131nda <b>kamu denet\u00e7isi (ombudsman)<\/b> y&ouml;ntemi, hukuki alt yap\u0131s\u0131 olu\u015fturularak, etkili bir \u015fekilde kullan\u0131lacak ve yerel d&uuml;zeyde de ombudsman uygulamas\u0131 getirilecektir.<\/font><\/p>\n<p class=\"MsoNormal\" style=\"MARGIN-TOP: 0px; MARGIN-BOTTOM: 0px; TEXT-ALIGN: justify\"><font face=\"tahoma,arial,helvetica,sans-serif\">&nbsp;<\/font><\/p>\n<p class=\"MsoNormal\" style=\"MARGIN: 0px 0cm; TEXT-ALIGN: justify\"><font color=\"#003399\" size=\"2\"><font face=\"tahoma,arial,helvetica,sans-serif\"><b>AK PART\u0130<\/b>, reform ve de\u011fi\u015fim projelerini hayata ge\u00e7irirken, ilgili taraflar\u0131 s&uuml;rece dahil eden kat\u0131l\u0131mc\u0131 bir anlay\u0131\u015fla hareket edecektir.<\/font><\/font><\/p>\n<p class=\"MsoNormal\" style=\"MARGIN: 0px 0cm; TEXT-ALIGN: justify\"><font face=\"tahoma,arial,helvetica,sans-serif\">&nbsp;<\/font><\/p>\n<p class=\"MsoHeading9\" style=\"MARGIN-TOP: 0px; MARGIN-BOTTOM: 0px\" align=\"justify\"><b><font face=\"tahoma,arial,helvetica,sans-serif\" color=\"#003399\" size=\"2\"><a name=\"C- E-D\u00d6N\u00dc\u015e\u00dcM T\u00dcRK\u0130YE PROJES\u0130\">C- E-D&Ouml;N&Uuml;\u015e&Uuml;M T&Uuml;RK\u0130YE PROJES\u0130<\/a><\/font><\/b><\/p>\n<p class=\"MsoNormal\" style=\"MARGIN: 0px 0cm; TEXT-ALIGN: justify\"><font color=\"#003399\" size=\"2\"><font face=\"tahoma,arial,helvetica,sans-serif\"><b>AK PART\u0130<\/b>,<b>&nbsp;<\/b>de\u011fi\u015fen ve yenilenen y&ouml;netim yap\u0131s\u0131yla, vatanda\u015flar\u0131na kaliteli ve h\u0131zl\u0131 kamu hizmeti sunabilmek amac\u0131yla, yeni bilgi ve ileti\u015fim teknolojileri ile iyi y&ouml;neti\u015fim ilkelerini kullanarak, <b>\u015feffaf<\/b>, <b>b&uuml;t&uuml;nc&uuml;l<\/b>, <b>e\u015fitlik\u00e7i<\/b>, <b>basit i\u015f s&uuml;re\u00e7leri<\/b>ne sahip bir devlet yap\u0131s\u0131n\u0131n halk\u0131m\u0131za hizmet vermesini sa\u011flayacakt\u0131r.<\/font><\/font><\/p>\n<p class=\"MsoNormal\" style=\"MARGIN: 0px 0cm; TEXT-ALIGN: justify\"><font face=\"tahoma,arial,helvetica,sans-serif\">&nbsp;<\/font><\/p>\n<p class=\"MsoNormal\" style=\"MARGIN: 0px 0cm; TEXT-ALIGN: justify\"><font face=\"tahoma,arial,helvetica,sans-serif\" color=\"#003399\" size=\"2\">Vatanda\u015flar\u0131m\u0131z\u0131n ihtiya\u00e7lar\u0131n\u0131, k&uuml;resel a\u011f \u00e7er\u00e7evesinde kar\u015f\u0131layarak, kamuda karar alma s&uuml;re\u00e7lerine kat\u0131l\u0131m\u0131n\u0131 sa\u011flayacak <b>e-d&ouml;n&uuml;\u015f&uuml;m T&uuml;rkiye<\/b> projesi hayata ge\u00e7irilecektir. Bu proje ile;<\/font><\/p>\n<p class=\"MsoNormal\" style=\"MARGIN: 0px 0cm; TEXT-ALIGN: justify\"><font face=\"tahoma,arial,helvetica,sans-serif\">&nbsp;<\/font><\/p>\n<p class=\"MsoNormal\" style=\"MARGIN-TOP: 0px; MARGIN-BOTTOM: 0px; TEXT-ALIGN: justify\"><font face=\"tahoma,arial,helvetica,sans-serif\" color=\"#003399\" size=\"2\">\u00b7&Ouml;ncelikle AB&#8217;nin yeni m&uuml;ktesebat\u0131 \u00e7er\u00e7evesinde telekom&uuml;nikasyon ve bilgi teknolojileri politikalar\u0131 belirlenecek,<\/font><\/p>\n<p class=\"MsoNormal\" style=\"MARGIN-TOP: 0px; MARGIN-BOTTOM: 0px; TEXT-ALIGN: justify\"><font face=\"tahoma,arial,helvetica,sans-serif\" color=\"#003399\" size=\"2\">\u00b7Vatanda\u015f\u0131n kamusal alandaki karar alma s&uuml;re\u00e7lerine bilgi ve ileti\u015fim teknolojileri vas\u0131tas\u0131yla do\u011frudan kat\u0131l\u0131m\u0131 sa\u011flanacak,<\/font><\/p>\n<p class=\"MsoNormal\" style=\"MARGIN-TOP: 0px; MARGIN-BOTTOM: 0px; TEXT-ALIGN: justify\"><font face=\"tahoma,arial,helvetica,sans-serif\" color=\"#003399\" size=\"2\">\u00b7Kamu idaresi, e-devlet ilkeleri \u0131\u015f\u0131\u011f\u0131nda <b>\u015feffaf<\/b> ve <b>hesap verebilir<\/b> hale getirilecek,<\/font><\/p>\n<p class=\"MsoNormal\" style=\"MARGIN-TOP: 0px; MARGIN-BOTTOM: 0px; TEXT-ALIGN: justify\"><font face=\"tahoma,arial,helvetica,sans-serif\" color=\"#003399\" size=\"2\">\u00b7Bilgi ve ileti\u015fim teknolojilerinin kullan\u0131m\u0131, hakkaniyet &ouml;l\u00e7&uuml;tleri esas al\u0131narak yayg\u0131nla\u015ft\u0131r\u0131lacak,<\/font><\/p>\n<p class=\"MsoNormal\" style=\"MARGIN-TOP: 0px; MARGIN-BOTTOM: 0px; TEXT-ALIGN: justify\"><font face=\"tahoma,arial,helvetica,sans-serif\" color=\"#003399\" size=\"2\">\u00b7Yerel bilgi ve beceriler k&uuml;resel d&uuml;zeye ta\u015f\u0131nacak,<\/font><\/p>\n<p class=\"MsoNormal\" style=\"MARGIN-TOP: 0px; MARGIN-BOTTOM: 0px; TEXT-ALIGN: justify\"><font face=\"tahoma,arial,helvetica,sans-serif\" color=\"#003399\" size=\"2\">\u00b7K&uuml;resel planda s&ouml;z sahibi olabilecek, &uuml;st&uuml;n nitelikli insang&uuml;c&uuml; olu\u015fturulacak,<\/font><\/p>\n<p class=\"MsoNormal\" style=\"MARGIN-TOP: 0px; MARGIN-BOTTOM: 0px; TEXT-ALIGN: justify\"><font face=\"tahoma,arial,helvetica,sans-serif\" color=\"#003399\" size=\"2\">\u00b7De\u011fi\u015fik co\u011frafyalardaki, gelir gruplar\u0131 ve stat&uuml;ler aras\u0131ndaki bilgi a\u00e7\u0131\u011f\u0131 kapat\u0131lacakt\u0131r.<\/font><\/p>\n<p class=\"MsoNormal\" style=\"MARGIN: 0px 0cm 0px 2cm; TEXT-ALIGN: justify\"><font face=\"tahoma,arial,helvetica,sans-serif\">&nbsp;<\/font><\/p>\n<p class=\"MsoNormal\" style=\"MARGIN: 0px 0cm; TEXT-ALIGN: justify\"><font face=\"tahoma,arial,helvetica,sans-serif\" color=\"#003399\" size=\"2\">D&ouml;n&uuml;\u015f&uuml;m projesinde kat\u0131l\u0131mc\u0131l\u0131k, basitlik, \u015feffafl\u0131k, e\u015fitlik ve b&uuml;t&uuml;nsellik temel ilkelerimiz olacakt\u0131r. Bu amaca y&ouml;nelik olarak;&nbsp; <b>e-D&ouml;n&uuml;\u015f&uuml;m G&ouml;rev G&uuml;c&uuml;<\/b> kurulacak, ulusal bir <b>vizyon<\/b> belirlenecek, <b>stratejik bir eylem plan\u0131<\/b> haz\u0131rlanacak, yasal d&uuml;zenlemeler tamamlanacak ve kamunun b&uuml;t&uuml;n karar alma ve i\u015f s&uuml;re\u00e7lerinin yeniden tasar\u0131m\u0131 yap\u0131lacakt\u0131r.<\/font><\/p>\n<p class=\"MsoNormal\" style=\"MARGIN: 0px 0cm; TEXT-ALIGN: justify\"><font face=\"tahoma,arial,helvetica,sans-serif\">&nbsp;<\/font><\/p>\n<p class=\"MsoNormal\" style=\"MARGIN: 0px 0cm; TEXT-ALIGN: justify\"><font face=\"tahoma,arial,helvetica,sans-serif\" color=\"#003399\" size=\"2\">D&ouml;n&uuml;\u015f&uuml;m projesi, geni\u015f vizyonlu, insan merkezli sivil bir yakla\u015f\u0131ma sahip &uuml;st d&uuml;zey uzmanlar grubunun koordinasyonu ile ger\u00e7ekle\u015ftirilecektir. Farkl\u0131 kurulu\u015flarca y&uuml;r&uuml;t&uuml;len <b>e-Devlet<\/b>, <b>e-T&uuml;rkiye<\/b>, <b>Kamu-Net<\/b> gibi \u00e7al\u0131\u015fmalar &#8220;<b>e-d&ouml;n&uuml;\u015f&uuml;m T&uuml;rkiye<\/b>&#8221; projesi ad\u0131 alt\u0131nda birle\u015ftirilecektir.<\/font><\/p>\n<p class=\"MsoNormal\" style=\"MARGIN: 0px 0cm; TEXT-ALIGN: justify\"><font face=\"tahoma,arial,helvetica,sans-serif\">&nbsp;<\/font><\/p>\n<h1 style=\"MARGIN: 0px 0cm; TEXT-ALIGN: justify\"><font face=\"tahoma,arial,helvetica,sans-serif\" color=\"#003399\" size=\"2\"><a name=\"D- MERKEZ\u0130 \u0130DARE REFORMU\">D- MERKEZ\u0130 \u0130DARE REFORMU<\/a><\/font><\/h1>\n<p class=\"MsoBodyText\" style=\"MARGIN: 0px 0cm; TEXT-ALIGN: justify\"><font face=\"tahoma,arial,helvetica,sans-serif\" color=\"#003399\" size=\"2\"><span style=\"FONT-WEIGHT: normal; FONT-STYLE: normal\">Bilgi toplumuna ge\u00e7i\u015f s&uuml;recinde, teknolojideki geli\u015fmeler ve toplumun de\u011fi\u015fen ihtiya\u00e7lar\u0131, hizmetlerin merkezden yerele do\u011fru kaymas\u0131na sebep olmaktad\u0131r. Merkezi y&ouml;netim, m&uuml;mk&uuml;n oldu\u011fu &ouml;l\u00e7&uuml;de az say\u0131da bakanl\u0131k ve yine az say\u0131da personel ile dinamik bir yap\u0131ya kavu\u015fturulurken, yerel y&ouml;netimler g&uuml;\u00e7lendirilmi\u015ftir.<\/span><\/font><\/p>\n<p class=\"MsoBodyText\" style=\"MARGIN: 0px 0cm; TEXT-ALIGN: justify\"><font face=\"tahoma,arial,helvetica,sans-serif\">&nbsp;<\/font><\/p>\n<p class=\"MsoBodyText\" style=\"MARGIN: 0px 0cm; TEXT-ALIGN: justify\"><font color=\"#003399\" size=\"2\"><font face=\"tahoma,arial,helvetica,sans-serif\"><span style=\"FONT-STYLE: normal\">AK PART\u0130<\/span><span style=\"FONT-WEIGHT: normal; FONT-STYLE: normal\">&#8217;ye g&ouml;re, &uuml;lkemiz bu s&uuml;recin d\u0131\u015f\u0131nda kalamaz.<\/span><\/font><\/font><\/p>\n<p class=\"MsoBodyText\" style=\"MARGIN: 0px 0cm; TEXT-ALIGN: justify\"><font face=\"tahoma,arial,helvetica,sans-serif\">&nbsp;<\/font><\/p>\n<p class=\"MsoNormal\" style=\"MARGIN-TOP: 0px; MARGIN-BOTTOM: 0px; TEXT-ALIGN: justify\"><font face=\"tahoma,arial,helvetica,sans-serif\" color=\"#003399\" size=\"2\">\u00b7Merkezi idare reformuna Ba\u015fbakanl\u0131ktan ve Devlet Bakanl\u0131klar\u0131ndan ba\u015flanacakt\u0131r. Ba\u015fbakanl\u0131\u011fa ba\u011fl\u0131 kurulu\u015flar, ilgili icrac\u0131 bakanl\u0131klara devredilerek, Ba\u015fbakanl\u0131k hizmet bakanl\u0131\u011f\u0131 olmaktan \u00e7\u0131kar\u0131lacakt\u0131r. Parlamenter sistemin ilkelerine uygun olarak Ba\u015fbakanl\u0131\u011f\u0131n koordinasyon i\u015flevini yerine getirmesi kolayla\u015ft\u0131r\u0131lacakt\u0131r. H&uuml;k&uuml;met kurma g&ouml;revi <b>PART\u0130M\u0130ZE<\/b> tevdi edildi\u011finde, mevcut Hizmet Bakanl\u0131klar\u0131na ilave olarak bir <b>Ekonomi Bakanl\u0131\u011f\u0131<\/b> kurulacakt\u0131r. Siyasi ve idari i\u015flerde Ba\u015fbakan&#8217;a yard\u0131mc\u0131 olacak Devlet Bakanlar\u0131n\u0131n say\u0131s\u0131 azalt\u0131lacak ve b&ouml;ylece Bakanlar Kurulu&#8217;nun 25 Bakandan az olmas\u0131 sa\u011flanacakt\u0131r.<\/font><\/p>\n<p class=\"MsoNormal\" style=\"MARGIN-TOP: 0px; MARGIN-BOTTOM: 0px; TEXT-ALIGN: justify\"><font face=\"tahoma,arial,helvetica,sans-serif\" color=\"#003399\" size=\"2\">\u00b7Mevcut Hizmet Bakanl\u0131klar\u0131n\u0131n say\u0131s\u0131, &ouml;l\u00e7&uuml;leri, ilgili ve ba\u011fl\u0131 kurulu\u015flar bir b&uuml;t&uuml;n olarak ele al\u0131nacak, merkezi idare reformunun en &ouml;nemli uygulamas\u0131 olarak bakanl\u0131klar\u0131n g&ouml;rev ve yetkileri yeniden tan\u0131mlanacakt\u0131r.<\/font><\/p>\n<p class=\"MsoNormal\" style=\"MARGIN-TOP: 0px; MARGIN-BOTTOM: 0px; TEXT-ALIGN: justify\"><font face=\"tahoma,arial,helvetica,sans-serif\" color=\"#003399\" size=\"2\">\u00b7Bat\u0131 demokrasilerinde oldu\u011fu gibi, <b>Bakanlar Kurulu \u0130\u00e7t&uuml;z&uuml;\u011f&uuml;<\/b> \u00e7\u0131kar\u0131larak, Bakanlar Kurulunun toplanma ve \u00e7al\u0131\u015fma usulleri objektif kurallara ba\u011flanacakt\u0131r.<\/font><\/p>\n<p class=\"MsoNormal\" style=\"MARGIN-TOP: 0px; MARGIN-BOTTOM: 0px; TEXT-ALIGN: justify\"><font face=\"tahoma,arial,helvetica,sans-serif\" color=\"#003399\" size=\"2\">\u00b7Gizlilik dereceli az say\u0131daki kararlar hari\u00e7, b&uuml;t&uuml;n h&uuml;k&uuml;met kararlar\u0131 Resmi Gazete&#8217;de yay\u0131mlanarak aleniyet sa\u011flanacak, Resmi Gazete internet &uuml;zerinden <b>&uuml;cretsiz<\/b> olarak servise konulacakt\u0131r.<\/font><\/p>\n<p class=\"MsoNormal\" style=\"MARGIN-TOP: 0px; MARGIN-BOTTOM: 0px; TEXT-ALIGN: justify\"><font face=\"tahoma,arial,helvetica,sans-serif\" color=\"#003399\" size=\"2\">\u00b7Makro politikalar\u0131 olu\u015fturma yetkisi h&uuml;k&uuml;metlerde kalmak \u015fart\u0131yla, ba\u011f\u0131ms\u0131z ve &ouml;zerk kurumlar ve kurullar d&uuml;zenleme ve denetleme i\u015flevini s&uuml;rd&uuml;recek; &ouml;zerk kurumlar\u0131n kamuoyuna, h&uuml;k&uuml;mete ve T&uuml;rkiye B&uuml;y&uuml;k Millet Meclisi&#8217;ne d&uuml;zenli bilgi vermeleri sa\u011flanacakt\u0131r.<\/font><\/p>\n<p class=\"MsoNormal\" style=\"MARGIN-TOP: 0px; MARGIN-BOTTOM: 0px; TEXT-ALIGN: justify\"><font face=\"tahoma,arial,helvetica,sans-serif\">&nbsp;<\/font><\/p>\n<h1 style=\"MARGIN: 0px 0cm; TEXT-ALIGN: justify\"><font face=\"tahoma,arial,helvetica,sans-serif\" color=\"#003399\" size=\"2\"><a name=\"E- YEREL Y\u00d6NET\u0130MLER\u0130N G\u00dc\u00c7LEND\u0130R\u0130LMES\u0130\">E- YEREL Y&Ouml;NET\u0130MLER\u0130N G&Uuml;\u00c7LEND\u0130R\u0130LMES\u0130<\/a><\/font><\/h1>\n<p class=\"MsoNormal\" style=\"MARGIN: 0px 0cm; TEXT-ALIGN: justify\"><font face=\"tahoma,arial,helvetica,sans-serif\" color=\"#003399\" size=\"2\">Demokrasi sadece se\u00e7me ve se\u00e7ilme rejimi de\u011fil, ayn\u0131 zamanda kat\u0131lma ve i\u015fbirli\u011fi rejimidir. Kamu hizmetlerine kat\u0131l\u0131m ve i\u015fbirli\u011fi yerel y&ouml;netimlerden ba\u015flar. Kat\u0131l\u0131mc\u0131 ve \u00e7o\u011fulcu demokrasi ilkeleri do\u011frultusunda, yeni kamu y&ouml;netimi anlay\u0131\u015flar\u0131n\u0131 mahalli idareler alan\u0131na ta\u015f\u0131mak zorunlu hale gelmi\u015ftir.<\/font><\/p>\n<p class=\"MsoNormal\" style=\"MARGIN: 0px 0cm; TEXT-ALIGN: justify\"><font face=\"tahoma,arial,helvetica,sans-serif\">&nbsp;<\/font><\/p>\n<p class=\"MsoNormal\" style=\"MARGIN: 0px 0cm; TEXT-ALIGN: justify\"><font face=\"tahoma,arial,helvetica,sans-serif\" color=\"#003399\" size=\"2\">Art\u0131k mahalli hizmetler, <b>yerinden y&ouml;netim ilkesi<\/b>ne uygun olarak mahalli idarelerce, ulusal d&uuml;zeydeki hizmetler ise merkezi idarelerce y&uuml;r&uuml;t&uuml;lmektedir.<\/font><\/p>\n<p class=\"MsoNormal\" style=\"MARGIN: 0px 0cm; TEXT-ALIGN: justify\"><font face=\"tahoma,arial,helvetica,sans-serif\">&nbsp;<\/font><\/p>\n<p class=\"MsoBodyTextIndent\" style=\"MARGIN: 0px 0cm\" align=\"justify\"><font color=\"#003399\" size=\"2\"><font face=\"tahoma,arial,helvetica,sans-serif\">AK PART\u0130, <span style=\"FONT-WEIGHT: normal\">&#8220;<\/span>idarenin b&uuml;t&uuml;nl&uuml;\u011f&uuml; ilkesi<span style=\"FONT-WEIGHT: normal\">&#8221; gere\u011fince, merkezi idare ile mahalli idareler aras\u0131nda hizmet ve kaynak dengesini kuracak, aralar\u0131nda koordinasyonu tam olarak sa\u011flayacakt\u0131r.<\/span><\/font><\/font><\/p>\n<p class=\"MsoBodyTextIndent\" style=\"MARGIN: 0px 0cm\" align=\"justify\"><font face=\"tahoma,arial,helvetica,sans-serif\">&nbsp;<\/font><\/p>\n<p class=\"MsoNormal\" style=\"MARGIN-TOP: 0px; MARGIN-BOTTOM: 0px; TEXT-ALIGN: justify\"><font face=\"tahoma,arial,helvetica,sans-serif\" color=\"#003399\" size=\"2\">\u00b7Merkezi idare ile yerel idareler aras\u0131nda g&ouml;rev, yetki ve kaynak payla\u015f\u0131m\u0131 etkinlik, verimlilik ve \u00e7a\u011fda\u015f y&ouml;netim ilkelerine g&ouml;re belirleyecek yeni bir d&uuml;zenleme yap\u0131lacakt\u0131r.<\/font><\/p>\n<p class=\"MsoNormal\" style=\"MARGIN-TOP: 0px; MARGIN-BOTTOM: 0px; TEXT-ALIGN: justify\"><font face=\"tahoma,arial,helvetica,sans-serif\" color=\"#003399\" size=\"2\">\u00b7Avrupa Yerel Y&ouml;netimler &Ouml;zerklik \u015eart\u0131&#8217;nda belirtildi\u011fi gibi, &#8220;yerel y&ouml;netimler, kanun taraf\u0131ndan belirlenen yetki s\u0131n\u0131rlar\u0131 i\u00e7inde kalan t&uuml;m konularda faaliyette bulunmak a\u00e7\u0131s\u0131ndan takdir hakk\u0131na sahip&#8221; olacakt\u0131r. Merkezi idarenin g&ouml;rev ve yetkileri tek tek say\u0131lacak ve bunun d\u0131\u015f\u0131nda kalan t&uuml;m g&ouml;revler yerel y&ouml;netimlere b\u0131rak\u0131lacakt\u0131r.<\/font><\/p>\n<p class=\"MsoNormal\" style=\"MARGIN-TOP: 0px; MARGIN-BOTTOM: 0px; TEXT-ALIGN: justify\"><font face=\"tahoma,arial,helvetica,sans-serif\" color=\"#003399\" size=\"2\">\u00b7Orta ve k&uuml;\u00e7&uuml;k &ouml;l\u00e7ekli belediyelerimizin insan kaynaklar\u0131 ve teknik alt yap\u0131lar\u0131 g&uuml;\u00e7lendirilecektir. Belediye y&ouml;neticileri, modern belediyecilik, kentle\u015fme, imar gibi konularda e\u011fitime tabi tutulacakt\u0131r.<\/font><\/p>\n<p class=\"MsoNormal\" style=\"MARGIN-TOP: 0px; MARGIN-BOTTOM: 0px; TEXT-ALIGN: justify\"><font face=\"tahoma,arial,helvetica,sans-serif\" color=\"#003399\" size=\"2\">\u00b7Yerel y&ouml;netimler, g&ouml;revlerini yerine getirebilmeleri i\u00e7in gerekli harcamalar\u0131 kar\u015f\u0131layacak d&uuml;zeyde mali g&uuml;ce kavu\u015fturulacakt\u0131r.<\/font><\/p>\n<p class=\"MsoNormal\" style=\"MARGIN-TOP: 0px; MARGIN-BOTTOM: 0px; TEXT-ALIGN: justify\"><font face=\"tahoma,arial,helvetica,sans-serif\" color=\"#003399\" size=\"2\">\u00b7Yerel y&ouml;netimlerin karar alma s&uuml;recine sivil toplum kurulu\u015flar\u0131n\u0131n kat\u0131l\u0131m\u0131 sa\u011flanacakt\u0131r.<\/font><\/p>\n<p class=\"MsoNormal\" style=\"MARGIN-TOP: 0px; MARGIN-BOTTOM: 0px; TEXT-ALIGN: justify\"><font face=\"tahoma,arial,helvetica,sans-serif\" color=\"#003399\" size=\"2\">\u00b7Avrupa Yerel Y&ouml;netimler &Ouml;zerklik \u015eart\u0131&#8217;na uygun olarak, anayasal sistemimize yerel y&ouml;netim hakk\u0131n\u0131n dahil edilmesi sa\u011flanacakt\u0131r.<\/font><\/p>\n<p class=\"MsoNormal\" style=\"MARGIN-TOP: 0px; MARGIN-BOTTOM: 0px; TEXT-ALIGN: justify\"><font face=\"tahoma,arial,helvetica,sans-serif\" color=\"#003399\" size=\"2\">\u00b7B&uuml;y&uuml;k\u015fehir Belediyesi kurulmas\u0131 objektif kriterlere ba\u011flanacakt\u0131r. B&uuml;y&uuml;k\u015fehir ve il\u00e7e belediyeleri aras\u0131ndaki g&ouml;rev-yetki payla\u015f\u0131m\u0131, hizmetlerde aksamaya yol a\u00e7mayacak \u015fekilde yeniden d&uuml;zenlenecektir.<\/font><\/p>\n<p class=\"MsoBodyTextIndent\" style=\"MARGIN: 0px 0cm\" align=\"justify\"><font face=\"tahoma,arial,helvetica,sans-serif\" color=\"#003399\" size=\"2\">Yerel d&uuml;zeyde hizmet y&uuml;r&uuml;ten il y&ouml;netimlerinin de yeniden yap\u0131land\u0131r\u0131lmas\u0131 gerekmektedir. Bakanl\u0131klar\u0131n ta\u015fra te\u015fkilatlar\u0131 ile g&ouml;rev ve yetkileri \u00e7ak\u0131\u015fan ve hizmetlerin y&uuml;r&uuml;t&uuml;lmesinde sorunlara yol a\u00e7an mevcut il y&ouml;netiminin hizmetlerin yerinden kar\u015f\u0131lanmas\u0131 ilkesine g&ouml;re yeniden d&uuml;zenlenmesi gerekmektedir.<\/font><\/p>\n<p class=\"MsoBodyTextIndent\" style=\"MARGIN: 0px 0cm\" align=\"justify\"><font face=\"tahoma,arial,helvetica,sans-serif\">&nbsp;<\/font><\/p>\n<p class=\"MsoNormal\" style=\"MARGIN-TOP: 0px; MARGIN-BOTTOM: 0px; TEXT-ALIGN: justify\"><font face=\"tahoma,arial,helvetica,sans-serif\" color=\"#003399\" size=\"2\">Bu kapsamda, il idaresi yeniden yap\u0131land\u0131r\u0131larak;<\/font><\/p>\n<p class=\"MsoNormal\" style=\"MARGIN-TOP: 0px; MARGIN-BOTTOM: 0px; TEXT-ALIGN: justify\"><font face=\"tahoma,arial,helvetica,sans-serif\">&nbsp;<\/font><\/p>\n<p class=\"MsoNormal\" style=\"MARGIN-TOP: 0px; MARGIN-BOTTOM: 0px; TEXT-ALIGN: justify\"><font face=\"tahoma,arial,helvetica,sans-serif\" color=\"#003399\" size=\"2\">\u00b7Bakanl\u0131klar\u0131n ta\u015fradaki g&ouml;rev ve yetkileri, a\u015famal\u0131 olarak Valiliklere ve \u0130l &Ouml;zel \u0130darelerine devredilerek b&uuml;rokrasi azalt\u0131lacakt\u0131r. Yerel tercihler dikkate al\u0131narak, sa\u011fl\u0131k, e\u011fitim, k&uuml;lt&uuml;r, sosyal yard\u0131mla\u015fma, turizm, \u00e7evre, k&ouml;y i\u015fleri, tar\u0131m, hayvanc\u0131l\u0131k, imar ve ula\u015f\u0131m hizmetlerinin il d&uuml;zeyinde kar\u015f\u0131lanmas\u0131 sa\u011flanacakt\u0131r.<\/font><\/p>\n<p class=\"MsoNormal\" style=\"MARGIN-TOP: 0px; MARGIN-BOTTOM: 0px; TEXT-ALIGN: justify\"><font face=\"tahoma,arial,helvetica,sans-serif\" color=\"#003399\" size=\"2\">\u00b7&Ouml;l\u00e7ek ekonomilerinden &uuml;st d&uuml;zeyde yararlanmaya d&ouml;n&uuml;k olarak, alt b&ouml;lge d&uuml;zeyinde birka\u00e7 ili kapsayan yeni <b>hizmet b&ouml;lgeleri<\/b> olu\u015fturulacakt\u0131r. B&ouml;lgeler aras\u0131 geli\u015fmi\u015flik farklar\u0131n\u0131 azalt\u0131c\u0131 politikalar merkezi y&ouml;netim taraf\u0131ndan, iller aras\u0131 geli\u015fmi\u015flik farkl\u0131l\u0131klar\u0131n\u0131n giderilmesine y&ouml;nelik \u00e7al\u0131\u015fmalar ise hizmet b&ouml;lgeleri taraf\u0131ndan y&uuml;r&uuml;t&uuml;lecektir.<\/font><\/p>\n<p class=\"MsoNormal\" style=\"MARGIN-TOP: 0px; MARGIN-BOTTOM: 0px; TEXT-ALIGN: justify\"><font face=\"tahoma,arial,helvetica,sans-serif\" color=\"#003399\" size=\"2\">\u00b7Bakanl\u0131klara ba\u011fl\u0131 il m&uuml;d&uuml;rl&uuml;kleri, a\u015famal\u0131 olarak Valiliklere ba\u011flanacakt\u0131r. \u0130l m&uuml;d&uuml;rl&uuml;kleri bakanl\u0131klar\u0131n olu\u015fturdu\u011fu politikalar ve ilin ihtiya\u00e7lar\u0131 \u00e7er\u00e7evesinde plan, program ve uygulamalar yapacaklard\u0131r.<\/font><\/p>\n<p class=\"MsoNormal\" style=\"MARGIN-TOP: 0px; MARGIN-BOTTOM: 0px; TEXT-ALIGN: justify\"><font face=\"tahoma,arial,helvetica,sans-serif\" color=\"#003399\" size=\"2\">\u00b7\u0130l ve il\u00e7elerdeki kamu personelinin y&ouml;netimi Valili\u011fe ba\u011flanarak, kamu personelinin verimli kullan\u0131lmas\u0131 ve kurumlar aras\u0131nda elemanlar\u0131n kolayca kayd\u0131r\u0131lmas\u0131 sa\u011flanacakt\u0131r.<\/font><\/p>\n<p class=\"MsoNormal\" style=\"MARGIN-TOP: 0px; MARGIN-BOTTOM: 0px; TEXT-ALIGN: justify\"><font face=\"tahoma,arial,helvetica,sans-serif\" color=\"#003399\" size=\"2\">\u00b7Yerel y&ouml;netimler b&uuml;t\u00e7elerinin y&uuml;zde 35&#8217;ini ge\u00e7memek kayd\u0131yla, personel hareketlerinde serbest olacakt\u0131r.<\/font><\/p>\n<p class=\"MsoNormal\" style=\"MARGIN: 0px 0cm 0px 2cm; TEXT-ALIGN: justify\"><font face=\"tahoma,arial,helvetica,sans-serif\">&nbsp;<\/font><\/p>\n<p style=\"MARGIN-TOP: 0px; MARGIN-BOTTOM: 0px\" align=\"justify\"><font face=\"tahoma,arial,helvetica,sans-serif\" color=\"#003399\" size=\"2\"><span style=\"FONT-FAMILY: Arial\">\u0130l Genel Meclisleri, ger\u00e7ek anlamda birer yerel meclise d&ouml;n&uuml;\u015ft&uuml;r&uuml;lecektir. \u0130l &Ouml;zel \u0130dareleri, belediyelerin m&uuml;cavir alanlar\u0131 d\u0131\u015f\u0131nda kalan ve ilin b&uuml;t&uuml;n&uuml;n&uuml; ilgilendiren ortak hizmetlerin t&uuml;m&uuml;nden sorumlu olacakt\u0131r.<\/span><\/font><\/p>\n<p style=\"MARGIN-TOP: 0px; MARGIN-BOTTOM: 0px\" align=\"justify\"><font face=\"tahoma,arial,helvetica,sans-serif\">&nbsp;<\/font><\/p>\n<p><font face=\"tahoma,arial,helvetica,sans-serif\"><\/p>\n<hr width=\"90%\" color=\"#5876b2\" size=\"1\" \/><\/font><\/p>\n<p style=\"MARGIN-TOP: 0px; MARGIN-BOTTOM: 0px\" align=\"justify\"><font face=\"tahoma,arial,helvetica,sans-serif\">&nbsp;<\/font><\/p>\n<p style=\"MARGIN: 0px 0cm\" align=\"justify\"><span style=\"FONT-WEIGHT: 700; LINE-HEIGHT: 150%\"><font face=\"tahoma,arial,helvetica,sans-serif\" color=\"#003399\" size=\"2\"><a name=\"VI. EKONOM\u0130 POL\u0130T\u0130KALARI\">VI. EKONOM\u0130 POL\u0130T\u0130KALARI<\/a><\/font><\/span><\/p>\n<p style=\"MARGIN-TOP: 0px; MARGIN-BOTTOM: 0px\" align=\"justify\"><font color=\"#003399\"><a name=\"A-\u00a0TEMEL YAKLA\u015eIMLAR\"><font face=\"tahoma,arial,helvetica,sans-serif\"><b><font size=\"2\">A-<\/font><\/b><span style=\"FONT-WEIGHT: 700; FONT-STYLE: normal; FONT-FAMILY: Arial; FONT-VARIANT: normal\"><font size=\"2\">&nbsp;<\/font><\/span><b><font size=\"2\">TEMEL YAKLA\u015eIMLAR<\/font><\/b><\/font><\/a><\/font><\/p>\n<p style=\"MARGIN-TOP: 0px; MARGIN-BOTTOM: 0px; TEXT-ALIGN: justify\"><font face=\"tahoma,arial,helvetica,sans-serif\" color=\"#003399\" size=\"2\">Cumhuriyet d&ouml;neminde, devlet &ouml;nc&uuml;l&uuml;\u011f&uuml;nde sanayile\u015fme, planl\u0131 kalk\u0131nma, liberal ve d\u0131\u015fa a\u00e7\u0131k b&uuml;y&uuml;me gibi \u00e7e\u015fitli ekonomik kalk\u0131nma modelleri uygulanm\u0131\u015ft\u0131r. Ya\u015fanan tecr&uuml;beler, serbest piyasa sistemi i\u00e7inde i\u015fleyen, demokrasi, hukukun &uuml;st&uuml;nl&uuml;\u011f&uuml; ve \u015feffafl\u0131\u011f\u0131n hakim oldu\u011fu ekonomilerde daha s\u0131hhatli bir geli\u015fme ve kalk\u0131nman\u0131n sa\u011fland\u0131\u011f\u0131n\u0131 g&ouml;stermektedir.<\/font><\/p>\n<p style=\"MARGIN-TOP: 0px; MARGIN-BOTTOM: 0px; TEXT-ALIGN: justify\"><font face=\"tahoma,arial,helvetica,sans-serif\">&nbsp;<\/font><\/p>\n<p style=\"MARGIN: 0px 0cm; TEXT-ALIGN: justify\"><font color=\"#003399\"><font face=\"tahoma,arial,helvetica,sans-serif\"><b><font size=\"2\">AK PART\u0130<\/font><\/b><font size=\"2\">, ekonomik faaliyetlerin nihai amac\u0131n\u0131n insanlar\u0131n ya\u015fam kalitesinin y&uuml;kseltilmesi oldu\u011funa inan\u0131r.<\/font><\/font><\/font><\/p>\n<p style=\"MARGIN: 0px 0cm; TEXT-ALIGN: justify\"><font face=\"tahoma,arial,helvetica,sans-serif\">&nbsp;<\/font><\/p>\n<p style=\"MARGIN: 0px 0cm; TEXT-ALIGN: justify\"><font face=\"tahoma,arial,helvetica,sans-serif\" color=\"#003399\" size=\"2\">Milletimizin te\u015febb&uuml;s g&uuml;c&uuml;, ekonomik geli\u015fmenin en &ouml;nemli kayna\u011f\u0131d\u0131r. Devletin ekonomideki temel rol&uuml;, piyasalarda serbest rekabet ko\u015fullar\u0131n\u0131 sa\u011flamak ve te\u015febb&uuml;s g&uuml;c&uuml;n&uuml;n &ouml;n&uuml;ndeki engelleri kald\u0131rmakt\u0131r.<\/font><\/p>\n<p style=\"MARGIN: 0px 0cm; TEXT-ALIGN: justify\"><font face=\"tahoma,arial,helvetica,sans-serif\">&nbsp;<\/font><\/p>\n<p style=\"MARGIN: 0px 0cm; TEXT-ALIGN: justify\"><font face=\"tahoma,arial,helvetica,sans-serif\" color=\"#003399\" size=\"2\">K&uuml;reselle\u015fme ile birlikte artan rekabet ve olu\u015fan yeni normlar, geli\u015fmekte olan &uuml;lkeler i\u00e7in yeni tehditler oldu\u011fu kadar f\u0131rsatlar da olu\u015fturmaktad\u0131r. Bu s&uuml;re\u00e7te, evrensel standartlara uygun, a\u00e7\u0131k ve net olarak tan\u0131mlanm\u0131\u015f bir hukuk d&uuml;zeni, g&uuml;venilir ve i\u015fleyen bir adalet mekanizmas\u0131, garanti alt\u0131na al\u0131nm\u0131\u015f m&uuml;lkiyet haklar\u0131 &uuml;lkemize &ouml;nemli &uuml;st&uuml;nl&uuml;kler sa\u011flayacakt\u0131r.<\/font><\/p>\n<p style=\"MARGIN: 0px 0cm; TEXT-ALIGN: justify\"><font face=\"tahoma,arial,helvetica,sans-serif\">&nbsp;<\/font><\/p>\n<blockquote>\n<p style=\"MARGIN-TOP: 0px; MARGIN-BOTTOM: 0px; TEXT-ALIGN: justify\"><font color=\"#003399\"><font face=\"tahoma,arial,helvetica,sans-serif\"><font size=\"2\">\u00b7<\/font><b><font size=\"2\">AK PART\u0130<\/font><\/b><font size=\"2\">&#8217;nin en &ouml;nemli hedefi, devlete olan g&uuml;veni yeniden in\u015fa etmektir. Devlet, yapaca\u011f\u0131 d&uuml;zenleme ve denetimlerle, serbest piyasa sisteminin i\u015fleyi\u015findeki aksakl\u0131klar\u0131 giderecek, verimlili\u011fi art\u0131racak, sistemin k&ouml;t&uuml;ye kullan\u0131lmas\u0131n\u0131 &ouml;nleyecektir.<\/font><\/font><\/font><\/p>\n<p style=\"MARGIN-TOP: 0px; MARGIN-BOTTOM: 0px; TEXT-ALIGN: justify\"><font face=\"tahoma,arial,helvetica,sans-serif\">&nbsp;<\/font><\/p>\n<p style=\"MARGIN-TOP: 0px; MARGIN-BOTTOM: 0px; TEXT-ALIGN: justify\"><font face=\"tahoma,arial,helvetica,sans-serif\" color=\"#003399\" size=\"2\">T&uuml;rkiye, son 20 y\u0131ll\u0131k d&ouml;nemde, ticarette ve sermaye hareketlerinde uluslararas\u0131 sistemle b&uuml;t&uuml;nle\u015fme y&ouml;n&uuml;nde &ouml;nemli ad\u0131mlar atm\u0131\u015ft\u0131r. Ticari alandaki b&uuml;t&uuml;nle\u015fmenin refah art\u0131r\u0131c\u0131 etkileri vard\u0131r. Ancak, sermaye hareketleri alan\u0131nda yap\u0131lan b&uuml;t&uuml;nle\u015fme, ekonomik ve finansal istikrar sa\u011flanamad\u0131\u011f\u0131 i\u00e7in, &ouml;nemli sorunlara yol a\u00e7maktad\u0131r.<\/font><\/p>\n<\/blockquote>\n<blockquote>\n<p style=\"MARGIN-TOP: 0px; MARGIN-BOTTOM: 0px; TEXT-ALIGN: justify\"><font face=\"tahoma,arial,helvetica,sans-serif\" color=\"#003399\" size=\"2\">\u00b7PART\u0130M\u0130Z\u0130N sermaye hareketleri konusundaki temel yakla\u015f\u0131m\u0131, yasaklay\u0131c\u0131 ve s&uuml;reci tersine \u00e7evirici y&ouml;nde olmay\u0131p, piyasa mekanizmas\u0131 i\u00e7inde olumsuz etkileri en aza indirmek \u015feklinde olacakt\u0131r.<\/font><\/p>\n<p style=\"MARGIN-TOP: 0px; MARGIN-BOTTOM: 0px; TEXT-ALIGN: justify\"><font face=\"tahoma,arial,helvetica,sans-serif\">&nbsp;<\/font><\/p>\n<p style=\"MARGIN: 0px 0cm; TEXT-ALIGN: justify\"><font face=\"tahoma,arial,helvetica,sans-serif\" color=\"#003399\" size=\"2\">K&uuml;reselle\u015fmeyle beraber bilgi ve teknolojiye eri\u015fim, yabanc\u0131 sermeye kullan\u0131m\u0131, ihracat imkanlar\u0131 gibi geli\u015fmeyi destekleyen unsurlar g&uuml;ndeme gelmektedir. &Ouml;te yandan, &uuml;lkeler aras\u0131 ve &uuml;lke i\u00e7i gelir da\u011f\u0131l\u0131m\u0131n\u0131n bozulmas\u0131 ve geleneksel baz\u0131 kalk\u0131nma ara\u00e7lar\u0131n\u0131n etkisiz kalmas\u0131 gibi sorunlar ortaya \u00e7\u0131km\u0131\u015ft\u0131r. <b>PART\u0130M\u0130Z<\/b>, bu yeni ortam\u0131n ger\u00e7ek\u00e7i analizini yaparak, gerekli uyumu sa\u011flayacak etkin bir ekonomi y&ouml;netimini uygulayacakt\u0131r. &Uuml;lkemizin uluslar aras\u0131 rekabet g&uuml;c&uuml;n&uuml; art\u0131racak tedbirler alacakt\u0131r. Ayr\u0131ca, AB gibi g&uuml;\u00e7l&uuml; b&ouml;lgesel entegrasyonlar\u0131n i\u00e7inde yer alarak, k&uuml;reselle\u015fmenin sa\u011flad\u0131\u011f\u0131 f\u0131rsatlar\u0131, halk\u0131m\u0131z\u0131n refah\u0131n\u0131 art\u0131rmak y&ouml;n&uuml;nde kullanacakt\u0131r.<\/font><\/p>\n<p style=\"MARGIN: 0px 0cm; TEXT-ALIGN: justify\"><font face=\"tahoma,arial,helvetica,sans-serif\">&nbsp;<\/font><\/p>\n<p style=\"MARGIN-TOP: 0px; MARGIN-BOTTOM: 0px; TEXT-ALIGN: justify\"><font color=\"#003399\"><span style=\"FONT-WEIGHT: normal; FONT-STYLE: normal\"><font face=\"tahoma,arial,helvetica,sans-serif\" size=\"2\">\u00b7Avrupa Birli\u011fi&#8217;ne tam &uuml;yelik, ekonomik ve demokratik geli\u015fimin sa\u011flanmas\u0131 bak\u0131m\u0131ndan &ouml;ncelikli hedefimizdir. &Ouml;te yandan AB&#8217;nin sundu\u011fu ekonomik ve demokratik standartlar, yasal ve kurumsal d&uuml;zenlemeler, tam &uuml;yelik \u015fart\u0131na ba\u011fl\u0131 olmaks\u0131z\u0131n desteklenecektir.<\/font><\/span><\/font><\/p>\n<p style=\"MARGIN-TOP: 0px; MARGIN-BOTTOM: 0px; TEXT-ALIGN: justify\"><font face=\"tahoma,arial,helvetica,sans-serif\">&nbsp;<\/font><\/p>\n<p style=\"MARGIN-TOP: 0px; MARGIN-BOTTOM: 0px; TEXT-ALIGN: justify\"><font color=\"#003399\"><span style=\"FONT-WEIGHT: normal; FONT-STYLE: normal\"><font face=\"tahoma,arial,helvetica,sans-serif\" size=\"2\">\u00b7Tarihi, co\u011frafi ve ekonomik ba\u011flar\u0131m\u0131zdan kaynaklanan di\u011fer b&ouml;lgesel entegrasyonlar ve kom\u015fu &uuml;lkelerimizle ekonomik i\u015fbirli\u011fi \u00e7abalar\u0131 da AB&#8217;nin tamamlay\u0131c\u0131s\u0131 olacak bir anlay\u0131\u015f i\u00e7inde s&uuml;rd&uuml;r&uuml;lecektir.<\/font><\/span><\/font><\/p>\n<\/blockquote>\n<p style=\"MARGIN: 0px 0cm\" align=\"justify\"><b><font face=\"tahoma,arial,helvetica,sans-serif\" color=\"#003399\" size=\"2\"><a name=\"B- MEVCUT PROGRAMIN YETERS\u0130ZL\u0130KLER\u0130\">B- MEVCUT PROGRAMIN YETERS\u0130ZL\u0130KLER\u0130<\/a><\/font><\/b><\/p>\n<p style=\"MARGIN: 0px 0cm; TEXT-ALIGN: justify\"><font face=\"tahoma,arial,helvetica,sans-serif\" color=\"#003399\" size=\"2\">57. H&uuml;k&uuml;metin 1999 y\u0131l\u0131 sonunda uygulamaya koydu\u011fu &#8220;<b>Enflasyonla M&uuml;cadele Program\u0131<\/b>&#8221; olarak bilinen program, Kas\u0131m 2000&#8217;de &ouml;nemli bir darbe alm\u0131\u015f, \u015eubat 2001&#8217;de Cumhuriyet tarihinin en b&uuml;y&uuml;k krizine yol a\u00e7arak, \u00e7&ouml;km&uuml;\u015ft&uuml;r.<\/font><\/p>\n<p style=\"MARGIN: 0px 0cm; TEXT-ALIGN: justify\"><font face=\"tahoma,arial,helvetica,sans-serif\">&nbsp;<\/font><\/p>\n<p style=\"MARGIN: 0px 0cm; TEXT-ALIGN: justify\"><font face=\"tahoma,arial,helvetica,sans-serif\" color=\"#003399\" size=\"2\">May\u0131s 2001&#8217;de uygulamaya konan &#8220;<b>G&uuml;\u00e7l&uuml; Ekonomiye Ge\u00e7i\u015f Program\u0131<\/b>&#8221; da, 2001 y\u0131l\u0131 sonlar\u0131na do\u011fru \u00e7&ouml;k&uuml;\u015f i\u015faretleri verirken, Uluslararas\u0131 Para Fonundan (IMF) sa\u011flanan y&uuml;kl&uuml; destekle Ocak 2002&#8217;de yenilenmi\u015ftir.<\/font><\/p>\n<p style=\"MARGIN: 0px 0cm; TEXT-ALIGN: justify\"><font face=\"tahoma,arial,helvetica,sans-serif\">&nbsp;<\/font><\/p>\n<p style=\"MARGIN: 0px 0cm; TEXT-ALIGN: justify\"><font face=\"tahoma,arial,helvetica,sans-serif\" color=\"#003399\" size=\"2\">Y&uuml;r&uuml;rl&uuml;kteki ekonomik program\u0131n; d&uuml;\u015f&uuml;k enflasyon, kamu bor\u00e7 y&uuml;k&uuml;n&uuml;n azalt\u0131lmas\u0131 ve s&uuml;rd&uuml;r&uuml;lebilir bir b&uuml;y&uuml;me ortam\u0131na ge\u00e7i\u015f gibi makro ekonomik hedefleri vard\u0131r. Ancak bu hedeflere ula\u015fmada uygulanan politikalar, &ouml;ncelikler ve programa verilen siyasi destekler konusunda ba\u015far\u0131s\u0131z olunmu\u015ftur.<\/font><\/p>\n<p style=\"MARGIN: 0px 0cm; TEXT-ALIGN: justify\"><font face=\"tahoma,arial,helvetica,sans-serif\">&nbsp;<\/font><\/p>\n<p style=\"MARGIN: 0px 0cm; TEXT-ALIGN: justify\"><font color=\"#003399\"><font face=\"tahoma,arial,helvetica,sans-serif\"><b><font size=\"2\">AK PART\u0130<\/font><\/b><font size=\"2\">&#8217;ye g&ouml;re, mevcut program\u0131n reel sekt&ouml;r&uuml;n sorunlar\u0131na yakla\u015f\u0131m\u0131 ve sosyal politikalar\u0131 yetersizdir. Programdaki yap\u0131sal reformlar\u0131n bir b&ouml;l&uuml;m&uuml;, &uuml;lke \u015fartlar\u0131 yeterince dikkate al\u0131nmadan ve sorunlar ayr\u0131nt\u0131l\u0131 olarak tart\u0131\u015f\u0131lmadan, uygulamaya konmu\u015ftur.<\/font><\/font><\/font><\/p>\n<p style=\"MARGIN: 0px 0cm; TEXT-INDENT: 36pt; TEXT-ALIGN: justify\"><font face=\"tahoma,arial,helvetica,sans-serif\">&nbsp;<\/font><\/p>\n<p style=\"MARGIN: 0px 0cm; TEXT-ALIGN: justify\"><font face=\"tahoma,arial,helvetica,sans-serif\" color=\"#003399\" size=\"2\">Reel faizlerin d&uuml;\u015f&uuml;r&uuml;lememesi, &ouml;zelle\u015ftirmenin durma noktas\u0131na gelmesi, do\u011frudan yabanc\u0131 yat\u0131r\u0131mlarda ilerleme sa\u011flanamamas\u0131, finans sekt&ouml;r&uuml;n&uuml;n rehabilitasyonunda istenilen sonu\u00e7lara ula\u015f\u0131lamamas\u0131, hatal\u0131 tar\u0131m politikalar\u0131, sosyal politikalar\u0131n s\u0131\u011fl\u0131\u011f\u0131 ve yetersizli\u011fi uygulanan ekonomik program\u0131n ba\u015far\u0131s\u0131z oldu\u011fu konulard\u0131r.<\/font><\/p>\n<p style=\"MARGIN: 0px 0cm; TEXT-INDENT: 36pt; TEXT-ALIGN: justify\"><font face=\"tahoma,arial,helvetica,sans-serif\">&nbsp;<\/font><\/p>\n<p style=\"MARGIN: 0px 0cm\" align=\"justify\"><b><font face=\"tahoma,arial,helvetica,sans-serif\" color=\"#003399\" size=\"2\"><a name=\"C- PROGRAMIMIZIN AMA\u00c7LARI ve STRATEJ\u0130LER\u0130\">C- PROGRAMIMIZIN AMA\u00c7LARI ve STRATEJ\u0130LER\u0130<\/a><\/font><\/b><\/p>\n<p style=\"MARGIN: 0px 0cm; TEXT-ALIGN: justify\"><span style=\"FONT-WEIGHT: normal; FONT-STYLE: normal\"><font face=\"tahoma,arial,helvetica,sans-serif\" color=\"#003399\" size=\"2\">Uygulanan yanl\u0131\u015f programlar ve y&ouml;netim hatalar\u0131 y&uuml;z&uuml;nden gerekli reformlar yap\u0131lamad\u0131\u011f\u0131 i\u00e7in &uuml;lkemiz, y&uuml;ksek enflasyon, \u00e7ok b&uuml;y&uuml;k bir kamu bor\u00e7 stoku, d&uuml;\u015f&uuml;k b&uuml;y&uuml;me ve dengesiz gelir da\u011f\u0131l\u0131m\u0131, y&uuml;ksek i\u015fsizlik gibi ciddi sorunlar\u0131n i\u00e7ine d&uuml;\u015fm&uuml;\u015ft&uuml;r. Enflasyon, b&uuml;y&uuml;me ve gelir da\u011f\u0131l\u0131m\u0131 gibi temel ekonomik g&ouml;stergeler bak\u0131m\u0131ndan T&uuml;rkiye, geli\u015fmekte olan bir \u00e7ok &uuml;lkenin gerisinde kalm\u0131\u015ft\u0131r.<\/font><\/span><\/p>\n<p style=\"MARGIN: 0px 0cm; TEXT-ALIGN: justify\"><font face=\"tahoma,arial,helvetica,sans-serif\">&nbsp;<\/font><\/p>\n<p style=\"MARGIN: 0px 0cm\" align=\"justify\"><font face=\"tahoma,arial,helvetica,sans-serif\" color=\"#003399\" size=\"2\">PART\u0130M\u0130Z&#8217;in uygulayaca\u011f\u0131 ekonomik program\u0131n temel amac\u0131, bu olumsuz tabloyu h\u0131zla tersine \u00e7evirerek enflasyonu ve kamu bor\u00e7 stokunu d&uuml;\u015f&uuml;rmek, y&uuml;ksek ve kal\u0131c\u0131 b&uuml;y&uuml;me performans\u0131na ula\u015fmakt\u0131r.<\/font><\/p>\n<p style=\"MARGIN: 0px 0cm\" align=\"justify\"><font face=\"tahoma,arial,helvetica,sans-serif\">&nbsp;<\/font><\/p>\n<p style=\"MARGIN: 0px 0cm; TEXT-ALIGN: justify\"><font face=\"tahoma,arial,helvetica,sans-serif\" color=\"#003399\" size=\"2\">Enflasyon ve kamu bor\u00e7 stokunu d&uuml;\u015f&uuml;rmek, kal\u0131c\u0131 ve y&uuml;ksek b&uuml;y&uuml;me oranlar\u0131na ula\u015fmak, ancak kapsaml\u0131, tutarl\u0131 ve toplumumuzun geni\u015f kat\u0131l\u0131m\u0131 ile desteklenen bir ekonomik program ile m&uuml;mk&uuml;nd&uuml;r. Bu \u00e7er\u00e7evede kamu kesimi, mali ve parasal istikrar\u0131 koruyacak, mikro &ouml;l\u00e7ekteki tutarl\u0131 politikalar ve yap\u0131sal reformlarla program\u0131 destekleyecektir.<\/font><\/p>\n<p style=\"MARGIN: 0px 0cm; TEXT-ALIGN: justify\"><font face=\"tahoma,arial,helvetica,sans-serif\">&nbsp;<\/font><\/p>\n<p style=\"MARGIN: 0px 0cm; TEXT-ALIGN: justify\"><font face=\"tahoma,arial,helvetica,sans-serif\" color=\"#003399\" size=\"2\">Kamu bor\u00e7 stokunun&nbsp; azalmas\u0131yla, kamunun finans sekt&ouml;r&uuml;ndeki fonlar\u0131 emmesi sona erecek, finans sekt&ouml;r&uuml; bu kaynaklar\u0131 &ouml;zel sekt&ouml;r kurulu\u015flar\u0131na y&ouml;nlendirebilecektir.<\/font><\/p>\n<p style=\"MARGIN: 0px 0cm; TEXT-ALIGN: justify\"><font face=\"tahoma,arial,helvetica,sans-serif\">&nbsp;<\/font><\/p>\n<p style=\"MARGIN: 0px 0cm; TEXT-ALIGN: justify\"><font face=\"tahoma,arial,helvetica,sans-serif\" color=\"#003399\" size=\"2\">T&uuml;rkiye&#8217;de &ouml;zellikle son d&ouml;nemlerde uygulanan&nbsp; kamu a\u00e7\u0131klar\u0131na dayal\u0131 ve sadece s\u0131cak para giri\u015fi ile desteklenen b&uuml;y&uuml;me modelini daha fazla s&uuml;rd&uuml;remeyece\u011fi a\u00e7\u0131kt\u0131r. B&uuml;y&uuml;meyi sa\u011flayaca\u011f\u0131m\u0131z temel kaynaklar; verimlilik art\u0131\u015f\u0131, at\u0131l &uuml;retim fakt&ouml;rlerinin harekete ge\u00e7irilmesi, uluslararas\u0131 &ouml;l\u00e7ekte rekabet edebilir mal ve hizmet &uuml;retimi ile do\u011frudan yabanc\u0131 sermaye giri\u015fi olacakt\u0131r.<\/font><\/p>\n<p style=\"MARGIN: 0px 0cm; TEXT-ALIGN: justify\"><font face=\"tahoma,arial,helvetica,sans-serif\">&nbsp;<\/font><\/p>\n<p style=\"MARGIN: 0px 0cm; TEXT-ALIGN: justify\"><font color=\"#003399\"><font face=\"tahoma,arial,helvetica,sans-serif\"><b><font size=\"2\">PART\u0130M\u0130Z\u0130N<\/font><\/b><font size=\"2\"> uygulayaca\u011f\u0131 maliye politikas\u0131n\u0131n temel &ouml;nceli\u011fi, mali disiplini sa\u011flayarak, bor\u00e7 stokunu s&uuml;rd&uuml;r&uuml;lebilir seviyeye indirmek ve makro ekonomik istikrar\u0131 koruyacak faiz d\u0131\u015f\u0131 fazlal\u0131\u011f\u0131 vermektir. Faiz d\u0131\u015f\u0131 fazlan\u0131n b&uuml;y&uuml;kl&uuml;\u011f&uuml;, bor\u00e7 stokunun s&uuml;rd&uuml;r&uuml;lebilir bir yap\u0131da geli\u015fmesine imkan verecek d&uuml;zeyde belirlenirken, bile\u015fimi, ekonomik verimlilik, b&uuml;y&uuml;me ve sosyal politikalar dikkate al\u0131narak \u015fekillendirilecektir. Bu kapsamda, faiz d\u0131\u015f\u0131 fazla hedefi i\u00e7inde kalmak \u015fart\u0131yla, verimsiz harcamalar k\u0131s\u0131larak &uuml;retken harcamalar\u0131n art\u0131r\u0131lmas\u0131 veya ekonomik aktiviteyi canland\u0131racak vergi indirimlerine gidilmesi gibi &ouml;nlemler dikkatle de\u011ferlendirilecektir.<\/font><\/font><\/font><\/p>\n<p style=\"MARGIN: 0px 0cm; TEXT-ALIGN: justify\"><font face=\"tahoma,arial,helvetica,sans-serif\">&nbsp;<\/font><\/p>\n<p style=\"MARGIN: 0px 0cm; TEXT-ALIGN: justify\"><font face=\"tahoma,arial,helvetica,sans-serif\" color=\"#003399\" size=\"2\">Para politikas\u0131nda k\u0131sa d&ouml;nemde enflasyonu d&uuml;\u015f&uuml;ren, orta vadede ise fiyat istikrar\u0131na &ouml;ncelik veren strateji s&uuml;rd&uuml;r&uuml;lecektir. <b>Merkez Bankas\u0131&#8217;n\u0131n ba\u011f\u0131ms\u0131zl\u0131\u011f\u0131 korunacakt\u0131r<\/b>. Enflasyonda kal\u0131c\u0131 bir d&uuml;\u015f&uuml;\u015fe ula\u015f\u0131lmas\u0131 ve para politikas\u0131na g&uuml;venin tesis edilmesini m&uuml;teakip, para politikas\u0131 uygulamas\u0131nda Merkez Bankas\u0131, fiyat istikrar\u0131yla \u00e7eli\u015fmemek kayd\u0131yla, b&uuml;y&uuml;me ve istihdam\u0131n sa\u011flanmas\u0131n\u0131 da dikkate alacakt\u0131r.<\/font><\/p>\n<p style=\"MARGIN: 0px 0cm; TEXT-ALIGN: justify\"><font face=\"tahoma,arial,helvetica,sans-serif\">&nbsp;<\/font><\/p>\n<p style=\"MARGIN: 0px 0cm; TEXT-ALIGN: justify\"><font face=\"tahoma,arial,helvetica,sans-serif\" color=\"#003399\" size=\"2\">D&ouml;viz kurlar\u0131nda &ouml;ng&ouml;r&uuml;lebilirli\u011fi sa\u011flamak amac\u0131yla, d&ouml;vizde vadeli i\u015flemler piyasas\u0131 geli\u015ftirilecektir. Siyasi ve ekonomik istikrar\u0131n sa\u011flanmas\u0131yla paralel olarak kurlarda da istikrar sa\u011flanacakt\u0131r.<\/font><\/p>\n<p style=\"MARGIN: 0px 0cm; TEXT-ALIGN: justify\"><font face=\"tahoma,arial,helvetica,sans-serif\">&nbsp;<\/font><\/p>\n<p style=\"MARGIN: 0px 0cm; TEXT-ALIGN: justify\"><font color=\"#003399\"><font face=\"tahoma,arial,helvetica,sans-serif\"><b><font size=\"2\">Dalgal\u0131 kur politikas\u0131na devam edilecektir<\/font><\/b><font size=\"2\">. Ancak, Merkez Bankas\u0131, d&ouml;viz piyasalar\u0131ndaki <b>makro ekonomik temellerle ba\u011flant\u0131s\u0131 olmayan <\/b>ve <b>spek&uuml;latif nitelikli <\/b>dalgalanmalara daha duyarl\u0131 bir bi\u00e7imde m&uuml;dahale edecektir. D&ouml;viz kurunda sa\u011flanacak istikrar\u0131n, a\u00e7\u0131k pozisyon olu\u015fturarak kar elde etme \u015feklinde istismar\u0131n\u0131 &ouml;nlemek i\u00e7in, bankalar\u0131n a\u00e7\u0131k pozisyonlar\u0131n\u0131n Bankac\u0131l\u0131k D&uuml;zenleme ve Denetleme Kurumu ile Merkez Bankas\u0131 taraf\u0131ndan s\u0131k\u0131 bir bi\u00e7imde kontrol edilmesi sa\u011flanacakt\u0131r.<\/font><\/font><\/font><\/p>\n<p style=\"MARGIN: 0px 0cm; TEXT-ALIGN: justify\"><font face=\"tahoma,arial,helvetica,sans-serif\">&nbsp;<\/font><\/p>\n<p style=\"MARGIN: 0px 0cm; TEXT-ALIGN: justify\"><font face=\"tahoma,arial,helvetica,sans-serif\" color=\"#003399\" size=\"2\">Yap\u0131sal reformlar makro ekonomik istikrar\u0131 kal\u0131c\u0131 k\u0131lacak, ekonominin \u015foklara kar\u015f\u0131 dayan\u0131kl\u0131l\u0131\u011f\u0131n\u0131 art\u0131racak, ekonomide verimlili\u011fi ve rekabeti art\u0131racak ve &uuml;retim potansiyelimizin tam olarak kullan\u0131m\u0131n\u0131 sa\u011flayacakt\u0131r. Bu reformlar, t&uuml;m toplum kesimlerinin kat\u0131l\u0131m\u0131 sa\u011flanarak ve &uuml;lke ko\u015fullar\u0131 dikkate al\u0131narak s&uuml;ratle hayata ge\u00e7irilecektir.<\/font><\/p>\n<p style=\"MARGIN: 0px 0cm; TEXT-ALIGN: justify\"><font face=\"tahoma,arial,helvetica,sans-serif\">&nbsp;<\/font><\/p>\n<p style=\"MARGIN: 0px 0cm; TEXT-INDENT: 36pt; TEXT-ALIGN: justify\"><font color=\"#003399\"><font face=\"tahoma,arial,helvetica,sans-serif\"><b><font size=\"2\">PART\u0130M\u0130Z\u0130N<\/font><\/b><font size=\"2\"> yap\u0131sal reform program\u0131;<\/font><\/font><\/font><\/p>\n<p style=\"MARGIN: 0px 0cm 0px 2cm; TEXT-INDENT: -19.85pt; TEXT-ALIGN: justify\"><font face=\"tahoma,arial,helvetica,sans-serif\" color=\"#003399\" size=\"2\">\u00b7Kamunun yeniden yap\u0131lanmas\u0131,<\/font><\/p>\n<p style=\"MARGIN: 0px 0cm 0px 2cm; TEXT-INDENT: -19.85pt; TEXT-ALIGN: justify\"><font face=\"tahoma,arial,helvetica,sans-serif\" color=\"#003399\" size=\"2\">\u00b7&Ouml;zelle\u015ftirmenin h\u0131zland\u0131r\u0131lmas\u0131,<\/font><\/p>\n<p style=\"MARGIN: 0px 0cm 0px 2cm; TEXT-INDENT: -19.85pt; TEXT-ALIGN: justify\"><font face=\"tahoma,arial,helvetica,sans-serif\" color=\"#003399\" size=\"2\">\u00b7Yerli ve yabanc\u0131 yat\u0131r\u0131mlar i\u00e7in ortam\u0131n iyile\u015ftirilmesi,<\/font><\/p>\n<p style=\"MARGIN: 0px 0cm 0px 2cm; TEXT-INDENT: -19.85pt; TEXT-ALIGN: justify\"><font face=\"tahoma,arial,helvetica,sans-serif\" color=\"#003399\" size=\"2\">\u00b7Mali sekt&ouml;r ve sosyal g&uuml;venlik sisteminin \u0131slah\u0131,<\/font><\/p>\n<p style=\"MARGIN: 0px 0cm 0px 2cm; TEXT-INDENT: -19.85pt; TEXT-ALIGN: justify\"><font face=\"tahoma,arial,helvetica,sans-serif\" color=\"#003399\" size=\"2\">\u00b7Tar\u0131mda verimlili\u011fin art\u0131r\u0131lmas\u0131,<\/font><\/p>\n<p style=\"MARGIN: 0px 0cm; TEXT-ALIGN: justify\"><font face=\"tahoma,arial,helvetica,sans-serif\">&nbsp;<\/font><\/p>\n<p style=\"MARGIN: 0px 0cm; TEXT-ALIGN: justify\"><font face=\"tahoma,arial,helvetica,sans-serif\" color=\"#003399\" size=\"2\">gibi alanlar\u0131 kapsayacakt\u0131r.<\/font><\/p>\n<p style=\"MARGIN: 0px 0cm; TEXT-ALIGN: justify\"><font face=\"tahoma,arial,helvetica,sans-serif\">&nbsp;<\/font><\/p>\n<p style=\"MARGIN: 0px 0cm; TEXT-ALIGN: justify\"><font color=\"#003399\"><font face=\"tahoma,arial,helvetica,sans-serif\"><span style=\"FONT-WEIGHT: normal; FONT-STYLE: normal\"><font size=\"2\">Parasal ve mali disiplinin sa\u011flanmas\u0131n\u0131n yan\u0131nda yap\u0131sal reformlar\u0131n uygulanmas\u0131, &uuml;lkemizde <\/font><\/span><font size=\"2\"><span style=\"FONT-STYLE: normal\">g&uuml;ven ortam\u0131n\u0131 olu\u015fturacak<\/span><span style=\"FONT-WEIGHT: normal; FONT-STYLE: normal\"> ve <\/span><span style=\"FONT-STYLE: normal\">belirsizlikleri azaltacakt\u0131r<\/span><\/font><span style=\"FONT-WEIGHT: normal; FONT-STYLE: normal\"><font size=\"2\">. Buna ba\u011fl\u0131 olarak enflasyonda ve reel faizlerde kal\u0131c\u0131 bir d&uuml;\u015f&uuml;\u015f sa\u011flanacakt\u0131r. Makro ekonomik istikrar\u0131 sa\u011flamaya y&ouml;nelik para ve maliye politikalar\u0131na ilaveten, reel sekt&ouml;r&uuml;n canlanmas\u0131 i\u00e7in gerekli destek verilecek, &uuml;retim, yat\u0131r\u0131m, ihracat ve istihdam\u0131n art\u0131r\u0131lmas\u0131yla birlikte arzulanan b&uuml;y&uuml;me seviyesine ula\u015f\u0131lacakt\u0131r.<\/font><\/span><\/font><\/font><\/p>\n<p style=\"MARGIN: 0px 0cm; TEXT-ALIGN: justify\"><font face=\"tahoma,arial,helvetica,sans-serif\">&nbsp;<\/font><\/p>\n<p style=\"MARGIN: 0px 0cm; TEXT-ALIGN: justify\"><font color=\"#003399\"><font face=\"tahoma,arial,helvetica,sans-serif\"><span style=\"FONT-STYLE: normal\"><font size=\"2\">AK PART\u0130<\/font><\/span><font size=\"2\"><span style=\"FONT-WEIGHT: normal; FONT-STYLE: normal\">, &uuml;stlendi\u011fi sosyal sorumluluklar\u0131n gere\u011fi olarak, krizden olumsuz etkilenmi\u015f kesimlerle yak\u0131ndan ilgilenecek, sosyal yard\u0131m projelerini uygulamaya koyacakt\u0131r. Resmi verilere g&ouml;re, n&uuml;fusumuzun y&uuml;zde 15&#8217;i <\/span><span style=\"FONT-STYLE: normal\">a\u00e7l\u0131k s\u0131n\u0131r\u0131n\u0131n alt\u0131ndad\u0131r<\/span><span style=\"FONT-WEIGHT: normal; FONT-STYLE: normal\">. <\/span><span style=\"FONT-STYLE: normal\">PART\u0130M\u0130Z<\/span><\/font><span style=\"FONT-WEIGHT: normal; FONT-STYLE: normal\"><font size=\"2\">, insan haklar\u0131na ve Anayasaya ayk\u0131r\u0131 olan bu ac\u0131 tabloya kay\u0131ts\u0131z kalmayacakt\u0131r. Sosyal politikalar \u00e7er\u00e7evesinde bu acil sorunun \u00e7&ouml;z&uuml;m&uuml;ne &ouml;ncelik verecektir.<\/font><\/span><\/font><\/font><\/p>\n<p style=\"MARGIN: 0px 0cm; TEXT-ALIGN: justify\"><font face=\"tahoma,arial,helvetica,sans-serif\">&nbsp;<\/font><\/p>\n<p style=\"MARGIN: 0px 0cm; TEXT-ALIGN: justify\"><font color=\"#003399\"><font face=\"tahoma,arial,helvetica,sans-serif\"><span style=\"FONT-STYLE: normal\"><font size=\"2\">AK PART\u0130<\/font><\/span><span style=\"FONT-WEIGHT: normal; FONT-STYLE: normal\"><font size=\"2\">, a\u00e7\u0131klad\u0131\u011f\u0131 ekonomik programlar\u0131n arkas\u0131nda g&uuml;\u00e7l&uuml; bir siyasi irade ile duracakt\u0131r. B&ouml;ylece, ekonomide \u015fiddetle ihtiya\u00e7 duyulan g&uuml;ven ve &ouml;ng&ouml;r&uuml;lebilirlik \u00e7ok k\u0131sa bir zamanda sa\u011flanacakt\u0131r.<\/font><\/span><\/font><\/font><\/p>\n<p style=\"MARGIN: 0px 0cm; TEXT-ALIGN: justify\"><font face=\"tahoma,arial,helvetica,sans-serif\">&nbsp;<\/font><\/p>\n<p style=\"MARGIN-TOP: 0px; MARGIN-BOTTOM: 0px\" align=\"justify\"><b><font face=\"tahoma,arial,helvetica,sans-serif\" color=\"#003399\" size=\"2\"><a name=\"D- MAL\u0130YE POL\u0130T\u0130KALARI\">D- MAL\u0130YE POL\u0130T\u0130KALARI<\/a><\/font><\/b><\/p>\n<p style=\"MARGIN: 0px 0cm; TEXT-ALIGN: justify\"><font face=\"tahoma,arial,helvetica,sans-serif\" color=\"#003399\" size=\"2\">Y&uuml;ksek kamu bor\u00e7 stokuna ba\u011fl\u0131 olarak yap\u0131lan faiz &ouml;demeleri sonucunda, b&uuml;t\u00e7eler ekonomik, mali ve sosyal politikalar\u0131 uygulama ve kalk\u0131nmay\u0131 sa\u011flama ara\u00e7lar\u0131 olmaktan \u00e7\u0131km\u0131\u015f ve faiz &ouml;deme arac\u0131 haline gelmi\u015ftir.<\/font><\/p>\n<p style=\"MARGIN: 0px 0cm; TEXT-ALIGN: justify\"><font face=\"tahoma,arial,helvetica,sans-serif\">&nbsp;<\/font><\/p>\n<p style=\"MARGIN: 0px 0cm; TEXT-ALIGN: justify\"><font face=\"tahoma,arial,helvetica,sans-serif\" color=\"#003399\" size=\"2\">2001 y\u0131l\u0131nda b&uuml;t\u00e7e harcamalar\u0131n\u0131n GSMH i\u00e7indeki pay\u0131 y&uuml;zde 45&#8217;e y&uuml;kselirken, sadece faiz &ouml;demelerinin GSMH&#8217;ya oran\u0131 y&uuml;zde 23&#8217;e ula\u015fm\u0131\u015ft\u0131r. Buna kar\u015f\u0131l\u0131k, yat\u0131r\u0131m harcamalar\u0131n\u0131n GSMH i\u00e7indeki pay\u0131 ise y&uuml;zde 2,1 olmu\u015ftur. Faiz &ouml;demelerinin vergi gelirlerine oran\u0131 y&uuml;zde 103&#8217;&uuml; bulmu\u015ftur. Bu durum, toplanan vergilerin tamam\u0131n\u0131n faiz &ouml;demelerine gitti\u011fini g&ouml;stermektedir.<\/font><\/p>\n<p style=\"MARGIN: 0px 0cm; TEXT-ALIGN: justify\"><font face=\"tahoma,arial,helvetica,sans-serif\">&nbsp;<\/font><\/p>\n<p style=\"MARGIN: 0px 0cm; TEXT-ALIGN: justify\"><font color=\"#003399\"><font face=\"tahoma,arial,helvetica,sans-serif\"><b><font size=\"2\">PART\u0130M\u0130Z\u0130N<\/font><\/b><font size=\"2\"> uygulayaca\u011f\u0131 makro ekonomik politikalarla, bor\u00e7-faiz k\u0131s\u0131r d&ouml;ng&uuml;s&uuml; k\u0131r\u0131lacak, bor\u00e7 stokunun vade yap\u0131s\u0131 iyile\u015ftirilecek, bor\u00e7 stoku s&uuml;rd&uuml;r&uuml;lebilir bir seviyeye indirilecek, faiz &ouml;demelerinin b&uuml;t\u00e7e &uuml;zerindeki bask\u0131s\u0131 azalt\u0131lacak ve b&ouml;ylece b&uuml;t\u00e7eler tekrar maliye politikas\u0131 arac\u0131 haline getirilecektir.<\/font><\/font><\/font><\/p>\n<p style=\"MARGIN: 0px 0cm; TEXT-ALIGN: justify\"><font face=\"tahoma,arial,helvetica,sans-serif\">&nbsp;<\/font><\/p>\n<p style=\"MARGIN: 0px 0cm; TEXT-ALIGN: justify\"><font face=\"tahoma,arial,helvetica,sans-serif\" color=\"#003399\" size=\"2\">B&uuml;t\u00e7e &uuml;zerindeki faiz y&uuml;k&uuml;n&uuml;n makul seviyelere indirilmesiyle beraber kalk\u0131nmam\u0131za h\u0131z kazand\u0131racak yat\u0131r\u0131mlara, kamu \u00e7al\u0131\u015fanlar\u0131n\u0131n maa\u015f ve &uuml;cretlerinde iyile\u015fmeler yap\u0131lmas\u0131na, e\u011fitim ve sa\u011fl\u0131k gibi sosyal harcamalar\u0131n art\u0131r\u0131lmas\u0131na &ouml;ncelik verilecektir.<\/font><\/p>\n<p style=\"MARGIN: 0px 0cm; TEXT-ALIGN: justify\"><font face=\"tahoma,arial,helvetica,sans-serif\">&nbsp;<\/font><\/p>\n<p style=\"MARGIN: 0px 0cm; TEXT-ALIGN: justify\"><font face=\"tahoma,arial,helvetica,sans-serif\" color=\"#003399\" size=\"2\">1. Kamu A\u00e7\u0131klar\u0131<\/font><\/p>\n<p style=\"MARGIN: 0px 0cm; TEXT-ALIGN: justify\"><font face=\"tahoma,arial,helvetica,sans-serif\" color=\"#003399\" size=\"2\">Harcamalar\u0131n gelirlerden fazla olmas\u0131, kamu a\u00e7\u0131klar\u0131n\u0131 s&uuml;rekli olarak art\u0131rm\u0131\u015ft\u0131r. Son 10 y\u0131lda, kamu a\u00e7\u0131klar\u0131n\u0131n GSY\u0130H&#8217;ya oran\u0131 y&uuml;zde 7&#8217;den y&uuml;zde 16&#8217;ya y&uuml;kselmi\u015ftir. Kamu a\u00e7\u0131klar\u0131n\u0131n GSY\u0130H&#8217;ya oran\u0131n\u0131n y&uuml;zde 3&#8217;den fazla olmamas\u0131n\u0131n Maastricht kriterlerinden biri oldu\u011fu dikkate al\u0131nd\u0131\u011f\u0131nda, &uuml;lkemizdeki kamu a\u00e7\u0131\u011f\u0131n\u0131n b&uuml;y&uuml;kl&uuml;\u011f&uuml; daha iyi anla\u015f\u0131lmaktad\u0131r.<\/font><\/p>\n<p style=\"MARGIN: 0px 0cm; TEXT-INDENT: 36pt; TEXT-ALIGN: justify\"><font face=\"tahoma,arial,helvetica,sans-serif\">&nbsp;<\/font><\/p>\n<p style=\"MARGIN: 0px 0cm; TEXT-INDENT: 36pt; TEXT-ALIGN: justify\"><font face=\"tahoma,arial,helvetica,sans-serif\" color=\"#003399\" size=\"2\">Kamu a\u00e7\u0131klar\u0131n\u0131n ba\u015fl\u0131ca nedenleri;<\/font><\/p>\n<p style=\"MARGIN: 0px 0cm 0px 2cm; TEXT-INDENT: -19.85pt; TEXT-ALIGN: justify\"><font face=\"tahoma,arial,helvetica,sans-serif\" color=\"#003399\" size=\"2\">\u00b7Cari harcamalarda y&uuml;ksek reel art\u0131\u015flar,<\/font><\/p>\n<p style=\"MARGIN: 0px 0cm 0px 2cm; TEXT-INDENT: -19.85pt; TEXT-ALIGN: justify\"><font face=\"tahoma,arial,helvetica,sans-serif\" color=\"#003399\" size=\"2\">\u00b7K\u0131sa vadeli y&uuml;ksek reel faizli i\u00e7 bor\u00e7lanma,<\/font><\/p>\n<p style=\"MARGIN: 0px 0cm 0px 2cm; TEXT-INDENT: -19.85pt; TEXT-ALIGN: justify\"><font face=\"tahoma,arial,helvetica,sans-serif\" color=\"#003399\" size=\"2\">\u00b7Verimsiz ve hantal kamu idaresi,<\/font><\/p>\n<p style=\"MARGIN: 0px 0cm 0px 2cm; TEXT-INDENT: -19.85pt; TEXT-ALIGN: justify\"><font face=\"tahoma,arial,helvetica,sans-serif\" color=\"#003399\" size=\"2\">\u00b7Kamudaki istihdam fazlas\u0131,<\/font><\/p>\n<p style=\"MARGIN: 0px 0cm 0px 2cm; TEXT-INDENT: -19.85pt; TEXT-ALIGN: justify\"><font face=\"tahoma,arial,helvetica,sans-serif\" color=\"#003399\" size=\"2\">\u00b7Kamu harcamalar\u0131nda savurganl\u0131k,<\/font><\/p>\n<p style=\"MARGIN: 0px 0cm 0px 2cm; TEXT-INDENT: -19.85pt; TEXT-ALIGN: justify\"><font face=\"tahoma,arial,helvetica,sans-serif\" color=\"#003399\" size=\"2\">\u00b7Yolsuzluklar ve kamu hizmetlerinin maliyetinin y&uuml;ksekli\u011fi,<\/font><\/p>\n<p style=\"MARGIN: 0px 0cm 0px 2cm; TEXT-INDENT: -19.85pt; TEXT-ALIGN: justify\"><font face=\"tahoma,arial,helvetica,sans-serif\" color=\"#003399\" size=\"2\">\u00b7Y&uuml;ksek maliyetle ve verimsiz olarak \u00e7al\u0131\u015fan K\u0130T&#8217;ler,<\/font><\/p>\n<p style=\"MARGIN: 0px 0cm 0px 2cm; TEXT-INDENT: -19.85pt; TEXT-ALIGN: justify\"><font face=\"tahoma,arial,helvetica,sans-serif\" color=\"#003399\" size=\"2\">\u00b7Akt&uuml;eryal dengeleri bozulmu\u015f sosyal g&uuml;venlik sistemi,<\/font><\/p>\n<p style=\"MARGIN: 0px 0cm 0px 2cm; TEXT-INDENT: -19.85pt; TEXT-ALIGN: justify\"><font face=\"tahoma,arial,helvetica,sans-serif\" color=\"#003399\" size=\"2\">\u00b7Rasyonel olmayan te\u015fvik, s&uuml;bvansiyon ve destekleme politikalar\u0131,<\/font><\/p>\n<p style=\"MARGIN: 0px 0cm 0px 2cm; TEXT-INDENT: -19.85pt; TEXT-ALIGN: justify\"><font face=\"tahoma,arial,helvetica,sans-serif\" color=\"#003399\" size=\"2\">\u00b7Kamu bankalar\u0131n\u0131n g&ouml;rev zararlar\u0131.<\/font><\/p>\n<p style=\"MARGIN: 0px 0cm 0px 2cm; TEXT-INDENT: -19.85pt; TEXT-ALIGN: justify\"><font face=\"tahoma,arial,helvetica,sans-serif\">&nbsp;<\/font><\/p>\n<p style=\"MARGIN: 0px 0cm\" align=\"justify\"><font face=\"tahoma,arial,helvetica,sans-serif\" color=\"#003399\" size=\"2\">Kamu a\u00e7\u0131klar\u0131n\u0131n k\u0131sa vadeli i\u00e7 bor\u00e7lanma ile kar\u015f\u0131lanmas\u0131 da, ciddi bir i\u00e7 bor\u00e7 servis y&uuml;k&uuml; getirerek, faiz oranlar\u0131n\u0131n y&uuml;kselmesine ve kamu a\u00e7\u0131klar\u0131n\u0131n s&uuml;reklilik kazanmas\u0131na&nbsp; yol a\u00e7m\u0131\u015ft\u0131r.<\/font><\/p>\n<p style=\"MARGIN: 0px 0cm\" align=\"justify\"><font face=\"tahoma,arial,helvetica,sans-serif\">&nbsp;<\/font><\/p>\n<p style=\"MARGIN: 0px 0cm; TEXT-ALIGN: justify\"><font face=\"tahoma,arial,helvetica,sans-serif\" color=\"#003399\" size=\"2\">Kamu a\u00e7\u0131klar\u0131, harcamalarda <b>tasarruf<\/b> ve <b>verimlili\u011fin art\u0131r\u0131lmas\u0131<\/b> yoluyla azalt\u0131lacak, <b>vergi oranlar\u0131n\u0131n y&uuml;kseltilmesi <\/b>veya <b>yeni vergi ihdas\u0131 <\/b>kolayc\u0131l\u0131\u011f\u0131na gidilmeyecektir.<\/font><\/p>\n<p style=\"MARGIN: 0px 0cm; TEXT-ALIGN: justify\"><font face=\"tahoma,arial,helvetica,sans-serif\">&nbsp;<\/font><\/p>\n<p style=\"MARGIN: 0px 0cm; TEXT-ALIGN: justify\"><font color=\"#003399\"><font face=\"tahoma,arial,helvetica,sans-serif\"><b><font size=\"2\">PART\u0130M\u0130Z<\/font><\/b><font size=\"2\">, ekonomik istikrars\u0131zl\u0131k nedeni olan kamu a\u00e7\u0131klar\u0131n\u0131 azaltmak i\u00e7in kararl\u0131 ve s&uuml;ratli bir \u015fekilde a\u015fa\u011f\u0131daki tedbirleri uygulamaya koyacakt\u0131r:<\/font><\/font><\/font><\/p>\n<p style=\"MARGIN: 0px 0cm; TEXT-ALIGN: justify\"><font face=\"tahoma,arial,helvetica,sans-serif\">&nbsp;<\/font><\/p>\n<p style=\"MARGIN: 0px 0cm 0px 2cm; TEXT-INDENT: -19.85pt; TEXT-ALIGN: justify\"><font face=\"tahoma,arial,helvetica,sans-serif\" color=\"#003399\" size=\"2\">\u00b7Yap\u0131sal reformlar s&uuml;ratle ger\u00e7ekle\u015ftirilecek,<\/font><\/p>\n<p style=\"MARGIN: 0px 0cm 0px 2cm; TEXT-INDENT: -19.85pt; TEXT-ALIGN: justify\"><font face=\"tahoma,arial,helvetica,sans-serif\" color=\"#003399\" size=\"2\">\u00b7Uygulamalarda \u015feffafl\u0131k sa\u011flanacak,<\/font><\/p>\n<p style=\"MARGIN: 0px 0cm 0px 2cm; TEXT-INDENT: -19.85pt; TEXT-ALIGN: justify\"><font face=\"tahoma,arial,helvetica,sans-serif\" color=\"#003399\" size=\"2\">\u00b7Yolsuzluk ve r&uuml;\u015fvetle m&uuml;cadele edilecek,<\/font><\/p>\n<p style=\"MARGIN: 0px 0cm 0px 2cm; TEXT-INDENT: -19.85pt; TEXT-ALIGN: justify\"><font face=\"tahoma,arial,helvetica,sans-serif\" color=\"#003399\" size=\"2\">\u00b7Harcamalarda etkinlik sa\u011flanacak ve verimlilik art\u0131r\u0131lacak,<\/font><\/p>\n<p style=\"MARGIN: 0px 0cm 0px 2cm; TEXT-INDENT: -19.85pt; TEXT-ALIGN: justify\"><font face=\"tahoma,arial,helvetica,sans-serif\" color=\"#003399\" size=\"2\">\u00b7Kaynaklar &ouml;ncelikli projelere tahsis edilerek yat\u0131r\u0131m stoku azalt\u0131lacak,<\/font><\/p>\n<p style=\"MARGIN: 0px 0cm 0px 2cm; TEXT-INDENT: -19.85pt; TEXT-ALIGN: justify\"><font face=\"tahoma,arial,helvetica,sans-serif\" color=\"#003399\" size=\"2\">\u00b7Hukuki ve idari engeller kald\u0131r\u0131larak &ouml;zelle\u015ftirmeye h\u0131z verilecek,<\/font><\/p>\n<p style=\"MARGIN: 0px 0cm 0px 2cm; TEXT-INDENT: -19.85pt; TEXT-ALIGN: justify\"><font face=\"tahoma,arial,helvetica,sans-serif\" color=\"#003399\" size=\"2\">\u00b7Sosyal g&uuml;venlik kurulu\u015flar\u0131n\u0131n a\u00e7\u0131klar\u0131n\u0131 kapatacak tedbirler al\u0131nacak,<\/font><\/p>\n<p style=\"MARGIN: 0px 0cm 0px 2cm; TEXT-INDENT: -19.85pt; TEXT-ALIGN: justify\"><font face=\"tahoma,arial,helvetica,sans-serif\" color=\"#003399\" size=\"2\">\u00b7Te\u015fvik, s&uuml;bvansiyon ve destekleme politikalar\u0131na rasyonel kriterler getirilecek,<\/font><\/p>\n<p style=\"MARGIN: 0px 0cm 0px 2cm; TEXT-INDENT: -19.85pt; TEXT-ALIGN: justify\"><font face=\"tahoma,arial,helvetica,sans-serif\" color=\"#003399\" size=\"2\">\u00b7Kamu bankalar\u0131, &ouml;zelle\u015ftirilinceye kadar, ticari esaslar dahilinde \u00e7al\u0131\u015ft\u0131r\u0131lacakt\u0131r.<\/font><\/p>\n<p style=\"MARGIN: 0px 0cm 0px 2cm; TEXT-INDENT: -19.85pt; TEXT-ALIGN: justify\"><font face=\"tahoma,arial,helvetica,sans-serif\">&nbsp;<\/font><\/p>\n<p style=\"MARGIN: 0px 0cm; TEXT-ALIGN: justify\"><font face=\"tahoma,arial,helvetica,sans-serif\" color=\"#003399\" size=\"2\">2. Gelirler Politikas\u0131<\/font><\/p>\n<p style=\"MARGIN: 0px 0cm\" align=\"justify\"><span style=\"FONT-WEIGHT: normal\"><font face=\"tahoma,arial,helvetica,sans-serif\" color=\"#003399\" size=\"2\">Kamu finansman ihtiyac\u0131n\u0131n 1990&#8217;l\u0131 y\u0131llardan itibaren h\u0131zla artmas\u0131n\u0131n yan\u0131nda, ekonomide ya\u015fanan sorunlar\u0131n kamu finansman\u0131n\u0131 olumsuz y&ouml;nde etkilemesi, yeni vergilerin ihdas\u0131 ve mevcut vergi oranlar\u0131n\u0131n art\u0131\u015f\u0131 sonucunu do\u011furmu\u015ftur. B&ouml;ylece, vergi y&uuml;k&uuml; artm\u0131\u015f ve 2001 y\u0131l\u0131nda GSMH&#8217;n\u0131n y&uuml;zde 33,1 d&uuml;zeyine kadar y&uuml;kselmi\u015ftir. Ekonomik kriz nedeniyle m&uuml;kellef say\u0131s\u0131 artmad\u0131\u011f\u0131na g&ouml;re, kay\u0131tl\u0131 m&uuml;kelleflerin vergi y&uuml;kleri daha da a\u011f\u0131rla\u015fm\u0131\u015ft\u0131r. Bu ise &uuml;lkemizdeki vergi adaletsizli\u011fini daha da belirgin hale getirmi\u015ftir.<\/font><\/span><\/p>\n<p style=\"MARGIN: 0px 0cm\" align=\"justify\"><font face=\"tahoma,arial,helvetica,sans-serif\">&nbsp;<\/font><\/p>\n<blockquote>\n<p style=\"MARGIN-TOP: 0px; MARGIN-BOTTOM: 0px; MARGIN-RIGHT: 0cm; TEXT-ALIGN: justify\"><font color=\"#003399\"><font face=\"tahoma,arial,helvetica,sans-serif\"><font size=\"2\">\u00b7<\/font><b><font size=\"2\">PART\u0130M\u0130Z, ilke olarak vergi oranlar\u0131n\u0131 d&uuml;\u015f&uuml;recek ve vergi say\u0131s\u0131n\u0131 azaltacakt\u0131r.<\/font><\/b><\/font><\/font><\/p>\n<p style=\"MARGIN-TOP: 0px; MARGIN-BOTTOM: 0px; MARGIN-RIGHT: 0cm; TEXT-ALIGN: justify\"><font face=\"tahoma,arial,helvetica,sans-serif\" color=\"#003399\" size=\"2\">\u00b7Orta vadede toplam vergi gelirini azaltmadan, verginin tabana yay\u0131lmas\u0131, ki\u015fi ve kurumlar\u0131 kay\u0131t d\u0131\u015f\u0131l\u0131\u011fa iten nedenlerin kald\u0131r\u0131lmas\u0131 ve vergi idaresinde etkinli\u011fin sa\u011flanmas\u0131yla, vergi oranlar\u0131 tedricen indirilecektir.<\/font><\/p>\n<p style=\"MARGIN-TOP: 0px; MARGIN-BOTTOM: 0px; MARGIN-RIGHT: 0cm; TEXT-ALIGN: justify\"><font face=\"tahoma,arial,helvetica,sans-serif\" color=\"#003399\" size=\"2\">\u00b7Verginin esas amac\u0131n\u0131n gelir toplamak oldu\u011fu dikkate al\u0131narak, vergi sistemini karma\u015f\u0131k hale getiren istisna ve muafiyetler basitle\u015ftirilecektir.<\/font><\/p>\n<p style=\"MARGIN-TOP: 0px; MARGIN-BOTTOM: 0px; MARGIN-RIGHT: 0cm; TEXT-ALIGN: justify\"><font face=\"tahoma,arial,helvetica,sans-serif\" color=\"#003399\" size=\"2\">\u00b7Di\u011fer kanunlardaki vergi ile ilgili h&uuml;k&uuml;mler vergi kanunlar\u0131 i\u00e7ine al\u0131nacak, vergi sistemi basitle\u015ftirilecek, g&uuml;n&uuml;m&uuml;z \u015fartlar\u0131nda uygulanamayan vergiler kald\u0131r\u0131lacakt\u0131r.<\/font><\/p>\n<p style=\"MARGIN-TOP: 0px; MARGIN-BOTTOM: 0px; MARGIN-RIGHT: 0cm; TEXT-ALIGN: justify\"><font face=\"tahoma,arial,helvetica,sans-serif\" color=\"#003399\" size=\"2\">\u00b7Vergi d&uuml;zenlemelerinde, kamu finansman\u0131 &ouml;ncelikleri yan\u0131nda, verginin iktisadi birimlere etkisi, ekonomik ve sosyal getirisi, &uuml;retim ve istihdama tesiri ile vergi benzeri y&uuml;k&uuml;ml&uuml;l&uuml;kler dikkate al\u0131nacakt\u0131r.<\/font><\/p>\n<p style=\"MARGIN-TOP: 0px; MARGIN-BOTTOM: 0px; MARGIN-RIGHT: 0cm; TEXT-ALIGN: justify\"><font face=\"tahoma,arial,helvetica,sans-serif\" color=\"#003399\" size=\"2\">\u00b7&#8220;<b>Vergi bar\u0131\u015f\u0131 projesi<\/b>&#8221; \u00e7er\u00e7evesinde, kay\u0131t d\u0131\u015f\u0131l\u0131\u011f\u0131 kontrol alt\u0131na almak amac\u0131yla <b>vergide ak sayfa<\/b> a\u00e7\u0131lacakt\u0131r. Bu proje kapsam\u0131nda, vergi ihtilaflar\u0131 ile ilgili 130 bine ula\u015fan dosya vergi ve faiz indirimi yoluyla tasfiye edilecek; matrah art\u0131r\u0131m\u0131, tahsilat kolayl\u0131\u011f\u0131, stok aff\u0131, demirba\u015f aff\u0131 gibi yollarla sistemin kay\u0131tl\u0131 ekonomiye ge\u00e7mesinin alt yap\u0131s\u0131 haz\u0131rlanacakt\u0131r.<\/font><\/p>\n<p style=\"MARGIN-TOP: 0px; MARGIN-BOTTOM: 0px; MARGIN-RIGHT: 0cm; TEXT-ALIGN: justify\"><font face=\"tahoma,arial,helvetica,sans-serif\" color=\"#003399\" size=\"2\">\u00b7Ge\u00e7mi\u015fe y&uuml;r&uuml;yen ya da ge\u00e7mi\u015fi esas alan vergi kanunlar\u0131 \u00e7\u0131kar\u0131lmayacakt\u0131r. <b>Mali milat<\/b> uygulamas\u0131 kald\u0131r\u0131lacakt\u0131r.<\/font><\/p>\n<p style=\"MARGIN-TOP: 0px; MARGIN-BOTTOM: 0px; MARGIN-RIGHT: 0cm; TEXT-ALIGN: justify\"><font face=\"tahoma,arial,helvetica,sans-serif\" color=\"#003399\" size=\"2\">\u00b7Kurum kazan\u00e7lar\u0131n\u0131n vergilendirilmesinde, gelir ve kurumlar vergisi aras\u0131nda entegrasyon sa\u011flanacakt\u0131r. B&ouml;ylece, bir yandan kurum kazan\u00e7lar\u0131 &uuml;zerindeki vergi y&uuml;k&uuml; azalt\u0131l\u0131rken, di\u011fer yandan ger\u00e7ek ki\u015fi kazan\u00e7lar\u0131n\u0131n daha net tespiti m&uuml;mk&uuml;n olacakt\u0131r. Bu d&uuml;zenlemeler AB&#8217;ye uyum ve yabanc\u0131 sermayenin vergilendirilmesi a\u00e7\u0131s\u0131ndan da &ouml;nem ta\u015f\u0131maktad\u0131r.<\/font><\/p>\n<p style=\"MARGIN-TOP: 0px; MARGIN-BOTTOM: 0px; MARGIN-RIGHT: 0cm; TEXT-ALIGN: justify\"><font face=\"tahoma,arial,helvetica,sans-serif\" color=\"#003399\" size=\"2\">\u00b7Menkul sermaye iratlar\u0131n\u0131n vergilendirilmesi ile ilgili olarak yap\u0131lan d&uuml;zenlemelerin basit, kal\u0131c\u0131, uygulama kolayl\u0131\u011f\u0131 olan, vergi adaletini zedelemeyen nitelikler ta\u015f\u0131mas\u0131na dikkat edilecektir.<\/font><\/p>\n<p style=\"MARGIN-TOP: 0px; MARGIN-BOTTOM: 0px; MARGIN-RIGHT: 0cm; TEXT-ALIGN: justify\"><font face=\"tahoma,arial,helvetica,sans-serif\" color=\"#003399\" size=\"2\">\u00b7Damga vergisi ve har\u00e7lar gibi i\u015fleme dayal\u0131 vergilerin \u00e7o\u011fu kald\u0131r\u0131lacak, kalanlar\u0131n ise oranlar\u0131 d&uuml;\u015f&uuml;r&uuml;lerek &uuml;st s\u0131n\u0131r getirilecektir. B&ouml;ylece olaylar\u0131n ekonomik boyutunun kavranmas\u0131 kolayla\u015ft\u0131r\u0131larak gelir, kurumlar ve katma de\u011fer vergisi has\u0131lat\u0131 art\u0131r\u0131lacakt\u0131r.<\/font><\/p>\n<p style=\"MARGIN-TOP: 0px; MARGIN-BOTTOM: 0px; MARGIN-RIGHT: 0cm\" align=\"justify\"><font color=\"#003399\"><span style=\"FONT-WEIGHT: normal\"><font face=\"tahoma,arial,helvetica,sans-serif\" size=\"2\">\u00b7Gelir idaresinin &uuml;stlendi\u011fi faaliyetler, genel m&uuml;d&uuml;rl&uuml;k \u00e7at\u0131s\u0131 alt\u0131nda verimli bir \u015fekilde yerine getirilememektedir. Gelir idaresinde birimlerin g&ouml;rev ve yetkileri a\u00e7\u0131k\u00e7a belirlenecek, mali y&ouml;netim esnek ve fonksiyonel bir yap\u0131ya kavu\u015fturulacakt\u0131r.<\/font><\/span><\/font><\/p>\n<p style=\"MARGIN-TOP: 0px; MARGIN-BOTTOM: 0px; MARGIN-RIGHT: 0cm\" align=\"justify\"><font color=\"#003399\"><span style=\"FONT-WEIGHT: normal\"><font face=\"tahoma,arial,helvetica,sans-serif\" size=\"2\">\u00b7M&uuml;kelleflere ve vergi idaresine kolayl\u0131k sa\u011flamak amac\u0131yla, m&uuml;kellefler bilgisayar sistemiyle beyanlar\u0131n\u0131, tahakkuklar\u0131n\u0131 ve &ouml;demelerini internet &uuml;zerinden yapabilecek, uygulamaya konulacak tek sosyal g&uuml;venlik numaras\u0131yla m&uuml;kellefler daha kolay izlenecektir. <\/font><\/span><\/font><\/p>\n<\/blockquote>\n<p style=\"MARGIN-TOP: 0px; MARGIN-BOTTOM: 0px\" align=\"justify\"><font face=\"tahoma,arial,helvetica,sans-serif\" color=\"#003399\" size=\"2\">3. Kamu Harcamalar\u0131<\/font><\/p>\n<p style=\"MARGIN: 0px 0cm\" align=\"justify\"><span style=\"FONT-WEIGHT: normal\"><font face=\"tahoma,arial,helvetica,sans-serif\" color=\"#003399\" size=\"2\">T&uuml;rk harcama sistemi, karar al\u0131c\u0131lara ve topluma do\u011fru bilgi sunacak bir yap\u0131da de\u011fildir. Program-b&uuml;t\u00e7e ili\u015fkisi kurulamad\u0131\u011f\u0131ndan, b&uuml;t\u00e7e d\u0131\u015f\u0131nda harcama al\u0131\u015fkanl\u0131\u011f\u0131 yayg\u0131nd\u0131r ve bu nedenle b&uuml;t\u00e7e iyi denetlenememektedir.<\/font><\/span><\/p>\n<p style=\"MARGIN: 0px 0cm\" align=\"justify\"><font color=\"#003399\"><font face=\"tahoma,arial,helvetica,sans-serif\"><font size=\"2\">PART\u0130M\u0130Z\u0130N<span style=\"FONT-WEIGHT: normal\"> uygulayaca\u011f\u0131 <\/span>kamu harcama reformu<\/font><span style=\"FONT-WEIGHT: normal\"><font size=\"2\"> \u015fu d&ouml;rt hedefe y&ouml;nelecektir:<\/font><\/span><\/font><\/font><\/p>\n<p style=\"MARGIN: 0px 0cm\" align=\"justify\"><font face=\"tahoma,arial,helvetica,sans-serif\">&nbsp;<\/font><\/p>\n<p style=\"MARGIN: 0px 0cm 0px 2cm; TEXT-INDENT: -19.85pt\" align=\"justify\"><font color=\"#003399\"><span style=\"FONT-WEIGHT: normal\"><font face=\"tahoma,arial,helvetica,sans-serif\" size=\"2\">\u00b7Makro ekonomik istikrar\u0131n sa\u011flanmas\u0131,<\/font><\/span><\/font><\/p>\n<p style=\"MARGIN: 0px 0cm 0px 2cm; TEXT-INDENT: -19.85pt\" align=\"justify\"><font color=\"#003399\"><span style=\"FONT-WEIGHT: normal\"><font face=\"tahoma,arial,helvetica,sans-serif\" size=\"2\">\u00b7Kaynaklar\u0131n stratejik hizmet &ouml;nceliklerine g&ouml;re tahsisi,<\/font><\/span><\/font><\/p>\n<p style=\"MARGIN: 0px 0cm 0px 2cm; TEXT-INDENT: -19.85pt\" align=\"justify\"><font color=\"#003399\"><span style=\"FONT-WEIGHT: normal\"><font face=\"tahoma,arial,helvetica,sans-serif\" size=\"2\">\u00b7Kamu hizmetlerinin tutumluluk, verimlilik ve etkinlik ilkelerine g&ouml;re y&uuml;r&uuml;t&uuml;lmesi,<\/font><\/span><\/font><\/p>\n<p style=\"MARGIN: 0px 0cm 0px 2cm; TEXT-INDENT: -19.85pt\" align=\"justify\"><font color=\"#003399\"><span style=\"FONT-WEIGHT: normal\"><font face=\"tahoma,arial,helvetica,sans-serif\" size=\"2\">\u00b7Kullan\u0131lan mali yetkilerin hesab\u0131n\u0131n verilerek saydaml\u0131\u011f\u0131n sa\u011flanmas\u0131.<\/font><\/span><\/font><\/p>\n<p style=\"MARGIN: 0px 0cm 0px 2cm; TEXT-INDENT: -19.85pt\" align=\"justify\"><font face=\"tahoma,arial,helvetica,sans-serif\">&nbsp;<\/font><\/p>\n<p style=\"MARGIN: 0px 0cm\" align=\"justify\"><font color=\"#003399\"><font face=\"tahoma,arial,helvetica,sans-serif\"><span style=\"FONT-WEIGHT: normal\"><font size=\"2\">Yeni mali y&ouml;netim anlay\u0131\u015f\u0131m\u0131zla, kamu oyu ve halk\u0131m\u0131za daha fazla bilgi verilerek yolsuzluk ve savurganl\u0131k &ouml;nlenmi\u015f olacakt\u0131r. Bu yeni yakla\u015f\u0131m, &#8220;<\/font><\/span><font size=\"2\">daha az kaynakla daha \u00e7ok i\u015f yapma<\/font><span style=\"FONT-WEIGHT: normal\"><font size=\"2\">&#8221; imkan\u0131n\u0131 sa\u011flayacakt\u0131r.<\/font><\/span><\/font><\/font><\/p>\n<p style=\"MARGIN: 0px 0cm\" align=\"justify\"><font face=\"tahoma,arial,helvetica,sans-serif\">&nbsp;<\/font><\/p>\n<p style=\"MARGIN: 0px 0cm\" align=\"justify\"><span style=\"FONT-WEIGHT: normal\"><font face=\"tahoma,arial,helvetica,sans-serif\" color=\"#003399\" size=\"2\">Harcama reformunda hem yeniden yap\u0131lanma hem de kalite boyutu dikkate al\u0131nacakt\u0131r. Bu ama\u00e7lara ula\u015fmak i\u00e7in kararl\u0131 bir siyasi iradenin &ouml;nc&uuml;l&uuml;k etti\u011fi ciddi bir de\u011fi\u015fim program\u0131 uygulanacakt\u0131r.<\/font><\/span><\/p>\n<p style=\"MARGIN: 0px 0cm\" align=\"justify\"><font face=\"tahoma,arial,helvetica,sans-serif\">&nbsp;<\/font><\/p>\n<p style=\"MARGIN: 0px 0cm 0px 0.85pt\" align=\"justify\"><font color=\"#003399\"><font face=\"tahoma,arial,helvetica,sans-serif\"><font size=\"2\">PART\u0130M\u0130Z\u0130N<\/font><span style=\"FONT-WEIGHT: normal\"><font size=\"2\"> bu hedeflere ula\u015fmak i\u00e7in stratejileri \u015funlard\u0131r:<\/font><\/span><\/font><\/font><\/p>\n<blockquote>\n<p style=\"MARGIN-TOP: 0px; MARGIN-BOTTOM: 0px; MARGIN-RIGHT: 0cm\" align=\"justify\"><font color=\"#003399\"><font face=\"tahoma,arial,helvetica,sans-serif\"><span style=\"FONT-WEIGHT: normal\"><font size=\"2\">\u00b7<\/font><\/span><span style=\"FONT-WEIGHT: normal; FONT-STYLE: normal; FONT-FAMILY: Arial; FONT-VARIANT: normal\"><font size=\"2\">&nbsp;<\/font><\/span><span style=\"FONT-WEIGHT: normal\"><font size=\"2\">Kamu harcamalar\u0131nda mali disiplin ve \u015feffafl\u0131k sa\u011flanacakt\u0131r.<\/font><\/span><\/font><\/font><\/p>\n<p style=\"MARGIN-TOP: 0px; MARGIN-BOTTOM: 0px; MARGIN-RIGHT: 0cm\" align=\"justify\"><font color=\"#003399\"><font face=\"tahoma,arial,helvetica,sans-serif\"><span style=\"FONT-WEIGHT: normal\"><font size=\"2\">\u00b7<\/font><\/span><span style=\"FONT-WEIGHT: normal; FONT-STYLE: normal; FONT-FAMILY: Arial; FONT-VARIANT: normal\"><font size=\"2\">&nbsp;<\/font><\/span><span style=\"FONT-WEIGHT: normal\"><font size=\"2\">B&uuml;t\u00e7e kapsam\u0131 g&ouml;zden ge\u00e7irilerek nakit ve b&uuml;t\u00e7e birli\u011fi sa\u011flanacakt\u0131r.<\/font><\/span><\/font><\/font><\/p>\n<p style=\"MARGIN-TOP: 0px; MARGIN-BOTTOM: 0px; MARGIN-RIGHT: 0cm\" align=\"justify\"><font color=\"#003399\"><font face=\"tahoma,arial,helvetica,sans-serif\"><span style=\"FONT-WEIGHT: normal\"><font size=\"2\">\u00b7<\/font><\/span><span style=\"FONT-WEIGHT: normal; FONT-STYLE: normal; FONT-FAMILY: Arial; FONT-VARIANT: normal\"><font size=\"2\">&nbsp;<\/font><\/span><span style=\"FONT-WEIGHT: normal\"><font size=\"2\">Harcamac\u0131 kamu kurulu\u015flar\u0131nda hizmet &uuml;retme performans\u0131 ile bu kurulu\u015flara tahsis edilen b&uuml;t\u00e7e aras\u0131nda irtibat kurulacak, kamunun hizmet performans\u0131 b&uuml;t\u00e7e s&uuml;reci i\u00e7inde sorgulanacakt\u0131r.<\/font><\/span><\/font><\/font><\/p>\n<p style=\"MARGIN-TOP: 0px; MARGIN-BOTTOM: 0px; MARGIN-RIGHT: 0cm\" align=\"justify\"><font color=\"#003399\"><font face=\"tahoma,arial,helvetica,sans-serif\"><span style=\"FONT-WEIGHT: normal\"><font size=\"2\">\u00b7<\/font><\/span><span style=\"FONT-WEIGHT: normal; FONT-STYLE: normal; FONT-FAMILY: Arial; FONT-VARIANT: normal\"><font size=\"2\">&nbsp;<\/font><\/span><span style=\"FONT-WEIGHT: normal\"><font size=\"2\">B&uuml;t\u00e7e, girdileri de\u011fil \u00e7\u0131kt\u0131lar\u0131 finanse edecek \u015fekilde hizmet odakl\u0131 olarak yeniden yap\u0131land\u0131r\u0131lacakt\u0131r.<\/font><\/span><\/font><\/font><\/p>\n<p style=\"MARGIN-TOP: 0px; MARGIN-BOTTOM: 0px; MARGIN-RIGHT: 0cm\" align=\"justify\"><font color=\"#003399\"><font face=\"tahoma,arial,helvetica,sans-serif\"><span style=\"FONT-WEIGHT: normal\"><font size=\"2\">\u00b7<\/font><\/span><span style=\"FONT-WEIGHT: normal; FONT-STYLE: normal; FONT-FAMILY: Arial; FONT-VARIANT: normal\"><font size=\"2\">&nbsp;<\/font><\/span><span style=\"FONT-WEIGHT: normal\"><font size=\"2\">B&uuml;t\u00e7enin haz\u0131rl\u0131k s&uuml;recinde etkin bir koordinasyon sa\u011flanacakt\u0131r.<\/font><\/span><\/font><\/font><\/p>\n<p style=\"MARGIN-TOP: 0px; MARGIN-BOTTOM: 0px; MARGIN-RIGHT: 0cm\" align=\"justify\"><font color=\"#003399\"><font face=\"tahoma,arial,helvetica,sans-serif\"><span style=\"FONT-WEIGHT: normal\"><font size=\"2\">\u00b7<\/font><\/span><span style=\"FONT-WEIGHT: normal; FONT-STYLE: normal; FONT-FAMILY: Arial; FONT-VARIANT: normal\"><font size=\"2\">&nbsp;<\/font><\/span><span style=\"FONT-WEIGHT: normal\"><font size=\"2\">Her y\u0131l b&uuml;t\u00e7e tasar\u0131s\u0131 ile birlikte <\/font><\/span><font size=\"2\">B&uuml;t\u00e7e Politikas\u0131 Beyannamesi<\/font><span style=\"FONT-WEIGHT: normal\"><font size=\"2\"> kamu oyuna duyurulacakt\u0131r.<\/font><\/span><\/font><\/font><\/p>\n<p style=\"MARGIN-TOP: 0px; MARGIN-BOTTOM: 0px; MARGIN-RIGHT: 0cm\" align=\"justify\"><font color=\"#003399\"><font face=\"tahoma,arial,helvetica,sans-serif\"><span style=\"FONT-WEIGHT: normal\"><font size=\"2\">\u00b7<\/font><\/span><span style=\"FONT-WEIGHT: normal; FONT-STYLE: normal; FONT-FAMILY: Arial; FONT-VARIANT: normal\"><font size=\"2\">&nbsp;<\/font><\/span><span style=\"FONT-WEIGHT: normal\"><font size=\"2\">Orta vadeli mali program geli\u015ftirilecek, b&uuml;t\u00e7eler &#8220;<\/font><\/span><font size=\"2\">\u00e7ok y\u0131ll\u0131<\/font><span style=\"FONT-WEIGHT: normal\"><font size=\"2\">&#8221; haz\u0131rlanacakt\u0131r.<\/font><\/span><\/font><\/font><\/p>\n<p style=\"MARGIN-TOP: 0px; MARGIN-BOTTOM: 0px; MARGIN-RIGHT: 0cm\" align=\"justify\"><font color=\"#003399\"><font face=\"tahoma,arial,helvetica,sans-serif\"><span style=\"FONT-WEIGHT: normal\"><font size=\"2\">\u00b7<\/font><\/span><span style=\"FONT-WEIGHT: normal; FONT-STYLE: normal; FONT-FAMILY: Arial; FONT-VARIANT: normal\"><font size=\"2\">&nbsp;<\/font><\/span><span style=\"FONT-WEIGHT: normal\"><font size=\"2\">B&uuml;t\u00e7e uygulamalar\u0131nda kamu kurulu\u015flar\u0131na geni\u015f mali yetkiler devredilecek, ancak bu yetkilerin hesab\u0131 bu kurumlarca kamu oyuna detayl\u0131 olarak verilecektir.<\/font><\/span><\/font><\/font><\/p>\n<p style=\"MARGIN-TOP: 0px; MARGIN-BOTTOM: 0px; MARGIN-RIGHT: 0cm; TEXT-ALIGN: justify\"><font color=\"#003399\"><font face=\"tahoma,arial,helvetica,sans-serif\"><font size=\"2\">\u00b7<\/font><span style=\"FONT-WEIGHT: normal; FONT-STYLE: normal; FONT-FAMILY: Arial; FONT-VARIANT: normal\"><font size=\"2\">&nbsp;<\/font><\/span><font size=\"2\">Kamu yat\u0131r\u0131m stoku g&ouml;zden ge\u00e7irilerek, kaynaklar &ouml;ncelikli sekt&ouml;rlerdeki uygun projelere y&ouml;nlendirilecek ve yat\u0131r\u0131mlar d&uuml;\u015f&uuml;k maliyetle ekonomiye kazand\u0131r\u0131lacakt\u0131r. Yat\u0131r\u0131m program\u0131na yeni proje al\u0131nmas\u0131nda, ekonomik ve sosyal fayda-maliyet &ouml;l\u00e7&uuml;tleri titizlikle uygulanarak, yat\u0131r\u0131m stokunun rasyonel olmayan yap\u0131ya d&ouml;n&uuml;\u015fmesi engellenecektir.<\/font><\/font><\/font><\/p>\n<p style=\"MARGIN-TOP: 0px; MARGIN-BOTTOM: 0px; MARGIN-RIGHT: 0cm; TEXT-ALIGN: justify\"><font color=\"#003399\"><font face=\"tahoma,arial,helvetica,sans-serif\"><font size=\"2\">\u00b7<\/font><span style=\"FONT-WEIGHT: normal; FONT-STYLE: normal; FONT-FAMILY: Arial; FONT-VARIANT: normal\"><font size=\"2\">&nbsp;<\/font><\/span><font size=\"2\">Ekonomik ve sosyal altyap\u0131 yat\u0131r\u0131mlar\u0131na &ouml;ncelik verilecek, gereksiz kamu hizmet binalar\u0131 yap\u0131m\u0131, ta\u015f\u0131t al\u0131m\u0131, lojman ve sosyal tesis gibi verimsiz harcamalar yap\u0131lmayacakt\u0131r.<\/font><\/font><\/font><\/p>\n<p style=\"MARGIN-TOP: 0px; MARGIN-BOTTOM: 0px; MARGIN-RIGHT: 0cm; TEXT-ALIGN: justify\"><font color=\"#003399\"><font face=\"tahoma,arial,helvetica,sans-serif\"><font size=\"2\">\u00b7<\/font><span style=\"FONT-WEIGHT: normal; FONT-STYLE: normal; FONT-FAMILY: Arial; FONT-VARIANT: normal\"><font size=\"2\">&nbsp;<\/font><\/span><font size=\"2\">Kamu kurum ve kurulu\u015flar\u0131n\u0131n b&uuml;nyelerindeki, d&ouml;ner sermayelerin, vak\u0131flar\u0131n, derneklerin, sosyal tesislerin ve &ouml;zel hesaplar\u0131n gelir ve giderlerini objektif esaslara ba\u011flayacak yasal d&uuml;zenlemeler yap\u0131lacakt\u0131r. Bu t&uuml;r gelir ve harcamalar hakk\u0131nda kamuoyu ve TBMM bilgilendirilecek, gelir ve harcamalar denetlenecektir.<\/font><\/font><\/font><\/p>\n<p style=\"MARGIN-TOP: 0px; MARGIN-BOTTOM: 0px; MARGIN-RIGHT: 0cm; TEXT-ALIGN: justify\"><font color=\"#003399\"><font face=\"tahoma,arial,helvetica,sans-serif\"><font size=\"2\">\u00b7<\/font><span style=\"FONT-WEIGHT: normal; FONT-STYLE: normal; FONT-FAMILY: Arial; FONT-VARIANT: normal\"><font size=\"2\">&nbsp;<\/font><\/span><font size=\"2\">Cari harcamalarda azami &ouml;l\u00e7&uuml;de tasarruf yap\u0131lacakt\u0131r. Cari harcamalar\u0131n bile\u015fiminde vatanda\u015fa do\u011frudan hizmet sunumu ile ilgili kalemler &ouml;ncelik ta\u015f\u0131yacak, kamu g&ouml;revlilerinin gereksiz harcamalar\u0131 k\u0131s\u0131lacakt\u0131r.<\/font><\/font><\/font><\/p>\n<\/blockquote>\n<p style=\"MARGIN: 0px 0cm; TEXT-ALIGN: justify\"><b><font face=\"tahoma,arial,helvetica,sans-serif\" color=\"#003399\" size=\"2\"><a name=\"E- BOR\u00c7 Y\u00d6NET\u0130M\u0130\">E- BOR\u00c7 Y&Ouml;NET\u0130M\u0130<\/a><\/font><\/b><\/p>\n<p style=\"MARGIN: 0px 0cm; TEXT-ALIGN: justify\"><font face=\"tahoma,arial,helvetica,sans-serif\" color=\"#003399\" size=\"2\">2002 Temmuz sonu itibariyle kamunun bor\u00e7 stoku, 130,4 katrilyonu i\u00e7 ve 121,9 katrilyonu (73,9 milyar dolar) d\u0131\u015f olmak &uuml;zere, toplam 252,3 katrilyon liraya ula\u015fm\u0131\u015ft\u0131r. 2001 y\u0131l sonu itibariyle, kamu kesiminin br&uuml;t bor\u00e7 stoku GSY\u0130H&#8217;n\u0131n y&uuml;zde 123&#8217;&uuml;ne, net bor\u00e7 stokunun GSY\u0130H&#8217;ya oran\u0131 ise y&uuml;zde 93 gibi y&uuml;ksek bir d&uuml;zeye \u00e7\u0131km\u0131\u015ft\u0131r.<\/font><\/p>\n<p style=\"MARGIN: 0px 0cm; TEXT-ALIGN: justify\"><font face=\"tahoma,arial,helvetica,sans-serif\">&nbsp;<\/font><\/p>\n<p style=\"MARGIN: 0px 0cm; TEXT-ALIGN: justify\"><font face=\"tahoma,arial,helvetica,sans-serif\" color=\"#003399\" size=\"2\">Maastricht kriterlerine g&ouml;re kamu net bor\u00e7 stokunun GSY\u0130H&#8217;n\u0131n y&uuml;zde 60&#8217;\u0131n\u0131 ge\u00e7memesi gerekmektedir. \u0130\u00e7 bor\u00e7 stokunun bu derece y&uuml;ksekli\u011fi, faiz &ouml;demelerini de art\u0131rm\u0131\u015f ve 2001 y\u0131l\u0131nda vergi gelirlerinin tamam\u0131 i\u00e7 ve d\u0131\u015f bor\u00e7 faiz &ouml;demelerinde kullan\u0131lm\u0131\u015ft\u0131r.<\/font><\/p>\n<p style=\"MARGIN: 0px 0cm; TEXT-ALIGN: justify\"><font face=\"tahoma,arial,helvetica,sans-serif\">&nbsp;<\/font><\/p>\n<p style=\"MARGIN: 0px 0cm; TEXT-ALIGN: justify\"><font color=\"#003399\"><font face=\"tahoma,arial,helvetica,sans-serif\"><span style=\"FONT-STYLE: normal\"><font size=\"2\">AK PART\u0130<\/font><\/span><font size=\"2\"><span style=\"FONT-WEIGHT: normal; FONT-STYLE: normal\">&#8217;ye g&ouml;re T&uuml;rkiye&#8217;nin temel ekonomik sorunlar\u0131ndan biri, &#8220;<\/span><span style=\"FONT-STYLE: normal\">bor\u00e7-faiz k\u0131s\u0131r d&ouml;ng&uuml;s&uuml;<\/span><\/font><span style=\"FONT-WEIGHT: normal; FONT-STYLE: normal\"><font size=\"2\">&#8221;d&uuml;r.<\/font><\/span><\/font><\/font><\/p>\n<p style=\"MARGIN: 0px 0cm; TEXT-ALIGN: justify\"><font face=\"tahoma,arial,helvetica,sans-serif\">&nbsp;<\/font><\/p>\n<p style=\"MARGIN: 0px 0cm; TEXT-ALIGN: justify\"><span style=\"FONT-WEIGHT: normal; FONT-STYLE: normal\"><font face=\"tahoma,arial,helvetica,sans-serif\" color=\"#003399\" size=\"2\">Bu d&ouml;ng&uuml; k\u0131r\u0131lmal\u0131, kamu bor\u00e7 stoku kabul edilebilir ve s&uuml;rd&uuml;r&uuml;lebilir seviyelere indirilmelidir. Bunu sa\u011flamak i\u00e7in; reel faiz oranlar\u0131n\u0131n h\u0131zla makul d&uuml;zeylere gerilemesi, faiz d\u0131\u015f\u0131 dengede fazla verilmeye devam edilmesi, &ouml;zelle\u015ftirmenin h\u0131zland\u0131r\u0131lmas\u0131 ve ilave gelirler sa\u011flanmas\u0131, ekonomide kal\u0131c\u0131 bir b&uuml;y&uuml;me ortam\u0131na ula\u015f\u0131lmas\u0131 gerekmektedir.<\/font><\/span><\/p>\n<p style=\"MARGIN: 0px 0cm; TEXT-ALIGN: justify\"><font face=\"tahoma,arial,helvetica,sans-serif\">&nbsp;<\/font><\/p>\n<p style=\"MARGIN: 0px 0cm; TEXT-ALIGN: justify\"><span style=\"FONT-WEIGHT: normal; FONT-STYLE: normal\"><font face=\"tahoma,arial,helvetica,sans-serif\" color=\"#003399\" size=\"2\">\u0130\u00e7 bor\u00e7 stokumuzun y&uuml;zde 75&#8217;inin d&ouml;vize, enflasyona ve faizlere endeksli olmas\u0131 nedeniyle, yukar\u0131da s\u0131ralanan \u015fartlar\u0131n sa\u011flanmas\u0131 halinde, bor\u00e7 stokunun s&uuml;rd&uuml;r&uuml;lebilirli\u011fi konusunda k\u0131sa s&uuml;rede olumlu bir s&uuml;rece girilecektir.<\/font><\/span><\/p>\n<p style=\"MARGIN: 0px 0cm; TEXT-ALIGN: justify\"><font face=\"tahoma,arial,helvetica,sans-serif\">&nbsp;<\/font><\/p>\n<p style=\"MARGIN: 0px 0cm; TEXT-ALIGN: justify\"><font color=\"#003399\"><font face=\"tahoma,arial,helvetica,sans-serif\"><span style=\"FONT-STYLE: normal\"><font size=\"2\">Bu temel de\u011ferlendirmeler \u00e7er\u00e7evesinde ve s&uuml;rd&uuml;r&uuml;lebilir bir bor\u00e7 yap\u0131s\u0131na ula\u015fabilmek amac\u0131yla<\/font><\/span><span style=\"FONT-WEIGHT: normal; FONT-STYLE: normal\"><font size=\"2\">:<\/font><\/span><\/font><\/font><\/p>\n<blockquote>\n<p style=\"MARGIN-TOP: 0px; MARGIN-BOTTOM: 0px; MARGIN-RIGHT: 0cm; TEXT-ALIGN: justify\"><font face=\"tahoma,arial,helvetica,sans-serif\" color=\"#003399\" size=\"2\">\u00b7Toplumun geni\u015f kesimlerinin ihtiya\u00e7lar\u0131n\u0131 dikkate alan kat\u0131l\u0131mc\u0131 bir yakla\u015f\u0131mla g&uuml;ven ve istikrar ortam\u0131 olu\u015fturularak, belirsizliklerin ortadan kalkmas\u0131, beklentilerin olumluya d&ouml;nmesi ve reel faizlerin makul seviyeye gerilemesi sa\u011flanacakt\u0131r.<\/font><\/p>\n<p style=\"MARGIN-TOP: 0px; MARGIN-BOTTOM: 0px; MARGIN-RIGHT: 0cm; TEXT-ALIGN: justify\"><font face=\"tahoma,arial,helvetica,sans-serif\" color=\"#003399\" size=\"2\">\u00b7Finans sekt&ouml;r&uuml;nde verimlili\u011fin ve rekabetin artmas\u0131 sa\u011flanacakt\u0131r.<\/font><\/p>\n<p style=\"MARGIN-TOP: 0px; MARGIN-BOTTOM: 0px; MARGIN-RIGHT: 0cm; TEXT-ALIGN: justify\"><font face=\"tahoma,arial,helvetica,sans-serif\" color=\"#003399\" size=\"2\">\u00b7Kamu kesiminde nakit planlamas\u0131 ve y&ouml;netimi \u00e7ok ba\u015fl\u0131 ve da\u011f\u0131n\u0131kt\u0131r. \u015eu anda uygulanmakta olan tek hazine hesab\u0131 yeterli de\u011fildir. Bu sistemden, kamu kesiminde nakit planlamas\u0131n\u0131 ve y&ouml;netimini etkin k\u0131lacak <b>kamu tek hesab\u0131<\/b>na ge\u00e7mek i\u00e7in gerekli d&uuml;zenlemeler yap\u0131lacakt\u0131r.<\/font><\/p>\n<p style=\"MARGIN-TOP: 0px; MARGIN-BOTTOM: 0px; MARGIN-RIGHT: 0cm; TEXT-ALIGN: justify\"><font face=\"tahoma,arial,helvetica,sans-serif\" color=\"#003399\" size=\"2\">\u00b7Kamuda verimsiz harcamalar k\u0131s\u0131lacak, &uuml;retken harcamalar art\u0131r\u0131lacak ve ekonomik aktiviteyi canland\u0131r\u0131c\u0131 vergi indirimlerine gidilecektir.<\/font><\/p>\n<p style=\"MARGIN-TOP: 0px; MARGIN-BOTTOM: 0px; MARGIN-RIGHT: 0cm; TEXT-ALIGN: justify\"><font face=\"tahoma,arial,helvetica,sans-serif\" color=\"#003399\" size=\"2\">\u00b7Kamu bor\u00e7lanmas\u0131nda halka arz daha yayg\u0131nla\u015ft\u0131r\u0131lacakt\u0131r.<\/font><\/p>\n<p style=\"MARGIN-TOP: 0px; MARGIN-BOTTOM: 0px; MARGIN-RIGHT: 0cm; TEXT-ALIGN: justify\"><font face=\"tahoma,arial,helvetica,sans-serif\" color=\"#003399\" size=\"2\">\u00b7Bor\u00e7lanma ile ilgili detayl\u0131 bilgiler Hazine taraf\u0131ndan TBMM&#8217;ne belirli aral\u0131klarla sunulacakt\u0131r.<\/font><\/p>\n<p style=\"MARGIN-TOP: 0px; MARGIN-BOTTOM: 0px; MARGIN-RIGHT: 0cm; TEXT-ALIGN: justify\"><font face=\"tahoma,arial,helvetica,sans-serif\" color=\"#003399\" size=\"2\">\u00b7&Ouml;zelle\u015ftirme h\u0131zland\u0131r\u0131lacakt\u0131r.<\/font><\/p>\n<p style=\"MARGIN-TOP: 0px; MARGIN-BOTTOM: 0px; MARGIN-RIGHT: 0cm; TEXT-ALIGN: justify\"><font face=\"tahoma,arial,helvetica,sans-serif\" color=\"#003399\" size=\"2\">\u00b7Kamu bankalar\u0131n\u0131n yeniden yap\u0131land\u0131r\u0131lmas\u0131 h\u0131zland\u0131r\u0131lacak, TMSF kapsam\u0131ndaki bankalar h\u0131zla \u00e7&ouml;z&uuml;me kavu\u015fturulacakt\u0131r. <\/font><\/p>\n<\/blockquote>\n<p style=\"MARGIN-TOP: 0px; MARGIN-BOTTOM: 0px\" align=\"justify\"><b><font face=\"tahoma,arial,helvetica,sans-serif\" color=\"#003399\" size=\"2\"><a name=\"F- F\u0130NANS SEKT\u00d6R\u00dc POL\u0130T\u0130KALARI\">F- F\u0130NANS SEKT&Ouml;R&Uuml; POL\u0130T\u0130KALARI<\/a><\/font><\/b><\/p>\n<p style=\"MARGIN: 0px 0cm\" align=\"justify\"><span style=\"FONT-WEIGHT: normal\"><font face=\"tahoma,arial,helvetica,sans-serif\" color=\"#003399\" size=\"2\">T&uuml;rkiye&#8217;de mali sistemin yat\u0131r\u0131m ve &uuml;retim faaliyetlerini destekleme fonksiyonu, benzer &uuml;lkeler ile k\u0131yasland\u0131\u011f\u0131nda yetersizdir. K\u0131sa aral\u0131klarla ya\u015fanan finansal krizler, reel sekt&ouml;re ve kamu maliyesine &ouml;nemli y&uuml;kler getirmi\u015f ve &uuml;lkemizin s&uuml;rd&uuml;r&uuml;lebilir b&uuml;y&uuml;me ortam\u0131na ge\u00e7mesini engellemi\u015ftir.<\/font><\/span><\/p>\n<p style=\"MARGIN: 0px 0cm\" align=\"justify\"><font face=\"tahoma,arial,helvetica,sans-serif\">&nbsp;<\/font><\/p>\n<p style=\"MARGIN: 0px 0cm; TEXT-INDENT: 36pt; TEXT-ALIGN: justify\"><b><span lang=\"DE\"><font face=\"tahoma,arial,helvetica,sans-serif\" color=\"#003399\" size=\"2\">Finans sisteminde ya\u015fanan sorunlar\u0131n temel nedenleri;<\/font><\/span><\/b><\/p>\n<p style=\"MARGIN: 0px 0cm 0px 2cm; TEXT-INDENT: -19.85pt; TEXT-ALIGN: justify\"><font color=\"#003399\"><span lang=\"DE\"><font face=\"tahoma,arial,helvetica,sans-serif\" size=\"2\">\u00b7Finans sekt&ouml;r&uuml;nde sadece bankac\u0131l\u0131\u011f\u0131n egemen olmas\u0131,<\/font><\/span><\/font><\/p>\n<p style=\"MARGIN: 0px 0cm 0px 2cm; TEXT-INDENT: -19.85pt; TEXT-ALIGN: justify\"><font color=\"#003399\"><span lang=\"DE\"><font face=\"tahoma,arial,helvetica,sans-serif\" size=\"2\">\u00b7Bankac\u0131l\u0131k sekt&ouml;r&uuml;n&uuml;n verimsizli\u011fi ve rekabet eksikli\u011fi,<\/font><\/span><\/font><\/p>\n<p style=\"MARGIN: 0px 0cm 0px 2cm; TEXT-INDENT: -19.85pt; TEXT-ALIGN: justify\"><font color=\"#003399\"><span lang=\"DE\"><font face=\"tahoma,arial,helvetica,sans-serif\" size=\"2\">\u00b7\u0130stikrars\u0131z makro ekonomik yap\u0131 ve y&uuml;ksek kamu a\u00e7\u0131klar\u0131,<\/font><\/span><\/font><\/p>\n<p style=\"MARGIN: 0px 0cm 0px 2cm; TEXT-INDENT: -19.85pt; TEXT-ALIGN: justify\"><font color=\"#003399\"><span lang=\"DE\"><font face=\"tahoma,arial,helvetica,sans-serif\" size=\"2\">\u00b7Banka sahiplerince bankalar\u0131n istismar edilmesi,<\/font><\/span><\/font><\/p>\n<p style=\"MARGIN: 0px 0cm 0px 2cm; TEXT-INDENT: -19.85pt; TEXT-ALIGN: justify\"><font color=\"#003399\"><span lang=\"DE\"><font face=\"tahoma,arial,helvetica,sans-serif\" size=\"2\">\u00b7G&ouml;zetim ve denetimdeki zay\u0131fl\u0131klard\u0131r.<\/font><\/span><\/font><\/p>\n<p style=\"MARGIN: 0px 0cm 0px 2cm; TEXT-INDENT: -19.85pt; TEXT-ALIGN: justify\"><font face=\"tahoma,arial,helvetica,sans-serif\">&nbsp;<\/font><\/p>\n<p style=\"MARGIN: 0px 0cm\" align=\"justify\"><font face=\"tahoma,arial,helvetica,sans-serif\" color=\"#003399\" size=\"2\">PART\u0130M\u0130Z\u0130N finans sekt&ouml;r&uuml;ne y&ouml;nelik politikalar\u0131n\u0131n temel hedefi;<\/font><\/p>\n<p style=\"MARGIN: 0px 0cm 0px 2cm; TEXT-INDENT: -19.85pt\" align=\"justify\"><font color=\"#003399\"><span style=\"FONT-WEIGHT: normal\"><font face=\"tahoma,arial,helvetica,sans-serif\" size=\"2\">\u00b7&Uuml;retken yat\u0131r\u0131mlar\u0131, b&uuml;y&uuml;meyi ve makro ekonomik istikrar\u0131 destekleyen,<\/font><\/span><\/font><\/p>\n<p style=\"MARGIN: 0px 0cm 0px 2cm; TEXT-INDENT: -19.85pt\" align=\"justify\"><font color=\"#003399\"><span style=\"FONT-WEIGHT: normal\"><font face=\"tahoma,arial,helvetica,sans-serif\" size=\"2\">\u00b7\u015eoklara dayan\u0131kl\u0131 ve sa\u011fl\u0131kl\u0131 i\u015fleyen,<\/font><\/span><\/font><\/p>\n<p style=\"MARGIN: 0px 0cm 0px 2cm; TEXT-INDENT: -19.85pt\" align=\"justify\"><font color=\"#003399\"><span style=\"FONT-WEIGHT: normal\"><font face=\"tahoma,arial,helvetica,sans-serif\" size=\"2\">\u00b7Ekonomimizin ihtiya\u00e7 duydu\u011fu uzun vadeli fonlar\u0131 temin eden,<\/font><\/span><\/font><\/p>\n<p style=\"MARGIN: 0px 0cm 0px 2cm; TEXT-INDENT: -19.85pt\" align=\"justify\"><font color=\"#003399\"><span style=\"FONT-WEIGHT: normal\"><font face=\"tahoma,arial,helvetica,sans-serif\" size=\"2\">\u00b7Mali sekt&ouml;r&uuml;n b&uuml;y&uuml;mesini sa\u011flayarak, mali derinli\u011fi art\u0131ran,<\/font><\/span><\/font><\/p>\n<p style=\"MARGIN: 0px 0cm 0px 2cm; TEXT-INDENT: -19.85pt\" align=\"justify\"><font color=\"#003399\"><span style=\"FONT-WEIGHT: normal\"><font face=\"tahoma,arial,helvetica,sans-serif\" size=\"2\">\u00b7Mali sistemde rekabet ko\u015fullar\u0131n\u0131 olu\u015fturan ve<\/font><\/span><\/font><\/p>\n<p style=\"MARGIN: 0px 0cm 0px 2cm; TEXT-INDENT: -19.85pt\" align=\"justify\"><font face=\"tahoma,arial,helvetica,sans-serif\"><font color=\"#003399\"><span style=\"FONT-WEIGHT: normal\"><font size=\"2\">\u00b7Sistemin daha etkin ve verimli \u00e7al\u0131\u015fmas\u0131n\u0131 sa\u011flayan<\/font><\/span><\/font><span style=\"FONT-WEIGHT: normal\"><font color=\"#003399\" size=\"2\"> bir finansal sistem olu\u015fturmakt\u0131r.<\/font><\/span><\/font><\/p>\n<p style=\"MARGIN: 0px 0cm 0px 2cm; TEXT-INDENT: -19.85pt\" align=\"justify\"><font face=\"tahoma,arial,helvetica,sans-serif\">&nbsp;<\/font><\/p>\n<p style=\"MARGIN: 0px 0cm; TEXT-ALIGN: justify\"><font face=\"tahoma,arial,helvetica,sans-serif\" color=\"#003399\" size=\"2\">Sa\u011flam kamu maliyesi ve parasal istikrar; sa\u011fl\u0131kl\u0131, etkin ve istikrarl\u0131 \u00e7al\u0131\u015fan bir finans sistemi olu\u015fturman\u0131n &ouml;n ko\u015fuludur.<\/font><\/p>\n<p style=\"MARGIN: 0px 0cm; TEXT-ALIGN: justify\"><font face=\"tahoma,arial,helvetica,sans-serif\">&nbsp;<\/font><\/p>\n<p style=\"MARGIN: 0px 0cm; TEXT-ALIGN: justify\"><font color=\"#003399\"><font face=\"tahoma,arial,helvetica,sans-serif\"><b><font size=\"2\">PART\u0130M\u0130Z<\/font><\/b><font size=\"2\"> finansal piyasalar\u0131n, ara\u00e7lar\u0131n ve kurumlar\u0131n daha etkin kullan\u0131m\u0131n\u0131 sa\u011flayacak ve yeni kaynaklar\u0131 harekete ge\u00e7irecek politikalar uygulayacakt\u0131r.<\/font><\/font><\/font><\/p>\n<p style=\"MARGIN: 0px 0cm; TEXT-ALIGN: justify\"><font face=\"tahoma,arial,helvetica,sans-serif\">&nbsp;<\/font><\/p>\n<p style=\"MARGIN: 0px 0cm; TEXT-ALIGN: justify\"><font face=\"tahoma,arial,helvetica,sans-serif\" color=\"#003399\" size=\"2\">Bu \u00e7er\u00e7evede;<\/font><\/p>\n<blockquote>\n<p style=\"MARGIN-TOP: 0px; MARGIN-BOTTOM: 0px; MARGIN-RIGHT: 0cm; TEXT-ALIGN: justify\"><font face=\"tahoma,arial,helvetica,sans-serif\" color=\"#003399\" size=\"2\">\u00b7Bankac\u0131l\u0131k sekt&ouml;r&uuml;nde rekabet ortam\u0131 sa\u011flanacak, hizmetlerin kalitesini y&uuml;kseltecek nitelikteki yabanc\u0131 sermaye giri\u015fi desteklenecektir.<\/font><\/p>\n<p style=\"MARGIN-TOP: 0px; MARGIN-BOTTOM: 0px; MARGIN-RIGHT: 0cm; TEXT-ALIGN: justify\"><font face=\"tahoma,arial,helvetica,sans-serif\" color=\"#003399\" size=\"2\">\u00b7Finansal hizmetlerde \u00e7e\u015fitlilik art\u0131r\u0131lacak, &ouml;zel finans kurumlar\u0131, risk sermayesi kurulu\u015flar\u0131, yat\u0131r\u0131m bankac\u0131l\u0131\u011f\u0131, ipotek bankac\u0131l\u0131\u011f\u0131 gibi alanlar\u0131n hukuki altyap\u0131s\u0131 g&uuml;\u00e7lendirilecek ve bu alanlar\u0131n geli\u015fmesi sa\u011flanacakt\u0131r.<\/font><\/p>\n<p style=\"MARGIN-TOP: 0px; MARGIN-BOTTOM: 0px; MARGIN-RIGHT: 0cm; TEXT-ALIGN: justify\"><font face=\"tahoma,arial,helvetica,sans-serif\" color=\"#003399\" size=\"2\">\u00b7Kalk\u0131nma ve yat\u0131r\u0131m bankalar\u0131 ile ihracat bankalar\u0131 etkili konuma getirilecektir.<\/font><\/p>\n<p style=\"MARGIN-TOP: 0px; MARGIN-BOTTOM: 0px; MARGIN-RIGHT: 0cm; TEXT-ALIGN: justify\"><font face=\"tahoma,arial,helvetica,sans-serif\" color=\"#003399\" size=\"2\">\u00b7K&uuml;\u00e7&uuml;k i\u015fletmeleri ve yerel &uuml;retim faaliyetlerini destekleyen mikro finans kurumlar\u0131n\u0131n ve ihtisas bankac\u0131l\u0131\u011f\u0131n\u0131n geli\u015fimi desteklenecektir.<\/font><\/p>\n<p style=\"MARGIN-TOP: 0px; MARGIN-BOTTOM: 0px; MARGIN-RIGHT: 0cm; TEXT-ALIGN: justify\"><font face=\"tahoma,arial,helvetica,sans-serif\" color=\"#003399\" size=\"2\">\u00b7Yurtd\u0131\u015f\u0131ndaki vatanda\u015flar\u0131m\u0131z\u0131n tasarruflar\u0131n\u0131 &uuml;lkemize aktarmalar\u0131n\u0131 sa\u011flayacak yeni finansal ara\u00e7, politika ve kurumlar olu\u015fturulacakt\u0131r.<\/font><\/p>\n<p style=\"MARGIN-TOP: 0px; MARGIN-BOTTOM: 0px; MARGIN-RIGHT: 0cm; TEXT-ALIGN: justify\"><font face=\"tahoma,arial,helvetica,sans-serif\" color=\"#003399\" size=\"2\">\u00b7Kamu bankalar\u0131, ticari esaslara g&ouml;re y&ouml;netilecek, finansal ve operasyonel a\u00e7\u0131dan yeniden yap\u0131land\u0131r\u0131larak, &ouml;zelle\u015ftirilecektir.<\/font><\/p>\n<p style=\"MARGIN-TOP: 0px; MARGIN-BOTTOM: 0px; MARGIN-RIGHT: 0cm; TEXT-ALIGN: justify\"><font face=\"tahoma,arial,helvetica,sans-serif\" color=\"#003399\" size=\"2\">\u00b7Tar\u0131m kesiminin ve k&uuml;\u00e7&uuml;k &ouml;l\u00e7ekli i\u015fletmelerin desteklenmesine ayr\u0131lan &ouml;denekler, bankac\u0131l\u0131k sistemi arac\u0131l\u0131\u011f\u0131yla kulland\u0131r\u0131lacakt\u0131r.<\/font><\/p>\n<p style=\"MARGIN-TOP: 0px; MARGIN-BOTTOM: 0px; MARGIN-RIGHT: 0cm; TEXT-ALIGN: justify\"><font face=\"tahoma,arial,helvetica,sans-serif\" color=\"#003399\" size=\"2\">\u00b7BDDK ile SPK gibi g&ouml;zetim ve denetimden sorumlu kurumlar\u0131n, finans sisteminin istikrar\u0131n\u0131 sa\u011flay\u0131c\u0131 g&ouml;rev ve sorumluluklar\u0131n\u0131 etkin bir bi\u00e7imde yerine getirmeleri sa\u011flanacakt\u0131r. Kurumlar aras\u0131nda koordinasyon g&uuml;\u00e7lendirilecek ve faaliyetlerinden kamuoyu bilgilendirilecektir.<\/font><\/p>\n<p style=\"MARGIN-TOP: 0px; MARGIN-BOTTOM: 0px; MARGIN-RIGHT: 0cm; TEXT-ALIGN: justify\"><font color=\"#003399\"><span lang=\"DE\"><font face=\"tahoma,arial,helvetica,sans-serif\" size=\"2\">\u00b7Bankac\u0131l\u0131k sekt&ouml;r&uuml;n&uuml;n g&ouml;zetim ve denetiminde,&nbsp; banka sahipleri ile y&ouml;neticilerinin ve piyasa akt&ouml;rlerinin sorumluluklar\u0131n\u0131 art\u0131racak d&uuml;zenlemeler yap\u0131lacakt\u0131r.<\/font><\/span><\/font><\/p>\n<p style=\"MARGIN-TOP: 0px; MARGIN-BOTTOM: 0px; MARGIN-RIGHT: 0cm; TEXT-ALIGN: justify\"><font color=\"#003399\"><span lang=\"DE\"><font face=\"tahoma,arial,helvetica,sans-serif\" size=\"2\">\u00b7Mevduat sigorta sisteminin piyasa disiplinini bozan ve istismara yol a\u00e7an y&ouml;nleri d&uuml;zeltilerek, kapsam, limit ve y&ouml;netim bak\u0131m\u0131ndan geli\u015fmi\u015f ekonomilerdekine benzer bir yap\u0131ya tedricen kavu\u015fturulacakt\u0131r.<\/font><\/span><\/font><\/p>\n<p style=\"MARGIN-TOP: 0px; MARGIN-BOTTOM: 0px; MARGIN-RIGHT: 0cm; TEXT-ALIGN: justify\"><font color=\"#003399\"><span lang=\"DE\"><font face=\"tahoma,arial,helvetica,sans-serif\" size=\"2\">\u00b7TMSF&#8217;nin yeni bir K\u0130T&#8217;e d&ouml;n&uuml;\u015fmesi &ouml;nlenecek, Fona devredilen alacaklar\u0131n tahsilat\u0131 h\u0131zland\u0131r\u0131lacakt\u0131r. Fon b&uuml;nyesindeki gayri menkul ve i\u015ftirakler s&uuml;ratle sat\u0131lacakt\u0131r.<\/font><\/span><\/font><\/p>\n<p style=\"MARGIN-TOP: 0px; MARGIN-BOTTOM: 0px; MARGIN-RIGHT: 0cm; TEXT-ALIGN: justify\"><font color=\"#003399\"><span lang=\"DE\"><font face=\"tahoma,arial,helvetica,sans-serif\" size=\"2\">\u00b7Sorunlu hale gelen kredilerin ve di\u011fer aktiflerin \u00e7&ouml;z&uuml;m&uuml;n&uuml; sa\u011flayacak yeni finansal piyasalar, ara\u00e7lar ve kurumlar\u0131n olu\u015fumu desteklenecektir.<\/font><\/span><\/font><\/p>\n<p style=\"MARGIN-TOP: 0px; MARGIN-BOTTOM: 0px; MARGIN-RIGHT: 0cm; TEXT-ALIGN: justify\"><font color=\"#003399\"><span lang=\"DE\"><font face=\"tahoma,arial,helvetica,sans-serif\" size=\"2\">\u00b7KOB\u0130&#8217;lerin finansal sekt&ouml;re olan bor\u00e7lar\u0131 yeniden yap\u0131land\u0131r\u0131lacakt\u0131r. <\/font><\/span><\/font><\/p>\n<p style=\"MARGIN-TOP: 0px; MARGIN-BOTTOM: 0px; MARGIN-RIGHT: 0cm; TEXT-ALIGN: justify\"><font color=\"#003399\"><span lang=\"DE\"><font face=\"tahoma,arial,helvetica,sans-serif\" size=\"2\">\u00b7Zorunlu sigortac\u0131l\u0131\u011f\u0131n kapsam\u0131 geni\u015fletilerek, sigortac\u0131l\u0131k sekt&ouml;r&uuml;n&uuml;n geli\u015fmesi sa\u011flanacakt\u0131r.<\/font><\/span><\/font><\/p>\n<p style=\"MARGIN-TOP: 0px; MARGIN-BOTTOM: 0px; MARGIN-RIGHT: 0cm; TEXT-ALIGN: justify\"><font color=\"#003399\"><span lang=\"DE\"><font face=\"tahoma,arial,helvetica,sans-serif\" size=\"2\">\u00b7Sermaye piyasas\u0131nda k&uuml;\u00e7&uuml;k yat\u0131r\u0131mc\u0131lar korunacak, yapay fiyat olu\u015fumu ve &#8220;i\u00e7erden &ouml;\u011frenenler&#8220;in ticareti &ouml;nlenecektir.<\/font><\/span><\/font><\/p>\n<\/blockquote>\n<p style=\"MARGIN-TOP: 0px; MARGIN-BOTTOM: 0px\" align=\"justify\"><b><font face=\"tahoma,arial,helvetica,sans-serif\" color=\"#003399\" size=\"2\"><a name=\"G- K\u0130T&#8217;LER ve \u00d6ZELLE\u015eT\u0130RME\">G- K\u0130T&#8217;LER ve &Ouml;ZELLE\u015eT\u0130RME<\/a><\/font><\/b><\/p>\n<p style=\"MARGIN: 0px 0cm; TEXT-ALIGN: justify\"><font face=\"tahoma,arial,helvetica,sans-serif\" color=\"#003399\" size=\"2\">Kamu \u0130ktisadi Te\u015febb&uuml;sleri (K\u0130T), faaliyette bulunduklar\u0131 sekt&ouml;rlerde tekel veya belirleyici konumdad\u0131r. Kamu m&uuml;lkiyetinin avantajlar\u0131n\u0131 kullanarak riski olmayan bir ortamda \u00e7al\u0131\u015fmalar\u0131 piyasa mekanizmas\u0131n\u0131n i\u015fleyi\u015fini bozmaktad\u0131r. Siyasi m&uuml;dahaleler sonucu ekonomik rasyonelli\u011fini yitirerek kamuya y&uuml;k haline gelen K\u0130T&#8217;lerin &ouml;zelle\u015ftirilmesi ka\u00e7\u0131n\u0131lmaz hale gelmi\u015ftir.<\/font><\/p>\n<p style=\"MARGIN: 0px 0cm; TEXT-ALIGN: justify\"><font face=\"tahoma,arial,helvetica,sans-serif\">&nbsp;<\/font><\/p>\n<p style=\"MARGIN: 0px 0cm; TEXT-ALIGN: justify\"><span style=\"FONT-WEIGHT: normal; FONT-STYLE: normal\"><font face=\"tahoma,arial,helvetica,sans-serif\" color=\"#003399\" size=\"2\">&Ouml;zelle\u015ftirmenin temel amac\u0131, ekonomide serbest piyasan\u0131n daha iyi i\u015flemesi i\u00e7in gerekli ko\u015fullar\u0131n olu\u015fumunu sa\u011flamak, etkinlik ve verimlili\u011fi art\u0131rmakt\u0131r. Piyasa ekonomisinde kamunun iktisadi rol&uuml;, piyasa mekanizmas\u0131n\u0131n iyi \u00e7al\u0131\u015fmas\u0131 i\u00e7in gerekli d&uuml;zenleyici ve denetleyici mekanizmalar\u0131 olu\u015fturmakt\u0131r.<\/font><\/span><\/p>\n<p style=\"MARGIN: 0px 0cm; TEXT-ALIGN: justify\"><font face=\"tahoma,arial,helvetica,sans-serif\">&nbsp;<\/font><\/p>\n<p style=\"MARGIN: 0px 0cm; TEXT-ALIGN: justify\"><font color=\"#003399\"><font face=\"tahoma,arial,helvetica,sans-serif\"><span style=\"FONT-STYLE: normal\"><font size=\"2\">PART\u0130M\u0130ZE<\/font><\/span><span style=\"FONT-WEIGHT: normal; FONT-STYLE: normal\"><font size=\"2\"> g&ouml;re, &ouml;zelle\u015ftirme uygulamalar\u0131nda ba\u015far\u0131l\u0131 olunamamas\u0131n\u0131n sebepleri \u015funlard\u0131r:<\/font><\/span><\/font><\/font><\/p>\n<blockquote>\n<p style=\"MARGIN-TOP: 0px; MARGIN-BOTTOM: 0px; TEXT-ALIGN: justify\"><font color=\"#003399\"><span style=\"FONT-WEIGHT: normal; FONT-STYLE: normal\"><font face=\"tahoma,arial,helvetica,sans-serif\" size=\"2\">\u00b7Uygulamadan sorumlu kurumun &ouml;zelle\u015ftirmeye yeterince yo\u011funla\u015famamas\u0131,<\/font><\/span><\/font><\/p>\n<p style=\"MARGIN-TOP: 0px; MARGIN-BOTTOM: 0px; TEXT-ALIGN: justify\"><font color=\"#003399\"><span style=\"FONT-WEIGHT: normal; FONT-STYLE: normal\"><font face=\"tahoma,arial,helvetica,sans-serif\" size=\"2\">\u00b7&Ouml;zelle\u015ftirmede &ouml;nceliklerin tespit edilememi\u015f olmas\u0131,<\/font><\/span><\/font><\/p>\n<p style=\"MARGIN-TOP: 0px; MARGIN-BOTTOM: 0px; TEXT-ALIGN: justify\"><font color=\"#003399\"><span style=\"FONT-WEIGHT: normal; FONT-STYLE: normal\"><font face=\"tahoma,arial,helvetica,sans-serif\" size=\"2\">\u00b7&Ouml;zelle\u015ftirme kapsam\u0131na al\u0131nacak i\u015fletmelerin do\u011fru se\u00e7ilememesi,<\/font><\/span><\/font><\/p>\n<p style=\"MARGIN-TOP: 0px; MARGIN-BOTTOM: 0px; TEXT-ALIGN: justify\"><font color=\"#003399\"><span style=\"FONT-WEIGHT: normal; FONT-STYLE: normal\"><font face=\"tahoma,arial,helvetica,sans-serif\" size=\"2\">\u00b7Siyasi iradenin gizli diren\u00e7 g&ouml;stermesi,<\/font><\/span><\/font><\/p>\n<p style=\"MARGIN-TOP: 0px; MARGIN-BOTTOM: 0px; TEXT-ALIGN: justify\"><font color=\"#003399\"><span style=\"FONT-WEIGHT: normal; FONT-STYLE: normal\"><font face=\"tahoma,arial,helvetica,sans-serif\" size=\"2\">\u00b7Yap\u0131lan &ouml;zelle\u015ftirmelerden baz\u0131lar\u0131na \u015faibelerin kar\u0131\u015fmas\u0131.<\/font><\/span><\/font><\/p>\n<\/blockquote>\n<p style=\"MARGIN: 0px 0cm; TEXT-ALIGN: justify\"><font color=\"#003399\"><font face=\"tahoma,arial,helvetica,sans-serif\"><span style=\"FONT-WEIGHT: normal; FONT-STYLE: normal\"><font size=\"2\">K\u0130T&#8217;lerin &ouml;zelle\u015ftirilmesinde kararl\u0131 olan <\/font><\/span><font size=\"2\"><span style=\"FONT-STYLE: normal\">PART\u0130M\u0130Z<\/span><\/font><span style=\"FONT-WEIGHT: normal; FONT-STYLE: normal\"><font size=\"2\">, &ouml;zelle\u015ftirme s&uuml;recini h\u0131zland\u0131rmak i\u00e7in a\u015fa\u011f\u0131daki politikalar\u0131 dikkatle uygulayacakt\u0131r:<\/font><\/span><\/font><\/font><\/p>\n<p style=\"MARGIN: 0px 0cm; TEXT-ALIGN: justify\"><font face=\"tahoma,arial,helvetica,sans-serif\">&nbsp;<\/font><\/p>\n<p style=\"MARGIN-TOP: 0px; MARGIN-BOTTOM: 0px; MARGIN-RIGHT: 0cm; TEXT-ALIGN: justify\"><font face=\"tahoma,arial,helvetica,sans-serif\" color=\"#003399\" size=\"2\">\u00b7&Ouml;zelle\u015ftirme karar\u0131 al\u0131n\u0131rken ilgili K\u0130T y&ouml;netiminin g&ouml;r&uuml;\u015f ve &ouml;nerilerine ba\u015fvurulacakt\u0131r.<\/font><\/p>\n<p style=\"MARGIN-TOP: 0px; MARGIN-BOTTOM: 0px; MARGIN-RIGHT: 0cm; TEXT-ALIGN: justify\"><font face=\"tahoma,arial,helvetica,sans-serif\" color=\"#003399\" size=\"2\">\u00b7&Ouml;zelle\u015ftirme s&uuml;recini h\u0131zland\u0131racak hukuki ve idari d&uuml;zenlemeler yap\u0131lacak ve &Ouml;zelle\u015ftirme \u0130daresi, esnek ve karar s&uuml;recini k\u0131saltacak dinamizme kavu\u015fturulacakt\u0131r.<\/font><\/p>\n<p style=\"MARGIN-TOP: 0px; MARGIN-BOTTOM: 0px; MARGIN-RIGHT: 0cm; TEXT-ALIGN: justify\"><font face=\"tahoma,arial,helvetica,sans-serif\" color=\"#003399\" size=\"2\">\u00b7&Ouml;zelle\u015ftirmeler sonucunda ortaya \u00e7\u0131kabilecek i\u015fsizlik sorununun \u00e7&ouml;z&uuml;m&uuml;ne y&ouml;nelik gerekli &ouml;nlemler al\u0131nacakt\u0131r.<\/font><\/p>\n<p style=\"MARGIN-TOP: 0px; MARGIN-BOTTOM: 0px; MARGIN-RIGHT: 0cm; TEXT-ALIGN: justify\"><font face=\"tahoma,arial,helvetica,sans-serif\" color=\"#003399\" size=\"2\">\u00b7&Ouml;zelle\u015ftirme i\u015flemlerinde \u015feffafl\u0131k esas olacak ve kamuoyu d&uuml;zenli olarak bilgilendirilecektir.<\/font><\/p>\n<p style=\"MARGIN-TOP: 0px; MARGIN-BOTTOM: 0px; MARGIN-RIGHT: 0cm; TEXT-ALIGN: justify\"><font face=\"tahoma,arial,helvetica,sans-serif\" color=\"#003399\" size=\"2\">\u00b7Yurtd\u0131\u015f\u0131nda \u00e7al\u0131\u015fan vatanda\u015flar\u0131m\u0131z\u0131n &ouml;zelle\u015ftirme uygulamalar\u0131ndan faydalanmalar\u0131 &ouml;zendirilecektir.<\/font><\/p>\n<p style=\"MARGIN-TOP: 0px; MARGIN-BOTTOM: 0px; MARGIN-RIGHT: 0cm; TEXT-ALIGN: justify\"><font face=\"tahoma,arial,helvetica,sans-serif\" color=\"#003399\" size=\"2\">\u00b7&Ouml;zelle\u015ftirme s&uuml;recindeki K\u0130T&#8217;ler, piyasadaki konumlar\u0131 ve faaliyetleri itibariyle; &uuml;\u00e7 gruba ayr\u0131larak &ouml;zelle\u015ftirilmelerinde farkl\u0131 stratejiler geli\u015ftirilecektir.<\/font><\/p>\n<p style=\"MARGIN-TOP: 0px; MARGIN-BOTTOM: 0px; MARGIN-RIGHT: 0cm; TEXT-ALIGN: justify\"><font face=\"tahoma,arial,helvetica,sans-serif\">&nbsp;<\/font><\/p>\n<p style=\"MARGIN-TOP: 0px; MARGIN-BOTTOM: 0px; MARGIN-RIGHT: 0cm; TEXT-ALIGN: justify\"><font color=\"#003399\"><font face=\"tahoma,arial,helvetica,sans-serif\"><font size=\"2\">1.<\/font><b><font size=\"2\">Piyasa mekanizmas\u0131 i\u00e7erisinde faaliyet g&ouml;steren K\u0130T&#8217;ler<\/font><\/b><font size=\"2\"> acilen &ouml;zelle\u015ftirilecektir.<\/font><\/font><\/font><\/p>\n<p style=\"MARGIN-TOP: 0px; MARGIN-BOTTOM: 0px; MARGIN-RIGHT: 0cm; TEXT-ALIGN: justify\"><font color=\"#003399\"><font face=\"tahoma,arial,helvetica,sans-serif\"><font size=\"2\">2.<\/font><b><font size=\"2\">Tekel niteli\u011fini haiz veya hakim konumda olma ve piyasay\u0131 y&ouml;nlendirme g&uuml;c&uuml;ne sahip K\u0130T&#8217;ler<\/font><\/b><font size=\"2\">, &ouml;zelle\u015ftirme sonucunda ortaya \u00e7\u0131kabilecek piyasa aksakl\u0131klar\u0131n\u0131n &ouml;nlenmesine, rekabetin tesis edilmesine ve\/veya t&uuml;keticinin korunmas\u0131na y&ouml;nelik her t&uuml;rl&uuml; d&uuml;zenleyici tedbirler al\u0131nd\u0131ktan sonra &ouml;zelle\u015ftirilecektir.<\/font><\/font><\/font><\/p>\n<p style=\"MARGIN-TOP: 0px; MARGIN-BOTTOM: 0px; MARGIN-RIGHT: 0cm; TEXT-ALIGN: justify\"><font color=\"#003399\"><font face=\"tahoma,arial,helvetica,sans-serif\"><font size=\"2\">3.<\/font><b><font size=\"2\">Tar\u0131msal destekleme ile ilgili K\u0130T&#8217;ler<\/font><\/b><font size=\"2\">in &ouml;zelle\u015ftirilmesi, tar\u0131m politikalar\u0131 ile birlikte bir b&uuml;t&uuml;n olarak de\u011ferlendirilecek ve gerekli tedbirler al\u0131nmas\u0131n\u0131 m&uuml;teakip &ouml;zelle\u015ftirmeye ge\u00e7ilecektir.<\/font><\/font><\/font><\/p>\n<p style=\"MARGIN-TOP: 0px; MARGIN-BOTTOM: 0px; MARGIN-RIGHT: 0cm; TEXT-ALIGN: justify\"><font face=\"tahoma,arial,helvetica,sans-serif\">&nbsp;<\/font><\/p>\n<p style=\"MARGIN: 0px 0cm\" align=\"justify\"><b><font face=\"tahoma,arial,helvetica,sans-serif\" color=\"#003399\" size=\"2\"><a name=\"H- ENFLASYONLA M\u00dcCADELE\">H- ENFLASYONLA M&Uuml;CADELE<\/a><\/font><\/b><\/p>\n<p style=\"MARGIN: 0px 0cm\" align=\"justify\"><font face=\"tahoma,arial,helvetica,sans-serif\" color=\"#003399\" size=\"2\">25 y\u0131ll\u0131k d&ouml;nemde, belli aral\u0131klarla uygulamaya konulan istikrar programlar\u0131na ra\u011fmen, enflasyonda kal\u0131c\u0131 bir d&uuml;\u015f&uuml;\u015f sa\u011flanamam\u0131\u015f, enflasyon s&uuml;rekli bir art\u0131\u015f e\u011filimi g&ouml;stermi\u015ftir. 2001 y\u0131l\u0131 itibariyle sadece d&ouml;rt &uuml;lkenin (Angola, Kongo, Zimbabwe ve Beyaz Rusya) enflasyon oran\u0131 T&uuml;rkiye&#8217;nin &uuml;zerinde kalm\u0131\u015ft\u0131r.<\/font><\/p>\n<p style=\"MARGIN: 0px 0cm\" align=\"justify\"><font face=\"tahoma,arial,helvetica,sans-serif\">&nbsp;<\/font><\/p>\n<p style=\"MARGIN: 0px 0cm\" align=\"justify\"><b><font face=\"tahoma,arial,helvetica,sans-serif\" color=\"#003399\" size=\"2\">Ekonomik program\u0131m\u0131z\u0131n hedefi, enflasyonu tek haneli rakamlara indirmektir.<\/font><\/b><\/p>\n<p style=\"MARGIN: 0px 0cm\" align=\"justify\"><font face=\"tahoma,arial,helvetica,sans-serif\">&nbsp;<\/font><\/p>\n<p style=\"MARGIN: 0px 0cm\" align=\"justify\"><font face=\"tahoma,arial,helvetica,sans-serif\" color=\"#003399\" size=\"2\">Y&uuml;ksek enflasyonda etkili olan temel unsur, y&uuml;ksek kamu a\u00e7\u0131klar\u0131n\u0131n Merkez Bankas\u0131 kaynaklar\u0131ndan veya \u00e7ok y&uuml;ksek maliyetli i\u00e7 bor\u00e7lanma yoluyla finansman\u0131d\u0131r. K\u0130T&#8217;lerdeki zararlar\u0131n fiyat ayarlamalar\u0131yla giderilmeye \u00e7al\u0131\u015f\u0131lmas\u0131, enflasyonist s&uuml;re\u00e7te etkili olan di\u011fer bir fakt&ouml;rd&uuml;r.<\/font><\/p>\n<p style=\"MARGIN: 0px 0cm\" align=\"justify\"><font face=\"tahoma,arial,helvetica,sans-serif\">&nbsp;<\/font><\/p>\n<p style=\"MARGIN: 0px 0cm; TEXT-ALIGN: justify\"><font face=\"tahoma,arial,helvetica,sans-serif\" color=\"#003399\" size=\"2\">1990&#8217;l\u0131 y\u0131llar boyunca kamu kesiminin mali sistem &uuml;zerindeki bask\u0131s\u0131 giderek artm\u0131\u015ft\u0131r. Mali derinle\u015fmenin yeterince sa\u011flanamad\u0131\u011f\u0131 bir ortamda, faiz oranlar\u0131 y&uuml;kselmi\u015f, vadeler k\u0131salm\u0131\u015ft\u0131r. B&ouml;ylece, enflasyonist bekleyi\u015fler s&uuml;reklilik kazanm\u0131\u015ft\u0131r.<\/font><\/p>\n<p style=\"MARGIN: 0px 0cm; TEXT-ALIGN: justify\"><font face=\"tahoma,arial,helvetica,sans-serif\">&nbsp;<\/font><\/p>\n<p style=\"MARGIN: 0px 0cm; TEXT-ALIGN: justify\"><font face=\"tahoma,arial,helvetica,sans-serif\" color=\"#003399\" size=\"2\">T&uuml;rkiye&#8217;de enflasyonist s&uuml;re\u00e7 kendi kendini besleyen bir yap\u0131ya d&ouml;n&uuml;\u015ferek, enflasyon<span lang=\"EN-US\" style=\"FONT-FAMILY: Arial\">\u00ae<\/span>T&uuml;rk Liras\u0131n\u0131n enflasyona paralel de\u011fer kayb\u0131<span lang=\"EN-US\" style=\"FONT-FAMILY: Arial\">\u00ae<\/span> kamu fiyatlar\u0131, &uuml;cret ve di\u011fer gelirlerin enflasyona g&ouml;re art\u0131r\u0131lmas\u0131<span lang=\"EN-US\" style=\"FONT-FAMILY: Arial\">\u00ae<\/span> enflasyonist bekleyi\u015flerin artmas\u0131<span lang=\"EN-US\" style=\"FONT-FAMILY: Arial\">\u00ae<\/span> enflasyonun yeniden t\u0131rmanmas\u0131 \u015feklinde i\u015fleyen bir k\u0131s\u0131r d&ouml;ng&uuml; olu\u015fturmu\u015ftur.<\/font><\/p>\n<p style=\"MARGIN: 0px 0cm; TEXT-ALIGN: justify\"><font face=\"tahoma,arial,helvetica,sans-serif\">&nbsp;<\/font><\/p>\n<p style=\"MARGIN: 0px 0cm; TEXT-ALIGN: justify\"><font face=\"tahoma,arial,helvetica,sans-serif\" color=\"#003399\" size=\"2\">Uygulayaca\u011f\u0131m\u0131z ekonomik programda, para politikas\u0131n\u0131n fiyat istikrar\u0131n\u0131 esas alan stratejisi korunacakt\u0131r. Mali disiplinin sa\u011flanmas\u0131na &ouml;ncelik veren maliye politikalar\u0131yla, Merkez Bankas\u0131n\u0131n enflasyonla m&uuml;cadelede etkinli\u011fi sa\u011flanacakt\u0131r. Finans sekt&ouml;r&uuml;ne y&ouml;nelik reform program\u0131m\u0131z da, para politikas\u0131n\u0131n enflasyonla m&uuml;cadelede etkinli\u011finin artmas\u0131na yard\u0131mc\u0131 olacakt\u0131r.<\/font><\/p>\n<p style=\"MARGIN: 0px 0cm; TEXT-ALIGN: justify\"><font face=\"tahoma,arial,helvetica,sans-serif\">&nbsp;<\/font><\/p>\n<p style=\"MARGIN: 0px 0cm; TEXT-ALIGN: justify\"><font color=\"#003399\"><font face=\"tahoma,arial,helvetica,sans-serif\"><b><font size=\"2\">PART\u0130M\u0130Z\u0130N<\/font><\/b><font size=\"2\"> yap\u0131sal reform program\u0131; ba\u015fta kamu kesimi olmak &uuml;zere ekonomide verimlili\u011fi, esnekli\u011fi ve rekabet art\u0131\u015f\u0131n\u0131 sa\u011flayacak, enflasyonla m&uuml;cadeleye &ouml;nemli katk\u0131da bulunacakt\u0131r. Mali ve parasal disiplinle e\u015f zamanl\u0131 olarak uygulanacak olan yap\u0131sal reformlar, &uuml;retim kapasitesinin geni\u015flemesini ve en &uuml;st d&uuml;zeyde kullan\u0131m\u0131n\u0131 sa\u011flayarak, enflasyonun a\u015fa\u011f\u0131 \u00e7ekilmesinde etkili olacakt\u0131r.<\/font><\/font><\/font><\/p>\n<p style=\"MARGIN: 0px 0cm; TEXT-ALIGN: justify\"><font face=\"tahoma,arial,helvetica,sans-serif\">&nbsp;<\/font><\/p>\n<p style=\"MARGIN: 0px 0cm; TEXT-ALIGN: justify\"><font face=\"tahoma,arial,helvetica,sans-serif\" color=\"#003399\" size=\"2\">G&uuml;venli piyasa ko\u015fullar\u0131nda reel faizler makul ve s&uuml;rd&uuml;r&uuml;lebilir d&uuml;zeylere \u00e7ekilecektir. B&ouml;ylece, kamu kesimi finansman\u0131ndaki dar bo\u011fazlar a\u015f\u0131lacak, y&uuml;ksek reel faizlerin enflasyonist bask\u0131s\u0131 &ouml;nemli &ouml;l\u00e7&uuml;de azalacak ve enflasyonla m&uuml;cadelenin maliyeti en aza indirilecektir.<\/font><\/p>\n<p style=\"MARGIN: 0px 0cm; TEXT-ALIGN: justify\"><font face=\"tahoma,arial,helvetica,sans-serif\">&nbsp;<\/font><\/p>\n<p style=\"MARGIN: 0px 0cm\" align=\"justify\"><b><font face=\"tahoma,arial,helvetica,sans-serif\" color=\"#003399\" size=\"2\"><a name=\"I) REEL SEKT\u00d6R\u00dcN CANLANDIRILMASI\">I) REEL SEKT&Ouml;R&Uuml;N CANLANDIRILMASI<\/a><\/font><\/b><\/p>\n<p style=\"MARGIN: 0px 0cm\" align=\"justify\"><span style=\"FONT-WEIGHT: normal\"><font face=\"tahoma,arial,helvetica,sans-serif\" color=\"#003399\" size=\"2\">Ekonomik kriz nedeniyle yat\u0131r\u0131mlar durma noktas\u0131na gelmi\u015f, y&uuml;z binlerce esnaf kepenklerini kapatm\u0131\u015f, b&uuml;y&uuml;k b&ouml;l&uuml;m&uuml;n&uuml; kalifiye elemanlar\u0131n olu\u015fturdu\u011fu milyonlarca insan\u0131m\u0131z i\u015fsiz kalm\u0131\u015ft\u0131r. Reel sekt&ouml;rle ilgili sorunlar, \u00e7ok geni\u015f bir toplum kesimini ilgilendirdi\u011fi halde, uygulanan ekonomik programlarda reel sekt&ouml;r tamamen ihmal edilmi\u015ftir.<\/font><\/span><\/p>\n<p style=\"MARGIN: 0px 0cm\" align=\"justify\"><font face=\"tahoma,arial,helvetica,sans-serif\">&nbsp;<\/font><\/p>\n<p style=\"MARGIN: 0px 0cm; TEXT-ALIGN: justify\"><font color=\"#003399\"><font face=\"tahoma,arial,helvetica,sans-serif\"><b><font size=\"2\">PART\u0130M\u0130Z,<\/font><\/b><font size=\"2\"> uygulayaca\u011f\u0131 maliye ve para politikalar\u0131na paralel olarak, reel sekt&ouml;r i\u00e7in acil &ouml;nlemler alacakt\u0131r.<\/font><\/font><\/font><\/p>\n<p style=\"MARGIN: 0px 0cm; TEXT-INDENT: 36pt; TEXT-ALIGN: justify\"><font face=\"tahoma,arial,helvetica,sans-serif\">&nbsp;<\/font><\/p>\n<p style=\"MARGIN-TOP: 0px; MARGIN-BOTTOM: 0px; TEXT-ALIGN: justify\"><font face=\"tahoma,arial,helvetica,sans-serif\" color=\"#003399\" size=\"2\">Reel sekt&ouml;r politikalar\u0131m\u0131z\u0131n temel ama\u00e7lar\u0131:<\/font><\/p>\n<blockquote>\n<p style=\"MARGIN-TOP: 0px; MARGIN-BOTTOM: 0px; TEXT-ALIGN: justify\"><font face=\"tahoma,arial,helvetica,sans-serif\" color=\"#003399\" size=\"2\">\u00b7Kriz nedeniyle kapasitelerinin alt\u0131nda \u00e7al\u0131\u015fan tesislerdeki &uuml;retimi art\u0131rmak,<\/font><\/p>\n<p style=\"MARGIN-TOP: 0px; MARGIN-BOTTOM: 0px; TEXT-ALIGN: justify\"><font face=\"tahoma,arial,helvetica,sans-serif\" color=\"#003399\" size=\"2\">\u00b7Sermaye yetersizli\u011fi nedeniyle kapanan karl\u0131 i\u015fletmelerde &uuml;retimi ba\u015flatmak,<\/font><\/p>\n<p style=\"MARGIN-TOP: 0px; MARGIN-BOTTOM: 0px; TEXT-ALIGN: justify\"><font face=\"tahoma,arial,helvetica,sans-serif\" color=\"#003399\" size=\"2\">\u00b7Durma noktas\u0131na gelen yeni yat\u0131r\u0131mlar\u0131 h\u0131zland\u0131rmak<\/font><\/p>\n<\/blockquote>\n<p style=\"MARGIN: 0px 0cm; TEXT-ALIGN: justify\"><font face=\"tahoma,arial,helvetica,sans-serif\" color=\"#003399\" size=\"2\">suretiyle ger\u00e7ek anlamda bir yat\u0131r\u0131m seferberli\u011fi i\u00e7in gerekli ortam\u0131 olu\u015fturmakt\u0131r.<\/font><\/p>\n<p style=\"MARGIN: 0px 0cm; TEXT-ALIGN: justify\"><font face=\"tahoma,arial,helvetica,sans-serif\">&nbsp;<\/font><\/p>\n<p style=\"MARGIN: 0px 0cm; TEXT-ALIGN: justify\"><font face=\"tahoma,arial,helvetica,sans-serif\" color=\"#003399\" size=\"2\">T&uuml;rkiye&#8217;de i\u015fsizli\u011fi &ouml;nlemenin en &ouml;nemli yolu, reel sekt&ouml;r&uuml;n &uuml;retimini art\u0131rmakt\u0131r. Reel sekt&ouml;r&uuml;n sorunlar\u0131n\u0131n a\u015f\u0131lmas\u0131 i\u00e7in, &ouml;ncelikle g&uuml;ven ortam\u0131n\u0131n tesis edilerek siyasi ve ekonomik istikrar\u0131n sa\u011flanmas\u0131 \u015fartt\u0131r. B&ouml;ylece, ekonomide &ouml;ng&ouml;r&uuml;lebilirlik artacak, reel sekt&ouml;r kurulu\u015flar\u0131n\u0131n gelece\u011fe y&ouml;nelik kararlar\u0131n\u0131 daha kolay almalar\u0131 sa\u011flanacakt\u0131r. <\/font><\/p>\n<p style=\"MARGIN: 0px 0cm; TEXT-ALIGN: justify\"><font face=\"tahoma,arial,helvetica,sans-serif\">&nbsp;<\/font><\/p>\n<p style=\"MARGIN: 0px 0cm; TEXT-ALIGN: justify\"><font face=\"tahoma,arial,helvetica,sans-serif\" color=\"#003399\" size=\"2\">Ayr\u0131ca, reel sekt&ouml;r i\u00e7in <b>\u015feffaf<\/b>, <b>adil<\/b>, <b>yerinden<\/b> ve <b>etkin<\/b> bir <b>destekleme sistemi<\/b>nin olu\u015fturulmas\u0131 gerekmektedir. Reel sekt&ouml;r&uuml;n sorunlar\u0131n\u0131n \u00e7&ouml;z&uuml;m&uuml;ne y&ouml;nelik olarak bu genel politikalar \u00e7er\u00e7evesinde;<\/font><\/p>\n<p style=\"MARGIN: 0px 0cm; TEXT-ALIGN: justify\"><font face=\"tahoma,arial,helvetica,sans-serif\">&nbsp;<\/font><\/p>\n<blockquote>\n<p style=\"MARGIN-TOP: 0px; MARGIN-BOTTOM: 0px; MARGIN-RIGHT: 0cm; TEXT-ALIGN: justify\"><font face=\"tahoma,arial,helvetica,sans-serif\" color=\"#003399\" size=\"2\">\u00b7Yat\u0131r\u0131mc\u0131lar\u0131n &ouml;n&uuml;ndeki idari ve b&uuml;rokratik engeller kald\u0131r\u0131lacak, mevzuat basitle\u015ftirilecektir.<\/font><\/p>\n<p style=\"MARGIN-TOP: 0px; MARGIN-BOTTOM: 0px; MARGIN-RIGHT: 0cm; TEXT-ALIGN: justify\"><font face=\"tahoma,arial,helvetica,sans-serif\" color=\"#003399\" size=\"2\">\u00b7Kamu bor\u00e7 stokunun&nbsp; azalt\u0131lmas\u0131yla beraber, kamunun finans sekt&ouml;r&uuml;ndeki fonlar\u0131n \u00e7ok &ouml;nemli bir b&ouml;l&uuml;m&uuml;n&uuml; emmesi sona erecek, finans sekt&ouml;r&uuml; bu kaynaklar\u0131 &ouml;zel sekt&ouml;r kurulu\u015flar\u0131na y&ouml;nlendirebilecektir.<\/font><\/p>\n<p style=\"MARGIN-TOP: 0px; MARGIN-BOTTOM: 0px; MARGIN-RIGHT: 0cm; TEXT-ALIGN: justify\"><font face=\"tahoma,arial,helvetica,sans-serif\" color=\"#003399\" size=\"2\">\u00b7Sistem d\u0131\u015f\u0131na ka\u00e7m\u0131\u015f olan tasarruflar, g&uuml;ven ortam\u0131n\u0131n sa\u011flanmas\u0131na paralel olarak, finans sistemine geri d&ouml;nmeye ba\u015flayacakt\u0131r. Finans sistemi bu yeni kaynaklar\u0131 reel sekt&ouml;re kredi olarak kulland\u0131rabilecektir.<\/font><\/p>\n<p style=\"MARGIN-TOP: 0px; MARGIN-BOTTOM: 0px; MARGIN-RIGHT: 0cm; TEXT-ALIGN: justify\"><font face=\"tahoma,arial,helvetica,sans-serif\" color=\"#003399\" size=\"2\">\u00b7Reel sekt&ouml;r&uuml;n en &ouml;nemli gider kalemlerinden biri olan faiz giderleri, faiz oranlar\u0131n\u0131n d&uuml;\u015fmesiyle beraber &ouml;nemli &ouml;l\u00e7&uuml;de azalacakt\u0131r.<\/font><\/p>\n<p style=\"MARGIN-TOP: 0px; MARGIN-BOTTOM: 0px; MARGIN-RIGHT: 0cm\" align=\"justify\"><font face=\"tahoma,arial,helvetica,sans-serif\" color=\"#003399\" size=\"2\">\u00b7KDV, kurumlar vergisi, gelir vergisi gibi vergilerin oranlar\u0131 d&uuml;\u015f&uuml;r&uuml;lecek, kay\u0131t d\u0131\u015f\u0131 ekonomik faaliyetler &ouml;nlenecek, kay\u0131tl\u0131 i\u015fletmeler aleyhine i\u015fleyen haks\u0131z rekabet engellenecektir.<\/font><\/p>\n<p style=\"MARGIN-TOP: 0px; MARGIN-BOTTOM: 0px; MARGIN-RIGHT: 0cm\" align=\"justify\"><font color=\"#003399\"><font face=\"tahoma,arial,helvetica,sans-serif\"><font size=\"2\">\u00b7<\/font><b><font size=\"2\">\u0130\u015f\u00e7ilerden al\u0131nan gelir vergisi ve sigorta primlerinin kabul edilemez boyutlara ula\u015fmas\u0131, istihdam\u0131n kay\u0131t d\u0131\u015f\u0131na y&ouml;nelmesine sebep olmu\u015ftur. \u0130stihdamdan al\u0131nan gelir vergisi ve sigorta primleri azalt\u0131larak hem reel sekt&ouml;r&uuml;n i\u015f\u00e7ilik maliyetleri d&uuml;\u015f&uuml;r&uuml;lecek, hem de \u00e7al\u0131\u015fanlar\u0131n kay\u0131t alt\u0131na girmesi sa\u011flanarak sosyal g&uuml;venlik haklar\u0131 korunacakt\u0131r<\/font><\/b><font size=\"2\">. B&ouml;ylece yeni istihdam imkanlar\u0131 olu\u015fturulacakt\u0131r.<\/font><\/font><\/font><\/p>\n<p style=\"MARGIN-TOP: 0px; MARGIN-BOTTOM: 0px; MARGIN-RIGHT: 0cm\" align=\"justify\"><font face=\"tahoma,arial,helvetica,sans-serif\" color=\"#003399\" size=\"2\">\u00b7Kamu a\u00e7\u0131klar\u0131n\u0131 kapatmak amac\u0131yla, son y\u0131llarda enerji ve haberle\u015fme gibi sanayinin temel girdilerinin fiyatlar\u0131 &uuml;zerine \u00e7ok y&uuml;ksek vergiler uygulanm\u0131\u015f, fiyatlar d&uuml;nya standartlar\u0131n\u0131n \u00e7ok &uuml;zerine \u00e7\u0131km\u0131\u015ft\u0131r. Bu vergiler, reel sekt&ouml;r&uuml;n uluslararas\u0131 rekabet g&uuml;c&uuml; kazanmas\u0131na ve ihracat potansiyelini art\u0131rmas\u0131na imkan verecek standartlara \u00e7ekilecektir.<\/font><\/p>\n<p style=\"MARGIN-TOP: 0px; MARGIN-BOTTOM: 0px; MARGIN-RIGHT: 0cm\" align=\"justify\"><font face=\"tahoma,arial,helvetica,sans-serif\" color=\"#003399\" size=\"2\">\u00b7Enerji sekt&ouml;r&uuml;nde arz-talep dengesi kurularak, verimlili\u011fi art\u0131r\u0131c\u0131 giri\u015fimler desteklenecek, yerli sanayimizin rekabet g&uuml;c&uuml;n&uuml; art\u0131rmak i\u00e7in daha ucuz ve g&uuml;venli bir enerji arz\u0131 sa\u011flanacakt\u0131r.<\/font><\/p>\n<p style=\"MARGIN-TOP: 0px; MARGIN-BOTTOM: 0px; MARGIN-RIGHT: 0cm; TEXT-ALIGN: justify\"><font face=\"tahoma,arial,helvetica,sans-serif\" color=\"#003399\" size=\"2\">\u00b7Te\u015fvik tedbirlerinin mahalli kurumlar veya meslek kurulu\u015flar\u0131nca y&uuml;r&uuml;t&uuml;lmesi y&ouml;n&uuml;nde yasal d&uuml;zenlemeler yap\u0131larak, hem b&uuml;rokratik i\u015flemler azalt\u0131lacak, hem de sa\u011flanan te\u015fviklerin amac\u0131na uygun olarak kullan\u0131lmas\u0131n\u0131 izlemek kolayla\u015facakt\u0131r.<\/font><\/p>\n<p style=\"MARGIN-TOP: 0px; MARGIN-BOTTOM: 0px; MARGIN-RIGHT: 0cm\" align=\"justify\"><font face=\"tahoma,arial,helvetica,sans-serif\"><font color=\"#003399\" size=\"2\">\u00b7<\/font><font color=\"#003399\" size=\"2\">KOB\u0130&#8217;lere uygun maliyetli yat\u0131r\u0131m ve<span style=\"FONT-FAMILY: Arial\"> &nbsp;<\/span>i\u015fletme kredileri kulland\u0131r\u0131lacak, kredilere arac\u0131l\u0131k eden bankalar\u0131n say\u0131s\u0131 art\u0131r\u0131larak, t&uuml;m &ouml;zel bankalar ve &ouml;zel finans kurumlar\u0131 sisteme dahil edilecektir.<\/font><\/font><\/p>\n<p style=\"MARGIN-TOP: 0px; MARGIN-BOTTOM: 0px; MARGIN-RIGHT: 0cm\" align=\"justify\"><font face=\"tahoma,arial,helvetica,sans-serif\" color=\"#003399\" size=\"2\">\u00b7KOB\u0130 yat\u0131r\u0131mlar\u0131nda <b>risk sermayesi<\/b> uygulamalar\u0131 geli\u015ftirilecektir.<\/font><\/p>\n<p style=\"MARGIN-TOP: 0px; MARGIN-BOTTOM: 0px; MARGIN-RIGHT: 0cm\" align=\"justify\"><font color=\"#003399\"><font face=\"tahoma,arial,helvetica,sans-serif\"><font size=\"2\">\u00b7<\/font><b><font size=\"2\">KOB\u0130 borsalar\u0131 olu\u015fturulacak, KOB\u0130&#8217;lerin hisse senetlerinin bu borsalarda i\u015flem g&ouml;rmesi sa\u011flanacakt\u0131r<\/font><\/b><font size=\"2\">.<\/font><\/font><\/font><\/p>\n<p style=\"MARGIN-TOP: 0px; MARGIN-BOTTOM: 0px; MARGIN-RIGHT: 0cm\" align=\"justify\"><font face=\"tahoma,arial,helvetica,sans-serif\" color=\"#003399\" size=\"2\">\u00b7B&ouml;lgesel ve sekt&ouml;rel ayr\u0131mlar g&ouml;zden ge\u00e7irilerek, b&ouml;lgeler aras\u0131ndaki dengesizliklerin giderilmesine y&ouml;nelik destekler yeniden belirlenecektir. Bu \u00e7er\u00e7evede, geli\u015fmi\u015flik d&uuml;zeyi \u00e7ok d&uuml;\u015f&uuml;k olan illerdeki yat\u0131r\u0131mlara, uzun s&uuml;reli vergi muafiyetleri, arazi ve arsa tahsisi, d&uuml;\u015f&uuml;k istihdam vergisi gibi te\u015fvikler uygulanacakt\u0131r.<\/font><\/p>\n<p style=\"MARGIN-TOP: 0px; MARGIN-BOTTOM: 0px; MARGIN-RIGHT: 0cm\" align=\"justify\"><font face=\"tahoma,arial,helvetica,sans-serif\" color=\"#003399\" size=\"2\">\u00b7Kalk\u0131nmada &ouml;ncelikli y&ouml;relerdeki organize sanayi b&ouml;lgeleri ile baz\u0131 b&uuml;y&uuml;k illerdeki alt yap\u0131s\u0131 haz\u0131rlanm\u0131\u015f sanayi b&ouml;lgelerinde yat\u0131r\u0131mc\u0131lara bedelsiz olarak arazi tahsis edilecek, sa\u011flanacak di\u011fer desteklerle buralar birer cazibe merkezi haline getirilecektir.<\/font><\/p>\n<p style=\"MARGIN-TOP: 0px; MARGIN-BOTTOM: 0px; MARGIN-RIGHT: 0cm\" align=\"justify\"><font face=\"tahoma,arial,helvetica,sans-serif\" color=\"#003399\" size=\"2\">\u00b7T&uuml;rk &uuml;reticilerinin &#8220;dahilde i\u015fleme rejimi&#8221; ve g&uuml;mr&uuml;kteki yanl\u0131\u015f uygulamalar nedeniyle haks\u0131z rekabete u\u011framalar\u0131 &ouml;nlenecektir.<\/font><\/p>\n<\/blockquote>\n<p style=\"MARGIN: 0px 0cm; TEXT-ALIGN: justify\"><b><font face=\"tahoma,arial,helvetica,sans-serif\" color=\"#003399\" size=\"2\"><a name=\"J- YABANCI SERMAYEN\u0130N CEZBED\u0130LMES\u0130\">J- YABANCI SERMAYEN\u0130N CEZBED\u0130LMES\u0130<\/a><\/font><\/b><\/p>\n<p style=\"MARGIN-TOP: 0px; MARGIN-BOTTOM: 0px\" align=\"justify\"><font color=\"#003399\"><font face=\"tahoma,arial,helvetica,sans-serif\"><span style=\"FONT-WEIGHT: normal; LINE-HEIGHT: 150%; FONT-STYLE: normal; FONT-FAMILY: Arial\"><font size=\"2\">T&uuml;rkiye&#8217;nin h\u0131zl\u0131 ve istikrarl\u0131 bir kalk\u0131nma d&ouml;nemine girmesi i\u00e7in yabanc\u0131 sermaye b&uuml;y&uuml;k &ouml;nem ta\u015f\u0131maktad\u0131r. Yabanc\u0131 sermayeyi iki ayr\u0131 ba\u015fl\u0131kta incelemek gerekmektedir: Birincisi &#8220;<\/font><\/span><span style=\"LINE-HEIGHT: 150%; FONT-STYLE: normal; FONT-FAMILY: Arial\"><font size=\"2\">portf&ouml;y yat\u0131r\u0131mlar\u0131<\/font><\/span><span style=\"FONT-WEIGHT: normal; LINE-HEIGHT: 150%; FONT-STYLE: normal; FONT-FAMILY: Arial\"><font size=\"2\">&#8221;, ikincisi &#8220;<\/font><\/span><span style=\"LINE-HEIGHT: 150%; FONT-STYLE: normal; FONT-FAMILY: Arial\"><font size=\"2\">do\u011frudan yabanc\u0131 yat\u0131r\u0131mlar<\/font><\/span><span style=\"FONT-WEIGHT: normal; LINE-HEIGHT: 150%; FONT-STYLE: normal; FONT-FAMILY: Arial\"><font size=\"2\">&#8221;.<\/font><\/span><\/font><\/font><\/p>\n<p style=\"MARGIN-TOP: 0px; MARGIN-BOTTOM: 0px\" align=\"justify\"><font face=\"tahoma,arial,helvetica,sans-serif\">&nbsp;<\/font><\/p>\n<p style=\"MARGIN: 0px 0cm\" align=\"justify\"><span style=\"FONT-WEIGHT: normal; LINE-HEIGHT: 150%; FONT-STYLE: normal; FONT-FAMILY: Arial\"><font face=\"tahoma,arial,helvetica,sans-serif\" color=\"#003399\" size=\"2\">Sadece portf&ouml;y yat\u0131r\u0131mlar\u0131na, yani sadece s\u0131cak para ak\u0131\u015f\u0131na dayanan b&uuml;y&uuml;me modellerinin sak\u0131ncalar\u0131 T&uuml;rkiye&#8217;de ya\u015fanan krizlerde a\u00e7\u0131k bir \u015fekilde ortaya \u00e7\u0131km\u0131\u015ft\u0131r. Portf&ouml;y yat\u0131r\u0131mlar\u0131n\u0131n yan\u0131 s\u0131ra, do\u011frudan yabanc\u0131 yat\u0131r\u0131mlara da &ouml;nem vermek gerekmektedir.<\/font><\/span><\/p>\n<p style=\"MARGIN: 0px 0cm\" align=\"justify\"><font face=\"tahoma,arial,helvetica,sans-serif\">&nbsp;<\/font><\/p>\n<p style=\"MARGIN: 0px 0cm\" align=\"justify\"><span style=\"FONT-WEIGHT: normal; LINE-HEIGHT: 150%; FONT-STYLE: normal; FONT-FAMILY: Arial\"><font face=\"tahoma,arial,helvetica,sans-serif\" color=\"#003399\" size=\"2\">2000 y\u0131l\u0131nda d&uuml;nyadaki do\u011frudan yabanc\u0131 yat\u0131r\u0131m ak\u0131m\u0131 toplam 1,2 trilyon dolar\u0131 ge\u00e7mi\u015ftir. &Uuml;lkemizde ise bu rakam y\u0131ll\u0131k 1 milyar dolar\u0131n bile alt\u0131nda seyretmektedir.<\/font><\/span><\/p>\n<p style=\"MARGIN: 0px 0cm\" align=\"justify\"><font face=\"tahoma,arial,helvetica,sans-serif\">&nbsp;<\/font><\/p>\n<p style=\"MARGIN: 0px 0cm; TEXT-ALIGN: justify\"><font face=\"tahoma,arial,helvetica,sans-serif\" color=\"#003399\" size=\"2\">T&uuml;rkiye&#8217;nin de aralar\u0131nda bulundu\u011fu geli\u015fmekte olan &uuml;lkelerin kalk\u0131nmas\u0131nda do\u011frudan yabanc\u0131 yat\u0131r\u0131mlar \u00e7ok b&uuml;y&uuml;k &ouml;nem ta\u015f\u0131maktad\u0131r. Do\u011fu Avrupa, Uzak Do\u011fu ve Latin Amerika&#8217;daki geli\u015fmekte olan &uuml;lkelere bak\u0131ld\u0131\u011f\u0131nda, bu &uuml;lkelerin kalk\u0131nmas\u0131n\u0131n finansman\u0131nda ve bu &uuml;lkelere ileri teknoloji aktar\u0131m\u0131nda do\u011frudan yabanc\u0131 yat\u0131r\u0131mlar\u0131n b&uuml;y&uuml;k rol oynad\u0131\u011f\u0131 g&ouml;r&uuml;lmektedir.<\/font><\/p>\n<p style=\"MARGIN: 0px 0cm; TEXT-ALIGN: justify\"><font face=\"tahoma,arial,helvetica,sans-serif\">&nbsp;<\/font><\/p>\n<p style=\"MARGIN-TOP: 0px; MARGIN-BOTTOM: 0px\" align=\"justify\"><span style=\"FONT-WEIGHT: normal; LINE-HEIGHT: 150%; FONT-STYLE: normal; FONT-FAMILY: Arial\"><font face=\"tahoma,arial,helvetica,sans-serif\" color=\"#003399\" size=\"2\">T&uuml;rkiye&#8217;de yabanc\u0131 sermayenin &ouml;n&uuml;nde \u00e7ok b&uuml;y&uuml;k engeller vard\u0131r. Siyasi ve ekonomik istikrars\u0131zl\u0131k, hukuki altyap\u0131n\u0131n yetersizli\u011fi, yarg\u0131n\u0131n yava\u015f i\u015flemesi, yolsuzluklar, b&uuml;rokratik zorluklar, yasalar\u0131n s\u0131k s\u0131k de\u011fi\u015ftirilmesi, yaz\u0131l\u0131 mevzuat\u0131n uygulanmamas\u0131, uygulamalar\u0131n yaz\u0131l\u0131 olmamas\u0131, vergiye tabi kazan\u00e7lar\u0131n enflasyondan ar\u0131nd\u0131r\u0131lmamas\u0131, mali tablolar\u0131n \u015feffaf ve g&uuml;venilir olmamas\u0131 gibi konular T&uuml;rkiye&#8217;ye yabanc\u0131 sermaye ak\u0131\u015f\u0131n\u0131n &ouml;n&uuml;nde b&uuml;y&uuml;k engeller olu\u015fturmaktad\u0131r.<\/font><\/span><\/p>\n<p style=\"MARGIN: 0px 0cm\" align=\"justify\"><font face=\"tahoma,arial,helvetica,sans-serif\">&nbsp;<\/font><\/p>\n<p style=\"MARGIN: 0px 0cm; TEXT-ALIGN: justify\"><span style=\"FONT-WEIGHT: normal; FONT-STYLE: normal\"><font face=\"tahoma,arial,helvetica,sans-serif\" color=\"#003399\" size=\"2\">Do\u011frudan yabanc\u0131 sermaye giri\u015flerinin art\u0131r\u0131lmas\u0131 i\u00e7in a\u015fa\u011f\u0131daki politikalar uygulanacakt\u0131r:<\/font><\/span><\/p>\n<blockquote>\n<p style=\"MARGIN-TOP: 0px; MARGIN-BOTTOM: 0px; MARGIN-RIGHT: 0cm; TEXT-ALIGN: justify\"><font color=\"#003399\"><span style=\"FONT-WEIGHT: normal; FONT-STYLE: normal\"><font face=\"tahoma,arial,helvetica,sans-serif\" size=\"2\">\u00b7Siyasi ve ekonomik istikrar sa\u011flanacak, g&uuml;ven ortam\u0131 olu\u015fturulacak, gelece\u011fe ili\u015fkin belirsizlikler giderilecektir.<\/font><\/span><\/font><\/p>\n<p style=\"MARGIN-TOP: 0px; MARGIN-BOTTOM: 0px; MARGIN-RIGHT: 0cm; TEXT-ALIGN: justify\"><font color=\"#003399\"><span style=\"FONT-WEIGHT: normal; FONT-STYLE: normal\"><font face=\"tahoma,arial,helvetica,sans-serif\" size=\"2\">\u00b7Evrensel standartlara uygun, a\u00e7\u0131k ve net tan\u0131mlanm\u0131\u015f bir hukuk d&uuml;zeni, g&uuml;venilir ve i\u015fleyen bir adalet mekanizmas\u0131, garanti alt\u0131na al\u0131nm\u0131\u015f m&uuml;lkiyet haklar\u0131 sa\u011flanacakt\u0131r.<\/font><\/span><\/font><\/p>\n<p style=\"MARGIN-TOP: 0px; MARGIN-BOTTOM: 0px; MARGIN-RIGHT: 0cm; TEXT-ALIGN: justify\"><font color=\"#003399\"><span style=\"FONT-WEIGHT: normal; FONT-STYLE: normal\"><font face=\"tahoma,arial,helvetica,sans-serif\" size=\"2\">\u00b7Vergiye tabi kazanc\u0131n tespit edilmesinde enflasyondan ar\u0131nd\u0131r\u0131lm\u0131\u015f muhasebe teknikleri uygulanacakt\u0131r.<\/font><\/span><\/font><\/p>\n<p style=\"MARGIN-TOP: 0px; MARGIN-BOTTOM: 0px; MARGIN-RIGHT: 0cm; TEXT-ALIGN: justify\"><font face=\"tahoma,arial,helvetica,sans-serif\" color=\"#003399\" size=\"2\">\u00b7Avrupa Birli\u011fi&#8217;ne tam &uuml;yelik s&uuml;recinde somut ve samimi ad\u0131mlar at\u0131larak, &ouml;zellikle Avrupa Birli\u011fi firmalar\u0131n\u0131n T&uuml;rkiye&#8217;ye yat\u0131r\u0131m yapmas\u0131 i\u00e7in gerekli ortam haz\u0131rlanacakt\u0131r.<\/font><\/p>\n<p style=\"MARGIN-TOP: 0px; MARGIN-BOTTOM: 0px; MARGIN-RIGHT: 0cm; TEXT-ALIGN: justify\"><font face=\"tahoma,arial,helvetica,sans-serif\" color=\"#003399\" size=\"2\">\u00b7Yabanc\u0131 sermaye ile ilgili kurum ve kurulu\u015flar\u0131n g&ouml;rev ve yetkileri yeniden belirlenecek, yat\u0131r\u0131mc\u0131lar\u0131n muhatap olaca\u011f\u0131 <b>tek bir yetkili makam<\/b> olu\u015fturulacakt\u0131r.<\/font><\/p>\n<p style=\"MARGIN-TOP: 0px; MARGIN-BOTTOM: 0px; MARGIN-RIGHT: 0cm; TEXT-ALIGN: justify\"><font face=\"tahoma,arial,helvetica,sans-serif\" color=\"#003399\" size=\"2\">\u00b7Yabanc\u0131 yat\u0131r\u0131mlarla ilgili prosed&uuml;rler h\u0131zland\u0131r\u0131lacak, sonu\u00e7land\u0131r\u0131lmas\u0131 kesin s&uuml;relere ba\u011flanacakt\u0131r.<\/font><\/p>\n<p style=\"MARGIN-TOP: 0px; MARGIN-BOTTOM: 0px; MARGIN-RIGHT: 0cm; TEXT-ALIGN: justify\"><font face=\"tahoma,arial,helvetica,sans-serif\" color=\"#003399\" size=\"2\">\u00b7Yabanc\u0131 yat\u0131r\u0131mc\u0131lara y&ouml;nelik yurt d\u0131\u015f\u0131 tan\u0131t\u0131m faaliyetleri geli\u015ftirilecek, &#8220;T&uuml;rkiye&#8221;nin uluslararas\u0131 bir marka olmas\u0131 sa\u011flanacakt\u0131r.<\/font><\/p>\n<p style=\"MARGIN-TOP: 0px; MARGIN-BOTTOM: 0px; MARGIN-RIGHT: 0cm; TEXT-ALIGN: justify\"><font face=\"tahoma,arial,helvetica,sans-serif\" color=\"#003399\" size=\"2\">\u00b7&Ouml;zelle\u015ftirme i\u015flemlerinde yabanc\u0131 sermayenin de etkin olmas\u0131 i\u00e7in gerekli ad\u0131mlar at\u0131lacakt\u0131r. <\/font><\/p>\n<p style=\"MARGIN-TOP: 0px; MARGIN-BOTTOM: 0px; MARGIN-RIGHT: 0cm; TEXT-ALIGN: justify\"><font face=\"tahoma,arial,helvetica,sans-serif\" color=\"#003399\" size=\"2\">\u00b7Fikri m&uuml;lkiyet haklar\u0131 ve rekabetin korunmas\u0131 konular\u0131ndaki kurumsal ve yap\u0131sal eksiklikler giderilecektir.<\/font><\/p>\n<p style=\"MARGIN-TOP: 0px; MARGIN-BOTTOM: 0px; MARGIN-RIGHT: 0cm; TEXT-ALIGN: justify\"><font face=\"tahoma,arial,helvetica,sans-serif\" color=\"#003399\" size=\"2\">\u00b7Serbest b&ouml;lgelerin daha etkin bir \u015fekilde kullan\u0131lmas\u0131 ve yabanc\u0131 yat\u0131r\u0131mc\u0131lara daha iyi tan\u0131t\u0131lmas\u0131 sa\u011flanacak, vergi muafiyetleri devam ettirilecektir.<\/font><\/p>\n<p style=\"MARGIN-TOP: 0px; MARGIN-BOTTOM: 0px; MARGIN-RIGHT: 0cm; TEXT-ALIGN: justify\"><font face=\"tahoma,arial,helvetica,sans-serif\" color=\"#003399\" size=\"2\">\u00b7Uluslararas\u0131 Finans Kurumu (IFC) ile D&uuml;nya Bankas\u0131&#8217;n\u0131n i\u015ftiraki olan Yabanc\u0131 Yat\u0131r\u0131mlar Dan\u0131\u015fmanl\u0131k Servisi (FIAS) taraf\u0131ndan yap\u0131lan \u00e7al\u0131\u015fmalar\u0131n sonu\u00e7lar\u0131n\u0131 i\u00e7eren raporda yer alan di\u011fer &ouml;neriler de dikkate al\u0131nacakt\u0131r.<\/font><\/p>\n<\/blockquote>\n<p style=\"MARGIN-TOP: 0px; MARGIN-BOTTOM: 0px\" align=\"justify\"><b><font face=\"tahoma,arial,helvetica,sans-serif\" color=\"#003399\" size=\"2\"><a name=\"K- YEN\u0130 B\u0130R \u0130HRACAT HAMLES\u0130\">K- YEN\u0130 B\u0130R \u0130HRACAT HAMLES\u0130<\/a><\/font><\/b><\/p>\n<p style=\"MARGIN: 0px 0cm\" align=\"justify\"><font color=\"#003399\"><font face=\"tahoma,arial,helvetica,sans-serif\"><font size=\"2\">PART\u0130M\u0130Z\u0130N<\/font><span style=\"FONT-WEIGHT: normal\"><font size=\"2\"> ekonomik b&uuml;y&uuml;me modelinin en &ouml;nemli unsuru ihracatt\u0131r. Sanayimizin uluslararas\u0131 rekabet edebilecek bir verimlili\u011fe ula\u015fmas\u0131 ve T&uuml;rkiye&#8217;nin d&uuml;nyaya a\u00e7\u0131l\u0131p global ekonomik sisteme tam entegre olmu\u015f bir &uuml;lke haline gelmesi i\u00e7in de ihracat\u0131n geli\u015fmesi b&uuml;y&uuml;k &ouml;nem ta\u015f\u0131maktad\u0131r.<\/font><\/span><\/font><\/font><\/p>\n<p style=\"MARGIN: 0px 0cm\" align=\"justify\"><font face=\"tahoma,arial,helvetica,sans-serif\">&nbsp;<\/font><\/p>\n<p style=\"MARGIN: 0px 0cm\" align=\"justify\"><font color=\"#003399\"><font face=\"tahoma,arial,helvetica,sans-serif\"><font size=\"2\">PART\u0130M\u0130Z<\/font><span style=\"FONT-WEIGHT: normal\"><font size=\"2\"> ihracat\u00e7\u0131lar\u0131m\u0131za her konuda tam destek verecek, &uuml;lkemizde yeni bir ihracat hamlesinin ba\u015flamas\u0131n\u0131 sa\u011flayacakt\u0131r.<\/font><\/span><\/font><\/font><\/p>\n<p style=\"MARGIN: 0px 0cm\" align=\"justify\"><font face=\"tahoma,arial,helvetica,sans-serif\">&nbsp;<\/font><\/p>\n<p style=\"MARGIN: 0px 0cm\" align=\"justify\"><span style=\"FONT-WEIGHT: normal\"><font face=\"tahoma,arial,helvetica,sans-serif\" color=\"#003399\" size=\"2\">T&uuml;rkiye&#8217;nin ihracat hacmi &ouml;zellikle 1980&#8217;den sonra &ouml;nemli &ouml;l\u00e7&uuml;de artm\u0131\u015f, ekonomimiz belli &ouml;l\u00e7&uuml;de D&uuml;nya&#8217;ya a\u00e7\u0131lm\u0131\u015ft\u0131r. Ancak, iyi planlanma ve y&ouml;nlendirme yap\u0131lamad\u0131\u011f\u0131ndan, verimlilikte ve kapasitede yeterli art\u0131\u015flar sa\u011flanamam\u0131\u015ft\u0131r. Siyasi ve ekonomik istikrars\u0131zl\u0131k, kurlarda meydana gelen b&uuml;y&uuml;k dalgalanmalar ve bunlara ba\u011fl\u0131 olarak olu\u015fan g&uuml;vensizlik ortam\u0131 nedeniyle, T&uuml;rkiye&#8217;de ihracat istikrarl\u0131 bir b&uuml;y&uuml;me g&ouml;sterememi\u015ftir.<\/font><\/span><\/p>\n<p style=\"MARGIN: 0px 0cm\" align=\"justify\"><font face=\"tahoma,arial,helvetica,sans-serif\">&nbsp;<\/font><\/p>\n<p style=\"MARGIN: 0px 0cm\" align=\"justify\"><font color=\"#003399\"><font face=\"tahoma,arial,helvetica,sans-serif\"><span style=\"FONT-WEIGHT: normal\"><font size=\"2\">\u0130hracatta <\/font><\/span><font size=\"2\">sekt&ouml;rel ba\u011f\u0131ml\u0131l\u0131k<\/font><span style=\"FONT-WEIGHT: normal\"><font size=\"2\"> olu\u015fmu\u015f, katma de\u011feri y&uuml;ksek ve y&uuml;ksek teknolojiye dayal\u0131 &uuml;r&uuml;nlerin ihracat\u0131nda yeterli ilerleme sa\u011flanamam\u0131\u015ft\u0131r.<\/font><\/span><\/font><\/font><\/p>\n<p style=\"MARGIN: 0px 0cm\" align=\"justify\"><font face=\"tahoma,arial,helvetica,sans-serif\">&nbsp;<\/font><\/p>\n<p style=\"MARGIN: 0px 0cm\" align=\"justify\"><font color=\"#003399\"><font face=\"tahoma,arial,helvetica,sans-serif\"><span style=\"FONT-WEIGHT: normal\"><font size=\"2\">\u0130hracat\u0131m\u0131z a\u011f\u0131rl\u0131kl\u0131 olarak AB &uuml;lkelerine y&ouml;nelmi\u015f, di\u011fer b&uuml;y&uuml;k pazarlara ve kom\u015fu &uuml;lkelere ihracat\u0131m\u0131z s\u0131n\u0131rl\u0131 kalm\u0131\u015ft\u0131r. Bu da ihracatta <\/font><\/span><font size=\"2\">b&ouml;lgesel ba\u011f\u0131ml\u0131l\u0131k<\/font><span style=\"FONT-WEIGHT: normal\"><font size=\"2\"> olu\u015fturmu\u015ftur.<\/font><\/span><\/font><\/font><\/p>\n<p style=\"MARGIN: 0px 0cm\" align=\"justify\"><font face=\"tahoma,arial,helvetica,sans-serif\">&nbsp;<\/font><\/p>\n<p style=\"MARGIN: 0px 0cm\" align=\"justify\"><font color=\"#003399\"><font face=\"tahoma,arial,helvetica,sans-serif\"><span style=\"FONT-WEIGHT: normal\"><font size=\"2\">T&uuml;rkiye&#8217;nin kom\u015fu &uuml;lkelerle ticareti \u00e7ok d&uuml;\u015f&uuml;k seviyede kalm\u0131\u015ft\u0131r. <\/font><\/span><font size=\"2\">PART\u0130M\u0130Z<\/font><span style=\"FONT-WEIGHT: normal\"><font size=\"2\"> kom\u015fular\u0131m\u0131zla olan ticaretin geli\u015fmesini, b&ouml;lgesel kalk\u0131nman\u0131n en &ouml;nemli kayna\u011f\u0131 olarak g&ouml;rmektedir. Kom\u015fularla ticaretimizin geli\u015fmesi b&ouml;lgesel g&uuml;venli\u011fe de &ouml;nemli katk\u0131lar sa\u011flayacakt\u0131r.<\/font><\/span><\/font><\/font><\/p>\n<p style=\"MARGIN: 0px 0cm; TEXT-INDENT: 35.25pt\" align=\"justify\"><font face=\"tahoma,arial,helvetica,sans-serif\">&nbsp;<\/font><\/p>\n<p style=\"MARGIN: 0px 0cm\" align=\"justify\"><span style=\"FONT-WEIGHT: normal\"><font face=\"tahoma,arial,helvetica,sans-serif\" color=\"#003399\" size=\"2\">T&uuml;rkiye, hem &uuml;r&uuml;n ihracat\u0131nda, hem de hizmet ihracat\u0131nda sahip oldu\u011fu potansiyeli kullanamamaktad\u0131r. \u0130hracat\u0131m\u0131z\u0131n istikrarl\u0131 ve y&uuml;ksek bir art\u0131\u015f trendini yakalayabilmesi i\u00e7in a\u015fa\u011f\u0131daki &ouml;nlemler al\u0131nacakt\u0131r:<\/font><\/span><\/p>\n<p style=\"MARGIN: 0px 0cm; TEXT-INDENT: 35.25pt\" align=\"justify\"><font face=\"tahoma,arial,helvetica,sans-serif\">&nbsp;<\/font><\/p>\n<blockquote>\n<p style=\"MARGIN-TOP: 0px; MARGIN-BOTTOM: 0px\" align=\"justify\"><font color=\"#003399\"><span style=\"FONT-WEIGHT: normal\"><font face=\"tahoma,arial,helvetica,sans-serif\" size=\"2\">\u00b7K&uuml;reselle\u015fmenin olumsuz etkilerinden korunmak ve sekt&ouml;rel ba\u011f\u0131ml\u0131l\u0131ktan kurtulmak i\u00e7in, &ouml;zel sekt&ouml;r kat\u0131l\u0131m\u0131 ile yeni bir stratejik planlama yap\u0131lacakt\u0131r. D&uuml;nya&#8217;daki e\u011filimler ve &ouml;zel sekt&ouml;r&uuml;n tercihleri dikkate al\u0131narak, T&uuml;rkiye&#8217;nin rekabet &uuml;st&uuml;nl&uuml;\u011f&uuml;ne sahip oldu\u011fu ve y&uuml;ksek katma de\u011ferli sekt&ouml;rler belirlenecektir. Bu sekt&ouml;rler uluslararas\u0131 normlar \u00e7er\u00e7evesinde desteklenecektir. <\/font><\/span><\/font><\/p>\n<p style=\"MARGIN-TOP: 0px; MARGIN-BOTTOM: 0px\" align=\"justify\"><font color=\"#003399\"><span style=\"FONT-WEIGHT: normal\"><font face=\"tahoma,arial,helvetica,sans-serif\" size=\"2\">\u00b7B&ouml;lgesel ba\u011f\u0131ml\u0131l\u0131ktan kurtulabilmek amac\u0131yla yeni pazarlara y&ouml;nelmek gerekmektedir. Bu kapsamda, ba\u015fta Ba\u011f\u0131ms\u0131z Devletler Toplulu\u011fu, Ortado\u011fu ve Karadeniz olmak &uuml;zere, Merkezi ve Do\u011fu Avrupa, Kuzey Amerika, Uzakdo\u011fu, Latin Amerika ve Afrika &Uuml;lkeleri pazarlar\u0131na a\u011f\u0131rl\u0131k verilecektir. Kom\u015fular\u0131m\u0131zla olan ticaretimizin art\u0131r\u0131lmas\u0131 i\u00e7in azami gayret g&ouml;sterilecektir.<\/font><\/span><\/font><\/p>\n<p style=\"MARGIN-TOP: 0px; MARGIN-BOTTOM: 0px\" align=\"justify\"><font color=\"#003399\"><span style=\"FONT-WEIGHT: normal\"><font face=\"tahoma,arial,helvetica,sans-serif\" size=\"2\">\u00b7T&uuml;rkiye&#8217;nin uluslararas\u0131 markalara sahip olmas\u0131 y&ouml;n&uuml;nde &ouml;zel sekt&ouml;r&uuml;n ba\u015flataca\u011f\u0131 giri\u015fimler desteklenecektir.<\/font><\/span><\/font><\/p>\n<p style=\"MARGIN-TOP: 0px; MARGIN-BOTTOM: 0px\" align=\"justify\"><font color=\"#003399\"><span style=\"FONT-WEIGHT: normal\"><font face=\"tahoma,arial,helvetica,sans-serif\" size=\"2\">\u00b7\u0130hracat\u00e7\u0131 firmalar\u0131n en &ouml;nemli girdilerini olu\u015fturan enerji, istihdam ve haberle\u015fme &uuml;zerindeki y&uuml;ksek vergiler d&uuml;\u015f&uuml;r&uuml;lecek, ihracat\u00e7\u0131lar\u0131m\u0131z\u0131n uluslararas\u0131 piyasalarda kolayl\u0131kla rekabet etmeleri sa\u011flanacakt\u0131r.<\/font><\/span><\/font><\/p>\n<p style=\"MARGIN-TOP: 0px; MARGIN-BOTTOM: 0px\" align=\"justify\"><font color=\"#003399\"><span style=\"FONT-WEIGHT: normal\"><font face=\"tahoma,arial,helvetica,sans-serif\" size=\"2\">\u00b7D&ouml;viz kurlar\u0131nda istikrar sa\u011flanacak, vadeli d&ouml;viz piyasalar\u0131 olu\u015fturularak ihracat\u00e7\u0131lar\u0131n d&ouml;viz kurlar\u0131n\u0131 sigorta ettirebilmeleri imkan\u0131 getirilecektir.<\/font><\/span><\/font><\/p>\n<p style=\"MARGIN-TOP: 0px; MARGIN-BOTTOM: 0px; TEXT-ALIGN: justify\"><font face=\"tahoma,arial,helvetica,sans-serif\" color=\"#003399\" size=\"2\">\u00b7Kamu bor\u00e7 stokunun azalt\u0131lmas\u0131yla beraber, kamunun finans sekt&ouml;r&uuml;ndeki fonlar\u0131n \u00e7ok &ouml;nemli bir b&ouml;l&uuml;m&uuml;n&uuml; emmesi sona erecek, finans sekt&ouml;r&uuml; bu kaynaklar\u0131 ihracat\u00e7\u0131 firmalara y&ouml;nlendirebilecektir.<\/font><\/p>\n<p style=\"MARGIN-TOP: 0px; MARGIN-BOTTOM: 0px\" align=\"justify\"><font color=\"#003399\"><span style=\"FONT-WEIGHT: normal\"><font face=\"tahoma,arial,helvetica,sans-serif\" size=\"2\">\u00b7Eximbank ihracat hamlemizin motoru olacakt\u0131r. Eximbank yeniden yap\u0131land\u0131r\u0131larak kaynaklar\u0131 g&uuml;\u00e7lendirilecek, i\u015fletilmesiyle ilgili b&uuml;rokratik engeller kald\u0131r\u0131lacak ve teminat konusunda ihracat\u00e7\u0131lara kolayl\u0131klar sa\u011flanacakt\u0131r.<\/font><\/span><\/font><\/p>\n<p style=\"MARGIN-TOP: 0px; MARGIN-BOTTOM: 0px\" align=\"justify\"><font color=\"#003399\"><span style=\"FONT-WEIGHT: normal\"><font face=\"tahoma,arial,helvetica,sans-serif\" size=\"2\">\u00b7Bug&uuml;n b&uuml;y&uuml;k bir sorun haline gelen ihracatta KDV iadeleriyle ilgili b&uuml;rokrasi azalt\u0131lacak, iadelerin h\u0131zl\u0131 bir \u015fekilde yap\u0131lmas\u0131 sa\u011flanacakt\u0131r.<\/font><\/span><\/font><\/p>\n<\/blockquote>\n<p style=\"MARGIN: 0px 0cm\" align=\"justify\"><span style=\"FONT-WEIGHT: 700; LINE-HEIGHT: 150%\"><font face=\"tahoma,arial,helvetica,sans-serif\" color=\"#003399\" size=\"2\"><a name=\"L- UCUZ ve G\u00dcVENL\u0130 ENERJ\u0130\">L- UCUZ ve G&Uuml;VENL\u0130 ENERJ\u0130<\/a><\/font><\/span><\/p>\n<p style=\"MARGIN: 0px 0cm\" align=\"justify\"><span style=\"FONT-WEIGHT: normal\"><font face=\"tahoma,arial,helvetica,sans-serif\" color=\"#003399\" size=\"2\">S&uuml;rd&uuml;r&uuml;lebilir bir kalk\u0131nma ve k&uuml;resel &ouml;l\u00e7ekte rekabet edebilir bir ekonomi yaratman\u0131n en &ouml;nemli ara\u00e7lar\u0131ndan biri enerji politikalar\u0131d\u0131r.<\/font><\/span><\/p>\n<p style=\"MARGIN: 0px 0cm\" align=\"justify\"><font face=\"tahoma,arial,helvetica,sans-serif\">&nbsp;<\/font><\/p>\n<p style=\"MARGIN: 0px 0cm; TEXT-ALIGN: justify\"><font face=\"tahoma,arial,helvetica,sans-serif\" color=\"#003399\" size=\"2\">Ge\u00e7mi\u015f h&uuml;k&uuml;metler, son d&ouml;nemde uygulad\u0131klar\u0131 politikalar\u0131 ile enerji alan\u0131n\u0131 T&uuml;rkiye i\u00e7in acil ve i\u00e7inden \u00e7\u0131k\u0131lmas\u0131 zor bir sorun haline getirmi\u015flerdir.<\/font><\/p>\n<p style=\"MARGIN: 0px 0cm; TEXT-ALIGN: justify\"><font face=\"tahoma,arial,helvetica,sans-serif\">&nbsp;<\/font><\/p>\n<p style=\"MARGIN: 0px 0cm; TEXT-ALIGN: justify\"><font face=\"tahoma,arial,helvetica,sans-serif\" color=\"#003399\" size=\"2\">&Uuml;lkemizin &ouml;ng&ouml;r&uuml;lebilir b&uuml;y&uuml;me perspektifleri ile ba\u011fda\u015fmayan &#8220;<b>al-ya da &ouml;de<\/b>&#8221; anla\u015fmalar\u0131, imtiyaz ve i\u015fletme hakk\u0131 devir s&ouml;zle\u015fmeleri, T&uuml;rkiye&#8217;yi ta\u015f\u0131nmas\u0131 giderek zorla\u015fan bir mali k&uuml;lfet ile kar\u015f\u0131 kar\u015f\u0131ya b\u0131rakmaktad\u0131r.<\/font><\/p>\n<p style=\"MARGIN: 0px 0cm; TEXT-ALIGN: justify\"><font face=\"tahoma,arial,helvetica,sans-serif\">&nbsp;<\/font><\/p>\n<p style=\"MARGIN: 0px 0cm; TEXT-ALIGN: justify\"><font face=\"tahoma,arial,helvetica,sans-serif\" color=\"#003399\" size=\"2\">Bu mali k&uuml;lfet, y&uuml;ksek birim fiyatlar ve y&uuml;ksek vergilerle t&uuml;keticilere aktar\u0131lmas\u0131; enerji t&uuml;ketimini cayd\u0131ran, b&uuml;y&uuml;meyi yava\u015flatan, yerli sanayimizin rekabet edebilirli\u011fini azaltan ve yabanc\u0131 sermaye yat\u0131r\u0131mlar\u0131n\u0131 engelleyen sonu\u00e7lar do\u011furmaktad\u0131r.<\/font><\/p>\n<p style=\"MARGIN: 0px 0cm; TEXT-ALIGN: justify\"><font face=\"tahoma,arial,helvetica,sans-serif\">&nbsp;<\/font><\/p>\n<p style=\"MARGIN: 0px 0cm\" align=\"justify\"><span style=\"FONT-WEIGHT: normal\"><font face=\"tahoma,arial,helvetica,sans-serif\" color=\"#003399\" size=\"2\">Son d&ouml;nemde ya\u015fad\u0131\u011f\u0131m\u0131z ekonomik krizler ve negatif b&uuml;y&uuml;me olgusu sorunu daha da derinle\u015ftiren bir etki yaratm\u0131\u015ft\u0131r.<\/font><\/span><\/p>\n<p style=\"MARGIN: 0px 0cm\" align=\"justify\"><font face=\"tahoma,arial,helvetica,sans-serif\">&nbsp;<\/font><\/p>\n<p style=\"MARGIN: 0px 0cm\" align=\"justify\"><font color=\"#003399\"><font face=\"tahoma,arial,helvetica,sans-serif\"><font size=\"2\">PART\u0130M\u0130Z\u0130N<\/font><span style=\"FONT-WEIGHT: normal\"><font size=\"2\"> enerji politikalar\u0131n\u0131n temelini, enerjinin ucuz ve g&uuml;venilir bir \u015fekilde temin edilmesi, rekabete dayal\u0131 bir enerji piyasas\u0131 olu\u015fturulmas\u0131, vatanda\u015f\u0131n b&uuml;t\u00e7esindeki y&uuml;k&uuml;n azalt\u0131lmas\u0131, \u00e7evre ve insan sa\u011fl\u0131\u011f\u0131n\u0131n korunmas\u0131 olu\u015fturmaktad\u0131r.<\/font><\/span><\/font><\/font><\/p>\n<p style=\"MARGIN: 0px 0cm\" align=\"justify\"><font face=\"tahoma,arial,helvetica,sans-serif\">&nbsp;<\/font><\/p>\n<p style=\"MARGIN: 0px 0cm\" align=\"justify\"><font face=\"tahoma,arial,helvetica,sans-serif\" color=\"#003399\" size=\"2\">S&ouml;z konusu ama\u00e7lar\u0131n ger\u00e7ekle\u015ftirilmesi i\u00e7in;<\/font><\/p>\n<p style=\"MARGIN: 0px 0cm\" align=\"justify\"><font face=\"tahoma,arial,helvetica,sans-serif\">&nbsp;<\/font><\/p>\n<blockquote>\n<p style=\"MARGIN-TOP: 0px; MARGIN-BOTTOM: 0px; MARGIN-RIGHT: 0cm\" align=\"justify\"><font color=\"#003399\"><font face=\"tahoma,arial,helvetica,sans-serif\"><span style=\"FONT-WEIGHT: normal\"><font size=\"2\">\u00b7<\/font><\/span><font size=\"2\">Yenilenebilir<span style=\"FONT-WEIGHT: normal\"> ve <\/span>alternatif enerji kaynaklar\u0131na<\/font><span style=\"FONT-WEIGHT: normal\"><font size=\"2\"> y&ouml;nelinecektir.<\/font><\/span><\/font><\/font><\/p>\n<p style=\"MARGIN-TOP: 0px; MARGIN-BOTTOM: 0px; MARGIN-RIGHT: 0cm\" align=\"justify\"><font color=\"#003399\"><font face=\"tahoma,arial,helvetica,sans-serif\"><span style=\"FONT-WEIGHT: normal\"><font size=\"2\">\u00b7<\/font><\/span><font size=\"2\">\u00c7evrenin korunmas\u0131<span style=\"FONT-WEIGHT: normal\"> amac\u0131yla, <\/span>temiz enerji kaynaklar\u0131<span style=\"FONT-WEIGHT: normal\"> ve <\/span>d&ouml;n&uuml;\u015f&uuml;m teknolojisinden<\/font><span style=\"FONT-WEIGHT: normal\"><font size=\"2\"> yararlan\u0131lacakt\u0131r.<\/font><\/span><\/font><\/font><\/p>\n<p style=\"MARGIN-TOP: 0px; MARGIN-BOTTOM: 0px; MARGIN-RIGHT: 0cm\" align=\"justify\"><font color=\"#003399\"><span style=\"FONT-WEIGHT: normal\"><font face=\"tahoma,arial,helvetica,sans-serif\" size=\"2\">\u00b7&Uuml;retim, iletim, da\u011f\u0131t\u0131m ve&nbsp; servis sa\u011flamada verimlilik art\u0131r\u0131lacakt\u0131r.<\/font><\/span><\/font><\/p>\n<p style=\"MARGIN-TOP: 0px; MARGIN-BOTTOM: 0px; MARGIN-RIGHT: 0cm\" align=\"justify\"><font color=\"#003399\"><font face=\"tahoma,arial,helvetica,sans-serif\"><span style=\"FONT-WEIGHT: normal\"><font size=\"2\">\u00b7<\/font><\/span><span style=\"FONT-WEIGHT: normal\"><font size=\"2\">Enerji piyasas\u0131 <\/font><\/span><font size=\"2\">rekabet\u00e7i<span style=\"FONT-WEIGHT: normal\"> hale getirilerek, daha <\/span>ucuz enerji<\/font><span style=\"FONT-WEIGHT: normal\"><font size=\"2\"> sa\u011flanacakt\u0131r.<\/font><\/span><\/font><\/font><\/p>\n<p style=\"MARGIN-TOP: 0px; MARGIN-BOTTOM: 0px; MARGIN-RIGHT: 0cm\" align=\"justify\"><font color=\"#003399\"><span style=\"FONT-WEIGHT: normal\"><font face=\"tahoma,arial,helvetica,sans-serif\" size=\"2\">\u00b7Kom\u015fular\u0131m\u0131zdaki petrol ve do\u011fal gaz\u0131n D&uuml;nya pazarlar\u0131na a\u00e7\u0131lmas\u0131nda &uuml;lkemizin da\u011f\u0131t\u0131m terminali olma imkanlar\u0131 iyi de\u011ferlendirilerek, enerjide b&ouml;lgesel g&uuml;\u00e7 haline gelinecektir.<\/font><\/span><\/font><\/p>\n<\/blockquote>\n<p style=\"MARGIN: 0px 0cm; TEXT-ALIGN: justify\"><span style=\"FONT-WEIGHT: normal; FONT-STYLE: normal\"><font face=\"tahoma,arial,helvetica,sans-serif\" color=\"#003399\" size=\"2\">2001 y\u0131l\u0131nda 126,9 milyar kWh\/y\u0131l olan enerji talebinin, 2010 y\u0131l\u0131nda 270 milyar kWh\/y\u0131l d&uuml;zeyine y&uuml;kselece\u011fi tahmin edilmektedir. Bu talep art\u0131\u015f oranlar\u0131n\u0131n s&uuml;rd&uuml;r&uuml;lebilir bir \u015fekilde kar\u015f\u0131lanabilmesi i\u00e7in a\u015fa\u011f\u0131daki politikalar uygulanacakt\u0131r:<\/font><\/span><\/p>\n<blockquote>\n<p style=\"MARGIN-TOP: 0px; MARGIN-BOTTOM: 0px; TEXT-ALIGN: justify\"><font face=\"tahoma,arial,helvetica,sans-serif\" color=\"#003399\" size=\"2\">\u00b7Elektrik enerjisi sekt&ouml;r&uuml;nde rekabeti esas alan ve bu suretle kaliteyi art\u0131r\u0131p maliyetleri a\u015fa\u011f\u0131ya \u00e7ekmeyi hedefleyen liberal politikalar benimsenerek sekt&ouml;rde &ouml;zelle\u015ftirme h\u0131zland\u0131r\u0131lacakt\u0131r.<\/font><\/p>\n<p style=\"MARGIN-TOP: 0px; MARGIN-BOTTOM: 0px; TEXT-ALIGN: justify\"><font face=\"tahoma,arial,helvetica,sans-serif\" color=\"#003399\" size=\"2\">\u00b7Elektrik enerjisi alan\u0131nda Avrupa ve b&ouml;lge &uuml;lkeleri ile elektrik al\u0131\u015f veri\u015fine imkan sa\u011flayacak iletim altyap\u0131s\u0131n\u0131n ve piyasa d&uuml;zeninin geli\u015ftirilmesine &ouml;nem verilecektir.<\/font><\/p>\n<p style=\"MARGIN-TOP: 0px; MARGIN-BOTTOM: 0px; TEXT-ALIGN: justify\"><font face=\"tahoma,arial,helvetica,sans-serif\" color=\"#003399\" size=\"2\">\u00b7Halen y&uuml;zde 65 olan enerjide d\u0131\u015fa ba\u011f\u0131ml\u0131l\u0131\u011f\u0131n azalt\u0131lmas\u0131 i\u00e7in <b>g&uuml;ne\u015f<\/b>, <b>r&uuml;zgar<\/b>, <b>jeo-termal<\/b> ve <b>bio-mas<\/b> gibi yerli ve alternatif kaynaklara y&ouml;nelinecek, yerli <b>linyit<\/b> ve <b>hidroelektrik<\/b> projeler s&uuml;ratle hayata ge\u00e7irilecektir.<\/font><\/p>\n<p style=\"MARGIN-TOP: 0px; MARGIN-BOTTOM: 0px; TEXT-ALIGN: justify\"><font face=\"tahoma,arial,helvetica,sans-serif\" color=\"#003399\" size=\"2\">\u00b7D\u0131\u015fa ba\u011f\u0131ml\u0131 do\u011fal gaz\u0131n kullan\u0131ld\u0131\u011f\u0131 enerji santrallerine alternatif veya ikame yat\u0131r\u0131m olarak, gerekli g&uuml;venlik ve \u00e7evre koruma &ouml;nlemleri al\u0131narak, <b>n&uuml;kleer enerji santralleri<\/b> kurulacakt\u0131r.<\/font><\/p>\n<p style=\"MARGIN-TOP: 0px; MARGIN-BOTTOM: 0px; TEXT-ALIGN: justify\"><font face=\"tahoma,arial,helvetica,sans-serif\" color=\"#003399\" size=\"2\">\u00b7Elektrik kesilmeleri ve voltaj de\u011fi\u015fiklikleri, sanayide &ouml;nemli kay\u0131plara neden olmaktad\u0131r. T&uuml;keticilere sa\u011flanan enerjinin kalite ve s&uuml;reklili\u011finin sa\u011flanmas\u0131 i\u00e7in da\u011f\u0131t\u0131mdaki aksakl\u0131klar\u0131 giderici &ouml;nlemler al\u0131nacakt\u0131r.<\/font><\/p>\n<p style=\"MARGIN-TOP: 0px; MARGIN-BOTTOM: 0px; TEXT-ALIGN: justify\"><font face=\"tahoma,arial,helvetica,sans-serif\" color=\"#003399\" size=\"2\">\u00b7\u0130letim, da\u011f\u0131t\u0131m ve faturaland\u0131rma a\u015famalar\u0131nda ortaya \u00e7\u0131kan y&uuml;ksek <b>kay\u0131p ve ka\u00e7ak<\/b> oranlar\u0131n\u0131n, kabul edilebilir de\u011ferlere \u00e7ekilmesi i\u00e7in gerekli &ouml;nlemler al\u0131nacakt\u0131r.<\/font><\/p>\n<p style=\"MARGIN-TOP: 0px; MARGIN-BOTTOM: 0px; TEXT-ALIGN: justify\"><font color=\"#003399\"><font face=\"tahoma,arial,helvetica,sans-serif\"><font size=\"2\">\u00b7<\/font><b><font size=\"2\">Do\u011fal gaz kullan\u0131m\u0131n\u0131n yayg\u0131nla\u015ft\u0131r\u0131lmas\u0131<\/font><\/b><font size=\"2\">na y&ouml;nelik projelere h\u0131z verilecektir.<\/font><\/font><\/font><\/p>\n<p style=\"MARGIN-TOP: 0px; MARGIN-BOTTOM: 0px\" align=\"justify\"><font color=\"#003399\"><font face=\"tahoma,arial,helvetica,sans-serif\"><span style=\"FONT-WEIGHT: normal\"><font size=\"2\">\u00b7<\/font><\/span><font size=\"2\">Hazar b&ouml;lgesinin do\u011fal gaz ve petrol&uuml;n&uuml;n &uuml;lkemiz &uuml;zerinden d&uuml;nya pazarlar\u0131na nakli<\/font><span style=\"FONT-WEIGHT: normal\"><font size=\"2\">ne y&ouml;nelik politikalar s&uuml;rd&uuml;r&uuml;lecektir.<\/font><\/span><\/font><\/font><\/p>\n<p style=\"MARGIN-TOP: 0px; MARGIN-BOTTOM: 0px; TEXT-ALIGN: justify\"><font face=\"tahoma,arial,helvetica,sans-serif\" color=\"#003399\" size=\"2\">\u00b7Petrol ve do\u011fal gaz politikalar\u0131m\u0131z d\u0131\u015f politikam\u0131z ile uyumlu hale getirilerek, karde\u015f <b>Orta-Asya ve Kafkasya<\/b> &uuml;lkeleri ile ili\u015fkilerimizde birle\u015ftirici bir unsur olmas\u0131 sa\u011flanacakt\u0131r.<\/font><\/p>\n<p style=\"MARGIN-TOP: 0px; MARGIN-BOTTOM: 0px\" align=\"justify\"><font color=\"#003399\"><span style=\"FONT-WEIGHT: normal\"><font face=\"tahoma,arial,helvetica,sans-serif\" size=\"2\">\u00b7\u00c7evrenin bir de\u011fer ve maliyet unsuru oldu\u011fu dikkate al\u0131narak, enerji d&ouml;n&uuml;\u015f&uuml;m i\u015flemleri s\u0131ras\u0131nda ortaya \u00e7\u0131kan kirleticiler titizlikle kontrol edilecektir.<\/font><\/span><\/font><\/p>\n<\/blockquote>\n<p style=\"MARGIN: 0px 0cm; TEXT-ALIGN: justify\"><b><font face=\"tahoma,arial,helvetica,sans-serif\" color=\"#003399\" size=\"2\"><a name=\"M- MADENC\u0130L\u0130K\">M- MADENC\u0130L\u0130K<\/a><\/font><\/b><\/p>\n<p style=\"MARGIN: 0px 0cm\" align=\"justify\"><font color=\"#003399\"><font face=\"tahoma,arial,helvetica,sans-serif\"><span style=\"FONT-WEIGHT: normal\"><font size=\"2\">&Uuml;lkemizde olduk\u00e7a \u00e7ok say\u0131da maden t&uuml;r&uuml; olmas\u0131na ra\u011fmen, bilinen maden kaynaklar\u0131m\u0131z miktar ve i\u015fletilebilirlik a\u00e7\u0131s\u0131ndan istenilen d&uuml;zeyde de\u011fildir.<\/font><\/span><span style=\"FONT-WEIGHT: normal; FONT-FAMILY: Arial\"><font size=\"2\">&nbsp;<\/font><\/span><\/font><\/font><\/p>\n<p style=\"MARGIN: 0px 0cm\" align=\"justify\"><font face=\"tahoma,arial,helvetica,sans-serif\">&nbsp;<\/font><\/p>\n<p style=\"MARGIN: 0px 0cm; TEXT-ALIGN: justify\"><font face=\"tahoma,arial,helvetica,sans-serif\" color=\"#003399\" size=\"2\">Madencilik sekt&ouml;r&uuml;nde; arama faaliyetlerine a\u011f\u0131rl\u0131k verilerek ekonomik olarak i\u015fletilebilir maden<span style=\"FONT-FAMILY: Arial\"> &nbsp;&nbsp;<\/span>rezervlerimizin art\u0131r\u0131lmas\u0131, sanayi ve enerji sekt&ouml;rlerinin hammadde taleplerinin ucuz ve g&uuml;venli bir \u015fekilde sa\u011flanmas\u0131 ve i\u015flenmi\u015f mal ihracat\u0131m\u0131z\u0131n art\u0131r\u0131lmas\u0131 ama\u00e7lanmaktad\u0131r.<\/font><\/p>\n<p style=\"MARGIN: 0px 0cm; TEXT-ALIGN: justify\"><font face=\"tahoma,arial,helvetica,sans-serif\">&nbsp;<\/font><\/p>\n<p style=\"MARGIN: 0px 0cm; TEXT-ALIGN: justify\"><span style=\"FONT-STYLE: normal\"><font face=\"tahoma,arial,helvetica,sans-serif\" color=\"#003399\" size=\"2\">Bu ama\u00e7 do\u011frultusunda;<\/font><\/span><\/p>\n<p style=\"MARGIN-TOP: 0px; MARGIN-BOTTOM: 0px; MARGIN-RIGHT: 0cm; TEXT-ALIGN: justify\"><font face=\"tahoma,arial,helvetica,sans-serif\">&nbsp;<\/font><\/p>\n<p style=\"MARGIN-TOP: 0px; MARGIN-BOTTOM: 0px; MARGIN-RIGHT: 0cm; TEXT-ALIGN: justify\"><font color=\"#003399\"><span style=\"FONT-WEIGHT: normal; FONT-STYLE: normal\"><font face=\"tahoma,arial,helvetica,sans-serif\" size=\"2\">\u00b7Maden arama ve &uuml;retiminde, yerli ve yabanc\u0131 sermayenin sekt&ouml;re y&ouml;nelmesini &ouml;zendirecek bir yat\u0131r\u0131m ortam\u0131 olu\u015fturularak, &ouml;zel kesimin maden arama faaliyetlerine y&ouml;nelmesi i\u00e7in gereken alt yap\u0131 deste\u011fi verilecek; sekt&ouml;r&uuml;n riskli olmas\u0131 nedeniyle, bu sekt&ouml;re &ouml;zg&uuml; bir te\u015fvikler uygulanacakt\u0131r.<\/font><\/span><\/font><\/p>\n<p style=\"MARGIN-TOP: 0px; MARGIN-BOTTOM: 0px; MARGIN-RIGHT: 0cm; TEXT-ALIGN: justify\"><font color=\"#003399\"><span style=\"FONT-WEIGHT: normal; FONT-STYLE: normal\"><font face=\"tahoma,arial,helvetica,sans-serif\" size=\"2\">\u00b7Arama faaliyetleri ile u\u011fra\u015fan kamu kurumlar\u0131m\u0131z\u0131n yurt i\u00e7i ve yurt d\u0131\u015f\u0131nda &ouml;zel kesime ait firmalar ile arama faaliyetlerinde bulunabilmesi i\u00e7in gerekli alt yap\u0131 olu\u015fturulacakt\u0131r.<\/font><\/span><\/font><\/p>\n<p style=\"MARGIN-TOP: 0px; MARGIN-BOTTOM: 0px; MARGIN-RIGHT: 0cm; TEXT-ALIGN: justify\"><font color=\"#003399\"><span style=\"FONT-WEIGHT: normal; FONT-STYLE: normal\"><font face=\"tahoma,arial,helvetica,sans-serif\" size=\"2\">\u00b7Maden arama ve i\u015fletme a\u015famalar\u0131nda b&uuml;rokrasiyi azalt\u0131c\u0131 tedbirler al\u0131nacakt\u0131r.<\/font><\/span><\/font><\/p>\n<p style=\"MARGIN-TOP: 0px; MARGIN-BOTTOM: 0px; MARGIN-RIGHT: 0cm; TEXT-ALIGN: justify\"><font face=\"tahoma,arial,helvetica,sans-serif\" color=\"#003399\" size=\"2\">\u00b7&Uuml;lkemizde b&uuml;y&uuml;k bir <b>mermer<\/b> potansiyeli bulunmaktad\u0131r. Bu potansiyelin harekete ge\u00e7irilerek mermercilik sekt&ouml;r&uuml;n&uuml;n canland\u0131r\u0131lmas\u0131 i\u00e7in bu sekt&ouml;r ihracata y&ouml;nelik olarak desteklenecektir.<\/font><\/p>\n<p style=\"MARGIN-TOP: 0px; MARGIN-BOTTOM: 0px; MARGIN-RIGHT: 0cm; TEXT-ALIGN: justify\"><font face=\"tahoma,arial,helvetica,sans-serif\" color=\"#003399\" size=\"2\">\u00b7Maden &uuml;r&uuml;nleri &uuml;retiminde, \u00e7evreye zarar verilmemesine b&uuml;y&uuml;k &ouml;zen g&ouml;sterilecektir.<\/font><\/p>\n<p style=\"MARGIN-TOP: 0px; MARGIN-BOTTOM: 0px; MARGIN-RIGHT: 0cm; TEXT-ALIGN: justify\"><font color=\"#003399\"><span style=\"FONT-WEIGHT: normal; FONT-STYLE: normal\"><font face=\"tahoma,arial,helvetica,sans-serif\" size=\"2\">\u00b7Kamuya ait b&uuml;t&uuml;n maden i\u015fletmeleri a\u015famal\u0131 olarak &ouml;zelle\u015ftirilecek, stratejik &ouml;nemi haiz madenler i\u00e7in farkl\u0131 &ouml;zelle\u015ftirme metotlar\u0131 uygulanacakt\u0131r.<\/font><\/span><\/font><\/p>\n<p style=\"MARGIN-TOP: 0px; MARGIN-BOTTOM: 0px; MARGIN-RIGHT: 0cm; TEXT-ALIGN: justify\"><font face=\"tahoma,arial,helvetica,sans-serif\">&nbsp;<\/font><\/p>\n<p style=\"MARGIN: 0px 0cm; TEXT-ALIGN: justify\"><font face=\"tahoma,arial,helvetica,sans-serif\" color=\"#003399\" size=\"2\">D&uuml;nya bor rezervlerinin y&uuml;zde 65&#8217;i &uuml;lkemizde bulunmaktad\u0131r. T&uuml;rkiye, D&uuml;nya bor pazar\u0131n\u0131n ABD&#8217;den sonra ikinci b&uuml;y&uuml;k &uuml;reticisi ve piyasa yap\u0131c\u0131s\u0131 konumundad\u0131r. &Uuml;retti\u011fimiz borun y&uuml;zde 95&#8217;i ihra\u00e7 edilmektedir. &Uuml;lkemiz a\u00e7\u0131s\u0131ndan ekonomik ve stratejik &ouml;nemi haiz &#8220;<b>milli maden<\/b>&#8221; niteli\u011finde olan bor madenlerimiz i\u00e7in a\u015fa\u011f\u0131daki \u00e7er\u00e7evede bir program uygulamaya konulacakt\u0131r:<\/font><\/p>\n<blockquote>\n<p style=\"MARGIN-TOP: 0px; MARGIN-BOTTOM: 0px; MARGIN-RIGHT: 0cm; TEXT-ALIGN: justify\"><font face=\"tahoma,arial,helvetica,sans-serif\" color=\"#003399\" size=\"2\">\u00b7Bor i\u015fletmeleri Eti Holding b&uuml;nyesinde &ouml;zerk bir yap\u0131ya kavu\u015fturulacakt\u0131r.<\/font><\/p>\n<p style=\"MARGIN-TOP: 0px; MARGIN-BOTTOM: 0px; MARGIN-RIGHT: 0cm; TEXT-ALIGN: justify\"><font face=\"tahoma,arial,helvetica,sans-serif\" color=\"#003399\" size=\"2\">\u00b7Rafine bor &uuml;retiminin art\u0131r\u0131lmas\u0131na y&ouml;nelik yat\u0131r\u0131mlar h\u0131zla tamamlanacakt\u0131r.<\/font><\/p>\n<p style=\"MARGIN-TOP: 0px; MARGIN-BOTTOM: 0px; MARGIN-RIGHT: 0cm; TEXT-ALIGN: justify\"><font face=\"tahoma,arial,helvetica,sans-serif\" color=\"#003399\" size=\"2\">\u00b7Bor madeninin kullan\u0131m alan\u0131n\u0131 art\u0131rmak amac\u0131yla, <b>Bor Ara\u015ft\u0131rma Enstit&uuml;s&uuml;<\/b> kurulacak, ara\u015ft\u0131rma faaliyetleri i\u00e7in kaynak ayr\u0131lacakt\u0131r. &Ouml;zel sekt&ouml;r&uuml;n, bor cevherinin hammadde olarak kullan\u0131ld\u0131\u011f\u0131 u\u00e7 &uuml;r&uuml;nlerin (cam elyaf\u0131, perborat gibi) &uuml;retimine girmesi &ouml;zendirilecektir.<\/font><\/p>\n<p style=\"MARGIN-TOP: 0px; MARGIN-BOTTOM: 0px; MARGIN-RIGHT: 0cm; TEXT-ALIGN: justify\"><font face=\"tahoma,arial,helvetica,sans-serif\" color=\"#003399\" size=\"2\">\u00b7Geli\u015fmekte olan hidrojen enerjisi sekt&ouml;r&uuml;nde borun &ouml;nemi artmaktad\u0131r. Bu konu ile ilgili \u00e7al\u0131\u015fmalar takip edilecek, gerekti\u011finde bor i\u015fletmesinin bu \u00e7al\u0131\u015fmalara girmesi sa\u011flanacakt\u0131r.<\/font><\/p>\n<\/blockquote>\n<p style=\"MARGIN: 0px 0cm\" align=\"justify\"><b><font face=\"tahoma,arial,helvetica,sans-serif\" color=\"#003399\" size=\"2\"><a name=\"N- ULA\u015eIM HAMLES\u0130\">N- ULA\u015eIM HAMLES\u0130<\/a><\/font><\/b><\/p>\n<p style=\"MARGIN: 0px 0cm; TEXT-ALIGN: justify\"><font face=\"tahoma,arial,helvetica,sans-serif\" color=\"#003399\" size=\"2\">Ekonomik ve sosyal ya\u015fam\u0131n ihtiya\u00e7lar\u0131n\u0131n yerinde, zaman\u0131nda ve g&uuml;venli bi\u00e7imde kar\u015f\u0131lanabilmesi i\u00e7in, &uuml;lke ekonomisinin en &ouml;nemli alt yap\u0131lar\u0131ndan biri olan ula\u015ft\u0131rma sisteminin sa\u011fl\u0131kl\u0131 bir bi\u00e7imde \u00e7al\u0131\u015ft\u0131r\u0131lmas\u0131 gerekmektedir.<\/font><\/p>\n<p style=\"MARGIN: 0px 0cm; TEXT-ALIGN: justify\"><font face=\"tahoma,arial,helvetica,sans-serif\">&nbsp;<\/font><\/p>\n<p style=\"MARGIN-TOP: 0px; MARGIN-BOTTOM: 0px; TEXT-ALIGN: justify\"><font face=\"tahoma,arial,helvetica,sans-serif\" color=\"#003399\" size=\"2\">Ula\u015ft\u0131rma alt sekt&ouml;rlerinin hemen hepsinde, plans\u0131z, birbirinden ba\u011f\u0131ms\u0131z ve k\u0131sa vadeli \u00e7&ouml;z&uuml;mlere y&ouml;nelinmesi, &uuml;lkemizdeki ula\u015ft\u0131rma sisteminin en &ouml;nemli sorunu olarak g&ouml;z&uuml;kmektedir.<\/font><\/p>\n<p style=\"MARGIN-TOP: 0px; MARGIN-BOTTOM: 0px; TEXT-ALIGN: justify\"><font face=\"tahoma,arial,helvetica,sans-serif\">&nbsp;<\/font><\/p>\n<blockquote>\n<p style=\"MARGIN-TOP: 0px; MARGIN-BOTTOM: 0px; MARGIN-RIGHT: 0cm; TEXT-ALIGN: justify\"><font color=\"#003399\"><font face=\"tahoma,arial,helvetica,sans-serif\"><font size=\"2\">\u00b7<\/font><b><font size=\"2\">PART\u0130M\u0130Z\u0130N<\/font><\/b><font size=\"2\"> sekt&ouml;re y&ouml;nelik birinci &ouml;nceli\u011fi, ula\u015f\u0131m\u0131n alt sekt&ouml;rleri aras\u0131ndaki b&uuml;t&uuml;nle\u015fmenin temini, ekonomik b&uuml;y&uuml;me amac\u0131na en fazla katk\u0131n\u0131n sa\u011flanmas\u0131 ve \u00e7evreyi tahrip etmeyen bir ula\u015ft\u0131rma alt yap\u0131s\u0131n\u0131n olu\u015fturulmas\u0131d\u0131r. Bu ama\u00e7la, &uuml;lke ekonomisinin ve sosyal hayat\u0131n beklentilerine uygun ula\u015ft\u0131rma alt yap\u0131s\u0131n\u0131 olu\u015fturmak &uuml;zere, ta\u015f\u0131ma t&uuml;rleri aras\u0131nda dengeyi sa\u011flayacak bir <b>ula\u015ft\u0131rma ana plan\u0131<\/b> haz\u0131rlanacakt\u0131r.<\/font><\/font><\/font><\/p>\n<p style=\"MARGIN-TOP: 0px; MARGIN-BOTTOM: 0px; MARGIN-RIGHT: 0cm; TEXT-ALIGN: justify\"><font face=\"tahoma,arial,helvetica,sans-serif\" color=\"#003399\" size=\"2\">\u00b7Ula\u015ft\u0131rma alt sekt&ouml;rlerinin tamam\u0131n\u0131 ele alan bir <b>ula\u015ft\u0131rma<\/b> <b>bilgi sistemi<\/b> geli\u015ftirilecektir.<\/font><\/p>\n<p style=\"MARGIN-TOP: 0px; MARGIN-BOTTOM: 0px; MARGIN-RIGHT: 0cm; TEXT-ALIGN: justify\"><font color=\"#003399\"><font face=\"tahoma,arial,helvetica,sans-serif\"><font size=\"2\">\u00b7<\/font><b><font size=\"2\">AK PART\u0130<\/font><\/b><font size=\"2\">, &uuml;lkemizde y\u0131llard\u0131r adeta kaderine terk edilen <b>demir yollar\u0131<\/b>m\u0131z\u0131n, &ouml;zel sekt&ouml;rle birlikte ve \u00e7a\u011fda\u015f i\u015fletmecilik anlay\u0131\u015f\u0131 \u00e7er\u00e7evesinde geli\u015ftirilmesine &ouml;zel &ouml;ncelik verecektir. TCDD Genel M&uuml;d&uuml;rl&uuml;\u011f&uuml;, bu ama\u00e7la yeniden yap\u0131land\u0131r\u0131lacakt\u0131r.<\/font><\/font><\/font><\/p>\n<p style=\"MARGIN-TOP: 0px; MARGIN-BOTTOM: 0px; MARGIN-RIGHT: 0cm; TEXT-ALIGN: justify\"><font face=\"tahoma,arial,helvetica,sans-serif\" color=\"#003399\" size=\"2\">\u00b7T&uuml;rkiye&#8217;nin co\u011frafi konumuna ve uluslararas\u0131 su yollar\u0131 ve enerji kaynaklar\u0131na yak\u0131nl\u0131\u011f\u0131 dikkate al\u0131narak, Avrupa-Asya trafi\u011fi i\u00e7in ula\u015ft\u0131rma sekt&ouml;rlerinin tamam\u0131n\u0131 kapsayan <b>entegre bir ta\u015f\u0131mac\u0131l\u0131k sistemi<\/b> geli\u015ftirilecektir.<\/font><\/p>\n<p style=\"MARGIN-TOP: 0px; MARGIN-BOTTOM: 0px; MARGIN-RIGHT: 0cm; TEXT-ALIGN: justify\"><font face=\"tahoma,arial,helvetica,sans-serif\" color=\"#003399\" size=\"2\">\u00b7&Uuml;lkemizin konumuna uygun olarak, kom\u015fu &uuml;lkelerle ortak yat\u0131r\u0131m imkanlar\u0131 ara\u015ft\u0131r\u0131lacak, Kafkasya ve Orta Asya &uuml;lkelerinin ula\u015ft\u0131rma sistemlerinin geli\u015ftirilmesine de teknik destek sa\u011flanacakt\u0131r.<\/font><\/p>\n<p style=\"MARGIN-TOP: 0px; MARGIN-BOTTOM: 0px; MARGIN-RIGHT: 0cm; TEXT-ALIGN: justify\"><font face=\"tahoma,arial,helvetica,sans-serif\" color=\"#003399\" size=\"2\">\u00b7Uzun y\u0131llard\u0131r g&uuml;ndemde olan <b>Bo\u011faz Demiryolu-T&uuml;p Ge\u00e7i\u015fi<\/b> ve <b>Gebze-Halkal\u0131<\/b> banliy&ouml; hatt\u0131 projeleri biran &ouml;nce hayata ge\u00e7irilecektir.<\/font><\/p>\n<p style=\"MARGIN-TOP: 0px; MARGIN-BOTTOM: 0px; MARGIN-RIGHT: 0cm; TEXT-ALIGN: justify\"><font face=\"tahoma,arial,helvetica,sans-serif\" color=\"#003399\" size=\"2\">\u00b7T&uuml;rk <b>deniz filosu<\/b>nun, ta\u015f\u0131mac\u0131l\u0131kta y&uuml;zde 30&#8217;lara d&uuml;\u015fen pay\u0131n\u0131n y&uuml;zde 50&#8217;lere y&uuml;kselmesini sa\u011flayacak projelere destek verilecektir.<\/font><\/p>\n<p style=\"MARGIN-TOP: 0px; MARGIN-BOTTOM: 0px; MARGIN-RIGHT: 0cm; TEXT-ALIGN: justify\"><font face=\"tahoma,arial,helvetica,sans-serif\" color=\"#003399\" size=\"2\">\u00b7T&uuml;rkiye&#8217;nin AB&#8217;ye tam &uuml;yeli\u011fini m&uuml;teakip kabotaj tekelinin kalkaca\u011f\u0131 da dikkate al\u0131narak, y&uuml;k ve yolcu ta\u015f\u0131mac\u0131l\u0131\u011f\u0131nda <b>deniz ta\u015f\u0131mac\u0131l\u0131\u011f\u0131<\/b>n\u0131n etkinle\u015ftirilmesi sa\u011flanacakt\u0131r.<\/font><\/p>\n<p style=\"MARGIN-TOP: 0px; MARGIN-BOTTOM: 0px; MARGIN-RIGHT: 0cm; TEXT-ALIGN: justify\"><font face=\"tahoma,arial,helvetica,sans-serif\" color=\"#003399\" size=\"2\">\u00b7&Ouml;zellikle Ege ve Karadeniz b&ouml;lgelerinde, tarifeli y&uuml;k ve yolcu ta\u015f\u0131mas\u0131na y&ouml;nelik deniz ula\u015f\u0131m projelerine destek verilecektir.<\/font><\/p>\n<p style=\"MARGIN-TOP: 0px; MARGIN-BOTTOM: 0px; MARGIN-RIGHT: 0cm; TEXT-ALIGN: justify\"><font color=\"#003399\"><font face=\"tahoma,arial,helvetica,sans-serif\"><font size=\"2\">\u00b7<\/font><b><font size=\"2\">Limanlar<\/font><\/b><font size=\"2\">, merkezi idarenin denetiminde, ba\u011f\u0131ms\u0131z birer i\u015fletme \u015feklinde y&ouml;netilerek, uluslararas\u0131 rekabete haz\u0131r hale getirilecektir.<\/font><\/font><\/font><\/p>\n<p style=\"MARGIN-TOP: 0px; MARGIN-BOTTOM: 0px; MARGIN-RIGHT: 0cm; TEXT-ALIGN: justify\"><font color=\"#003399\"><font face=\"tahoma,arial,helvetica,sans-serif\"><font size=\"2\">\u00b7<\/font><b><font size=\"2\">Gemi in\u015faat sekt&ouml;r&uuml;<\/font><\/b><font size=\"2\">, yerli ve yabanc\u0131 armat&ouml;rlerin gemi ihtiyac\u0131n\u0131 kar\u015f\u0131layacak \u015fekilde desteklenecektir.<\/font><\/font><\/font><\/p>\n<p style=\"MARGIN-TOP: 0px; MARGIN-BOTTOM: 0px; MARGIN-RIGHT: 0cm; TEXT-ALIGN: justify\"><font color=\"#003399\"><font face=\"tahoma,arial,helvetica,sans-serif\"><font size=\"2\">\u00b7<\/font><b><font size=\"2\">Hava limanlar\u0131<\/font><\/b><font size=\"2\">n\u0131n teknik alt yap\u0131 ve standartlar\u0131 y&uuml;kseltilecek ve &ouml;zel havac\u0131l\u0131k i\u015fletmelerinin kurulmas\u0131 desteklenecektir.<\/font><\/font><\/font><\/p>\n<p style=\"MARGIN-TOP: 0px; MARGIN-BOTTOM: 0px; MARGIN-RIGHT: 0cm; TEXT-ALIGN: justify\"><font color=\"#003399\"><font face=\"tahoma,arial,helvetica,sans-serif\"><font size=\"2\">\u00b7<\/font><b><font size=\"2\">Karayolu alt yap\u0131s\u0131<\/font><\/b><font size=\"2\">, trafi\u011fin gerektirdi\u011fi kesimlerde, b&ouml;l&uuml;nm&uuml;\u015f yol sistemi ile g&uuml;\u00e7lendirilecek, ana g&uuml;zergahlardaki kuzey-g&uuml;ney ba\u011flant\u0131lar\u0131 iyile\u015ftirilecek, kara yollar\u0131m\u0131zda trafik kazalar\u0131n\u0131n yo\u011funla\u015ft\u0131\u011f\u0131 kara noktalar\u0131n ortadan kald\u0131r\u0131lmas\u0131na ola\u011fan&uuml;st&uuml; &ouml;nem g&ouml;sterilecektir.<\/font><\/font><\/font><\/p>\n<p style=\"MARGIN-TOP: 0px; MARGIN-BOTTOM: 0px; MARGIN-RIGHT: 0cm; TEXT-ALIGN: justify\"><font face=\"tahoma,arial,helvetica,sans-serif\" color=\"#003399\" size=\"2\">\u00b715.000 kilometre karayolu duble yol haline getirilecektir. &Ouml;zellikle b&uuml;y&uuml;k y&uuml;k \u00e7eken baz\u0131 ara arter durumundaki devlet karayollar\u0131, bir seferberlik anlay\u0131\u015f\u0131 i\u00e7inde en k\u0131sa zamanda duble yola d&ouml;n&uuml;\u015ft&uuml;r&uuml;lecektir. B&ouml;ylece, trafik kazalar\u0131 &ouml;nemli &ouml;l\u00e7&uuml;de azal\u0131rken, bu yollar\u0131n \u00e7evresindeki alanlar\u0131n daha h\u0131zl\u0131 geli\u015fmesi ve b&ouml;lgesel geli\u015fmede denge sa\u011flanacakt\u0131r.<\/font><\/p>\n<p style=\"MARGIN-TOP: 0px; MARGIN-BOTTOM: 0px; MARGIN-RIGHT: 0cm; TEXT-ALIGN: justify\"><font face=\"tahoma,arial,helvetica,sans-serif\" color=\"#003399\" size=\"2\">\u00b7Otoyol yap\u0131m ve i\u015fletiminin &ouml;zel sekt&ouml;r taraf\u0131ndan ger\u00e7ekle\u015ftirilmesine y&ouml;nelik uygulanabilir finansman modelleri geli\u015ftirilecektir.<\/font><\/p>\n<\/blockquote>\n<p style=\"MARGIN: 0px 0cm\" align=\"justify\"><b><font face=\"tahoma,arial,helvetica,sans-serif\" color=\"#003399\" size=\"2\"><a name=\"O- TUR\u0130ZM\u0130N GEL\u0130\u015eT\u0130R\u0130LMES\u0130\">O- TUR\u0130ZM\u0130N GEL\u0130\u015eT\u0130R\u0130LMES\u0130<\/a><\/font><\/b><\/p>\n<p style=\"MARGIN: 0px 0cm; TEXT-ALIGN: justify\"><font face=\"tahoma,arial,helvetica,sans-serif\" color=\"#003399\" size=\"2\">T&uuml;rkiye sahip oldu\u011fu do\u011fal \u00e7evre de\u011ferleri, tarihi ve k&uuml;lt&uuml;rel birikimi, tan\u0131ma f\u0131rsat\u0131 bulan herkesi hayran b\u0131rakan insanlar\u0131yla ola\u011fan&uuml;st&uuml; turizm potansiyeline sahiptir.<\/font><\/p>\n<p style=\"MARGIN: 0px 0cm; TEXT-ALIGN: justify\"><font face=\"tahoma,arial,helvetica,sans-serif\">&nbsp;<\/font><\/p>\n<p style=\"MARGIN: 0px 0cm; TEXT-ALIGN: justify\"><font face=\"tahoma,arial,helvetica,sans-serif\" color=\"#003399\" size=\"2\">1980&#8217;li y\u0131llardan itibaren, <b>dinlence turizmi<\/b> alan\u0131nda yap\u0131lan yat\u0131r\u0131mlar, Avrupa pazarlar\u0131nda &ouml;nemli bir yer edinmemizi ve turizm sekt&ouml;r&uuml;n&uuml;n ekonomimiz i\u00e7indeki pay\u0131n\u0131n artmas\u0131n\u0131 sa\u011flam\u0131\u015ft\u0131r.<\/font><\/p>\n<p style=\"MARGIN: 0px 0cm; TEXT-ALIGN: justify\"><font face=\"tahoma,arial,helvetica,sans-serif\">&nbsp;<\/font><\/p>\n<p style=\"MARGIN: 0px 0cm; TEXT-ALIGN: justify\"><font face=\"tahoma,arial,helvetica,sans-serif\" color=\"#003399\" size=\"2\">Ancak, turizm b&ouml;lgelerinin planlanmas\u0131 a\u015famas\u0131ndan ba\u015flayan baz\u0131 sorunlar, &ouml;zellikle merkezden planlama ve y&ouml;netme anlay\u0131\u015f\u0131n\u0131n yaratt\u0131\u011f\u0131 s\u0131k\u0131nt\u0131lar nedeniyle, k\u0131y\u0131 \u015feritlerinde yanl\u0131\u015f uygulamalar yap\u0131lm\u0131\u015ft\u0131r. Bu yanl\u0131\u015fl\u0131klar\u0131n giderilmesi i\u00e7in k\u0131y\u0131 \u015feridi turizminin yeni bir anlay\u0131\u015fla ele al\u0131narak yap\u0131land\u0131r\u0131lmas\u0131 gerekmektedir.<\/font><\/p>\n<p style=\"MARGIN: 0px 0cm; TEXT-ALIGN: justify\"><font face=\"tahoma,arial,helvetica,sans-serif\">&nbsp;<\/font><\/p>\n<p style=\"MARGIN: 0px 0cm; TEXT-ALIGN: justify\"><font face=\"tahoma,arial,helvetica,sans-serif\" color=\"#003399\" size=\"2\">&Uuml;lkemizin zengin turizm potansiyeli harekete ge\u00e7irilerek, d&uuml;nya turizm pastas\u0131nda &ouml;nemli bir yer tutan i\u015f-kongre, fuar, spor ve k&uuml;lt&uuml;r turizmi alanlar\u0131nda, dinlence turizminde edindi\u011fimiz konuma gelmemizi sa\u011flayacak bir hamle ba\u015flat\u0131lmal\u0131d\u0131r. Turizm sekt&ouml;r&uuml;ndeki yat\u0131r\u0131m ve pazarlama &ouml;nceliklerinin tedricen &#8220;<b>kent turizmi<\/b>&#8221; ba\u015fl\u0131\u011f\u0131 alt\u0131nda toplanabilecek bu alanlara y&ouml;nlendirilmesinin zaman\u0131 gelmi\u015ftir.<\/font><\/p>\n<p style=\"MARGIN: 0px 0cm; TEXT-ALIGN: justify\"><font face=\"tahoma,arial,helvetica,sans-serif\">&nbsp;<\/font><\/p>\n<p style=\"MARGIN: 0px 0cm; TEXT-ALIGN: justify\"><font face=\"tahoma,arial,helvetica,sans-serif\" color=\"#003399\" size=\"2\">Bu geli\u015fmeler \u0131\u015f\u0131\u011f\u0131nda;<\/font><\/p>\n<p style=\"MARGIN: 0px 0cm; TEXT-INDENT: 36pt; TEXT-ALIGN: justify\"><font face=\"tahoma,arial,helvetica,sans-serif\">&nbsp;<\/font><\/p>\n<p style=\"MARGIN-TOP: 0px; MARGIN-BOTTOM: 0px; MARGIN-RIGHT: 0cm; TEXT-ALIGN: justify\"><font face=\"tahoma,arial,helvetica,sans-serif\" color=\"#003399\" size=\"2\">\u00b7S&uuml;rd&uuml;r&uuml;lebilir turizmin gere\u011fi olarak, turizm alan\u0131ndaki t&uuml;m uygulamalarda do\u011fal-k&uuml;lt&uuml;rel ve sosyal \u00e7evrenin talep ve gereklerini g&ouml;z &ouml;n&uuml;nde bulunduran bir anlay\u0131\u015f benimsenecektir.<\/font><\/p>\n<p style=\"MARGIN-TOP: 0px; MARGIN-BOTTOM: 0px; MARGIN-RIGHT: 0cm; TEXT-ALIGN: justify\"><font face=\"tahoma,arial,helvetica,sans-serif\" color=\"#003399\" size=\"2\">\u00b7Turizm sekt&ouml;r&uuml;nde y&ouml;netim, yat\u0131r\u0131m ve pazarlama alanlar\u0131ndaki t&uuml;m politikalar, mevcut &#8220;<b>&uuml;r&uuml;n ve i\u015fletme<\/b>&#8221; odakl\u0131 anlay\u0131\u015ftan kurtar\u0131larak, fiziki, k&uuml;lt&uuml;rel ve sosyal \u00e7evre uyumu i\u00e7inde tasarlanm\u0131\u015f &#8220;<b>destinasyon<\/b>&#8221; odakl\u0131 bir anlay\u0131\u015fa kavu\u015fturulacakt\u0131r.<\/font><\/p>\n<p style=\"MARGIN-TOP: 0px; MARGIN-BOTTOM: 0px; MARGIN-RIGHT: 0cm; TEXT-ALIGN: justify\"><font face=\"tahoma,arial,helvetica,sans-serif\" color=\"#003399\" size=\"2\">\u00b7Turizm Bakanl\u0131\u011f\u0131, sekt&ouml;rel &ouml;rg&uuml;tler ve yerel y&ouml;netimlerin yetki, sorumluluk ve ili\u015fkileri, yukar\u0131da ifade edilen anlay\u0131\u015f i\u00e7inde yeni bir yasal \u00e7er\u00e7eveye kavu\u015fturulacakt\u0131r. Bu d&uuml;zenlemeler ile sekt&ouml;r &ouml;rg&uuml;tlerinin ve yerel y&ouml;netimlerin yetki ve imkanlar\u0131n\u0131 art\u0131ran mevzuat alt yap\u0131s\u0131 geli\u015ftirilecektir.<\/font><\/p>\n<p style=\"MARGIN-TOP: 0px; MARGIN-BOTTOM: 0px; MARGIN-RIGHT: 0cm; TEXT-ALIGN: justify\"><font face=\"tahoma,arial,helvetica,sans-serif\" color=\"#003399\" size=\"2\">\u00b7Bir turizm &uuml;lkesi olarak &#8220;<b>T&uuml;rkiye<\/b>&#8221; markas\u0131n\u0131n olu\u015fturulmas\u0131na d&ouml;n&uuml;k tan\u0131tma projelerine &ouml;nem verilecek, bu projelerin &ouml;zellikle d\u0131\u015f ticaret ve yabanc\u0131 sermaye politikalar\u0131m\u0131z ile koordinasyonu g&ouml;zetilecektir.<\/font><\/p>\n<p style=\"MARGIN-TOP: 0px; MARGIN-BOTTOM: 0px; MARGIN-RIGHT: 0cm; TEXT-ALIGN: justify\"><font face=\"tahoma,arial,helvetica,sans-serif\" color=\"#003399\" size=\"2\">\u00b7\u0130stanbul, sahip oldu\u011fu devasa turizm potansiyeli ile &ouml;zel olarak ele al\u0131nacak ve yerel y&ouml;netimlerle i\u015fbirli\u011fi halinde bu potansiyelin harekete ge\u00e7irilmesi i\u00e7in t&uuml;m katk\u0131lar sa\u011flanacakt\u0131r.<\/font><\/p>\n<p style=\"MARGIN-TOP: 0px; MARGIN-BOTTOM: 0px; MARGIN-RIGHT: 0cm; TEXT-ALIGN: justify\"><font face=\"tahoma,arial,helvetica,sans-serif\" color=\"#003399\" size=\"2\">\u00b7Sekt&ouml;r&uuml;n istihdam olu\u015fturmadaki g&uuml;c&uuml; g&ouml;z &ouml;n&uuml;nde bulundurularak, turizme &ouml;zel insan kaynaklar\u0131 programlar\u0131 geli\u015ftirilecektir.<\/font><\/p>\n<p style=\"MARGIN-TOP: 0px; MARGIN-BOTTOM: 0px; MARGIN-RIGHT: 0cm; TEXT-ALIGN: justify\"><font face=\"tahoma,arial,helvetica,sans-serif\" color=\"#003399\" size=\"2\">\u00b7Turizmin sa\u011flad\u0131\u011f\u0131 pazar ve tan\u0131tma imkanlar\u0131 do\u011fru de\u011ferlendirilerek, geleneksel el sanatlar\u0131m\u0131z\u0131n canl\u0131 bir sekt&ouml;r haline getirilmesi sa\u011flanacakt\u0131r.<\/font><\/p>\n<p style=\"MARGIN-TOP: 0px; MARGIN-BOTTOM: 0px\" align=\"justify\"><span style=\"FONT-FAMILY: Arial\"><font face=\"tahoma,arial,helvetica,sans-serif\" color=\"#003399\" size=\"2\">Turizm yat\u0131r\u0131mlar\u0131, &#8220;<b>b&ouml;lge geli\u015ftirme<\/b>&#8221; anlay\u0131\u015f\u0131 i\u00e7inde, yabanc\u0131 sermayenin cezbedilmesinde ba\u015fvurulacak &ouml;nemli alanlardan biri olarak de\u011ferlendirilecektir.<\/font><\/span><\/p>\n<p style=\"MARGIN-TOP: 0px; MARGIN-BOTTOM: 0px\" align=\"justify\"><font face=\"tahoma,arial,helvetica,sans-serif\">&nbsp;<\/font><\/p>\n<p><font face=\"tahoma,arial,helvetica,sans-serif\"><\/p>\n<hr width=\"90%\" color=\"#5876b2\" size=\"1\" \/><\/font><\/p>\n<p style=\"MARGIN-TOP: 0px; MARGIN-BOTTOM: 0px\" align=\"justify\"><font face=\"tahoma,arial,helvetica,sans-serif\">&nbsp;<\/font><\/p>\n<p style=\"MARGIN-TOP: 0px; MARGIN-BOTTOM: 0px; LINE-HEIGHT: 100%\" align=\"justify\"><font color=\"#003399\"><span style=\"FONT-WEIGHT: 700; LINE-HEIGHT: 150%\"><font face=\"tahoma,arial,helvetica,sans-serif\" size=\"2\"><a name=\"VII. TARIM ve HAYVANCILIK\">VII. TARIM ve HAYVANCILIK<\/a><\/font><\/span><\/font><\/p>\n<p style=\"MARGIN-TOP: 0px; MARGIN-BOTTOM: 0px\" align=\"justify\"><span style=\"FONT-WEIGHT: normal\"><font face=\"tahoma,arial,helvetica,sans-serif\" color=\"#003399\" size=\"2\">T&uuml;rkiye&#8217;de tar\u0131m sekt&ouml;r&uuml; y\u0131llarca ihmal edilmi\u015f, &ouml;zellikle son y\u0131llarda ya\u015fanan derin ekonomik krizden \u00e7ift\u00e7ilerimiz, k&ouml;yl&uuml;lerimiz \u00e7ok olumsuz etkilenmi\u015ftir. Uygulanmakta olan ekonomik program da tar\u0131m sekt&ouml;r&uuml;n&uuml;n problemlerine \u00e7&ouml;z&uuml;m getirememi\u015f, \u00e7ift\u00e7ilerimiz daha da zor duruma d&uuml;\u015fm&uuml;\u015ft&uuml;r.<\/font><\/span><\/p>\n<p style=\"MARGIN-TOP: 0px; MARGIN-BOTTOM: 0px\" align=\"justify\"><font face=\"tahoma,arial,helvetica,sans-serif\">&nbsp;<\/font><\/p>\n<p style=\"MARGIN-TOP: 0px; MARGIN-BOTTOM: 0px; TEXT-ALIGN: justify\"><font face=\"tahoma,arial,helvetica,sans-serif\" color=\"#003399\" size=\"2\">Son y\u0131llarda mazot, g&uuml;bre, ila\u00e7, tohumluk, makine gibi tar\u0131m girdilerinin fiyatlar\u0131nda b&uuml;y&uuml;k art\u0131\u015flar meydana gelirken, tar\u0131m &uuml;r&uuml;nlerinin fiyatlar\u0131ndaki art\u0131\u015f s\u0131n\u0131rl\u0131 kalm\u0131\u015ft\u0131r. &Ouml;rne\u011fin, 1998 y\u0131l\u0131nda 2 kilo bu\u011fday paras\u0131yla 1 litre mazot alabilen k&ouml;yl&uuml;m&uuml;z, bug&uuml;n ancak 6 kilo bu\u011fday paras\u0131yla 1 litre mazot alabilmektedir.<\/font><\/p>\n<p style=\"MARGIN-TOP: 0px; MARGIN-BOTTOM: 0px; TEXT-ALIGN: justify\"><font face=\"tahoma,arial,helvetica,sans-serif\">&nbsp;<\/font><\/p>\n<p style=\"MARGIN-TOP: 0px; MARGIN-BOTTOM: 0px; TEXT-ALIGN: justify\"><font face=\"tahoma,arial,helvetica,sans-serif\" color=\"#003399\" size=\"2\">Tar\u0131m i\u015fletmelerinin verimli \u00e7al\u0131\u015fmas\u0131nda, &ouml;l\u00e7ek ekonomisi \u00e7ok &ouml;nemlidir. T&uuml;rkiye&#8217;de tar\u0131m arazilerinin nesilden nesle b&ouml;l&uuml;nerek intikal etmesi, ortalama tar\u0131m i\u015fletme alan\u0131n\u0131n gittik\u00e7e k&uuml;\u00e7&uuml;lmesine ve tar\u0131mda verimin d&uuml;\u015fmesine sebep olmu\u015ftur.<\/font><\/p>\n<p style=\"MARGIN-TOP: 0px; MARGIN-BOTTOM: 0px; TEXT-ALIGN: justify\"><font face=\"tahoma,arial,helvetica,sans-serif\">&nbsp;<\/font><\/p>\n<p style=\"MARGIN-TOP: 0px; MARGIN-BOTTOM: 0px; TEXT-ALIGN: justify\"><font face=\"tahoma,arial,helvetica,sans-serif\" color=\"#003399\" size=\"2\">T&uuml;rkiye&#8217;de tar\u0131m sekt&ouml;r&uuml;n&uuml;n GSMH i\u00e7indeki pay\u0131 y&uuml;zde 14&#8217;e gerilemi\u015ftir. &Ouml;te yandan toplam sivil istihdam\u0131n yakla\u015f\u0131k y&uuml;zde 40&#8217;\u0131 tar\u0131m sekt&ouml;r&uuml;nde \u00e7al\u0131\u015fmaktad\u0131r. Bu nedenle, tar\u0131m sekt&ouml;r&uuml; sadece ekonomik politikalar kapsam\u0131nda de\u011fil, &ouml;ncelikli olarak sosyal politikalar kapsam\u0131nda ele al\u0131nmal\u0131d\u0131r.<\/font><\/p>\n<p style=\"MARGIN-TOP: 0px; MARGIN-BOTTOM: 0px; TEXT-ALIGN: justify\"><font face=\"tahoma,arial,helvetica,sans-serif\">&nbsp;<\/font><\/p>\n<p style=\"MARGIN-TOP: 0px; MARGIN-BOTTOM: 0px; TEXT-ALIGN: justify\"><font face=\"tahoma,arial,helvetica,sans-serif\" color=\"#003399\" size=\"2\">Avrupa Birli\u011fi&#8217;ne &uuml;ye &uuml;lkelere bak\u0131ld\u0131\u011f\u0131nda, tar\u0131m sekt&ouml;r&uuml;nde \u00e7al\u0131\u015fanlar\u0131n, toplam \u00e7al\u0131\u015fanlara oran\u0131n\u0131n sadece y&uuml;zde 4 civar\u0131nda oldu\u011fu g&ouml;r&uuml;lmektedir. Buna ra\u011fmen 2001 y\u0131l\u0131nda AB&#8217;nin tar\u0131m sekt&ouml;r&uuml;ne verdi\u011fi destek 104 milyar Euro olmu\u015ftur. AB \u00e7ift\u00e7ilerinin gelirinin y&uuml;zde 35&#8217;ini devlet destekleri olu\u015fturmaktad\u0131r. Bu oran, serbest piyasa ekonomisinin &ouml;nderli\u011fini yapan ABD&#8217;deki \u00e7ift\u00e7iler i\u00e7in bile y&uuml;zde 21&#8217;dir.<\/font><\/p>\n<p style=\"MARGIN-TOP: 0px; MARGIN-BOTTOM: 0px; TEXT-ALIGN: justify\"><font face=\"tahoma,arial,helvetica,sans-serif\">&nbsp;<\/font><\/p>\n<p style=\"MARGIN-TOP: 0px; MARGIN-BOTTOM: 0px; TEXT-ALIGN: justify\"><font face=\"tahoma,arial,helvetica,sans-serif\" color=\"#003399\" size=\"2\">T&uuml;m bu verilere bak\u0131ld\u0131\u011f\u0131nda, T&uuml;rkiye&#8217;de devletin tar\u0131m sekt&ouml;r&uuml;ne destek vermek zorunda oldu\u011fu apa\u00e7\u0131k ortadad\u0131r. &Ouml;nemli olan, bu deste\u011fin ne t&uuml;r projelerle ve nas\u0131l verilece\u011finin iyi planlanmas\u0131d\u0131r.<\/font><\/p>\n<p style=\"MARGIN-TOP: 0px; MARGIN-BOTTOM: 0px; TEXT-ALIGN: justify\"><font face=\"tahoma,arial,helvetica,sans-serif\">&nbsp;<\/font><\/p>\n<p style=\"MARGIN-TOP: 0px; MARGIN-BOTTOM: 0px; TEXT-ALIGN: justify\"><font color=\"#003399\"><font face=\"tahoma,arial,helvetica,sans-serif\"><b><font size=\"2\">PART\u0130M\u0130Z\u0130N <\/font><\/b><font size=\"2\">tar\u0131m politikalar\u0131n\u0131n temel hedefleri; &uuml;lkemizin temel g\u0131da &uuml;r&uuml;nleri a\u00e7\u0131s\u0131ndan kendi kendine yeterli olmas\u0131, verimli tar\u0131m arazilerinin s&uuml;rekli i\u015flenir halde tutulmas\u0131, tar\u0131msal &uuml;retimde verimlili\u011fin art\u0131r\u0131lmas\u0131d\u0131r.<\/font><\/font><\/font><\/p>\n<p style=\"MARGIN-TOP: 0px; MARGIN-BOTTOM: 0px; TEXT-ALIGN: justify\"><font face=\"tahoma,arial,helvetica,sans-serif\">&nbsp;<\/font><\/p>\n<p style=\"MARGIN-TOP: 0px; MARGIN-BOTTOM: 0px; TEXT-ALIGN: justify\"><font face=\"tahoma,arial,helvetica,sans-serif\" color=\"#003399\" size=\"2\">Bu temel hedeflere ula\u015fmak i\u00e7in a\u015fa\u011f\u0131daki politikalar uygulanacakt\u0131r:<\/font><\/p>\n<blockquote>\n<p style=\"MARGIN-TOP: 0px; MARGIN-BOTTOM: 0px; TEXT-ALIGN: justify\"><font face=\"tahoma,arial,helvetica,sans-serif\" color=\"#003399\" size=\"2\">\u00b7Devletin fiyatlara m&uuml;dahalesi yerine, fiyatlar\u0131n serbest piyasada olu\u015fmas\u0131 esas al\u0131narak, &uuml;retimin piyasa ko\u015fullar\u0131ndaki talebe g&ouml;re y&ouml;nlenmesi sa\u011flanacakt\u0131r. Devlet, tar\u0131m &uuml;r&uuml;nlerinin ticaretini yapmay\u0131 b\u0131rakacakt\u0131r. <\/font><\/p>\n<p style=\"MARGIN-TOP: 0px; MARGIN-BOTTOM: 0px; TEXT-ALIGN: justify\"><font face=\"tahoma,arial,helvetica,sans-serif\" color=\"#003399\" size=\"2\">\u00b7&Uuml;r&uuml;n borsalar\u0131n\u0131n geli\u015fmesi desteklenecek, bu borsalarda vadeli i\u015flemlerin ba\u015flat\u0131lmas\u0131 i\u00e7in gerekli &ouml;nlemler al\u0131nacakt\u0131r.<\/font><\/p>\n<p style=\"MARGIN-TOP: 0px; MARGIN-BOTTOM: 0px; TEXT-ALIGN: justify\"><font face=\"tahoma,arial,helvetica,sans-serif\" color=\"#003399\" size=\"2\">\u00b7Tar\u0131mda devlet deste\u011fi, her b&ouml;lge ve her &uuml;r&uuml;n i\u00e7in ayr\u0131 ayr\u0131 projeler kapsam\u0131nda ele al\u0131nacak, programlar uygulan\u0131rken &uuml;lkemizin ger\u00e7ekleri g&ouml;z &ouml;n&uuml;nde bulundurulacakt\u0131r.<\/font><\/p>\n<p style=\"MARGIN-TOP: 0px; MARGIN-BOTTOM: 0px; TEXT-ALIGN: justify\"><font face=\"tahoma,arial,helvetica,sans-serif\" color=\"#003399\" size=\"2\">\u00b7M&uuml;lkiyete dayal\u0131 olarak uygulanan <b>Do\u011frudan Gelir Deste\u011fi<\/b> sistemindeki aksakl\u0131klar giderilecek; dar gelirli \u00e7ift\u00e7ileri hedefleyen bir yap\u0131 olu\u015fturulacakt\u0131r. Arz a\u00e7\u0131\u011f\u0131 olan ya\u011fl\u0131k bitkiler, pamuk, zeytin, bu\u011fday, m\u0131s\u0131r gibi &uuml;r&uuml;nlere <b>do\u011frudan gelir deste\u011fi<\/b> ve <b>prim sistemi<\/b> uygulanacakt\u0131r.<\/font><\/p>\n<p style=\"MARGIN-TOP: 0px; MARGIN-BOTTOM: 0px; TEXT-ALIGN: justify\"><font face=\"tahoma,arial,helvetica,sans-serif\" color=\"#003399\" size=\"2\">\u00b7\u00c7ift\u00e7ilerimizin istikrarl\u0131 ve y&uuml;ksek gelir elde etmesini sa\u011flamak amac\u0131yla g&uuml;bre, mazot, tohumluk ve tar\u0131m ila\u00e7lar\u0131 gibi &uuml;retim maliyetlerini azalt\u0131c\u0131 ve teknolojik geli\u015fimi h\u0131zland\u0131r\u0131c\u0131 tedbirler uygulamaya konulacakt\u0131r.<\/font><\/p>\n<p style=\"MARGIN-TOP: 0px; MARGIN-BOTTOM: 0px; TEXT-ALIGN: justify\"><font face=\"tahoma,arial,helvetica,sans-serif\" color=\"#003399\" size=\"2\">\u00b7Arazi ve \u00c7ift\u00e7i Kay\u0131t Sistemi olu\u015fturmaya y&ouml;nelik \u00e7al\u0131\u015fmalar tamamlanacak, Co\u011frafi Bilgi Sistemi, \u00c7iftlik Muhasebe Veri A\u011f\u0131 ve Tar\u0131m Bilgi Sistemi geli\u015ftirilecektir.<\/font><\/p>\n<p style=\"MARGIN-TOP: 0px; MARGIN-BOTTOM: 0px; TEXT-ALIGN: justify\"><font face=\"tahoma,arial,helvetica,sans-serif\" color=\"#003399\" size=\"2\">\u00b7Tar\u0131m arazilerinin tapu kadastro i\u015fleri k\u0131sa s&uuml;rede tamamlanarak, toprak ihtilaflar\u0131 kesin \u00e7&ouml;z&uuml;me ba\u011flanacakt\u0131r.<\/font><\/p>\n<p style=\"MARGIN-TOP: 0px; MARGIN-BOTTOM: 0px; TEXT-ALIGN: justify\"><font color=\"#003399\"><font face=\"tahoma,arial,helvetica,sans-serif\"><font size=\"2\">\u00b7<\/font><b><font size=\"2\">Tar\u0131msal faaliyet g&ouml;steren K\u0130T&#8217;ler gerekli &ouml;nlemler al\u0131nd\u0131ktan sonra &ouml;zelle\u015ftirilecek<\/font><\/b><font size=\"2\">, TMO stratejik stok y&ouml;netimi \u00e7er\u00e7evesinde faaliyetini s&uuml;rd&uuml;recektir.<\/font><\/font><\/font><\/p>\n<p style=\"MARGIN-TOP: 0px; MARGIN-BOTTOM: 0px; TEXT-ALIGN: justify\"><font color=\"#003399\"><font face=\"tahoma,arial,helvetica,sans-serif\"><font size=\"2\">\u00b7<\/font><b><font size=\"2\">Tar\u0131m ve K&ouml;yi\u015fleri Bakanl\u0131\u011f\u0131 yeni \u015fartlar ve ihtiya\u00e7lar dikkate al\u0131narak yeniden yap\u0131land\u0131r\u0131lacakt\u0131r<\/font><\/b><font size=\"2\">. &Uuml;retici Birlikleri, kooperatifler, dernekler, vak\u0131flar ve \u015firketler desteklenerek, kamunun sivil toplumla olan i\u015fbirli\u011fi geli\u015ftirilecektir.<\/font><\/font><\/font><\/p>\n<p style=\"MARGIN-TOP: 0px; MARGIN-BOTTOM: 0px; TEXT-ALIGN: justify\"><font color=\"#003399\"><font face=\"tahoma,arial,helvetica,sans-serif\"><font size=\"2\">\u00b7<\/font><b><font size=\"2\">Tar\u0131m Sat\u0131\u015f Kooperatifleri ve Birlikleri ile Tar\u0131m Kredi Kooperatifleri<\/font><\/b><font size=\"2\"> <b>&ouml;zerkle\u015ftirilerek <\/b>rasyonel \u015fekilde \u00e7al\u0131\u015fmalar\u0131 hususunda gerekli &ouml;nlemler al\u0131nacakt\u0131r.<\/font><\/font><\/font><\/p>\n<p style=\"MARGIN-TOP: 0px; MARGIN-BOTTOM: 0px; TEXT-ALIGN: justify\"><font face=\"tahoma,arial,helvetica,sans-serif\" color=\"#003399\" size=\"2\">\u00b7\u00c7ift\u00e7imizi ve mahsul&uuml; risklere kar\u015f\u0131 korumak amac\u0131yla, <b>Risk Y&ouml;netimi<\/b> ara\u00e7lar\u0131 geli\u015ftirilecek; <b>tar\u0131msal sigorta sistemi<\/b>, <b>vadeli i\u015flemler borsas\u0131<\/b>, <b>s&ouml;zle\u015fmeli tar\u0131m<\/b> ve <b>stok y&ouml;netimi<\/b> ara\u00e7lar\u0131 uygulamaya konacakt\u0131r.<\/font><\/p>\n<p style=\"MARGIN-TOP: 0px; MARGIN-BOTTOM: 0px; TEXT-ALIGN: justify\"><font face=\"tahoma,arial,helvetica,sans-serif\" color=\"#003399\" size=\"2\">\u00b7T&uuml;ketici tercihleri ve kaliteli &uuml;retime y&ouml;nelik tohumluk sanayi &ouml;zendirilecektir.<\/font><\/p>\n<p style=\"MARGIN-TOP: 0px; MARGIN-BOTTOM: 0px; TEXT-ALIGN: justify\"><font color=\"#003399\"><font face=\"tahoma,arial,helvetica,sans-serif\"><font size=\"2\">\u00b7<\/font><b><font size=\"2\">Ekolojik (organik) tar\u0131ma&nbsp; <\/font><\/b><font size=\"2\">&ouml;nem verilecek ve desteklenecektir.<\/font><\/font><\/font><\/p>\n<p style=\"MARGIN-TOP: 0px; MARGIN-BOTTOM: 0px; TEXT-ALIGN: justify\"><font face=\"tahoma,arial,helvetica,sans-serif\" color=\"#003399\" size=\"2\">\u00b7Genetik olarak de\u011fi\u015ftirilmi\u015f organizmalar ve &uuml;r&uuml;nlerin &uuml;retiminde insan sa\u011fl\u0131\u011f\u0131 ve \u00e7evrenin korunmas\u0131 konusunda D&uuml;nyadaki geli\u015fmeler yak\u0131ndan takip edilecektir.<\/font><\/p>\n<p style=\"MARGIN-TOP: 0px; MARGIN-BOTTOM: 0px; TEXT-ALIGN: justify\"><font face=\"tahoma,arial,helvetica,sans-serif\"><span style=\"LAYOUT-GRID-MODE: line; COLOR: #003399\"><font size=\"2\">\u00b7<\/font><\/span><font color=\"#003399\"><b><font size=\"2\">Tar\u0131msal ara\u015ft\u0131rma<\/font><\/b><font size=\"2\"> &ouml;nceliklerinin belirlenmesinde, piyasa ihtiya\u00e7lar\u0131 g&ouml;z &ouml;n&uuml;nde bulundurularak \u00e7ift\u00e7ilerin talepleri dikkate al\u0131nacak; projelerin geli\u015ftirilmesinde ve uygulanmas\u0131nda \u00e7ift\u00e7ilerin kat\u0131l\u0131m\u0131 ve katk\u0131s\u0131 sa\u011flanacakt\u0131r.<\/font><\/font><\/font><\/p>\n<p style=\"MARGIN-TOP: 0px; MARGIN-BOTTOM: 0px; TEXT-ALIGN: justify\"><font face=\"tahoma,arial,helvetica,sans-serif\" color=\"#003399\" size=\"2\">\u00b7A\u011f\u0131r erozyon problemi ya\u015fanan &uuml;lkemizde, \u00e7evreyi ve sosyo-ekonomik ko\u015fullar\u0131 g&ouml;z &ouml;n&uuml;ne alan tedbirler devreye sokulacakt\u0131r. Erozyon tehdidi alt\u0131nda bulanan arazilerin kal\u0131c\u0131 bitki &ouml;rt&uuml;lerine tahsisi sa\u011flanacakt\u0131r.<\/font><\/p>\n<\/blockquote>\n<p style=\"MARGIN-TOP: 0px; MARGIN-BOTTOM: 0px\" align=\"justify\"><b><span lang=\"EN-AU\"><font face=\"tahoma,arial,helvetica,sans-serif\" color=\"#003399\" size=\"2\">Hayvanc\u0131l\u0131k<\/font><\/span><\/b><\/p>\n<p style=\"MARGIN-TOP: 0px; MARGIN-BOTTOM: 0px\" align=\"justify\"><span style=\"FONT-WEIGHT: normal\"><font face=\"tahoma,arial,helvetica,sans-serif\" color=\"#003399\" size=\"2\">&Uuml;lkemizde hayvanc\u0131l\u0131k sekt&ouml;r&uuml; y\u0131llarca ihmal edilmi\u015ftir. Ekonomik krizlerin de etkisiyle, T&uuml;rkiye et ihra\u00e7 ederken, et ithal eder hale gelmi\u015ftir.<\/font><\/span><\/p>\n<p style=\"MARGIN-TOP: 0px; MARGIN-BOTTOM: 0px\" align=\"justify\"><font face=\"tahoma,arial,helvetica,sans-serif\">&nbsp;<\/font><\/p>\n<p style=\"MARGIN-TOP: 0px; MARGIN-BOTTOM: 0px\" align=\"justify\"><span style=\"FONT-WEIGHT: normal\"><font face=\"tahoma,arial,helvetica,sans-serif\" color=\"#003399\" size=\"2\">1980 y\u0131l\u0131nda T&uuml;rkiye&#8217;de 16 milyon s\u0131\u011f\u0131r varken, 1999&#8217;da bu rakam 11 milyona inmi\u015ftir. Yine 1979 y\u0131l\u0131nda T&uuml;rkiye&#8217;de 46 milyon koyun varken, 2000 y\u0131l\u0131nda bu say\u0131 28 milyona d&uuml;\u015fm&uuml;\u015ft&uuml;r. S\u0131\u011f\u0131r say\u0131s\u0131nda y&uuml;zde 30, koyun say\u0131s\u0131nda y&uuml;zde 38 d&uuml;\u015f&uuml;\u015f vard\u0131r. Bu d&ouml;nemde &uuml;lkemizin n&uuml;fusunun ve milli gelirinin artt\u0131\u011f\u0131 dikkate al\u0131nd\u0131\u011f\u0131nda, hayvanc\u0131l\u0131k sekt&ouml;r&uuml;ndeki gerilemenin ne kadar b&uuml;y&uuml;k boyutlarda oldu\u011fu daha iyi anla\u015f\u0131l\u0131r. Sorun, sadece hayvan say\u0131s\u0131n\u0131n d&uuml;\u015fmesi de\u011fildir. Verimlilik de d&uuml;\u015fm&uuml;\u015ft&uuml;r.<\/font><\/span><\/p>\n<p style=\"MARGIN-TOP: 0px; MARGIN-BOTTOM: 0px\" align=\"justify\"><font face=\"tahoma,arial,helvetica,sans-serif\">&nbsp;<\/font><\/p>\n<p style=\"MARGIN-TOP: 0px; MARGIN-BOTTOM: 0px\" align=\"justify\"><font color=\"#003399\"><font face=\"tahoma,arial,helvetica,sans-serif\"><span style=\"FONT-WEIGHT: normal\"><font size=\"2\">&Uuml;lkemiz,<\/font><\/span><font size=\"2\">&nbsp;<\/font><span style=\"FONT-WEIGHT: normal\"><font size=\"2\">hayvanc\u0131l\u0131k sekt&ouml;r&uuml;nde b&uuml;y&uuml;k bir potansiyele sahiptir. Ancak, tesislerin ilk yat\u0131r\u0131m bedellerinin y&uuml;ksek olu\u015fu, nitelikli insan g&uuml;c&uuml; ve ihtisas gereksinimi, &uuml;lkemizde modern tesisler kurulmas\u0131n\u0131 zorla\u015ft\u0131rmaktad\u0131r. <\/font><\/span><\/font><\/font><\/p>\n<p style=\"MARGIN-TOP: 0px; MARGIN-BOTTOM: 0px\" align=\"justify\"><font color=\"#003399\"><font face=\"tahoma,arial,helvetica,sans-serif\"><font size=\"2\">PART\u0130M\u0130Z\u0130N<\/font><span style=\"FONT-WEIGHT: normal\"><font size=\"2\"> hayvanc\u0131l\u0131k politikalar\u0131 \u015f&ouml;yledir:<\/font><\/span><\/font><\/font><\/p>\n<blockquote>\n<p style=\"MARGIN-TOP: 0px; MARGIN-BOTTOM: 0px\" align=\"justify\"><font color=\"#003399\"><font face=\"tahoma,arial,helvetica,sans-serif\"><span style=\"FONT-WEIGHT: normal\"><font size=\"2\">\u00b7<\/font><\/span><span style=\"FONT-WEIGHT: normal\"><font size=\"2\">&Uuml;retici &ouml;rg&uuml;tlenmeleri te\u015fvik edilecek, daha b&uuml;y&uuml;k &ouml;l\u00e7ekteki i\u015fletmelerin olu\u015fmas\u0131 sa\u011flanacak, b&ouml;ylece <\/font><\/span><font size=\"2\">&ouml;l\u00e7ekten do\u011fan ekonomi<\/font><span style=\"FONT-WEIGHT: normal\"><font size=\"2\"> elde edilecektir.<\/font><\/span><\/font><\/font><\/p>\n<p style=\"MARGIN-TOP: 0px; MARGIN-BOTTOM: 0px\" align=\"justify\"><font color=\"#003399\"><span style=\"FONT-WEIGHT: normal\"><font face=\"tahoma,arial,helvetica,sans-serif\" size=\"2\">\u00b7Entegre hayvanc\u0131l\u0131k i\u015fletmelerinin kurulmas\u0131 desteklenecektir. <\/font><\/span><\/font><\/p>\n<p style=\"MARGIN-TOP: 0px; MARGIN-BOTTOM: 0px\" align=\"justify\"><font color=\"#003399\"><span style=\"FONT-WEIGHT: normal\"><font face=\"tahoma,arial,helvetica,sans-serif\" size=\"2\">\u00b7Krizden olumsuz etkilenen entegre beyaz et sekt&ouml;r&uuml;n&uuml;n kriz &ouml;ncesi duruma gelmesi i\u00e7in gerekli &ouml;nlemler al\u0131nacakt\u0131r.<\/font><\/span><\/font><\/p>\n<p style=\"MARGIN-TOP: 0px; MARGIN-BOTTOM: 0px\" align=\"justify\"><font color=\"#003399\"><span style=\"FONT-WEIGHT: normal\"><font face=\"tahoma,arial,helvetica,sans-serif\" size=\"2\">\u00b7Dam\u0131zl\u0131k hayvan yeti\u015ftirilen &ouml;zel sekt&ouml;r kurulu\u015flar\u0131 desteklenecek, yerli \u0131rklar \u0131slah edilecektir.<\/font><\/span><\/font><\/p>\n<p style=\"MARGIN-TOP: 0px; MARGIN-BOTTOM: 0px\" align=\"justify\"><font color=\"#003399\"><span style=\"FONT-WEIGHT: normal\"><font face=\"tahoma,arial,helvetica,sans-serif\" size=\"2\">\u00b7Devlet arazilerinin uygun ko\u015fullarla &ouml;zel sekt&ouml;r i\u015fletmelerine kulland\u0131r\u0131lmas\u0131 sa\u011flanacakt\u0131r.<\/font><\/span><\/font><\/p>\n<p style=\"MARGIN-TOP: 0px; MARGIN-BOTTOM: 0px\" align=\"justify\"><font color=\"#003399\"><span style=\"FONT-WEIGHT: normal\"><font face=\"tahoma,arial,helvetica,sans-serif\" size=\"2\">\u00b7Mera \u0131slah\u0131 yap\u0131lacak, Mera Kanunu&#8217;nun uygulanmas\u0131na i\u015flerlik kazand\u0131r\u0131lacakt\u0131r. <\/font><\/span><\/font><\/p>\n<p style=\"MARGIN-TOP: 0px; MARGIN-BOTTOM: 0px\" align=\"justify\"><font color=\"#003399\"><span style=\"FONT-WEIGHT: normal\"><font face=\"tahoma,arial,helvetica,sans-serif\" size=\"2\">\u00b7Yem bitkileri ekimi te\u015fvik edilecektir<\/font><\/span><\/font><\/p>\n<\/blockquote>\n<p style=\"MARGIN-TOP: 0px; MARGIN-BOTTOM: 0px\" align=\"justify\"><font color=\"#003399\"><span style=\"FONT-FAMILY: Arial\"><font face=\"tahoma,arial,helvetica,sans-serif\"><font size=\"2\">Tarla bal\u0131k\u00e7\u0131l\u0131\u011f\u0131<\/font><b><font size=\"2\"> &ouml;zendirilecek, deniz bal\u0131k\u00e7\u0131l\u0131\u011f\u0131na y&ouml;nelik hukuki, kurumsal ve teknik \u00e7al\u0131\u015fmalar h\u0131zland\u0131r\u0131lacakt\u0131r. AB Bal\u0131k\u00e7\u0131l\u0131k politikas\u0131 esas al\u0131narak &uuml;retim ve pazar ko\u015fullar\u0131 geli\u015ftirilecektir.<\/font><\/b><\/font><\/span><\/font><\/p>\n<p><font face=\"tahoma,arial,helvetica,sans-serif\"><\/p>\n<hr width=\"90%\" color=\"#5876b2\" size=\"1\" \/><\/font><\/p>\n<p style=\"MARGIN-TOP: 0px; MARGIN-BOTTOM: 0px\" align=\"justify\"><font face=\"tahoma,arial,helvetica,sans-serif\">&nbsp;<\/font><\/p>\n<p style=\"MARGIN-TOP: 0px; MARGIN-BOTTOM: 0px\" align=\"justify\"><font color=\"#003399\"><span style=\"FONT-WEIGHT: 700; LINE-HEIGHT: 150%\"><font face=\"tahoma,arial,helvetica,sans-serif\" size=\"2\"><a name=\"VIII. SOSYAL POL\u0130T\u0130KALAR\">VIII. SOSYAL POL\u0130T\u0130KALAR<\/a><\/font><\/span><\/font><\/p>\n<p style=\"MARGIN-TOP: 0px; MARGIN-BOTTOM: 0px; TEXT-ALIGN: justify\"><font color=\"#003399\"><font face=\"tahoma,arial,helvetica,sans-serif\"><span style=\"FONT-WEIGHT: normal\"><font size=\"2\">Ekonomi politikalar\u0131 toplumun refah\u0131n\u0131 art\u0131rmada ve insanlara kaliteli ya\u015fam ko\u015fullar\u0131 olu\u015fturmada zorunlu olmakla birlikte, tek ba\u015f\u0131na yetersiz kalmaktad\u0131r. Etkili sosyal politika uygulamalar\u0131 ile birle\u015fmeyen ekonomi politikalar\u0131, toplumdan destek alamad\u0131\u011f\u0131 i\u00e7in ba\u015far\u0131s\u0131z olmaktad\u0131r. Bu nedenle <\/font><\/span><font size=\"2\">PART\u0130M\u0130Z<\/font><span style=\"FONT-WEIGHT: normal\"><font size=\"2\">, ekonomik kalk\u0131nma politikalar\u0131n\u0131 sosyal politikalarla dengeli bir \u015fekilde y&uuml;r&uuml;tecektir.<\/font><\/span><\/font><\/font><\/p>\n<p style=\"MARGIN-TOP: 0px; MARGIN-BOTTOM: 0px; TEXT-ALIGN: justify\"><font face=\"tahoma,arial,helvetica,sans-serif\">&nbsp;<\/font><\/p>\n<p style=\"MARGIN-TOP: 0px; MARGIN-BOTTOM: 0px\" align=\"justify\"><b><font face=\"tahoma,arial,helvetica,sans-serif\" color=\"#003399\" size=\"2\"><a name=\"A- GEL\u0130R DA\u011eILIMINDA ADALET\">A- GEL\u0130R DA\u011eILIMINDA ADALET<\/a><\/font><\/b><\/p>\n<p style=\"MARGIN-TOP: 0px; MARGIN-BOTTOM: 0px; TEXT-ALIGN: justify\"><span style=\"COLOR: #003399\"><font face=\"tahoma,arial,helvetica,sans-serif\" size=\"2\">Son y\u0131llarda, &ouml;zellikle ekonomik krizlerin etkisiyle, kesimler aras\u0131ndaki gelir da\u011f\u0131l\u0131m\u0131 b&uuml;y&uuml;k oranda bozulmu\u015f, &uuml;cretlerde meydana gelen reel kay\u0131p ve artan i\u015fsizlik sonucu halk\u0131m\u0131z\u0131n refah d&uuml;zeyinde &ouml;nemli d&uuml;\u015f&uuml;\u015fler meydana gelmi\u015ftir. Krize kar\u015f\u0131 dayanma g&uuml;c&uuml; a\u015f\u0131nan yoksul kesimlerde sosyal huzursuzluklar artm\u0131\u015ft\u0131r.<\/font><\/span><\/p>\n<p style=\"MARGIN-TOP: 0px; MARGIN-BOTTOM: 0px; TEXT-ALIGN: justify\"><font face=\"tahoma,arial,helvetica,sans-serif\">&nbsp;<\/font><\/p>\n<p style=\"MARGIN-TOP: 0px; MARGIN-BOTTOM: 0px; TEXT-ALIGN: justify\"><font face=\"tahoma,arial,helvetica,sans-serif\" color=\"#003399\" size=\"2\">N&uuml;fusumuzun en zengin y&uuml;zde 20&#8217;lik k\u0131sm\u0131, en fakir y&uuml;zde 20&#8217;lik k\u0131sm\u0131ndan 10 kat daha fazla gelire sahiptir. T&uuml;rkiye OECD &uuml;lkeleri i\u00e7inde gelir da\u011f\u0131l\u0131m\u0131 en bozuk &uuml;lkelerden biridir.<\/font><\/p>\n<p style=\"MARGIN-TOP: 0px; MARGIN-BOTTOM: 0px; TEXT-ALIGN: justify\"><font face=\"tahoma,arial,helvetica,sans-serif\">&nbsp;<\/font><\/p>\n<p style=\"MARGIN-TOP: 0px; MARGIN-BOTTOM: 0px; TEXT-ALIGN: justify\"><span style=\"COLOR: #003399\"><font face=\"tahoma,arial,helvetica,sans-serif\" size=\"2\">&Ouml;zellikle kentlerde artan yoksulluk, geni\u015f halk kitlelerinin ekonomik, siyasal ve sosyal hayattan d\u0131\u015flanmas\u0131 ve giderek <b>marjinalle\u015fmesine<\/b> neden olmaktad\u0131r. Bu durum, kentlerde asayi\u015f ve huzurun bozulmas\u0131na, zengin ve yoksullar aras\u0131ndaki ya\u015fam standard\u0131 fark\u0131n\u0131n a\u00e7\u0131lmas\u0131na, toplumsal kutupla\u015fmaya ve &quot;<b>umutsuzluk<\/b>&quot; duygusunun yayg\u0131nla\u015fmas\u0131na neden olmaktad\u0131r.<\/font><\/span><\/p>\n<p style=\"MARGIN-TOP: 0px; MARGIN-BOTTOM: 0px; TEXT-ALIGN: justify\"><font face=\"tahoma,arial,helvetica,sans-serif\">&nbsp;<\/font><\/p>\n<p style=\"MARGIN-TOP: 0px; MARGIN-BOTTOM: 0px; TEXT-ALIGN: justify\"><font face=\"tahoma,arial,helvetica,sans-serif\"><span style=\"COLOR: #003399\"><font size=\"2\">Ki\u015fisel gelir da\u011f\u0131l\u0131m\u0131ndaki bozukluk yan\u0131nda, b&ouml;lgeler ve iller aras\u0131ndaki geli\u015fmi\u015flik farklar\u0131 da artarak devam etmektedir. <\/font><\/span><font color=\"#003399\" size=\"2\">Y\u0131llard\u0131r s&uuml;regelen enflasyonist ortam, ba\u015fta tar\u0131m kesimi olmak &uuml;zere, yoksullar\u0131n elindeki gelirin zengin kesimlere kaymas\u0131na ve orta gelir grubunun tamamen yok olmas\u0131na yol a\u00e7m\u0131\u015ft\u0131r. Zaten olumsuz \u015fartlarda ya\u015fayan tar\u0131m kesimi, sa\u011flanan desteklerin azalt\u0131lmas\u0131yla, \u00e7aresiz hale d&uuml;\u015fm&uuml;\u015ft&uuml;r.<\/font><\/font><\/p>\n<p style=\"MARGIN-TOP: 0px; MARGIN-BOTTOM: 0px; TEXT-ALIGN: justify\"><font face=\"tahoma,arial,helvetica,sans-serif\">&nbsp;<\/font><\/p>\n<p style=\"MARGIN-TOP: 0px; MARGIN-BOTTOM: 0px; TEXT-ALIGN: justify\"><font face=\"tahoma,arial,helvetica,sans-serif\" color=\"#003399\" size=\"2\">Uygulanan yanl\u0131\u015f ekonomik politikalar sonucu, \u00e7al\u0131\u015fan kesimler &uuml;zerindeki vergi y&uuml;k&uuml; &ouml;nemli oranda artm\u0131\u015f, &uuml;retici kesimler rant geliri elde eden kesimler kar\u015f\u0131s\u0131nda ma\u011fdur edilmi\u015ftir. \u0130\u015f imkanlar\u0131 ciddi oranda daralm\u0131\u015f, \u015firket iflaslar\u0131 h\u0131zlanm\u0131\u015f ve nihayet, s&uuml;rd&uuml;r&uuml;lemez noktaya gelen bu s&uuml;re\u00e7 sonunda ekonomik ve sosyal politikalar IMF ve D&uuml;nya Bankas\u0131 taraf\u0131ndan belirlenmeye ba\u015flanm\u0131\u015ft\u0131r.<\/font><\/p>\n<p style=\"MARGIN-TOP: 0px; MARGIN-BOTTOM: 0px; TEXT-ALIGN: justify\"><font face=\"tahoma,arial,helvetica,sans-serif\">&nbsp;<\/font><\/p>\n<p style=\"MARGIN-TOP: 0px; MARGIN-BOTTOM: 0px; TEXT-ALIGN: justify\"><font face=\"tahoma,arial,helvetica,sans-serif\"><b><span style=\"COLOR: #003399\"><font size=\"2\">AK PART\u0130<\/font><\/span><\/b><font color=\"#003399\" size=\"2\">&#8217;ye g&ouml;re, gelir da\u011f\u0131l\u0131m\u0131n\u0131n iyile\u015ftirilmesi ve yoksullukla m&uuml;cadele politikalar\u0131n\u0131n ba\u015far\u0131l\u0131 olabilmesi i\u00e7in &#8220;<b>insan<\/b>&#8221;\u0131 ekonomik kalk\u0131nman\u0131n merkezine oturtmak &#8220;<b>ahlaki<\/b>&#8221; bir zorunluluktur.<\/font><\/font><\/p>\n<p style=\"MARGIN-TOP: 0px; MARGIN-BOTTOM: 0px; TEXT-ALIGN: justify\"><font face=\"tahoma,arial,helvetica,sans-serif\">&nbsp;<\/font><\/p>\n<p style=\"MARGIN-TOP: 0px; MARGIN-BOTTOM: 0px; TEXT-ALIGN: justify\"><span style=\"COLOR: #003399\"><font face=\"tahoma,arial,helvetica,sans-serif\" size=\"2\">Nihai amac\u0131 &#8220;<b>insan refah\u0131n\u0131n y&uuml;kseltilmesi<\/b>&#8221; olmayan ekonomik yakla\u015f\u0131mlar, sosyal felaketlerle sonu\u00e7lan\u0131r. Ahlaki perspektife sahip ekonomik yakla\u015f\u0131mlar, ayn\u0131 zamanda &#8220;<b>sosyal boyut<\/b>&#8221;a ve &#8220;<b>sosyal adalet<\/b>&#8221;e &ouml;ncelik veren bir anlay\u0131\u015f\u0131 temsil eder.<\/font><\/span><\/p>\n<p style=\"MARGIN-TOP: 0px; MARGIN-BOTTOM: 0px; TEXT-ALIGN: justify\"><font face=\"tahoma,arial,helvetica,sans-serif\">&nbsp;<\/font><\/p>\n<p style=\"MARGIN-TOP: 0px; MARGIN-BOTTOM: 0px; TEXT-ALIGN: justify\"><font face=\"tahoma,arial,helvetica,sans-serif\" color=\"#003399\" size=\"2\">\u0130nsan Haklar\u0131 Evrensel Beyannamesi ve Avrupa Sosyal \u015eart\u0131 gibi uluslararas\u0131 belgelerde &#8220;<b>insan\u0131n onurlu ya\u015fam hakk\u0131<\/b>&#8221;na sahip oldu\u011fu a\u00e7\u0131k\u00e7a vurgulanm\u0131\u015ft\u0131r. \u0130nsanlar\u0131n &#8220;<b>yoksullu\u011fa mahkum edilmeme<\/b>&#8221; gibi evrensel haklar\u0131 bulunmaktad\u0131r. &#8220;<b>Yoksullu\u011fun ortadan kald\u0131r\u0131lmas\u0131<\/b>&#8221; bir ahlaki insanl\u0131k g&ouml;revi olarak y&ouml;netimin temel g&ouml;revleri aras\u0131nda yer almaktad\u0131r.<\/font><\/p>\n<p style=\"MARGIN-TOP: 0px; MARGIN-BOTTOM: 0px; TEXT-ALIGN: justify\"><font face=\"tahoma,arial,helvetica,sans-serif\">&nbsp;<\/font><\/p>\n<p style=\"MARGIN-TOP: 0px; MARGIN-BOTTOM: 0px; TEXT-ALIGN: justify\"><font face=\"tahoma,arial,helvetica,sans-serif\" color=\"#003399\" size=\"2\">K&uuml;reselle\u015fme s&uuml;recinde, &uuml;lkeler aras\u0131ndaki refah ve geli\u015fmi\u015flik fark\u0131 a\u00e7\u0131l\u0131rken, yoksul n&uuml;fusun say\u0131s\u0131 daha da artmaktad\u0131r. Art\u0131k, ekonomik ve sosyal politikalar g&ouml;zden ge\u00e7irilerek &#8220;<b>sosyal adalet<\/b>&#8221;e &ouml;ncelik veren &#8220;<b>insan merkezli kalk\u0131nma<\/b>&#8221; anlay\u0131\u015f\u0131 benimsenmelidir.<\/font><\/p>\n<p style=\"MARGIN-TOP: 0px; MARGIN-BOTTOM: 0px; TEXT-ALIGN: justify\"><font face=\"tahoma,arial,helvetica,sans-serif\">&nbsp;<\/font><\/p>\n<p style=\"MARGIN-TOP: 0px; MARGIN-BOTTOM: 0px\" align=\"justify\"><b><span style=\"FONT-FAMILY: Arial\"><font face=\"tahoma,arial,helvetica,sans-serif\" color=\"#003399\" size=\"2\">Bu anlay\u0131\u015f i\u00e7inde, gelir da\u011f\u0131l\u0131m\u0131 ve yoksullukla m&uuml;cadele alan\u0131nda a\u015fa\u011f\u0131daki politikalar hayata ge\u00e7irilecektir.<\/font><\/span><\/b><\/p>\n<blockquote>\n<p style=\"MARGIN-TOP: 0px; MARGIN-BOTTOM: 0px; TEXT-ALIGN: justify\"><font color=\"#003399\"><font face=\"tahoma,arial,helvetica,sans-serif\"><font size=\"2\">\u00b7<\/font><b><font size=\"2\">Partimizin<\/font><\/b><font size=\"2\"> uygulayaca\u011f\u0131 ekonomik program ve politikalarda, &#8220;<b>sosyal adalet<\/b>&#8221; g&ouml;zetilecek ve &#8220;<b>insan<\/b>&#8221;\u0131 merkeze koyan yeni bir kalk\u0131nma yakla\u015f\u0131m\u0131 benimsenecektir. Uygulanacak ekonomik program, sosyal politikalarla uyumlu, sosyal b&uuml;t&uuml;nle\u015fmeyi ve dayan\u0131\u015fmay\u0131 sa\u011flay\u0131c\u0131, i\u015fsizli\u011fi azalt\u0131c\u0131 ve yoksullu\u011fu ortadan kald\u0131r\u0131c\u0131 nitelikte olacak; ekonomik b&uuml;y&uuml;meden elde edilecek nimetlerin <b>adaletli b&ouml;l&uuml;\u015f&uuml;m&uuml;n&uuml;<\/b> sa\u011flayacak daha insani bir yap\u0131 ta\u015f\u0131yacakt\u0131r.<\/font><\/font><\/font><\/p>\n<p style=\"MARGIN-TOP: 0px; MARGIN-BOTTOM: 0px; TEXT-ALIGN: justify\"><font face=\"tahoma,arial,helvetica,sans-serif\" color=\"#003399\" size=\"2\">\u00b7\u0130\u015fg&uuml;c&uuml;n&uuml;n niteli\u011fini art\u0131racak ve i\u015fsizlere i\u015fg&uuml;c&uuml; piyasas\u0131n\u0131n talepleriyle uyumlu beceriler kazand\u0131racak politikalar uygulanacakt\u0131r.<\/font><\/p>\n<p style=\"MARGIN-TOP: 0px; MARGIN-BOTTOM: 0px; TEXT-ALIGN: justify\"><font face=\"tahoma,arial,helvetica,sans-serif\" color=\"#003399\" size=\"2\">\u00b7Bilimsel ara\u015ft\u0131rmalar yap\u0131larak, kamu oyunda tart\u0131\u015fmaya a\u00e7\u0131lacak ve kapsaml\u0131 bir &#8220;<b>yoksullukla m&uuml;cadele<\/b>&#8221; program\u0131 uygulamaya konulacakt\u0131r.<\/font><\/p>\n<p style=\"MARGIN-TOP: 0px; MARGIN-BOTTOM: 0px; TEXT-ALIGN: justify\"><font face=\"tahoma,arial,helvetica,sans-serif\" color=\"#003399\" size=\"2\">\u00b7&Uuml;retimi ve istihdam art\u0131\u015f\u0131n\u0131 engelleyen yap\u0131sal ve kurumsal bozukluklar kald\u0131r\u0131lacak, &#8220;<b>yat\u0131r\u0131m<\/b>&#8221; ve &#8220;<b>&uuml;retim<\/b>&#8221;in &ouml;n&uuml;n&uuml; a\u00e7an bir ekonomik yakla\u015f\u0131m benimsenecektir.<\/font><\/p>\n<p style=\"MARGIN-TOP: 0px; MARGIN-BOTTOM: 0px; TEXT-ALIGN: justify\"><font face=\"tahoma,arial,helvetica,sans-serif\" color=\"#003399\" size=\"2\">\u00b7Yeni m&uuml;te\u015febbislerin ortaya \u00e7\u0131kmas\u0131 te\u015fvik edilecek ve k\u0131rsal kalk\u0131nmaya a\u011f\u0131rl\u0131k veren programlar uygulanacakt\u0131r.<\/font><\/p>\n<p style=\"MARGIN-TOP: 0px; MARGIN-BOTTOM: 0px; TEXT-ALIGN: justify\"><font face=\"tahoma,arial,helvetica,sans-serif\" color=\"#003399\" size=\"2\">\u00b7\u00c7al\u0131\u015fan kesimlerin vergi y&uuml;k&uuml; kademeli olarak hafifletilecektir.<\/font><\/p>\n<p style=\"MARGIN-TOP: 0px; MARGIN-BOTTOM: 0px; TEXT-ALIGN: justify\"><font face=\"tahoma,arial,helvetica,sans-serif\" color=\"#003399\" size=\"2\">\u00b7Sosyal g&uuml;venlik a\u011f\u0131 geni\u015fletilecek ve yoksul kesimlere hizmet g&ouml;t&uuml;ren yard\u0131m kurumlar\u0131 yeniden yap\u0131land\u0131r\u0131lacakt\u0131r.<\/font><\/p>\n<p style=\"MARGIN-TOP: 0px; MARGIN-BOTTOM: 0px; TEXT-ALIGN: justify\"><font face=\"tahoma,arial,helvetica,sans-serif\" color=\"#003399\" size=\"2\">\u00b7Gelir da\u011f\u0131l\u0131m\u0131 bozuk olan kesimlerin e\u011fitim ve sa\u011fl\u0131k gibi sosyal hizmetlerden faydalanmas\u0131na &ouml;ncelik verilecektir.<\/font><\/p>\n<\/blockquote>\n<p style=\"MARGIN-TOP: 0px; MARGIN-BOTTOM: 0px; TEXT-ALIGN: justify\"><b><font face=\"tahoma,arial,helvetica,sans-serif\" color=\"#003399\" size=\"2\"><a name=\"B- YOLSUZLUKLA M\u00dcCADELE\">B- YOLSUZLUKLA M&Uuml;CADELE<\/a><\/font><\/b><\/p>\n<p style=\"MARGIN-TOP: 0px; MARGIN-BOTTOM: 0px; TEXT-ALIGN: justify\"><font face=\"tahoma,arial,helvetica,sans-serif\" color=\"#003399\" size=\"2\">Yolsuzluk, <b>&#8220;kamu imkanlar\u0131n\u0131n ki\u015fisel \u00e7\u0131karlar i\u00e7in k&ouml;t&uuml;ye kullan\u0131lmas\u0131<\/b>&#8221;d\u0131r. Sosyal, ekonomik, k&uuml;lt&uuml;rel, siyasal ve her \u015feyden &ouml;nemlisi ahlaki \u00e7&ouml;k&uuml;nt&uuml; ve \u00e7&uuml;r&uuml;m&uuml;\u015fl&uuml;\u011f&uuml;n &uuml;r&uuml;n&uuml; ve g&ouml;stergesi olan yolsuzluk, halk\u0131n b&uuml;rokrasiye, siyaset kurumuna ve genel olarak devlete ve adalete g&uuml;ven duygusunu zay\u0131flatmaktad\u0131r.<\/font><\/p>\n<p style=\"MARGIN-TOP: 0px; MARGIN-BOTTOM: 0px; TEXT-ALIGN: justify\"><font face=\"tahoma,arial,helvetica,sans-serif\">&nbsp;<\/font><\/p>\n<p style=\"MARGIN-TOP: 0px; MARGIN-BOTTOM: 0px; TEXT-ALIGN: justify\"><font face=\"tahoma,arial,helvetica,sans-serif\" color=\"#003399\" size=\"2\">H\u0131zl\u0131 ve \u00e7arp\u0131k \u015fehirle\u015fme, gelir da\u011f\u0131l\u0131m\u0131ndaki adaletsizlik, kamu y&ouml;netiminin aksakl\u0131klar\u0131, hukuk ve adalet sisteminde ya\u015fanan sorunlar ile genel olarak ahlaki yozla\u015fma yolsuzluklar\u0131n temel sebepleri aras\u0131nda say\u0131labilir.<\/font><\/p>\n<p style=\"MARGIN-TOP: 0px; MARGIN-BOTTOM: 0px; TEXT-ALIGN: justify\"><font face=\"tahoma,arial,helvetica,sans-serif\">&nbsp;<\/font><\/p>\n<p style=\"MARGIN-TOP: 0px; MARGIN-BOTTOM: 0px; TEXT-ALIGN: justify\"><font face=\"tahoma,arial,helvetica,sans-serif\" color=\"#003399\" size=\"2\">Yoksullu\u011fun ve gelir da\u011f\u0131l\u0131m\u0131ndaki dengesizli\u011fin temelinde yolsuzluklar\u0131n yatt\u0131\u011f\u0131, son y\u0131llarda a\u00e7\u0131k\u00e7a g&ouml;r&uuml;lm&uuml;\u015ft&uuml;r. Vatanda\u015f\u0131n <b>PART\u0130M\u0130ZDEN<\/b> beklentisine uygun olarak yolsuzlukla m&uuml;cadelede cesur ad\u0131mlar at\u0131lacakt\u0131r.<\/font><\/p>\n<p style=\"MARGIN-TOP: 0px; MARGIN-BOTTOM: 0px; TEXT-ALIGN: justify\"><font face=\"tahoma,arial,helvetica,sans-serif\">&nbsp;<\/font><\/p>\n<p style=\"MARGIN-TOP: 0px; MARGIN-BOTTOM: 0px; TEXT-ALIGN: justify\"><font face=\"tahoma,arial,helvetica,sans-serif\" color=\"#003399\" size=\"2\">Yolsuzlu\u011fun &ouml;nlenmesinde temel &ouml;ncelik, siyasetin ve kamu y&ouml;netiminin yolsuzluktan ar\u0131nd\u0131r\u0131lmas\u0131 olmal\u0131d\u0131r. Yolsuzluktan ar\u0131nd\u0131r\u0131lan siyaset ve kamu y&ouml;netimi, toplumsal d&uuml;zeyde yolsuzlu\u011fun kayna\u011f\u0131n\u0131n kurutulmas\u0131na y&ouml;nelik &ouml;nlemler alma \u015fans\u0131na kavu\u015facakt\u0131r. Bu m&uuml;cadele yap\u0131l\u0131rken toplumun temiz kalm\u0131\u015f geni\u015f kesimleri ve sivil toplum &ouml;rg&uuml;tleri sorunun \u00e7&ouml;z&uuml;m&uuml;ne kat\u0131larak, m&uuml;cadele topluma mal edilmelidir.<\/font><\/p>\n<p style=\"MARGIN-TOP: 0px; MARGIN-BOTTOM: 0px; TEXT-ALIGN: justify\"><font face=\"tahoma,arial,helvetica,sans-serif\">&nbsp;<\/font><\/p>\n<p style=\"MARGIN-TOP: 0px; MARGIN-BOTTOM: 0px; TEXT-ALIGN: justify\"><font face=\"tahoma,arial,helvetica,sans-serif\" color=\"#003399\" size=\"2\">Kamunun kaynak da\u011f\u0131t\u0131m mekanizmalar\u0131nda yolsuzlu\u011fun azalt\u0131labilmesi i\u00e7in vergi, ihaleler, devlet yard\u0131mlar\u0131, krediler, te\u015fvikler, s&uuml;bvansiyonlar, g&uuml;mr&uuml;k i\u015flemleri, i\u015fe alma, terfi ve tayinlerde, siyaset-sermaye ili\u015fkilerinde \u015feffafl\u0131k sa\u011flanmal\u0131d\u0131r.<\/font><\/p>\n<p style=\"MARGIN-TOP: 0px; MARGIN-BOTTOM: 0px; TEXT-ALIGN: justify\"><font face=\"tahoma,arial,helvetica,sans-serif\">&nbsp;<\/font><\/p>\n<p style=\"MARGIN-TOP: 0px; MARGIN-BOTTOM: 0px; TEXT-ALIGN: justify\"><font face=\"tahoma,arial,helvetica,sans-serif\" color=\"#003399\" size=\"2\">Esasen hukuk devleti ilkesi tam anlam\u0131yla hayata ge\u00e7irildi\u011finde ve devlet asli g&ouml;revlerine d&ouml;nd&uuml;\u011f&uuml;nde kamu kesimi rant da\u011f\u0131tma mekanizmas\u0131 olmaktan \u00e7\u0131kacakt\u0131r. &Uuml;retimden \u00e7ekilen devletin, rekabet\u00e7i piyasa ko\u015fullar\u0131nda d&uuml;zenleyici ve denetleyici i\u015flevinin &ouml;n plana ge\u00e7mesi ile kamudaki rant kap\u0131lar\u0131 kendili\u011finden kapanacakt\u0131r.<\/font><\/p>\n<p style=\"MARGIN-TOP: 0px; MARGIN-BOTTOM: 0px; TEXT-ALIGN: justify\"><font face=\"tahoma,arial,helvetica,sans-serif\">&nbsp;<\/font><\/p>\n<p style=\"MARGIN-TOP: 0px; MARGIN-BOTTOM: 0px; TEXT-ALIGN: justify\"><font face=\"tahoma,arial,helvetica,sans-serif\" color=\"#003399\" size=\"2\">Yolsuzlukla m&uuml;cadele \u00e7er\u00e7evesinde <b>AK PART\u0130<\/b> a\u015fa\u011f\u0131daki &ouml;nlemleri alacakt\u0131r.<\/font><\/p>\n<blockquote>\n<p style=\"MARGIN-TOP: 0px; MARGIN-BOTTOM: 0px; TEXT-ALIGN: justify\"><font color=\"#003399\"><font face=\"tahoma,arial,helvetica,sans-serif\"><font size=\"2\">\u00b7<\/font><b><font size=\"2\">Siyaset\u00e7ilerin ve kamu y&ouml;neticilerinin mal varl\u0131klar\u0131 \u015feffaf hale getirilecek<\/font><\/b><font size=\"2\">, g&ouml;revden ayr\u0131ld\u0131ktan sonra yap\u0131lamayacak i\u015fler hakk\u0131ndaki mevzuat geli\u015ftirilerek titizlikle uygulanacakt\u0131r.<\/font><\/font><\/font><\/p>\n<p style=\"MARGIN-TOP: 0px; MARGIN-BOTTOM: 0px; TEXT-ALIGN: justify\"><font color=\"#003399\"><font face=\"tahoma,arial,helvetica,sans-serif\"><font size=\"2\">\u00b7<\/font><b><font size=\"2\">Siyasetin finansman\u0131n\u0131n<\/font><\/b><font size=\"2\"> \u015feffaf hale getirilmesi ve objektif kriterlere ba\u011flanmas\u0131 i\u00e7in Siyasi Partiler Yasas\u0131nda gerekli d&uuml;zenlemeler yap\u0131lacakt\u0131r.<\/font><\/font><\/font><\/p>\n<p style=\"MARGIN-TOP: 0px; MARGIN-BOTTOM: 0px; TEXT-ALIGN: justify\"><font face=\"tahoma,arial,helvetica,sans-serif\" color=\"#003399\" size=\"2\">\u00b7Kamunun b&uuml;t&uuml;n i\u015f ve i\u015flemlerinde <b>\u015feffafl\u0131k<\/b> as\u0131l, gizlilik istisna olacakt\u0131r.<\/font><\/p>\n<p style=\"MARGIN-TOP: 0px; MARGIN-BOTTOM: 0px; TEXT-ALIGN: justify\"><font face=\"tahoma,arial,helvetica,sans-serif\" color=\"#003399\" size=\"2\">\u00b7Son y\u0131llarda &uuml;lkemizde b&uuml;y&uuml;k boyutlara ula\u015fan, halk\u0131n devlete olan g&uuml;venini sarsan, &uuml;lkemizin uluslararas\u0131 imaj\u0131n\u0131 zedeleyen yolsuzluk olaylar\u0131n\u0131n ortaya \u00e7\u0131kar\u0131lmas\u0131 ve su\u00e7lular\u0131n cezaland\u0131r\u0131lmas\u0131 i\u00e7in gerekli idari ve hukuki &ouml;nlemler al\u0131nacakt\u0131r.<\/font><\/p>\n<p style=\"MARGIN-TOP: 0px; MARGIN-BOTTOM: 0px; TEXT-ALIGN: justify\"><font face=\"tahoma,arial,helvetica,sans-serif\" color=\"#003399\" size=\"2\">\u00b7Kamu y&ouml;netiminde gereksiz yere geni\u015fletilen <b>&#8220;gizlilik k&uuml;lt&uuml;r&uuml;&#8221; <\/b>ile m&uuml;cadele edilecektir. &#8220;<b>Vatanda\u015f\u0131n Bilgi Edinme Hakk\u0131<\/b> <b>Kanunu<\/b>&#8221; h\u0131zla \u00e7\u0131kar\u0131lacak ve kamu kurulu\u015flar\u0131n\u0131n evrak ak\u0131\u015f sistemleri ve karar alma s&uuml;re\u00e7leri yeniden d&uuml;zenlenecektir.<\/font><\/p>\n<p style=\"MARGIN-TOP: 0px; MARGIN-BOTTOM: 0px; TEXT-ALIGN: justify\"><font color=\"#003399\"><font face=\"tahoma,arial,helvetica,sans-serif\"><font size=\"2\">\u00b7<\/font><b><font size=\"2\">Kamu ihale sistemi<\/font><\/b><font size=\"2\">nde son d&ouml;nemlerde yap\u0131lan de\u011fi\u015fiklikler, yolsuzluk fakt&ouml;r&uuml; dikkate al\u0131narak g&ouml;zden ge\u00e7irilecek ve ihale sistemi AB normlar\u0131na uygun olarak iyile\u015ftirilecektir. <\/font><\/font><\/font><\/p>\n<p style=\"MARGIN-TOP: 0px; MARGIN-BOTTOM: 0px; TEXT-ALIGN: justify\"><font face=\"tahoma,arial,helvetica,sans-serif\" color=\"#003399\" size=\"2\">\u00b7&Ouml;zelle\u015ftirme, bankac\u0131l\u0131k reformu, mahalli idareler reformu gibi <b>yap\u0131sal &ouml;nlemler<\/b> ile kamu rant da\u011f\u0131tma mekanizmas\u0131 olmaktan \u00e7\u0131kar\u0131lacak, vatanda\u015f\u0131n kendi kaynaklar\u0131n\u0131 koruma \u00e7abas\u0131 desteklenecektir.<\/font><\/p>\n<p style=\"MARGIN-TOP: 0px; MARGIN-BOTTOM: 0px; TEXT-ALIGN: justify\"><font face=\"tahoma,arial,helvetica,sans-serif\" color=\"#003399\" size=\"2\">\u00b7Kamu y&ouml;netiminde k\u0131rtasiyecilik ve b&uuml;rokratik formaliteler azalt\u0131lacak, <b>mevzuat <\/b>sadele\u015ftirilecek ve bu \u015fekilde yolsuzlu\u011fun en &ouml;nemli bahanelerinden biri olan hizmetin gecikmesi sorunu \u00e7&ouml;z&uuml;mlenecektir.<\/font><\/p>\n<p style=\"MARGIN-TOP: 0px; MARGIN-BOTTOM: 0px; TEXT-ALIGN: justify\"><font face=\"tahoma,arial,helvetica,sans-serif\" color=\"#003399\" size=\"2\">\u00b7Yolsuzluk konusundaki cezalar a\u011f\u0131rla\u015ft\u0131r\u0131lacak, hukuki s&uuml;re\u00e7 h\u0131zland\u0131r\u0131larak, yolsuzluklar\u0131n adalet sistemine g&ouml;lge d&uuml;\u015f&uuml;rmesi &ouml;nlenecektir.<\/font><\/p>\n<p style=\"MARGIN-TOP: 0px; MARGIN-BOTTOM: 0px; TEXT-ALIGN: justify\"><font face=\"tahoma,arial,helvetica,sans-serif\" color=\"#003399\" size=\"2\">\u00b7Kamuda denetim birimleri aras\u0131ndaki karma\u015f\u0131k yap\u0131 sadele\u015ftirilecek, performans odakl\u0131 etkin bir denetim yap\u0131lmas\u0131 y&ouml;n&uuml;nde tedbirler al\u0131nacakt\u0131r. Bu kapsamda, denetim elemanlar\u0131n\u0131n ba\u011f\u0131ms\u0131zl\u0131\u011f\u0131 sa\u011flanacak ve kamuda denetime kapal\u0131 alanlar en aza indirilecektir.<\/font><\/p>\n<p style=\"MARGIN-TOP: 0px; MARGIN-BOTTOM: 0px; TEXT-ALIGN: justify\"><font face=\"tahoma,arial,helvetica,sans-serif\" color=\"#003399\" size=\"2\">\u00b7Kamu y&ouml;neticilerinin atanmas\u0131nda teknik yeterlili\u011fin yan\u0131 s\u0131ra, d&uuml;r&uuml;stl&uuml;k de temel bir &ouml;l\u00e7&uuml;t olarak dikkate al\u0131nacak ve tam anlam\u0131yla liyakat sistemi hayata ge\u00e7irilecektir.<\/font><\/p>\n<p style=\"MARGIN-TOP: 0px; MARGIN-BOTTOM: 0px; TEXT-ALIGN: justify\"><font face=\"tahoma,arial,helvetica,sans-serif\" color=\"#003399\" size=\"2\">\u00b7Siyasal sistem, medya, yarg\u0131 sistemi, kamu y&ouml;netimi, sivil toplum ve &ouml;zel sekt&ouml;r temsilcilerinin katk\u0131s\u0131 ile yolsuzluk sorununa \u00e7ok boyutlu \u00e7&ouml;z&uuml;mler aranacak ve geli\u015fmelerin a\u00e7\u0131k\u00e7a izlendi\u011fi mekanizmalar kurulacakt\u0131r.<\/font><\/p>\n<p style=\"MARGIN-TOP: 0px; MARGIN-BOTTOM: 0px; TEXT-ALIGN: justify\"><font face=\"tahoma,arial,helvetica,sans-serif\" color=\"#003399\" size=\"2\">\u00b7T&uuml;rkiye&#8217;nin, Avrupa Konseyi \u00e7er\u00e7evesinde olu\u015fturulan Yolsuzlu\u011fa Kar\u015f\u0131 Devletler Grubuna (GRECO) kat\u0131l\u0131m\u0131 sa\u011flanacak, Konsey taraf\u0131ndan haz\u0131rlanan Yolsuzluklar Hakk\u0131nda Ceza Hukuku S&ouml;zle\u015fmesi ile Yolsuzluklar Hakk\u0131nda Medeni Hukuk S&ouml;zle\u015fmesi imzalanarak onaylanacakt\u0131r. Yolsuzluklar\u0131n &ouml;nlenmesinde uluslar aras\u0131 i\u015fbirli\u011fine &ouml;nem verilecektir.<\/font><\/p>\n<\/blockquote>\n<p style=\"MARGIN-TOP: 0px; MARGIN-BOTTOM: 0px\" align=\"justify\"><b><font face=\"tahoma,arial,helvetica,sans-serif\" color=\"#003399\" size=\"2\"><a name=\"C- \u0130\u015eS\u0130ZL\u0130\u011e\u0130N \u00d6NLENMES\u0130\">C- \u0130\u015eS\u0130ZL\u0130\u011e\u0130N &Ouml;NLENMES\u0130<\/a><\/font><\/b><\/p>\n<p style=\"MARGIN-TOP: 0px; MARGIN-BOTTOM: 0px; TEXT-ALIGN: justify\"><font face=\"tahoma,arial,helvetica,sans-serif\" color=\"#003399\" size=\"2\">Vatanda\u015flar\u0131na \u00e7al\u0131\u015farak ge\u00e7inmelerini sa\u011flayacak i\u015f imkanlar\u0131 olu\u015fturmak, \u00e7a\u011fda\u015f devletin temel g&ouml;revlerindendir. Gen\u00e7 bir n&uuml;fusa sahip olan &uuml;lkemiz, artan n&uuml;fusa yetecek istihdam alan\u0131 a\u00e7amamaktan kaynaklanan &#8220;<b>yap\u0131sal i\u015fsizlik<\/b>&#8221; sorunu ile kar\u015f\u0131 kar\u015f\u0131yad\u0131r. Bu sorunlar\u0131n \u00e7&ouml;z&uuml;mlenmesi ve i\u015fsizli\u011fin azalt\u0131lmas\u0131 i\u00e7in a\u015fa\u011f\u0131daki tedbirler al\u0131nacakt\u0131r:<\/font><\/p>\n<blockquote>\n<p style=\"MARGIN-TOP: 0px; MARGIN-BOTTOM: 0px; TEXT-ALIGN: justify\"><font face=\"tahoma,arial,helvetica,sans-serif\" color=\"#003399\" size=\"2\">\u00b7Ekonomik b&uuml;y&uuml;me, istihdam\u0131 art\u0131rma ve i\u015fsizli\u011fi azaltman\u0131n en temel yoludur. Yerli ve yabanc\u0131 sermayenin &uuml;lkemizde yat\u0131r\u0131m yapmas\u0131 &ouml;zendirilerek, makro ekonomik ortamda, s&uuml;rd&uuml;r&uuml;lebilir b&uuml;y&uuml;me sa\u011flanacakt\u0131r.<\/font><\/p>\n<p style=\"MARGIN-TOP: 0px; MARGIN-BOTTOM: 0px; TEXT-ALIGN: justify\"><font face=\"tahoma,arial,helvetica,sans-serif\" color=\"#003399\" size=\"2\">\u00b7Ulusal ekonomi stratejisi belirlenirken tam istihdam hedef al\u0131nacak, bu hedef g&ouml;zetilerek ekonomik b&uuml;y&uuml;meye, reel sekt&ouml;r yat\u0131r\u0131mlar\u0131na ve &uuml;retime d&ouml;n&uuml;k politikalar geli\u015ftirilecektir.<\/font><\/p>\n<p style=\"MARGIN-TOP: 0px; MARGIN-BOTTOM: 0px; TEXT-ALIGN: justify\"><font face=\"tahoma,arial,helvetica,sans-serif\" color=\"#003399\" size=\"2\">\u00b7&Uuml;lke ger\u00e7eklerine ve teknolojik geli\u015fmelere cevap verecek bir insang&uuml;c&uuml; planlamas\u0131 yap\u0131lacak, mesleki ve teknik e\u011fitime a\u011f\u0131rl\u0131k verilecektir. Her ya\u015ftaki i\u015fsiz ve mesleksiz ki\u015filerin, ilgilerine, yeteneklerine ve fiziki &ouml;zelliklerine uygun meslek sahibi olabilmeleri amac\u0131yla k\u0131sa s&uuml;reli e\u011fitim ve dan\u0131\u015fmanl\u0131k hizmetleri etkin hale getirilecektir.<\/font><\/p>\n<p style=\"MARGIN-TOP: 0px; MARGIN-BOTTOM: 0px; TEXT-ALIGN: justify\"><font face=\"tahoma,arial,helvetica,sans-serif\" color=\"#003399\" size=\"2\">\u00b7K\u0131rsal kesimde tar\u0131m d\u0131\u015f\u0131 iktisadi faaliyetlerin ve tar\u0131ma dayal\u0131 sanayiin geli\u015fmesine a\u011f\u0131rl\u0131k verilecek, tar\u0131m alan\u0131ndaki ihtiya\u00e7 fazlas\u0131 aktif ve verimi d&uuml;\u015f&uuml;k i\u015fg&uuml;c&uuml;n&uuml;n, mesleki e\u011fitimden ge\u00e7irilerek sanayi sekt&ouml;r&uuml;ne ve verimli hizmet alanlar\u0131na kayd\u0131r\u0131lmas\u0131 y&ouml;n&uuml;nde politikalar uygulanacakt\u0131r.<\/font><\/p>\n<p style=\"MARGIN-TOP: 0px; MARGIN-BOTTOM: 0px; TEXT-ALIGN: justify\"><font face=\"tahoma,arial,helvetica,sans-serif\" color=\"#003399\" size=\"2\">\u00b7Ki\u015filerin mesleki nitelikleri bak\u0131m\u0131ndan g&uuml;venilir bir belgeye sahip olmas\u0131n\u0131 sa\u011flayacak <b>Ulusal Meslek Standartlar\u0131 Kurumu Kanunu<\/b> bir an &ouml;nce \u00e7\u0131kar\u0131lacak, <b>Ulusal Meslek Standartlar\u0131 ve Belgelendirme Sistemi<\/b> hayata ge\u00e7irilecektir.<\/font><\/p>\n<p style=\"MARGIN-TOP: 0px; MARGIN-BOTTOM: 0px; TEXT-ALIGN: justify\"><font face=\"tahoma,arial,helvetica,sans-serif\" color=\"#003399\" size=\"2\">\u00b7Standart d\u0131\u015f\u0131 esnek \u00e7al\u0131\u015fma bi\u00e7imleri, &uuml;lke \u015fartlar\u0131na ve uluslararas\u0131 kriterlere uygun yasal d&uuml;zenlemeye kavu\u015fturulacakt\u0131r.<\/font><\/p>\n<p style=\"MARGIN-TOP: 0px; MARGIN-BOTTOM: 0px; TEXT-ALIGN: justify\"><font face=\"tahoma,arial,helvetica,sans-serif\" color=\"#003399\" size=\"2\">\u00b7\u0130stihdamdan al\u0131nan vergiler ve primler g&ouml;zden ge\u00e7irilerek, gerekli &ouml;nlemler al\u0131nmak suretiyle, haks\u0131z rekabete yol a\u00e7an kay\u0131t d\u0131\u015f\u0131 istihdam ve yabanc\u0131 ka\u00e7ak i\u015f\u00e7i \u00e7al\u0131\u015ft\u0131r\u0131lmas\u0131 &ouml;nlenecektir.<\/font><\/p>\n<p style=\"MARGIN-TOP: 0px; MARGIN-BOTTOM: 0px; TEXT-ALIGN: justify\"><font face=\"tahoma,arial,helvetica,sans-serif\" color=\"#003399\" size=\"2\">\u00b7\u0130stihdam yaratmadaki etkinlikleri ve esneklikleri, konjonkt&uuml;rel dalgalanmalara uyum kabiliyetleri, b&ouml;lgeler aras\u0131 geli\u015fmi\u015flik ve gelir farkl\u0131l\u0131klar\u0131n\u0131n giderilmesindeki &ouml;nemleri dikkate al\u0131narak, KOB\u0130&#8217;lerin geli\u015fmesi desteklenecektir.<\/font><\/p>\n<p style=\"MARGIN-TOP: 0px; MARGIN-BOTTOM: 0px; TEXT-ALIGN: justify\"><font face=\"tahoma,arial,helvetica,sans-serif\" color=\"#003399\" size=\"2\">\u00b7Emek-yo\u011fun bir sekt&ouml;r olmas\u0131 ve beraberinde y&uuml;z&uuml; a\u015fk\u0131n alt sekt&ouml;rleri harekete ge\u00e7irmesi nedeniyle in\u015faat sekt&ouml;r&uuml;n&uuml; canland\u0131r\u0131c\u0131 &ouml;nlemler al\u0131nacakt\u0131r.<\/font><\/p>\n<p style=\"MARGIN-TOP: 0px; MARGIN-BOTTOM: 0px; TEXT-ALIGN: justify\"><font face=\"tahoma,arial,helvetica,sans-serif\" color=\"#003399\" size=\"2\">\u00b7\u00c7ocuk i\u015f\u00e7ili\u011fi ile etkin bir bi\u00e7imde m&uuml;cadele edilecek, \u00e7ocuklar\u0131n sadece mesleki e\u011fitimleri nedeniyle istihdam edilmesine izin verilecektir.<\/font><\/p>\n<\/blockquote>\n<p style=\"MARGIN-TOP: 0px; MARGIN-BOTTOM: 0px\" align=\"justify\"><b><font face=\"tahoma,arial,helvetica,sans-serif\" color=\"#003399\" size=\"2\"><a name=\"D- N\u0130TEL\u0130KL\u0130 E\u011e\u0130T\u0130M\">D- N\u0130TEL\u0130KL\u0130 E\u011e\u0130T\u0130M<\/a><\/font><\/b><\/p>\n<p style=\"MARGIN-TOP: 0px; MARGIN-BOTTOM: 0px; TEXT-ALIGN: justify\"><font color=\"#003399\"><font face=\"tahoma,arial,helvetica,sans-serif\"><span style=\"FONT-WEIGHT: normal; FONT-STYLE: normal\"><font size=\"2\">Ya\u015fad\u0131\u011f\u0131m\u0131z s\u0131k\u0131nt\u0131lar\u0131n \u00e7o\u011funun kayna\u011f\u0131 ve \u00e7&ouml;z&uuml;m&uuml; e\u011fitimde sakl\u0131d\u0131r. <\/font><\/span><font size=\"2\"><span style=\"FONT-STYLE: normal\">PART\u0130M\u0130Z\u0130N<\/span><span style=\"FONT-WEIGHT: normal; FONT-STYLE: normal\"> e\u011fitimde temel hedefi, &#8220;<\/span><span style=\"FONT-STYLE: normal\">fikri h&uuml;r, vicdan\u0131 h&uuml;r, irfan\u0131 h&uuml;r nesiller yeti\u015ftirmektir<\/span><\/font><span style=\"FONT-WEIGHT: normal; FONT-STYLE: normal\"><font size=\"2\">.&#8221; Bu ama\u00e7la &uuml;lkemiz insan\u0131n\u0131n,<\/font><\/span><\/font><\/font><\/p>\n<blockquote>\n<p style=\"MARGIN-TOP: 0px; MARGIN-BOTTOM: 0px; TEXT-ALIGN: justify\"><font face=\"tahoma,arial,helvetica,sans-serif\" color=\"#003399\" size=\"2\">\u00b7&Ouml;zg&uuml;r d&uuml;\u015f&uuml;nen ve ba\u011f\u0131ms\u0131z karar verebilen,<\/font><\/p>\n<p style=\"MARGIN-TOP: 0px; MARGIN-BOTTOM: 0px; TEXT-ALIGN: justify\"><font face=\"tahoma,arial,helvetica,sans-serif\" color=\"#003399\" size=\"2\">\u00b7Yeniliklere a\u00e7\u0131k,<\/font><\/p>\n<p style=\"MARGIN-TOP: 0px; MARGIN-BOTTOM: 0px; TEXT-ALIGN: justify\"><font face=\"tahoma,arial,helvetica,sans-serif\" color=\"#003399\" size=\"2\">\u00b7&Ouml;zg&uuml;ven sahibi,<\/font><\/p>\n<p style=\"MARGIN-TOP: 0px; MARGIN-BOTTOM: 0px; TEXT-ALIGN: justify\"><font face=\"tahoma,arial,helvetica,sans-serif\" color=\"#003399\" size=\"2\">\u00b7Hayata olumlu bakan,<\/font><\/p>\n<p style=\"MARGIN-TOP: 0px; MARGIN-BOTTOM: 0px; TEXT-ALIGN: justify\"><font face=\"tahoma,arial,helvetica,sans-serif\" color=\"#003399\" size=\"2\">\u00b7Problem \u00e7&ouml;zme yetene\u011fi geli\u015fmi\u015f,<\/font><\/p>\n<p style=\"MARGIN-TOP: 0px; MARGIN-BOTTOM: 0px; TEXT-ALIGN: justify\"><font face=\"tahoma,arial,helvetica,sans-serif\" color=\"#003399\" size=\"2\">\u00b7Bilim ve teknoloji &uuml;retebilen,<\/font><\/p>\n<\/blockquote>\n<p style=\"MARGIN-TOP: 0px; MARGIN-BOTTOM: 0px; TEXT-ALIGN: justify\"><span style=\"FONT-WEIGHT: normal; FONT-STYLE: normal\"><font face=\"tahoma,arial,helvetica,sans-serif\" color=\"#003399\" size=\"2\">bireyler olarak yeti\u015ftirilmelerini sa\u011flayacak &ouml;nlemler al\u0131nacakt\u0131r.<\/font><\/span><\/p>\n<p style=\"MARGIN-TOP: 0px; MARGIN-BOTTOM: 0px; TEXT-ALIGN: justify\"><font face=\"tahoma,arial,helvetica,sans-serif\">&nbsp;<\/font><\/p>\n<p style=\"MARGIN-TOP: 0px; MARGIN-BOTTOM: 0px; TEXT-ALIGN: justify\"><b><font face=\"tahoma,arial,helvetica,sans-serif\" color=\"#003399\" size=\"2\">T&uuml;rkiye&#8217;de nitelikli e\u011fitim hedefine ula\u015f\u0131labilmesi i\u00e7in;<\/font><\/b><\/p>\n<blockquote>\n<p style=\"MARGIN-TOP: 0px; MARGIN-BOTTOM: 0px; TEXT-ALIGN: justify\"><font face=\"tahoma,arial,helvetica,sans-serif\" color=\"#003399\" size=\"2\">\u00b7Halen uygulanmakta olan &ouml;nyarg\u0131l\u0131 ve ezbere dayanan yakla\u015f\u0131m terk edilecek, evrensel de\u011ferleri &ouml;ne alan, insan\u0131 merkeze yerle\u015ftiren demokratik ve \u00e7a\u011fda\u015f bir yakla\u015f\u0131m benimsenecektir.<\/font><\/p>\n<p style=\"MARGIN-TOP: 0px; MARGIN-BOTTOM: 0px; TEXT-ALIGN: justify\"><font face=\"tahoma,arial,helvetica,sans-serif\" color=\"#003399\" size=\"2\">\u00b7E\u011fitim politikalar\u0131n\u0131n belirlenmesinde ve e\u011fitim hizmetlerinin yerine getirilmesinde kat\u0131l\u0131mc\u0131 kanallar a\u00e7\u0131k tutulacakt\u0131r.<\/font><\/p>\n<p style=\"MARGIN-TOP: 0px; MARGIN-BOTTOM: 0px; TEXT-ALIGN: justify\"><font face=\"tahoma,arial,helvetica,sans-serif\" color=\"#003399\" size=\"2\">\u00b7Milli E\u011fitim Bakanl\u0131\u011f\u0131 merkez te\u015fkilat\u0131, e\u011fitim hizmetlerinin etkili koordinasyonuna imkan verecek \u015fekilde yeniden yap\u0131land\u0131r\u0131lacak, hiyerar\u015fik basamak say\u0131s\u0131 karar s&uuml;recinin h\u0131zlanmas\u0131na imkan verecek \u015fekilde azalt\u0131lacakt\u0131r.<\/font><\/p>\n<p style=\"MARGIN-TOP: 0px; MARGIN-BOTTOM: 0px; TEXT-ALIGN: justify\"><font face=\"tahoma,arial,helvetica,sans-serif\" color=\"#003399\" size=\"2\">\u00b7Milli E\u011fitim Bakanl\u0131\u011f\u0131&#8217;n\u0131n &uuml;st kademelerinde toplanan yetkiler, alt birimlere ve ta\u015fra y&ouml;netimine dengeli olarak aktar\u0131lacak, yerel y&ouml;netimlerin e\u011fitimdeki rol&uuml; art\u0131r\u0131lacakt\u0131r.<\/font><\/p>\n<p style=\"MARGIN-TOP: 0px; MARGIN-BOTTOM: 0px; TEXT-ALIGN: justify\"><font face=\"tahoma,arial,helvetica,sans-serif\" color=\"#003399\" size=\"2\">\u00b7\u0130lk&ouml;\u011fretimde, rehberlik uygulamas\u0131 etkili hale getirilerek, ailelerin de tam kat\u0131l\u0131m\u0131 sa\u011flanarak \u00e7ocuklar\u0131n kabiliyet ve e\u011filimlerine g&ouml;re y&ouml;nlendirme sisteminin kurulmas\u0131 ve geli\u015ftirilmesi y&ouml;n&uuml;nde \u00e7aba sarf edilecektir.<\/font><\/p>\n<p style=\"MARGIN-TOP: 0px; MARGIN-BOTTOM: 0px; TEXT-ALIGN: justify\"><font color=\"#003399\"><font face=\"tahoma,arial,helvetica,sans-serif\"><font size=\"2\">\u00b7<\/font><b><font size=\"2\">Orta&ouml;\u011fretim<\/font><\/b><font size=\"2\">, hem mesle\u011fe hem de y&uuml;ksek &ouml;\u011fretime haz\u0131rlayan mesleki ve teknik liselerle, sadece &uuml;niversiteye haz\u0131rlayan liselerden olu\u015facakt\u0131r. Mesleki ve teknik liselerin orta&ouml;\u011fretim i\u00e7indeki a\u011f\u0131rl\u0131\u011f\u0131 art\u0131r\u0131lacak ve bu liselerden mezun olanlar\u0131n &uuml;niversiteye giri\u015f s\u0131nav sisteminden kaynaklanan adaletsizlik d&uuml;zeltilecektir.<\/font><\/font><\/font><\/p>\n<p style=\"MARGIN-TOP: 0px; MARGIN-BOTTOM: 0px; TEXT-ALIGN: justify\"><font face=\"tahoma,arial,helvetica,sans-serif\" color=\"#003399\" size=\"2\">\u00b7M&uuml;fredat programlar\u0131, g&uuml;n&uuml;n geli\u015fen ve de\u011fi\u015fen \u015fartlar\u0131na uygun olarak s&uuml;rekli olarak yenilenecek, MEB Talim ve Terbiye Kurulu bu amac\u0131 ger\u00e7ekle\u015ftirecek imkanlara ve yap\u0131ya kavu\u015fturulacakt\u0131r.<\/font><\/p>\n<p style=\"MARGIN-TOP: 0px; MARGIN-BOTTOM: 0px; TEXT-ALIGN: justify\"><font face=\"tahoma,arial,helvetica,sans-serif\" color=\"#003399\" size=\"2\">\u00b7\u00c7a\u011fda\u015f e\u011fitim y&ouml;ntemleri ve teknolojileri yak\u0131ndan izlenecek, &ouml;zellikle &ouml;\u011frencilerin bilgisayar ve di\u011fer teknolojik ara\u00e7lar\u0131 kullanma yetene\u011fi kazanmas\u0131na &ouml;zel bir &ouml;nem verilecektir. Yayg\u0131n ve &ouml;rg&uuml;n e\u011fitimin her a\u015famas\u0131nda <b>e-e\u011fitim<\/b> y&uuml;r&uuml;rl&uuml;\u011fe konacakt\u0131r.<\/font><\/p>\n<p style=\"MARGIN-TOP: 0px; MARGIN-BOTTOM: 0px; TEXT-ALIGN: justify\"><font face=\"tahoma,arial,helvetica,sans-serif\" color=\"#003399\" size=\"2\">\u00b7E\u011fitimin temel hedeflerinden biri T&uuml;rk\u00e7e&#8217;nin \u00e7ok iyi &ouml;\u011fretilmesidir.<\/font><\/p>\n<p style=\"MARGIN-TOP: 0px; MARGIN-BOTTOM: 0px; TEXT-ALIGN: justify\"><font face=\"tahoma,arial,helvetica,sans-serif\" color=\"#003399\" size=\"2\">\u00b7Yabanc\u0131 dil bilmenin &ouml;neminin giderek artt\u0131\u011f\u0131 g&uuml;n&uuml;m&uuml;zde, yabanc\u0131 dil ile e\u011fitim yerine, okullarda en az bir yabanc\u0131 dilin iyi bir \u015fekilde &ouml;\u011fretilmesi hedeflenecektir.<\/font><\/p>\n<p style=\"MARGIN-TOP: 0px; MARGIN-BOTTOM: 0px; TEXT-ALIGN: justify\"><font face=\"tahoma,arial,helvetica,sans-serif\" color=\"#003399\" size=\"2\">\u00b7&Ouml;\u011fretmenlik mesle\u011finin toplumda hak etti\u011fi itibar\u0131 yakalayabilmesi i\u00e7in &ouml;\u011fretmenlerin nitelikleri art\u0131r\u0131lacak, buna paralel olarak &ouml;zl&uuml;k haklar\u0131 ve \u00e7al\u0131\u015fma \u015fartlar\u0131 iyile\u015ftirilecektir.<\/font><\/p>\n<p style=\"MARGIN-TOP: 0px; MARGIN-BOTTOM: 0px; TEXT-ALIGN: justify\"><font face=\"tahoma,arial,helvetica,sans-serif\" color=\"#003399\" size=\"2\">\u00b7E\u011fitim alan\u0131nda etkili bir planlamaya dayal\u0131 fayda-maliyet analizi yap\u0131larak, e\u011fitime daha \u00e7ok kaynak ayr\u0131lacakt\u0131r.<\/font><\/p>\n<p style=\"MARGIN-TOP: 0px; MARGIN-BOTTOM: 0px; TEXT-ALIGN: justify\"><font face=\"tahoma,arial,helvetica,sans-serif\" color=\"#003399\" size=\"2\">\u00b7E\u011fitimin her alan\u0131nda &ouml;zel te\u015febb&uuml;s desteklenecek ve &ouml;zel te\u015febb&uuml;s&uuml;n e\u011fitimdeki pay\u0131 art\u0131r\u0131lacakt\u0131r.<\/font><\/p>\n<p style=\"MARGIN-TOP: 0px; MARGIN-BOTTOM: 0px; TEXT-ALIGN: justify\"><font face=\"tahoma,arial,helvetica,sans-serif\" color=\"#003399\" size=\"2\">\u00b7Ba\u015far\u0131 k\u0131stas\u0131 esas al\u0131narak, maddi durumu iyi olmayan ailelerin \u00e7ocuklar\u0131n\u0131n da &ouml;zel okullarda okuyabilmelerini sa\u011flayabilmek amac\u0131yla devlet taraf\u0131ndan hizmet sat\u0131n al\u0131nmas\u0131 yoluna gidilecektir.<\/font><\/p>\n<p style=\"MARGIN-TOP: 0px; MARGIN-BOTTOM: 0px; TEXT-ALIGN: justify\"><font face=\"tahoma,arial,helvetica,sans-serif\" color=\"#003399\" size=\"2\">\u00b7E\u011fitimin her kademesinde imkan ve f\u0131rsat e\u015fitli\u011fi sa\u011flanacak, herkese kabiliyeti &ouml;l\u00e7&uuml;s&uuml;nde alabilece\u011fi maksimum e\u011fitim hizmeti sunulacakt\u0131r.<\/font><\/p>\n<p style=\"MARGIN-TOP: 0px; MARGIN-BOTTOM: 0px; TEXT-ALIGN: justify\"><font face=\"tahoma,arial,helvetica,sans-serif\" color=\"#003399\" size=\"2\">\u00b7E\u011fitim hakk\u0131n\u0131n kullan\u0131lmas\u0131n\u0131n &ouml;n&uuml;ndeki engeller kald\u0131r\u0131lacak, e\u011fitim hayat boyu s&uuml;recek bir s&uuml;re\u00e7 olarak kabul ve te\u015fvik edilerek, kademeler aras\u0131nda yatay ve dikey ge\u00e7i\u015f imkanlar\u0131 sa\u011flanacakt\u0131r.<\/font><\/p>\n<\/blockquote>\n<p style=\"MARGIN-TOP: 0px; MARGIN-BOTTOM: 0px\" align=\"justify\"><b><font face=\"tahoma,arial,helvetica,sans-serif\" color=\"#003399\" size=\"2\">&Uuml;niversiteler<\/font><\/b><\/p>\n<p style=\"MARGIN-TOP: 0px; MARGIN-BOTTOM: 0px\" align=\"justify\"><font face=\"tahoma,arial,helvetica,sans-serif\" color=\"#003399\" size=\"2\">Temel g&ouml;revi &ouml;zg&uuml;rce bilgi &uuml;retmek, yaymak, ulusal ve uluslararas\u0131 d&uuml;zeyde bilimsel ara\u015ft\u0131rma ve incelemeler yapmak ve nitelikli bir e\u011fitim-&ouml;\u011fretim vermek olan &uuml;niversitelerimiz, son y\u0131llarda uygulanan yanl\u0131\u015f politikalar nedeniyle problem yuma\u011f\u0131 haline gelmi\u015ftir.<\/font><\/p>\n<p style=\"MARGIN-TOP: 0px; MARGIN-BOTTOM: 0px\" align=\"justify\"><font face=\"tahoma,arial,helvetica,sans-serif\">&nbsp;<\/font><\/p>\n<p style=\"MARGIN-TOP: 0px; MARGIN-BOTTOM: 0px\" align=\"justify\"><font face=\"tahoma,arial,helvetica,sans-serif\" color=\"#003399\" size=\"2\">&Ouml;\u011fretim &uuml;yesi ba\u015f\u0131na d&uuml;\u015fen &ouml;\u011frenci say\u0131s\u0131ndaki art\u0131\u015f, &uuml;niversite-sanayi i\u015fbirli\u011finin yeterince sa\u011flanamamas\u0131, akademik &ouml;zg&uuml;rl&uuml;klerin kullan\u0131lmas\u0131nda kar\u015f\u0131la\u015f\u0131lan g&uuml;\u00e7l&uuml;kler de &uuml;niversitelerimizin bilimsel ara\u015ft\u0131rma potansiyelini a\u00e7\u0131\u011fa \u00e7\u0131karmalar\u0131na engel olmu\u015ftur. Biriken bu sorunlar\u0131n \u00e7&ouml;z&uuml;m&uuml; i\u00e7in k&ouml;kl&uuml; bir reforma ihtiya\u00e7 vard\u0131r.<\/font><\/p>\n<p style=\"MARGIN-TOP: 0px; MARGIN-BOTTOM: 0px\" align=\"justify\"><font face=\"tahoma,arial,helvetica,sans-serif\">&nbsp;<\/font><\/p>\n<p style=\"MARGIN-TOP: 0px; MARGIN-BOTTOM: 0px\" align=\"justify\"><font color=\"#003399\"><font face=\"tahoma,arial,helvetica,sans-serif\"><b><font size=\"2\">PART\u0130M\u0130Z<\/font><\/b><font size=\"2\">, &uuml;niversitelerin \u00e7a\u011fda\u015f anlamda &ouml;\u011fretim ve ara\u015ft\u0131rma kurumu olmalar\u0131n\u0131 sa\u011flayacak d&uuml;zenlemeleri ger\u00e7ekle\u015ftirecektir.<\/font><\/font><\/font><\/p>\n<blockquote>\n<p style=\"MARGIN-TOP: 0px; MARGIN-BOTTOM: 0px\" align=\"justify\"><font face=\"tahoma,arial,helvetica,sans-serif\" color=\"#003399\" size=\"2\">\u00b7Y&uuml;ksek &Ouml;\u011fretim Kurumu (Y&Ouml;K), &uuml;niversiteler aras\u0131nda koordinasyon sa\u011flayan, standartlar belirleyen bir yap\u0131ya kavu\u015fturulacak; &uuml;niversiteler idari ve akademik &ouml;zerkli\u011fi olan, &ouml;\u011fretim elemanlar\u0131 ve &ouml;\u011frencilerin serbest\u00e7e bilimsel faaliyette bulundu\u011fu, ara\u015ft\u0131rma ve &ouml;\u011fretim kurumlar\u0131 d&uuml;zeyine \u00e7\u0131kar\u0131lacakt\u0131r.<\/font><\/p>\n<p style=\"MARGIN-TOP: 0px; MARGIN-BOTTOM: 0px\" align=\"justify\"><font face=\"tahoma,arial,helvetica,sans-serif\" color=\"#003399\" size=\"2\">\u00b7&Uuml;niversiteler, her \u00e7e\u015fit d&uuml;\u015f&uuml;ncenin demokratik bir ortamda, ho\u015fg&ouml;r&uuml; i\u00e7inde &ouml;\u011fretilip tart\u0131\u015f\u0131ld\u0131\u011f\u0131, yasaklar\u0131n ve s\u0131n\u0131rlamalar\u0131n olmad\u0131\u011f\u0131 &ouml;zg&uuml;r bir foruma d&ouml;n&uuml;\u015ft&uuml;r&uuml;lecektir.<\/font><\/p>\n<p style=\"MARGIN-TOP: 0px; MARGIN-BOTTOM: 0px\" align=\"justify\"><font face=\"tahoma,arial,helvetica,sans-serif\" color=\"#003399\" size=\"2\">\u00b7Bir proje \u00e7er\u00e7evesinde &uuml;niversitelerin &ouml;\u011fretim eleman\u0131, fiziki altyap\u0131, dok&uuml;mantasyon ve donan\u0131m ihtiyac\u0131 belirlenerek eksikliklerinin en k\u0131sa s&uuml;rede kar\u015f\u0131lanmas\u0131 yoluna gidilecektir.<\/font><\/p>\n<p style=\"MARGIN-TOP: 0px; MARGIN-BOTTOM: 0px; TEXT-ALIGN: justify\"><font face=\"tahoma,arial,helvetica,sans-serif\" color=\"#003399\" size=\"2\">\u00b7Rekt&ouml;r, dekan, b&ouml;l&uuml;m ba\u015fkan\u0131, ana bilim dal\u0131 ba\u015fkan\u0131, enstit&uuml; m&uuml;d&uuml;r&uuml; gibi her kademedeki akademik y&ouml;neticinin se\u00e7imle i\u015fba\u015f\u0131na gelmesini sa\u011flayacak yasal d&uuml;zenlemeler yap\u0131lacakt\u0131r.<\/font><\/p>\n<p style=\"MARGIN-TOP: 0px; MARGIN-BOTTOM: 0px; TEXT-ALIGN: justify\"><font color=\"#003399\"><font face=\"tahoma,arial,helvetica,sans-serif\"><font size=\"2\">\u00b7<\/font><b><font size=\"2\">PART\u0130M\u0130Z<\/font><\/b><font size=\"2\">, &uuml;niversitelerin yurt d&uuml;zeyinde daha yayg\u0131n hale getirilmesinden yanad\u0131r. Ancak, yeni &uuml;niversitelerin kurulmas\u0131nda objektif kriterler geli\u015ftirilecektir.<\/font><\/font><\/font><\/p>\n<p style=\"MARGIN-TOP: 0px; MARGIN-BOTTOM: 0px; TEXT-ALIGN: justify\"><font face=\"tahoma,arial,helvetica,sans-serif\" color=\"#003399\" size=\"2\">\u00b7&Uuml;niversiteye yerle\u015ftirme sistemi, mesleki ve teknik e\u011fitime talebi d&uuml;\u015f&uuml;ren, haks\u0131z ve adaletsiz uygulamalara sebep olmaktad\u0131r. S\u0131navlar, yar\u0131\u015fmay\u0131 te\u015fvik edecek ve adaleti sa\u011flayacak \u015fekilde de\u011fi\u015ftirilecektir.<\/font><\/p>\n<p style=\"MARGIN-TOP: 0px; MARGIN-BOTTOM: 0px; TEXT-ALIGN: justify\"><font face=\"tahoma,arial,helvetica,sans-serif\" color=\"#003399\" size=\"2\">\u00b7Meslek e\u011fitimi veren iki y\u0131ll\u0131k meslek y&uuml;ksek okullar\u0131, &uuml;niversite b&uuml;nyeleri d\u0131\u015f\u0131nda, ara insang&uuml;c&uuml; yeti\u015ftirecek bir \u015fekilde ayr\u0131 bir grupta toplanacakt\u0131r.<\/font><\/p>\n<p style=\"MARGIN-TOP: 0px; MARGIN-BOTTOM: 0px; TEXT-ALIGN: justify\"><font face=\"tahoma,arial,helvetica,sans-serif\" color=\"#003399\" size=\"2\">\u00b7A\u00e7\u0131k &ouml;\u011fretim, her ya\u015ftan ve meslekten insan\u0131n bir mesle\u011fi &ouml;\u011frenmesine ya da kendisini geli\u015ftirmesine imkan veren \u00e7ok y&ouml;nl&uuml; e\u011fitim kurumlar\u0131 olarak yayg\u0131nla\u015ft\u0131r\u0131lacakt\u0131r.<\/font><\/p>\n<\/blockquote>\n<p style=\"MARGIN-TOP: 0px; MARGIN-BOTTOM: 0px\" align=\"justify\"><b><span lang=\"EN-US\"><font face=\"tahoma,arial,helvetica,sans-serif\" color=\"#003399\" size=\"2\"><a name=\"E- SA\u011eLIKLI TOPLUM\">E- SA\u011eLIKLI TOPLUM<\/a><\/font><\/span><\/b><\/p>\n<p style=\"MARGIN-TOP: 0px; MARGIN-BOTTOM: 0px\" align=\"justify\"><span style=\"FONT-WEIGHT: normal\"><font face=\"tahoma,arial,helvetica,sans-serif\" color=\"#003399\" size=\"2\">Etkin ve kaliteli bir sa\u011fl\u0131k sistemi, nitelikli bir toplum i\u00e7in vazge\u00e7ilmezdir. Devlet, herkesin temel sa\u011fl\u0131k ihtiyac\u0131n\u0131, gerekirse &ouml;zel sekt&ouml;rle i\u015fbirli\u011fi yaparak yerine getirmek zorundad\u0131r. &Uuml;lkemizde sa\u011fl\u0131k hizmetlerinin yurt d&uuml;zeyinde da\u011f\u0131l\u0131m\u0131 dengesizdir. Baz\u0131 b&ouml;lgelerimizde hekim, hem\u015fire, ebe ve yard\u0131mc\u0131 sa\u011fl\u0131k personeli yetersizdir.<\/font><\/span><\/p>\n<p style=\"MARGIN-TOP: 0px; MARGIN-BOTTOM: 0px\" align=\"justify\"><font face=\"tahoma,arial,helvetica,sans-serif\">&nbsp;<\/font><\/p>\n<p style=\"MARGIN-TOP: 0px; MARGIN-BOTTOM: 0px\" align=\"justify\"><span style=\"FONT-WEIGHT: normal\"><font face=\"tahoma,arial,helvetica,sans-serif\" color=\"#003399\" size=\"2\">Devletin sundu\u011fu sa\u011fl\u0131k hizmetlerinden zaman\u0131nda ve gerekti\u011fi gibi yararlanamayan kesimlerin kar\u015f\u0131la\u015ft\u0131\u011f\u0131 muamele vicdanlar\u0131 yaralayan bir g&ouml;r&uuml;n&uuml;m arz etmektedir. Sa\u011fl\u0131k hizmetlerindeki eksikli\u011fin bedeli insan hayat\u0131d\u0131r.<\/font><\/span><\/p>\n<p style=\"MARGIN-TOP: 0px; MARGIN-BOTTOM: 0px\" align=\"justify\"><font face=\"tahoma,arial,helvetica,sans-serif\">&nbsp;<\/font><\/p>\n<p style=\"MARGIN-TOP: 0px; MARGIN-BOTTOM: 0px\" align=\"justify\"><font face=\"tahoma,arial,helvetica,sans-serif\" color=\"#003399\" size=\"2\">Nitelikli bir sa\u011fl\u0131k hizmeti i\u00e7in;<\/font><\/p>\n<blockquote>\n<p style=\"MARGIN-TOP: 0px; MARGIN-BOTTOM: 0px\" align=\"justify\"><font color=\"#003399\"><font face=\"tahoma,arial,helvetica,sans-serif\"><span style=\"FONT-WEIGHT: normal\"><font size=\"2\">\u00b7<\/font><\/span><span style=\"FONT-WEIGHT: normal\"><font size=\"2\">Devlet hastanesi, sigorta hastanesi, kurum hastanesi ay\u0131r\u0131m\u0131 kald\u0131r\u0131larak, <\/font><\/span><font size=\"2\">hastaneler idari ve mali y&ouml;nden &ouml;zerkli\u011fe<\/font><span style=\"FONT-WEIGHT: normal\"><font size=\"2\"> kavu\u015fturulacakt\u0131r. Sa\u011fl\u0131k Bakanl\u0131\u011f\u0131, olu\u015fturulacak bu yeni sisteme g&ouml;re yeniden yap\u0131land\u0131r\u0131lacakt\u0131r.<\/font><\/span><\/font><\/font><\/p>\n<p style=\"MARGIN-TOP: 0px; MARGIN-BOTTOM: 0px\" align=\"justify\"><font color=\"#003399\"><font face=\"tahoma,arial,helvetica,sans-serif\"><span style=\"FONT-WEIGHT: normal\"><font size=\"2\">\u00b7<\/font><\/span><span style=\"FONT-WEIGHT: normal\"><font size=\"2\">Sa\u011fl\u0131k hizmetinin sunumu ile finansman\u0131 birbirinden ayr\u0131lacakt\u0131r. Sa\u011fl\u0131k sigortas\u0131, uzun vadeli sigorta kollar\u0131ndan \u00e7\u0131kar\u0131lacakt\u0131r. N&uuml;fusun tamam\u0131n\u0131 kapsayacak \u015fekilde bir <\/font><\/span><font size=\"2\">Genel Sa\u011fl\u0131k Sigortas\u0131 Sistemi<\/font><span style=\"FONT-WEIGHT: normal\"><font size=\"2\"> kurulacak, prim &ouml;deme g&uuml;c&uuml; bulunmayanlar\u0131n primleri, devlet taraf\u0131ndan &ouml;denecektir.<\/font><\/span><\/font><\/font><\/p>\n<p style=\"MARGIN-TOP: 0px; MARGIN-BOTTOM: 0px\" align=\"justify\"><font color=\"#003399\"><font face=\"tahoma,arial,helvetica,sans-serif\"><span style=\"FONT-WEIGHT: normal\"><font size=\"2\">\u00b7<\/font><\/span><font size=\"2\">Anne ve \u00e7ocuk sa\u011fl\u0131\u011f\u0131na<span style=\"FONT-WEIGHT: normal\"> &ouml;zel bir &ouml;nem verilecek, <\/span>aile hekimli\u011fi<span style=\"FONT-WEIGHT: normal\"> uygulamas\u0131na ge\u00e7ilerek, sa\u011flam bir <\/span>hasta sevk zinciri sistemi<\/font><span style=\"FONT-WEIGHT: normal\"><font size=\"2\"> kurulacakt\u0131r.<\/font><\/span><\/font><\/font><\/p>\n<p style=\"MARGIN-TOP: 0px; MARGIN-BOTTOM: 0px\" align=\"justify\"><font color=\"#003399\"><font face=\"tahoma,arial,helvetica,sans-serif\"><span style=\"FONT-WEIGHT: normal\"><font size=\"2\">\u00b7<\/font><\/span><span style=\"FONT-WEIGHT: normal\"><font size=\"2\">Sa\u011fl\u0131k personeli, ihtiya\u00e7lara uygun nitelik ve say\u0131da yeti\u015ftirilecek, &ouml;zl&uuml;k haklar\u0131 iyile\u015ftirilecektir.<\/font><\/span><\/font><\/font><\/p>\n<p style=\"MARGIN-TOP: 0px; MARGIN-BOTTOM: 0px\" align=\"justify\"><font color=\"#003399\"><font face=\"tahoma,arial,helvetica,sans-serif\"><span style=\"FONT-WEIGHT: normal\"><font size=\"2\">\u00b7<\/font><\/span><font size=\"2\">Koruyucu hekimli\u011fin<span style=\"FONT-WEIGHT: normal\"> yayg\u0131nla\u015fmas\u0131 te\u015fvik edilecek, <\/span>halk ve \u00e7evre sa\u011fl\u0131\u011f\u0131<\/font><span style=\"FONT-WEIGHT: normal\"><font size=\"2\"> ile ilgili tedbirler al\u0131nacakt\u0131r.<\/font><\/span><\/font><\/font><\/p>\n<p style=\"MARGIN-TOP: 0px; MARGIN-BOTTOM: 0px\" align=\"justify\"><font color=\"#003399\"><font face=\"tahoma,arial,helvetica,sans-serif\"><span style=\"FONT-WEIGHT: normal\"><font size=\"2\">\u00b7<\/font><\/span><span style=\"FONT-WEIGHT: normal\"><font size=\"2\">Sa\u011fl\u0131k hizmetlerinin y&uuml;r&uuml;t&uuml;lmesinde bili\u015fim teknolojisinden azami &ouml;l\u00e7&uuml;de yararlan\u0131lacak, <\/font><\/span><font size=\"2\">sa\u011fl\u0131k bilgi sistemi<\/font><span style=\"FONT-WEIGHT: normal\"><font size=\"2\"> kurulacakt\u0131r.<\/font><\/span><\/font><\/font><\/p>\n<p style=\"MARGIN-TOP: 0px; MARGIN-BOTTOM: 0px\" align=\"justify\"><font color=\"#003399\"><font face=\"tahoma,arial,helvetica,sans-serif\"><span style=\"FONT-WEIGHT: normal\"><font size=\"2\">\u00b7<\/font><\/span><span style=\"FONT-WEIGHT: normal\"><font size=\"2\">&Ouml;zel sekt&ouml;r&uuml;n sa\u011fl\u0131k alan\u0131na yat\u0131r\u0131m yapmas\u0131 te\u015fvik edilecektir.<\/font><\/span><\/font><\/font><\/p>\n<p style=\"MARGIN-TOP: 0px; MARGIN-BOTTOM: 0px\" align=\"justify\"><font color=\"#003399\"><font face=\"tahoma,arial,helvetica,sans-serif\"><span style=\"FONT-WEIGHT: normal\"><font size=\"2\">\u00b7<\/font><\/span><span style=\"FONT-WEIGHT: normal\"><font size=\"2\">Hasta Haklar\u0131 T&uuml;z&uuml;\u011f&uuml; D&uuml;nya standartlar\u0131na g&ouml;re yeniden d&uuml;zenlenerek, hasta haklar\u0131n\u0131n korunmas\u0131 konusundaki hukuki eksiklik giderilecektir.<\/font><\/span><\/font><\/font><\/p>\n<\/blockquote>\n<p style=\"MARGIN-TOP: 0px; MARGIN-BOTTOM: 0px\" align=\"justify\"><b><font face=\"tahoma,arial,helvetica,sans-serif\" color=\"#003399\" size=\"2\"><a name=\"F- HERKESE SOSYAL G\u00dcVENL\u0130K\">F- HERKESE SOSYAL G&Uuml;VENL\u0130K<\/a><\/font><\/b><\/p>\n<p style=\"MARGIN-TOP: 0px; MARGIN-BOTTOM: 0px; TEXT-ALIGN: justify\"><font face=\"tahoma,arial,helvetica,sans-serif\" color=\"#003399\" size=\"2\">\u0130nsanlar\u0131n ay\u0131r\u0131m g&ouml;zetilmeksizin, ekonomik ve sosyal bak\u0131mdan g&uuml;vencede ya\u015famalar\u0131 esast\u0131r.<\/font><\/p>\n<p style=\"MARGIN-TOP: 0px; MARGIN-BOTTOM: 0px; TEXT-ALIGN: justify\"><font face=\"tahoma,arial,helvetica,sans-serif\">&nbsp;<\/font><\/p>\n<p style=\"MARGIN-TOP: 0px; MARGIN-BOTTOM: 0px; TEXT-ALIGN: justify\"><font face=\"tahoma,arial,helvetica,sans-serif\" color=\"#003399\" size=\"2\">Geleneksel dayan\u0131\u015fma k&uuml;lt&uuml;r&uuml;n&uuml;n kaybolmaya y&uuml;z tuttu\u011fu \u00e7a\u011f\u0131m\u0131z toplumlar\u0131nda, insanlar\u0131n g&uuml;nlerini ve geleceklerini g&uuml;vencede hissetmelerini sa\u011flayacak bir sosyal g&uuml;venlik sistemine ihtiya\u00e7 duyulmaktad\u0131r. &Uuml;lkemizdeki sosyal sigorta kurumlar\u0131 kendi kaynaklar\u0131yla varl\u0131\u011f\u0131n\u0131 s&uuml;rd&uuml;remedi\u011fi i\u00e7in b&uuml;t\u00e7eden b&uuml;y&uuml;k kaynak aktar\u0131lmaktad\u0131r.<\/font><\/p>\n<p style=\"MARGIN-TOP: 0px; MARGIN-BOTTOM: 0px; TEXT-ALIGN: justify\"><font face=\"tahoma,arial,helvetica,sans-serif\">&nbsp;<\/font><\/p>\n<p style=\"MARGIN-TOP: 0px; MARGIN-BOTTOM: 0px; TEXT-ALIGN: justify\"><span style=\"COLOR: #003399\"><font face=\"tahoma,arial,helvetica,sans-serif\" size=\"2\">Sosyal sigorta kurulu\u015flar\u0131, uygulanan sigorta programlar\u0131, &uuml;yelerin ayl\u0131\u011fa hak kazanma \u015fartlar\u0131, emekli ayl\u0131klar\u0131n\u0131n alt ve &uuml;st s\u0131n\u0131rlar\u0131, prim oranlar\u0131, sa\u011flanan haklar ve y&uuml;k&uuml;ml&uuml;l&uuml;kler a\u00e7\u0131s\u0131ndan farkl\u0131l\u0131k g&ouml;stermektedir. Bu farkl\u0131l\u0131\u011f\u0131n giderilmesi ve kaynaklar\u0131yla kendisini finanse edebilen bir sosyal sigorta sisteminin olu\u015fturulabilmesi i\u00e7in;<\/font><\/span><\/p>\n<blockquote>\n<p style=\"MARGIN-TOP: 0px; MARGIN-BOTTOM: 0px; TEXT-ALIGN: justify\"><font face=\"tahoma,arial,helvetica,sans-serif\" color=\"#003399\" size=\"2\">\u00b7Sosyal g&uuml;venlik kurulu\u015flar\u0131nda, <b>norm ve standart birli\u011fi<\/b> sa\u011flanacak, uluslar aras\u0131 s&ouml;zle\u015fmeler ve sosyal g&uuml;venli\u011fin temel ilkeleri \u00e7er\u00e7evesinde <b>b&uuml;t&uuml;nle\u015ftirilmi\u015f bir sosyal g&uuml;venlik a\u011f\u0131<\/b> kurulacakt\u0131r.<\/font><\/p>\n<p style=\"MARGIN-TOP: 0px; MARGIN-BOTTOM: 0px; TEXT-ALIGN: justify\"><font face=\"tahoma,arial,helvetica,sans-serif\"><span style=\"COLOR: #003399\"><font size=\"2\">\u00b7<\/font><\/span><font color=\"#003399\" size=\"2\">Sosyal sigorta kurulu\u015flar\u0131n\u0131n idari ve mali etkinli\u011fi ile teknolojik alt yap\u0131lar\u0131 g&uuml;\u00e7lendirilecek; bilgi teknolojisinden azami &ouml;l\u00e7&uuml;de yararlan\u0131lacak; modern y&ouml;netim teknikleri uygulanacak; muhasebe sistemleri, uluslararas\u0131 muhasebe standartlar\u0131na ve birbirleriyle uyumlu hale getirilecektir.<\/font><\/font><\/p>\n<p style=\"MARGIN-TOP: 0px; MARGIN-BOTTOM: 0px; TEXT-ALIGN: justify\"><font face=\"tahoma,arial,helvetica,sans-serif\" color=\"#003399\" size=\"2\">\u00b7Prim oranlar\u0131, kay\u0131t d\u0131\u015f\u0131 istihdam\u0131 &ouml;nlemeye ve i\u015fletmelerin maliyetini azaltmaya y&ouml;nelik olarak yeniden belirlenecek, prim kar\u015f\u0131l\u0131\u011f\u0131 olmayan &ouml;demeler kald\u0131r\u0131lacakt\u0131r.<\/font><\/p>\n<p style=\"MARGIN-TOP: 0px; MARGIN-BOTTOM: 0px; TEXT-ALIGN: justify\"><span style=\"COLOR: #003399\"><font face=\"tahoma,arial,helvetica,sans-serif\" size=\"2\">\u00b7Uzun vadeli sigorta programlar\u0131 ile k\u0131sa vadeli programlar, sa\u011fl\u0131k sigortas\u0131 program\u0131 ile sa\u011fl\u0131k hizmeti sunumu birbirlerinden ayr\u0131lacakt\u0131r.<\/font><\/span><\/p>\n<p style=\"MARGIN-TOP: 0px; MARGIN-BOTTOM: 0px; TEXT-ALIGN: justify\"><span style=\"COLOR: #003399\"><font face=\"tahoma,arial,helvetica,sans-serif\" size=\"2\">\u00b7Sa\u011fl\u0131k sigortas\u0131, uzun vadeli sigorta kollar\u0131ndan ayr\u0131lacakt\u0131r.<\/font><\/span><\/p>\n<p style=\"MARGIN-TOP: 0px; MARGIN-BOTTOM: 0px; TEXT-ALIGN: justify\"><font face=\"tahoma,arial,helvetica,sans-serif\" color=\"#003399\" size=\"2\">\u00b7Toplumun t&uuml;m kesimleri sosyal g&uuml;venlik kapsam\u0131na al\u0131nacakt\u0131r.<\/font><\/p>\n<p style=\"MARGIN-TOP: 0px; MARGIN-BOTTOM: 0px; TEXT-ALIGN: justify\"><font face=\"tahoma,arial,helvetica,sans-serif\" color=\"#003399\" size=\"2\">\u00b7Sosyal g&uuml;venlik sisteminin b&uuml;t\u00e7e &uuml;zerindeki finansal y&uuml;k&uuml; azalt\u0131lacakt\u0131r.<\/font><\/p>\n<\/blockquote>\n<p style=\"MARGIN-TOP: 0px; MARGIN-BOTTOM: 0px; TEXT-ALIGN: justify\"><b><font face=\"tahoma,arial,helvetica,sans-serif\" color=\"#003399\" size=\"2\"><a name=\"G- A\u0130LE, KADIN ve GEN\u00c7L\u0130K\">G- A\u0130LE, KADIN ve GEN\u00c7L\u0130K<\/a><\/font><\/b><\/p>\n<p style=\"MARGIN-TOP: 0px; MARGIN-BOTTOM: 0px\" align=\"justify\"><font face=\"tahoma,arial,helvetica,sans-serif\" color=\"#003399\" size=\"2\">1. Ailenin G&uuml;\u00e7lendirilmesi<\/font><\/p>\n<p style=\"MARGIN-TOP: 0px; MARGIN-BOTTOM: 0px\" align=\"justify\"><font color=\"#003399\"><font face=\"tahoma,arial,helvetica,sans-serif\"><span style=\"FONT-WEIGHT: normal\"><font size=\"2\">Ya\u015fanan derin ekonomik s\u0131k\u0131nt\u0131lara ra\u011fmen, toplum olarak ayakta kalmam\u0131z\u0131 b&uuml;y&uuml;k &ouml;l\u00e7&uuml;de sa\u011flam aile yap\u0131m\u0131za bor\u00e7luyuz. Ayn\u0131 zamanda g&uuml;\u00e7l&uuml; bir sosyal g&uuml;venlik kurumu olan aile yap\u0131m\u0131z\u0131n s&uuml;rd&uuml;r&uuml;lebilmesi i\u00e7inde ya\u015fad\u0131\u011f\u0131m\u0131z de\u011fi\u015fim s&uuml;recinde daha da &ouml;nemli hale gelmi\u015ftir. <\/font><\/span><font size=\"2\">PART\u0130M\u0130Z<\/font><span style=\"FONT-WEIGHT: normal\"><font size=\"2\">, toplumun temeli olan ailenin korunmas\u0131na y&ouml;nelik \u00e7abalar\u0131 destekleyecektir.<\/font><\/span><\/font><\/font><\/p>\n<blockquote>\n<p style=\"MARGIN-TOP: 0px; MARGIN-BOTTOM: 0px; TEXT-ALIGN: justify\"><font face=\"tahoma,arial,helvetica,sans-serif\" color=\"#003399\" size=\"2\">\u00b7Aile yap\u0131s\u0131, &ouml;zellikleri, durum ve sorunlar\u0131n\u0131n tespiti ile ilgili ara\u015ft\u0131rmalar desteklenecek, ailelerle ilgili istatistiki verilerin al\u0131nabilece\u011fi veri tabanlar\u0131 olu\u015fturulacak, bu alanda g&ouml;rev yapan kurumlar aras\u0131nda ileti\u015fim a\u011f\u0131 tesis edilecektir.<\/font><\/p>\n<p style=\"MARGIN-TOP: 0px; MARGIN-BOTTOM: 0px; TEXT-ALIGN: justify\"><font face=\"tahoma,arial,helvetica,sans-serif\" color=\"#003399\" size=\"2\">\u00b7G&ouml;rsel, yaz\u0131l\u0131 medya ve internet yoluyla yap\u0131lan ve &ouml;zellikle gen\u00e7 n&uuml;fusa y&ouml;nelik olan yay\u0131nlar\u0131n T&uuml;rk aile yap\u0131s\u0131n\u0131 koruyucu &ouml;zellikte olmas\u0131 &ouml;zendirilecektir.<\/font><\/p>\n<p style=\"MARGIN-TOP: 0px; MARGIN-BOTTOM: 0px\" align=\"justify\"><font color=\"#003399\"><span style=\"FONT-WEIGHT: normal\"><font face=\"tahoma,arial,helvetica,sans-serif\" size=\"2\">\u00b7Aileye y&ouml;nelik hizmet veren kurulu\u015flar\u0131n te\u015fkilat yap\u0131lar\u0131 yenilenecek, personel ihtiya\u00e7lar\u0131 kar\u015f\u0131lanacak, mevzuatlar\u0131 \u015fartlara uygun hale getirilecektir.<\/font><\/span><\/font><\/p>\n<p style=\"MARGIN-TOP: 0px; MARGIN-BOTTOM: 0px\" align=\"justify\"><font color=\"#003399\"><span style=\"FONT-WEIGHT: normal\"><font face=\"tahoma,arial,helvetica,sans-serif\" size=\"2\">\u00b7E\u015flerin her ikisinin de \u00e7al\u0131\u015ft\u0131\u011f\u0131 ailelerde \u00e7ocuklar\u0131n bak\u0131m\u0131na ili\u015fkin hizmetler geli\u015ftirilecektir.<\/font><\/span><\/font><\/p>\n<p style=\"MARGIN-TOP: 0px; MARGIN-BOTTOM: 0px; TEXT-ALIGN: justify\"><font face=\"tahoma,arial,helvetica,sans-serif\" color=\"#003399\" size=\"2\">\u00b7Yerel y&ouml;netimlerin aile ile ilgili politikalar\u0131n uygulanmas\u0131na kat\u0131l\u0131m\u0131n\u0131 sa\u011flayacak d&uuml;zenlemeler yap\u0131lacakt\u0131r.<\/font><\/p>\n<\/blockquote>\n<p style=\"MARGIN-TOP: 0px; MARGIN-BOTTOM: 0px; TEXT-ALIGN: justify\"><font face=\"tahoma,arial,helvetica,sans-serif\" color=\"#003399\" size=\"2\">2. Kad\u0131n Sorunlar\u0131<\/font><\/p>\n<p style=\"MARGIN-TOP: 0px; MARGIN-BOTTOM: 0px; TEXT-ALIGN: justify\"><font face=\"tahoma,arial,helvetica,sans-serif\" color=\"#003399\" size=\"2\">Kad\u0131nlar\u0131m\u0131z hayat\u0131n y&uuml;k&uuml;n&uuml; erkeklerle birlikte payla\u015fmalar\u0131na ra\u011fmen, hak ettikleri stat&uuml;ye kavu\u015famam\u0131\u015flard\u0131r. <b>PART\u0130M\u0130Z<\/b>, uygulayaca\u011f\u0131 t&uuml;m politikalarda bu durumu g&ouml;z &ouml;n&uuml;nde bulunduracakt\u0131r. Kad\u0131nlar\u0131m\u0131z\u0131n, erkeklerle birlikte toplumsal sorumlulu\u011fu y&uuml;klenecek stat&uuml;ye kavu\u015fturulmas\u0131 temel hedefimiz olacakt\u0131r. <\/font><\/p>\n<p style=\"MARGIN-TOP: 0px; MARGIN-BOTTOM: 0px; TEXT-ALIGN: justify\"><font face=\"tahoma,arial,helvetica,sans-serif\">&nbsp;<\/font><\/p>\n<p style=\"MARGIN-TOP: 0px; MARGIN-BOTTOM: 0px; TEXT-ALIGN: justify\"><font face=\"tahoma,arial,helvetica,sans-serif\" color=\"#003399\" size=\"2\">Kad\u0131nlar sorunlardan en fazla etkilenen kesimi olu\u015fturmaktad\u0131r. Ekonomik sorunlar, e\u011fitimsizlik, sa\u011fl\u0131k sorunlar\u0131, gelecek kayg\u0131s\u0131, sosyal g&uuml;venceden yoksunluk, aile i\u00e7i \u015fiddet kad\u0131nlar\u0131m\u0131z\u0131n ba\u015fl\u0131ca sorunlar\u0131d\u0131r.<\/font><\/p>\n<p style=\"MARGIN-TOP: 0px; MARGIN-BOTTOM: 0px; TEXT-ALIGN: justify\"><font face=\"tahoma,arial,helvetica,sans-serif\">&nbsp;<\/font><\/p>\n<p style=\"MARGIN-TOP: 0px; MARGIN-BOTTOM: 0px; TEXT-ALIGN: justify\"><font face=\"tahoma,arial,helvetica,sans-serif\" color=\"#003399\" size=\"2\">Kad\u0131nlar, b&ouml;lgeler aras\u0131 farkl\u0131l\u0131klardan en \u00e7ok etkilenen kesimlerin ba\u015f\u0131nda gelmektedir. K\u0131rsal kesimdeki kad\u0131n ile kentlerde ya\u015fayan kad\u0131nlar aras\u0131ndaki u\u00e7urum, ekonomik kriz ile daha da derinle\u015fmi\u015ftir.<\/font><\/p>\n<p style=\"MARGIN-TOP: 0px; MARGIN-BOTTOM: 0px; TEXT-ALIGN: justify\"><font face=\"tahoma,arial,helvetica,sans-serif\">&nbsp;<\/font><\/p>\n<p style=\"MARGIN-TOP: 0px; MARGIN-BOTTOM: 0px; TEXT-ALIGN: justify\"><font color=\"#003399\"><font face=\"tahoma,arial,helvetica,sans-serif\"><b><font size=\"2\">PART\u0130M\u0130Z<\/font><\/b><font size=\"2\">, sa\u011fl\u0131kl\u0131 nesillerin yeti\u015ftirilmesi ve ailede mutlulu\u011fun sa\u011flanmas\u0131 i\u00e7in kad\u0131n sorunlar\u0131n\u0131n giderilmesine &ouml;nem vermektedir.<\/font><\/font><\/font><\/p>\n<blockquote>\n<p style=\"MARGIN-TOP: 0px; MARGIN-BOTTOM: 0px; TEXT-ALIGN: justify\"><font color=\"#003399\"><font face=\"tahoma,arial,helvetica,sans-serif\"><font size=\"2\">\u00b7<\/font><b><font size=\"2\">Kad\u0131nlara Kar\u015f\u0131 Her T&uuml;rl&uuml; Ay\u0131r\u0131mc\u0131l\u0131\u011f\u0131n &Ouml;nlenmesi S&ouml;zle\u015fmesi<\/font><\/b><font size=\"2\"> ile getirilen ilkelerin uygulanmas\u0131na y&ouml;nelik d&uuml;zenlemeler yap\u0131lacakt\u0131r.<\/font><\/font><\/font><\/p>\n<p style=\"MARGIN-TOP: 0px; MARGIN-BOTTOM: 0px; TEXT-ALIGN: justify\"><font face=\"tahoma,arial,helvetica,sans-serif\" color=\"#003399\" size=\"2\">\u00b7Kad\u0131nla ilgili dernek, vak\u0131f ve di\u011fer sivil toplum &ouml;rg&uuml;tlerini destekleyecek, kad\u0131nlar\u0131 ilgilendiren yasal ve idari d&uuml;zenlemeler yap\u0131l\u0131rken bu &ouml;rg&uuml;tlerle i\u015fbirli\u011fi yapacakt\u0131r.<\/font><\/p>\n<p style=\"MARGIN-TOP: 0px; MARGIN-BOTTOM: 0px; TEXT-ALIGN: justify\"><font face=\"tahoma,arial,helvetica,sans-serif\" color=\"#003399\" size=\"2\">\u00b7Kad\u0131na y&ouml;nelik \u015fiddetin, cinsel ve ekonomik istismar\u0131n &ouml;nlenmesi, muhta\u00e7 durumdaki kad\u0131nlar\u0131n desteklenmesi ve korunmas\u0131, &ouml;ncelikli politikalar\u0131m\u0131z aras\u0131nda yer alacakt\u0131r.<\/font><\/p>\n<p style=\"MARGIN-TOP: 0px; MARGIN-BOTTOM: 0px; TEXT-ALIGN: justify\"><font face=\"tahoma,arial,helvetica,sans-serif\" color=\"#003399\" size=\"2\">\u00b7Kad\u0131n intiharlar\u0131n\u0131n, t&ouml;re ve namus cinayetlerinin s\u0131k g&ouml;r&uuml;ld&uuml;\u011f&uuml; y&ouml;relerde kad\u0131nlara ve ailelerine y&ouml;nelik &ouml;nleyici ve e\u011fitici \u00e7al\u0131\u015fmalar yap\u0131lacakt\u0131r. Yerel y&ouml;netimlerin, kad\u0131n sorunlar\u0131na ili\u015fkin \u00e7al\u0131\u015fmalar\u0131 te\u015fvik edilecektir.<\/font><\/p>\n<p style=\"MARGIN-TOP: 0px; MARGIN-BOTTOM: 0px; TEXT-ALIGN: justify\"><font face=\"tahoma,arial,helvetica,sans-serif\" color=\"#003399\" size=\"2\">\u00b7K\u0131rsal kesimde ya\u015fayan k\u0131z \u00e7ocuklar\u0131na y&ouml;nelik olarak, ya\u015fad\u0131klar\u0131 b&ouml;lgelerin \u015fartlar\u0131na uygun e\u011fitim projeleri geli\u015ftirilecek, bu konuda \u00e7al\u0131\u015fan sivil toplum &ouml;rg&uuml;tleri desteklenecektir.<\/font><\/p>\n<p style=\"MARGIN-TOP: 0px; MARGIN-BOTTOM: 0px; TEXT-ALIGN: justify\"><font face=\"tahoma,arial,helvetica,sans-serif\" color=\"#003399\" size=\"2\">\u00b7K\u0131z \u00e7ocuklar\u0131n\u0131n okulla\u015fma oranlar\u0131n\u0131 art\u0131racak politikalar uygulanacak, e\u011fitimlerinin &ouml;n&uuml;ndeki engeller kald\u0131r\u0131lacak, &ouml;zellikle k\u0131rsal kesimde ailelerin bu konuda bilin\u00e7lendirilmesine y&ouml;nelik \u00e7al\u0131\u015fmalar yap\u0131lacakt\u0131r.<\/font><\/p>\n<p style=\"MARGIN-TOP: 0px; MARGIN-BOTTOM: 0px; TEXT-ALIGN: justify\"><font face=\"tahoma,arial,helvetica,sans-serif\" color=\"#003399\" size=\"2\">\u00b7K\u0131rsal kesimde ya\u015fayan kad\u0131nlar i\u00e7in, y&ouml;re ihtiya\u00e7lar\u0131na g&ouml;re beceri kurslar\u0131 d&uuml;zenlenerek, y&ouml;resel &uuml;r&uuml;nlerin pazarlanmas\u0131 amac\u0131yla gerekli mekanlar sa\u011flanarak, kad\u0131nlar &uuml;retime y&ouml;nlendirilecektir.<\/font><\/p>\n<p style=\"MARGIN-TOP: 0px; MARGIN-BOTTOM: 0px; TEXT-ALIGN: justify\"><font face=\"tahoma,arial,helvetica,sans-serif\" color=\"#003399\" size=\"2\">\u00b7Ev kad\u0131nlar\u0131n\u0131n sosyal g&uuml;venceye kavu\u015fmas\u0131n\u0131 sa\u011flayacak \u00e7al\u0131\u015fmalar ger\u00e7ekle\u015ftirilecektir. Ev i\u00e7i eme\u011fin sayg\u0131nl\u0131\u011f\u0131 korunarak, kad\u0131nlar i\u00e7in yeni istihdam alanlar\u0131 olu\u015fturulacakt\u0131r.<\/font><\/p>\n<\/blockquote>\n<p style=\"MARGIN-TOP: 0px; MARGIN-BOTTOM: 0px\" align=\"justify\"><font face=\"tahoma,arial,helvetica,sans-serif\" color=\"#003399\" size=\"2\">3. Gen\u00e7lik Gelece\u011fimizdir<\/font><\/p>\n<p style=\"MARGIN-TOP: 0px; MARGIN-BOTTOM: 0px; TEXT-ALIGN: justify\"><font face=\"tahoma,arial,helvetica,sans-serif\" color=\"#003399\" size=\"2\">Gen\u00e7lik, &uuml;lkemizin sadece zenginli\u011fi de\u011fil, ayn\u0131 zamanda dinamizminin ve de\u011fi\u015fim potansiyelinin kayna\u011f\u0131d\u0131r. Gen\u00e7 n&uuml;fusa sahip olmak T&uuml;rkiye i\u00e7in b&uuml;y&uuml;k bir imkan ve f\u0131rsatt\u0131r. Ancak, gen\u00e7lerimizin \u00e7o\u011fu iyi e\u011fitilmiyor, i\u015fsiz b\u0131rak\u0131l\u0131yor, enerjileri bast\u0131r\u0131l\u0131yor, s&ouml;z hakk\u0131 verilmiyor, g&uuml;venilmiyor ve hatta zaman zaman bir tehlike unsuru olarak g&ouml;r&uuml;l&uuml;yor. <b>PART\u0130M\u0130Z<\/b>, toplumun gen\u00e7lere, gen\u00e7lerin de T&uuml;rkiye&#8217;ye g&uuml;venini sa\u011flamay\u0131 temel hedefleri aras\u0131nda g&ouml;rmektedir.<\/font><\/p>\n<p style=\"MARGIN-TOP: 0px; MARGIN-BOTTOM: 0px; TEXT-ALIGN: justify\"><font face=\"tahoma,arial,helvetica,sans-serif\">&nbsp;<\/font><\/p>\n<p style=\"MARGIN-TOP: 0px; MARGIN-BOTTOM: 0px; TEXT-ALIGN: justify\"><font face=\"tahoma,arial,helvetica,sans-serif\" color=\"#003399\" size=\"2\">Hedefimiz, &ouml;zg&uuml;r d&uuml;\u015f&uuml;nceli, kendi ba\u015f\u0131na karar verebilen, sorgulayan, kendi toplumunun ve evrensel anlay\u0131\u015f\u0131n do\u011frular\u0131ndan haberdar olan ve hayat\u0131n g&uuml;\u00e7l&uuml;kleri ile ba\u015f edebilecek donan\u0131ml\u0131 ve yetenekli gen\u00e7ler yeti\u015ftirmektir.<\/font><\/p>\n<blockquote>\n<p style=\"MARGIN-TOP: 0px; MARGIN-BOTTOM: 0px; TEXT-ALIGN: justify\"><font face=\"tahoma,arial,helvetica,sans-serif\" color=\"#003399\" size=\"2\">.Gen\u00e7lik kesimine sunulan hizmetlerde f\u0131rsat e\u015fitli\u011fine, gen\u00e7lerin ki\u015filik, d&uuml;\u015f&uuml;nce ve beden y&ouml;n&uuml;nden sa\u011fl\u0131kl\u0131 geli\u015fmelerine dikkat edilecek, k&uuml;lt&uuml;r, sanat ve spor faaliyetleri te\u015fvik edilecektir.<\/font><\/p>\n<p style=\"MARGIN-TOP: 0px; MARGIN-BOTTOM: 0px; TEXT-ALIGN: justify\"><font face=\"tahoma,arial,helvetica,sans-serif\" color=\"#003399\" size=\"2\">\u00b7Mahalli idarelerin gen\u00e7lere y&ouml;nelik k&uuml;lt&uuml;r, sanat, spor, folklor, okuma ve ara\u015ft\u0131rma faaliyetleri te\u015fvik edilecek, &ouml;zel sekt&ouml;r&uuml;n de bu alana yat\u0131r\u0131m yapmas\u0131 te\u015fvik edilecektir.<\/font><\/p>\n<p style=\"MARGIN-TOP: 0px; MARGIN-BOTTOM: 0px\" align=\"justify\"><font color=\"#003399\"><font face=\"tahoma,arial,helvetica,sans-serif\"><span style=\"FONT-WEIGHT: normal\"><font size=\"2\">\u00b7<\/font><\/span><span style=\"FONT-WEIGHT: normal\"><font size=\"2\">Yurtd\u0131\u015f\u0131nda ya\u015fayan gen\u00e7lerimizin, &uuml;lkemize g&ouml;n&uuml;l ba\u011f\u0131n\u0131 g&uuml;\u00e7lendirmek, T&uuml;rkiye ile ili\u015fkilerini kuvvetlendirmek, milli menfaatlerimize ayk\u0131r\u0131 faaliyetlerden uzak tutmak amac\u0131yla, yurt i\u00e7indeki gen\u00e7lerimizle kayna\u015ft\u0131r\u0131c\u0131 ve b&uuml;t&uuml;nle\u015ftirici sportif ve k&uuml;lt&uuml;rel faaliyetler te\u015fvik edilecektir.<\/font><\/span><\/font><\/font><\/p>\n<p style=\"MARGIN-TOP: 0px; MARGIN-BOTTOM: 0px; TEXT-ALIGN: justify\"><font face=\"tahoma,arial,helvetica,sans-serif\" color=\"#003399\" size=\"2\">\u00b7Gen\u00e7lerin siyasi ve sosyal hayata kat\u0131l\u0131m\u0131 te\u015fvik edilecek, bu ama\u00e7la se\u00e7ilme ya\u015f\u0131 25&#8217;e indirilecektir.<\/font><\/p>\n<p style=\"MARGIN-TOP: 0px; MARGIN-BOTTOM: 0px; TEXT-ALIGN: justify\"><font face=\"tahoma,arial,helvetica,sans-serif\" color=\"#003399\" size=\"2\">\u00b7Madde ba\u011f\u0131ml\u0131l\u0131\u011f\u0131 ile m&uuml;cadele i\u00e7in gerekli tedbirler al\u0131nacak, bu alandaki \u00e7al\u0131\u015fmalar\u0131 y&uuml;r&uuml;ten kurulu\u015flar aras\u0131nda etkili bir koordinasyon sa\u011flanacakt\u0131r.<\/font><\/p>\n<p style=\"MARGIN-TOP: 0px; MARGIN-BOTTOM: 0px; TEXT-ALIGN: justify\"><font face=\"tahoma,arial,helvetica,sans-serif\" color=\"#003399\" size=\"2\">\u00b7\u0130llerde kurulu bulunan \u0130l E\u011fitim ve Gen\u00e7lik Komisyonlar\u0131 daha aktif ve t&uuml;m gen\u00e7lik sorunlar\u0131yla ilgilenir hale getirilecektir.<\/font><\/p>\n<\/blockquote>\n<p style=\"MARGIN-TOP: 0px; MARGIN-BOTTOM: 0px\" align=\"justify\"><b><font face=\"tahoma,arial,helvetica,sans-serif\" color=\"#003399\" size=\"2\"><a name=\"H- \u00d6Z\u00dcRL\u00dc VATANDA\u015eLARIMIZ\">H- &Ouml;Z&Uuml;RL&Uuml; VATANDA\u015eLARIMIZ<\/a><\/font><\/b><\/p>\n<p style=\"MARGIN-TOP: 0px; MARGIN-BOTTOM: 0px; TEXT-ALIGN: justify\"><font face=\"tahoma,arial,helvetica,sans-serif\" color=\"#003399\" size=\"2\">\u00c7a\u011f\u0131m\u0131z\u0131n devlet anlay\u0131\u015f\u0131nda, &ouml;z&uuml;rl&uuml;lerin kendi kendine yetmesi, belli bir bilgi ve k&uuml;lt&uuml;r d&uuml;zeyine ula\u015fmas\u0131, meslek edinip &uuml;retken hale gelmesi ve \u00e7evresiyle sa\u011fl\u0131kl\u0131 ili\u015fkiler kurarak toplumsal hayata kat\u0131lmas\u0131n\u0131n sa\u011flanmas\u0131 devlete y&uuml;klenen anayasal bir g&ouml;revdir. Devlet, &ouml;z&uuml;rl&uuml; vatanda\u015flar\u0131n\u0131n e\u011fitim, rehabilitasyon, sa\u011fl\u0131k, hukuk, y&ouml;netim gibi alanlardaki ihtiya\u00e7lar\u0131n\u0131 kar\u015f\u0131lamak suretiyle, ba\u015fkalar\u0131na en az muhta\u00e7 olarak ya\u015famalar\u0131n\u0131&nbsp; sa\u011flayacakt\u0131r.<\/font><\/p>\n<p style=\"MARGIN-TOP: 0px; MARGIN-BOTTOM: 0px; TEXT-ALIGN: justify\"><font face=\"tahoma,arial,helvetica,sans-serif\">&nbsp;<\/font><\/p>\n<p style=\"MARGIN-TOP: 0px; MARGIN-BOTTOM: 0px; TEXT-ALIGN: justify\"><font face=\"tahoma,arial,helvetica,sans-serif\" color=\"#003399\" size=\"2\">&#8220;Bedensel ve zihinsel &ouml;z&uuml;rleri nedeniyle insanlar aras\u0131nda ay\u0131r\u0131m yap\u0131lmas\u0131na izin verilmeyecektir&#8221; ilkesi, <b>PART\u0130M\u0130Z\u0130N<\/b> &ouml;z&uuml;rl&uuml;lerle ilgili politikas\u0131n\u0131n temelini olu\u015fturacakt\u0131r.<\/font><\/p>\n<blockquote>\n<p style=\"MARGIN-TOP: 0px; MARGIN-BOTTOM: 0px; TEXT-ALIGN: justify\"><font face=\"tahoma,arial,helvetica,sans-serif\" color=\"#003399\" size=\"2\">\u00b7Kamu sekt&ouml;r&uuml;n&uuml;n yan\u0131 s\u0131ra, &ouml;zel sekt&ouml;r&uuml;n ve g&ouml;n&uuml;ll&uuml; kurulu\u015flar\u0131n &ouml;z&uuml;rl&uuml;lere y&ouml;nelik e\u011fitim vermeleri te\u015fvik edilecektir.<\/font><\/p>\n<p style=\"MARGIN-TOP: 0px; MARGIN-BOTTOM: 0px; TEXT-ALIGN: justify\"><font face=\"tahoma,arial,helvetica,sans-serif\" color=\"#003399\" size=\"2\">\u00b7Kendi i\u015fini kurma imkan\u0131 olan &ouml;z&uuml;rl&uuml; vatanda\u015flara destek verilecektir. B&ouml;yle destek alanlar\u0131n kendilerinden sonra gelen &ouml;z&uuml;rl&uuml; arkada\u015flar\u0131na tecr&uuml;beleriyle destek olmalar\u0131n\u0131 sa\u011flayacak bir sistem kurulacakt\u0131r. \u0130llerde ve b&uuml;y&uuml;k il\u00e7elerde &ouml;z&uuml;rleri &ouml;zel \u015fartlarda \u00e7al\u0131\u015fmay\u0131 gerektiren vatanda\u015flar\u0131m\u0131z i\u00e7in korunmal\u0131 veya destekli i\u015fyerlerinin a\u00e7\u0131lmas\u0131na &ouml;ncelik verilecektir.<\/font><\/p>\n<p style=\"MARGIN-TOP: 0px; MARGIN-BOTTOM: 0px; TEXT-ALIGN: justify\"><font face=\"tahoma,arial,helvetica,sans-serif\" color=\"#003399\" size=\"2\">\u00b7&Ouml;z&uuml;r gruplar\u0131na y&ouml;nelik t\u0131bbi, psikolojik, mesleki ve sosyal rehabilitasyon \u00e7al\u0131\u015fmalar\u0131na a\u011f\u0131rl\u0131k verilecek; &ouml;zellikle, k&uuml;\u00e7&uuml;k ya\u015fta e\u011fitim alamam\u0131\u015f &ouml;z&uuml;rl&uuml;lerin rehabilitasyon merkezlerinden hizmet almalar\u0131 sa\u011flanacakt\u0131r. Sosyal rehabilitasyon kapsam\u0131nda &ouml;z&uuml;rl&uuml;lere y&ouml;nelik kamplar a\u00e7\u0131lacakt\u0131r.<\/font><\/p>\n<p style=\"MARGIN-TOP: 0px; MARGIN-BOTTOM: 0px; TEXT-ALIGN: justify\"><font face=\"tahoma,arial,helvetica,sans-serif\" color=\"#003399\" size=\"2\">\u00b7Bak\u0131ma ihtiya\u00e7 duyan &ouml;z&uuml;rl&uuml;ler i\u00e7in g&uuml;nd&uuml;zl&uuml; veya yat\u0131l\u0131 bak\u0131mevleri a\u00e7\u0131lacak, ailelerin \u00e7ocuklar\u0131n\u0131n gelece\u011fi ile ilgili endi\u015fe ve korkular\u0131 giderilecektir.<\/font><\/p>\n<p style=\"MARGIN-TOP: 0px; MARGIN-BOTTOM: 0px; TEXT-ALIGN: justify\"><font face=\"tahoma,arial,helvetica,sans-serif\" color=\"#003399\" size=\"2\">\u00b7&Ouml;z&uuml;rl&uuml;ler konusunda toplumumuzun do\u011fru bilgi edinebilmesi i\u00e7in gerekli bilgilendirme ve bilin\u00e7lendirme \u00e7al\u0131\u015fmalar\u0131 yap\u0131lacakt\u0131r.<\/font><\/p>\n<p style=\"MARGIN-TOP: 0px; MARGIN-BOTTOM: 0px; TEXT-ALIGN: justify\"><font face=\"tahoma,arial,helvetica,sans-serif\" color=\"#003399\" size=\"2\">\u00b7Organ kayb\u0131ndan veya organ\u0131n i\u015flev kayb\u0131ndan do\u011fan eksikliklerin tamamlanmas\u0131na ili\u015fkin teknolojinin &uuml;retilebilmesi te\u015fvik edilecektir.<\/font><\/p>\n<p style=\"MARGIN-TOP: 0px; MARGIN-BOTTOM: 0px; TEXT-ALIGN: justify\"><font face=\"tahoma,arial,helvetica,sans-serif\" color=\"#003399\" size=\"2\">\u00b7Sosyal g&uuml;venlik kurulu\u015flar\u0131nca kar\u015f\u0131lanan &ouml;z&uuml;rl&uuml; ara\u00e7-gere\u00e7lerinin kapsam\u0131 geni\u015fletilecektir.<\/font><\/p>\n<p style=\"MARGIN-TOP: 0px; MARGIN-BOTTOM: 0px; TEXT-ALIGN: justify\"><font face=\"tahoma,arial,helvetica,sans-serif\" color=\"#003399\" size=\"2\">\u00b7&Ouml;zel e\u011fitim kurumlar\u0131nda bilgisayar ve benzeri teknoloji &ouml;\u011fretilecek, &ouml;z&uuml;rl&uuml; vatanda\u015flar\u0131m\u0131z\u0131n bu teknolojiyi &ouml;zel hayat\u0131nda ve i\u015flerinde kullanmas\u0131 sa\u011flanacakt\u0131r.<\/font><\/p>\n<p style=\"MARGIN-TOP: 0px; MARGIN-BOTTOM: 0px; TEXT-ALIGN: justify\"><font face=\"tahoma,arial,helvetica,sans-serif\" color=\"#003399\" size=\"2\">\u00b7&Ouml;z&uuml;rl&uuml;lere hizmet konusunda, merkezi y&ouml;netim d&uuml;zenleyici, koordine edici ve denetleyici bir rol &uuml;stlenecek, esas hizmeti g&ouml;n&uuml;ll&uuml; kurulu\u015flar\u0131n ve &ouml;zel sekt&ouml;r&uuml;n kat\u0131l\u0131m\u0131yla yerel y&ouml;netimler verecektir.<\/font><\/p>\n<\/blockquote>\n<p style=\"MARGIN-TOP: 0px; MARGIN-BOTTOM: 0px\" align=\"justify\"><span style=\"FONT-FAMILY: Arial\"><font face=\"tahoma,arial,helvetica,sans-serif\" color=\"#003399\" size=\"2\">&Ouml;z&uuml;rl&uuml;lerin spor yapmas\u0131 i\u00e7in spor kul&uuml;plerinin imkan haz\u0131rlamas\u0131 te\u015fvik edilecek, ulusal ve uluslararas\u0131 spor m&uuml;sabakalar\u0131 geleneksel hale getirilecektir.<\/font><\/span><\/p>\n<p><font face=\"tahoma,arial,helvetica,sans-serif\"><\/p>\n<hr width=\"90%\" color=\"#5876b2\" size=\"1\" \/><\/font><\/p>\n<p style=\"MARGIN-TOP: 0px; MARGIN-BOTTOM: 0px\" align=\"justify\"><font face=\"tahoma,arial,helvetica,sans-serif\">&nbsp;<\/font><\/p>\n<p style=\"MARGIN-TOP: 0px; MARGIN-BOTTOM: 0px\" align=\"justify\"><font color=\"#003399\"><span style=\"FONT-WEIGHT: 700; LINE-HEIGHT: 150%\"><font face=\"tahoma,arial,helvetica,sans-serif\" size=\"2\"><a name=\"IX. DI\u015e POL\u0130T\u0130KA\">IX. DI\u015e POL\u0130T\u0130KA<\/a><\/font><\/span><\/font><\/p>\n<p style=\"MARGIN-TOP: 0px; MARGIN-BOTTOM: 0px\" align=\"justify\"><span style=\"FONT-WEIGHT: normal\"><font face=\"tahoma,arial,helvetica,sans-serif\" color=\"#003399\" size=\"2\">T&uuml;rkiye&#8217;nin jeopolitik konumu, pek \u00e7ok i\u015fbirli\u011fi projesi i\u00e7in bir \u00e7ekim alan\u0131 olu\u015fturabilecek potansiyele sahiptir. Bu potansiyelin b&ouml;lgesel ve k&uuml;resel bir etkiye d&ouml;n&uuml;\u015ft&uuml;r&uuml;lebilmesi, uluslararas\u0131 siyasi, ekonomik ve g&uuml;venlik ili\u015fkilerinde jeopoliti\u011fin ak\u0131ll\u0131ca kullan\u0131lmas\u0131na ba\u011fl\u0131d\u0131r.<\/font><\/span><\/p>\n<p style=\"MARGIN-TOP: 0px; MARGIN-BOTTOM: 0px\" align=\"justify\"><font face=\"tahoma,arial,helvetica,sans-serif\">&nbsp;<\/font><\/p>\n<p style=\"MARGIN-TOP: 0px; MARGIN-BOTTOM: 0px\" align=\"justify\"><span style=\"FONT-WEIGHT: normal\"><font face=\"tahoma,arial,helvetica,sans-serif\" color=\"#003399\" size=\"2\">So\u011fuk sava\u015f sonras\u0131 d&ouml;nemin getirdi\u011fi dinamik konjonkt&uuml;r, \u00e7ok alternatifli bir d\u0131\u015f politika geli\u015ftirmek i\u00e7in uygun bir ortam olu\u015fturmu\u015ftur. Askeri ittifaklar\u0131n ve bloklar\u0131n, uluslararas\u0131 ili\u015fkilerin belirleyici unsuru olma niteli\u011fi &ouml;nemli &ouml;l\u00e7&uuml;de azalm\u0131\u015f ve i\u015fbirli\u011fi projeleri devletler aras\u0131 ili\u015fkilerin yayg\u0131n bir arac\u0131 haline gelmi\u015ftir. Bu yeni ortamda T&uuml;rkiye&#8217;nin g&uuml;\u00e7 merkezleri ile ili\u015fkilerini alternatifli, esnek ve \u00e7ok eksenli olarak yeniden d&uuml;zenlemesi ve olu\u015fturmas\u0131 gerekmektedir.<\/font><\/span><\/p>\n<p style=\"MARGIN-TOP: 0px; MARGIN-BOTTOM: 0px\" align=\"justify\"><font face=\"tahoma,arial,helvetica,sans-serif\">&nbsp;<\/font><\/p>\n<p style=\"MARGIN-TOP: 0px; MARGIN-BOTTOM: 0px\" align=\"justify\"><font color=\"#003399\"><font face=\"tahoma,arial,helvetica,sans-serif\"><font size=\"2\">PART\u0130M\u0130Z<\/font><span style=\"FONT-WEIGHT: normal\"><font size=\"2\">, T&uuml;rkiye&#8217;nin tarihine ve co\u011frafi konumuna yara\u015f\u0131r, &ouml;nyarg\u0131lardan ve saplant\u0131lardan ar\u0131nm\u0131\u015f, kar\u015f\u0131l\u0131kl\u0131 \u00e7\u0131kar ili\u015fkilerine dayal\u0131, ger\u00e7ek\u00e7i bir d\u0131\u015f politika izleyecektir. Di\u011fer &uuml;lkelerin toprak b&uuml;t&uuml;nl&uuml;\u011f&uuml;ne ve egemenli\u011fine sayg\u0131l\u0131 olan T&uuml;rkiye, ba\u015fka &uuml;lkelerin ve uluslararas\u0131 kurulu\u015flar\u0131n da kendi toprak b&uuml;t&uuml;nl&uuml;\u011f&uuml;ne ve egemenli\u011fine sayg\u0131l\u0131 olmalar\u0131n\u0131 hak olarak g&ouml;rmektedir.<\/font><\/span><\/font><\/font><\/p>\n<p style=\"MARGIN-TOP: 0px; MARGIN-BOTTOM: 0px\" align=\"justify\"><font face=\"tahoma,arial,helvetica,sans-serif\">&nbsp;<\/font><\/p>\n<p style=\"MARGIN-TOP: 0px; MARGIN-BOTTOM: 0px\" align=\"justify\"><span style=\"FONT-WEIGHT: normal\"><font face=\"tahoma,arial,helvetica,sans-serif\" color=\"#003399\" size=\"2\">De\u011fi\u015fen b&ouml;lgesel ve k&uuml;resel ger\u00e7ekler kar\u015f\u0131s\u0131nda, T&uuml;rkiye&#8217;nin d\u0131\u015f politika &ouml;nceliklerini yeniden tan\u0131mlamas\u0131 ve bu ger\u00e7ekler ile ulusal \u00e7\u0131karlar\u0131 aras\u0131nda yeni bir denge olu\u015fturmas\u0131 gerekmektedir.<\/font><\/span><\/p>\n<p style=\"MARGIN-TOP: 0px; MARGIN-BOTTOM: 0px\" align=\"justify\"><font face=\"tahoma,arial,helvetica,sans-serif\">&nbsp;<\/font><\/p>\n<p style=\"MARGIN-TOP: 0px; MARGIN-BOTTOM: 0px\" align=\"justify\"><font color=\"#003399\"><font face=\"tahoma,arial,helvetica,sans-serif\"><span style=\"FONT-WEIGHT: normal\"><font size=\"2\">Bu \u00e7er\u00e7evede <\/font><\/span><font size=\"2\">PART\u0130M\u0130Z<\/font><span style=\"FONT-WEIGHT: normal\"><font size=\"2\">;<\/font><\/span><\/font><\/font><\/p>\n<blockquote>\n<p style=\"MARGIN-TOP: 0px; MARGIN-BOTTOM: 0px\" align=\"justify\"><font color=\"#003399\"><span style=\"FONT-WEIGHT: normal\"><font face=\"tahoma,arial,helvetica,sans-serif\" size=\"2\">\u00b7T&uuml;rkiye&#8217;nin d\u0131\u015f politikas\u0131n\u0131 uzun vadeli bir perspektifle, yeni dinamiklere dayanan b&ouml;lgesel ve k&uuml;resel konjonkt&uuml;rle uyumlu hale getirecektir.<\/font><\/span><\/font><\/p>\n<p style=\"MARGIN-TOP: 0px; MARGIN-BOTTOM: 0px\" align=\"justify\"><font color=\"#003399\"><span style=\"FONT-WEIGHT: normal\"><font face=\"tahoma,arial,helvetica,sans-serif\" size=\"2\">\u00b7D\u0131\u015f politikada karar verme ve uygulama s&uuml;recinin, sadece b&uuml;rokrasinin kat\u0131l\u0131m\u0131yla y&uuml;r&uuml;t&uuml;lmesinin yetersiz kald\u0131\u011f\u0131 g&ouml;r&uuml;\u015f&uuml;ndedir. Bu t&uuml;r kararlara Parlamentonun ve toplumun \u00e7e\u015fitli kesimlerinin kat\u0131l\u0131m\u0131n\u0131n sa\u011flanmas\u0131yla T&uuml;rkiye&#8217;nin d\u0131\u015f politikadaki etkisinin ve g&uuml;c&uuml;n&uuml;n artaca\u011f\u0131na inanmaktad\u0131r.<\/font><\/span><\/font><\/p>\n<p style=\"MARGIN-TOP: 0px; MARGIN-BOTTOM: 0px\" align=\"justify\"><font color=\"#003399\"><span style=\"FONT-WEIGHT: normal\"><font face=\"tahoma,arial,helvetica,sans-serif\" size=\"2\">\u00b7Uluslararas\u0131 ili\u015fkilerde stratejik \u00e7al\u0131\u015fmalar\u0131n, senaryo analizlerinin ve gelece\u011fe ili\u015fkin projeksiyonlar\u0131n yap\u0131lmas\u0131n\u0131n, d\u0131\u015f politika ara\u00e7lar\u0131n\u0131n geli\u015ftirilmesinde \u00e7ok &ouml;nemli oldu\u011funa \u015f&uuml;phe yoktur. Bu nedenle, kamu kurumlar\u0131 b&uuml;nyesinde d\u0131\u015f politika alan\u0131nda faaliyet g&ouml;steren ara\u015ft\u0131rma merkezleri, d\u0131\u015f politika enstit&uuml;leri ve &uuml;niversitelerdeki uluslararas\u0131 ili\u015fkiler b&ouml;l&uuml;mleriyle i\u015fbirli\u011fi yap\u0131lacakt\u0131r.<\/font><\/span><\/font><\/p>\n<p style=\"MARGIN-TOP: 0px; MARGIN-BOTTOM: 0px\" align=\"justify\"><font color=\"#003399\"><span style=\"FONT-WEIGHT: normal\"><font face=\"tahoma,arial,helvetica,sans-serif\" size=\"2\">\u00b7T&uuml;rkiye, demokrasisi, ekonomisi ve insan haklar\u0131na sayg\u0131l\u0131 y&ouml;netimiyle bulundu\u011fu b&ouml;lgede bir istikrar unsurudur. Bu nitelikleriyle, \u00e7evresindeki kriz b&ouml;lgelerinde daha fazla inisiyatif alacak ve krizlerin \u00e7&ouml;z&uuml;m&uuml;ne daha somut katk\u0131 sa\u011flamaya \u00e7al\u0131\u015facakt\u0131r.<\/font><\/span><\/font><\/p>\n<p style=\"MARGIN-TOP: 0px; MARGIN-BOTTOM: 0px\" align=\"justify\"><font color=\"#003399\"><font face=\"tahoma,arial,helvetica,sans-serif\"><span style=\"FONT-WEIGHT: normal\"><font size=\"2\">\u00b7<\/font><\/span><font size=\"2\">PART\u0130M\u0130Z<\/font><span style=\"FONT-WEIGHT: normal\"><font size=\"2\">, b&ouml;lgesel g&uuml;venlik ortam\u0131n\u0131n, ekonomik kalk\u0131nmaya &ouml;nemli katk\u0131da bulundu\u011fu g&ouml;r&uuml;\u015f&uuml;ndedir. Bu nedenle, T&uuml;rkiye, yak\u0131n \u00e7evresinde g&uuml;ven ve istikrar\u0131n tesisi i\u00e7in daha fazla \u00e7aba sarf edecek, kom\u015fular\u0131yla diyaloga dayal\u0131 ili\u015fkiler s&uuml;rd&uuml;rme \u00e7abas\u0131n\u0131 art\u0131racak, b&ouml;ylelikle b&ouml;lgesel i\u015fbirli\u011finin geli\u015fmesine daha fazla katk\u0131da bulunacakt\u0131r.<\/font><\/span><\/font><\/font><\/p>\n<p style=\"MARGIN-TOP: 0px; MARGIN-BOTTOM: 0px\" align=\"justify\"><font color=\"#003399\"><span style=\"FONT-WEIGHT: normal\"><font face=\"tahoma,arial,helvetica,sans-serif\" size=\"2\">\u00b7T&uuml;rkiye&#8217;nin gerek co\u011frafi, gerekse tarihi a\u00e7\u0131dan Avrupa ile yak\u0131n ili\u015fkileri vard\u0131r. Avrupa &uuml;lkeleriyle ili\u015fkiler T&uuml;rkiye&#8217;nin d\u0131\u015f politika g&uuml;ndeminde en &uuml;st s\u0131ralarda yer almaya bundan sonra da devam edecektir.<\/font><\/span><\/font><\/p>\n<p style=\"MARGIN-TOP: 0px; MARGIN-BOTTOM: 0px\" align=\"justify\"><font color=\"#003399\"><span style=\"FONT-WEIGHT: normal\"><font face=\"tahoma,arial,helvetica,sans-serif\" size=\"2\">\u00b7T&uuml;rkiye, Avrupa Birli\u011fi ile ili\u015fkilerinde, taahh&uuml;tlerini ve Birli\u011fin &uuml;yelik i\u00e7in &ouml;teki aday &uuml;lkelerin de yerine getirmesini istedi\u011fi \u015fartlar\u0131 bir an &ouml;nce sa\u011flayacak, g&uuml;ndemin yapay sorunlarla me\u015fgul edilmesini &ouml;nlemeye \u00e7al\u0131\u015facakt\u0131r.<\/font><\/span><\/font><\/p>\n<p style=\"MARGIN-TOP: 0px; MARGIN-BOTTOM: 0px\" align=\"justify\"><font color=\"#003399\"><span style=\"FONT-WEIGHT: normal\"><font face=\"tahoma,arial,helvetica,sans-serif\" size=\"2\">\u00b7T&uuml;rkiye&#8217;nin NATO b&uuml;nyesinde bug&uuml;ne kadar ortaya koydu\u011fu katk\u0131ya paralel olarak, yeni Avrupa Savunma Stratejisi \u00e7er\u00e7evesinde olu\u015fturulan Avrupa G&uuml;venlik ve Savunma Kavram\u0131 (AGSK) i\u00e7inde hak etti\u011fi yeri almas\u0131 yolundaki \u00e7abalar\u0131 s&uuml;rd&uuml;recektir.<\/font><\/span><\/font><\/p>\n<p style=\"MARGIN-TOP: 0px; MARGIN-BOTTOM: 0px\" align=\"justify\"><font color=\"#003399\"><span style=\"FONT-WEIGHT: normal\"><font face=\"tahoma,arial,helvetica,sans-serif\" size=\"2\">\u00b7T&uuml;rkiye ile dost ve m&uuml;ttefik &uuml;lkeler aras\u0131ndaki siyasi ve ekonomik i\u015fbirli\u011fi, bilim, k&uuml;lt&uuml;r, teknoloji, yat\u0131r\u0131m ve ticaret alanlar\u0131nda yo\u011funla\u015ft\u0131r\u0131larak s&uuml;rd&uuml;r&uuml;lecektir.<\/font><\/span><\/font><\/p>\n<p style=\"MARGIN-TOP: 0px; MARGIN-BOTTOM: 0px\" align=\"justify\"><font color=\"#003399\"><font face=\"tahoma,arial,helvetica,sans-serif\"><span style=\"FONT-WEIGHT: normal\"><font size=\"2\">\u00b7<\/font><\/span><span style=\"FONT-WEIGHT: normal\"><font size=\"2\">ABD&#8217;de meydana gelen 11 Eyl&uuml;l sald\u0131r\u0131s\u0131ndan sonra uluslararas\u0131 politikada ter&ouml;r, belirleyici bir fakt&ouml;r haline gelmi\u015ftir. <\/font><\/span><font size=\"2\">PART\u0130M\u0130Z<\/font><span style=\"FONT-WEIGHT: normal\"><font size=\"2\">, ter&ouml;re kar\u015f\u0131 uluslararas\u0131 zeminler olu\u015fturulmas\u0131 ve T&uuml;rkiye&#8217;nin bu zeminlerde ter&ouml;re kar\u015f\u0131 i\u015fbirli\u011fi yaparak m&uuml;cadele edilmesine &ouml;nem verecektir.<\/font><\/span><\/font><\/font><\/p>\n<p style=\"MARGIN-TOP: 0px; MARGIN-BOTTOM: 0px\" align=\"justify\"><font color=\"#003399\"><span style=\"FONT-WEIGHT: normal\"><font face=\"tahoma,arial,helvetica,sans-serif\" size=\"2\">\u00b7Amerika Birle\u015fik Devletleri ile uzun y\u0131llardan beri savunma a\u011f\u0131rl\u0131kl\u0131 olan i\u015fbirli\u011fini devam ettirecek ve bu i\u015fbirli\u011fi ekonomi, yat\u0131r\u0131m, bilim ve teknoloji alanlar\u0131na yayg\u0131nla\u015ft\u0131r\u0131lacakt\u0131r.<\/font><\/span><\/font><\/p>\n<p style=\"MARGIN-TOP: 0px; MARGIN-BOTTOM: 0px\" align=\"justify\"><font color=\"#003399\"><span style=\"FONT-WEIGHT: normal\"><font face=\"tahoma,arial,helvetica,sans-serif\" size=\"2\">\u00b7Rusya Federasyonu ile Orta-Asya ve Kafkasya&#8217;da rekabete de\u011fil i\u015fbirli\u011fine dayanan dost\u00e7a ili\u015fkiler s&uuml;rd&uuml;r&uuml;lecektir.<\/font><\/span><\/font><\/p>\n<p style=\"MARGIN-TOP: 0px; MARGIN-BOTTOM: 0px\" align=\"justify\"><font color=\"#003399\"><span style=\"FONT-WEIGHT: normal\"><font face=\"tahoma,arial,helvetica,sans-serif\" size=\"2\">\u00b7Kom\u015fumuz Yunanistan ile kar\u015f\u0131l\u0131kl\u0131 ekonomik \u00e7\u0131karlara dayanan ili\u015fkiler art\u0131r\u0131larak s&uuml;rd&uuml;r&uuml;lecek ve bu ili\u015fkilerin olu\u015fturaca\u011f\u0131 g&uuml;ven ortam\u0131 sayesinde, daha karma\u015f\u0131k olan siyasi sorunlar\u0131n \u00e7&ouml;z&uuml;m&uuml; i\u00e7in zemin haz\u0131rlanacakt\u0131r.<\/font><\/span><\/font><\/p>\n<p style=\"MARGIN-TOP: 0px; MARGIN-BOTTOM: 0px\" align=\"justify\"><font color=\"#003399\"><font face=\"tahoma,arial,helvetica,sans-serif\"><span style=\"FONT-WEIGHT: normal\"><font size=\"2\">\u00b7<\/font><\/span><font size=\"2\">PART\u0130M\u0130Z<\/font><span style=\"FONT-WEIGHT: normal\"><font size=\"2\">, K\u0131br\u0131s sorununa mutlaka bir \u00e7&ouml;z&uuml;m bulunmas\u0131n\u0131n gere\u011fine inanmaktad\u0131r. Bulunacak \u00e7&ouml;z&uuml;mde, adadaki T&uuml;rk halk\u0131n\u0131n varl\u0131\u011f\u0131n\u0131n, kimli\u011finin ve kendi gelece\u011fini tayin etme hakk\u0131n\u0131n g&ouml;z ard\u0131 edilemeyece\u011fi ku\u015fkusuzdur. Bel\u00e7ika&#8217;da oldu\u011fu gibi egemen iki toplumdan olu\u015fan bir devlet y&ouml;netiminin kurulmas\u0131 her iki kesimin de lehinedir. Bu sorun \u00e7&ouml;z&uuml;mlenmeden K\u0131br\u0131s Rum Kesimi&#8217;nin Avrupa Birli\u011fi&#8217;ne al\u0131nmas\u0131, sorunu daha karma\u015f\u0131k hale getirecektir.<\/font><\/span><\/font><\/font><\/p>\n<p style=\"MARGIN-TOP: 0px; MARGIN-BOTTOM: 0px\" align=\"justify\"><font color=\"#003399\"><font face=\"tahoma,arial,helvetica,sans-serif\"><span style=\"FONT-WEIGHT: normal\"><font size=\"2\">\u00b7<\/font><\/span><span style=\"FONT-WEIGHT: normal\"><font size=\"2\">Orta Asya T&uuml;rk Cumhuriyetleri ile tarihi, k&uuml;lt&uuml;rel ve sosyal yak\u0131nl\u0131\u011f\u0131m\u0131za ra\u011fmen, T&uuml;rkiye&#8217;nin bu &uuml;lkelerle ili\u015fkilerinde beklentileri kar\u015f\u0131layamad\u0131\u011f\u0131 bir ger\u00e7ektir. <\/font><\/span><font size=\"2\">AK PART\u0130<\/font><span style=\"FONT-WEIGHT: normal\"><font size=\"2\">, T&uuml;rk Cumhuriyetleriyle ili\u015fkilerin en ileri noktaya ta\u015f\u0131narak b&ouml;lgenin geni\u015f bir i\u015fbirli\u011fi alan\u0131na d&ouml;n&uuml;\u015ft&uuml;r&uuml;lmesi i\u00e7in \u00e7aba sarf edecektir.<\/font><\/span><\/font><\/font><\/p>\n<p style=\"MARGIN-TOP: 0px; MARGIN-BOTTOM: 0px\" align=\"justify\"><font color=\"#003399\"><font face=\"tahoma,arial,helvetica,sans-serif\"><span style=\"FONT-WEIGHT: normal\"><font size=\"2\">\u00b7<\/font><\/span><span style=\"FONT-WEIGHT: normal\"><font size=\"2\">Orta-Do\u011fu&#8217;da akan kan, t&uuml;m d&uuml;nya kamuoyunu oldu\u011fu gibi, bu b&ouml;lge ile yak\u0131n k&uuml;lt&uuml;rel ve tarihi ili\u015fkileri olan T&uuml;rk halk\u0131n\u0131 da &uuml;zmekte ve endi\u015feye sevk etmektedir. <\/font><\/span><font size=\"2\">AK PART\u0130<\/font><span style=\"FONT-WEIGHT: normal\"><font size=\"2\">, din ve \u0131rk ay\u0131r\u0131m\u0131 yapmaks\u0131z\u0131n, kime ait olursa olsun d&ouml;k&uuml;len kan\u0131n ve g&ouml;z ya\u015f\u0131n\u0131n acilen durdurulmas\u0131n\u0131 sa\u011flayacak tek yolun, kal\u0131c\u0131 bir bar\u0131\u015ftan ge\u00e7ti\u011fine inanmaktad\u0131r. T&uuml;rkiye, Filistin&#8217;de bar\u0131\u015f\u0131n tesisine y&ouml;nelik \u00e7abalar\u0131 desteklemeye devam edecektir.<\/font><\/span><\/font><\/font><\/p>\n<p style=\"MARGIN-TOP: 0px; MARGIN-BOTTOM: 0px\" align=\"justify\"><font color=\"#003399\"><font face=\"tahoma,arial,helvetica,sans-serif\"><span style=\"FONT-WEIGHT: normal\"><font size=\"2\">\u00b7<\/font><\/span><font size=\"2\">PART\u0130M\u0130Z<\/font><span style=\"FONT-WEIGHT: normal\"><font size=\"2\">, T&uuml;rkiye&#8217;nin \u0130slam &Uuml;lkeleriyle ili\u015fkilerine &ouml;zel bir &ouml;nem vermektedir. Bir yandan bu &uuml;lkelerle ikili i\u015fbirli\u011fimizin art\u0131r\u0131lmas\u0131, &ouml;te yandan \u0130slam Konferans\u0131 &Ouml;rg&uuml;t&uuml;&#8217;n&uuml;n (\u0130K&Ouml;) uluslararas\u0131 alanda daha sayg\u0131n yer edinebilmesi ve inisiyatif alabilen dinamik bir yap\u0131ya kavu\u015fturulmas\u0131 i\u00e7in \u00e7aba sarf edecektir. Yine bu ba\u011flamda, ba\u015fkanl\u0131\u011f\u0131n\u0131 Cumhurba\u015fkan\u0131m\u0131z\u0131n yapt\u0131\u011f\u0131 \u0130K&Ouml;, Ekonomik ve Ticari \u0130\u015fbirli\u011fi Daimi Komitesi&#8217;nin (\u0130SEDAK) faaliyetlerine daha somut i\u00e7erik kazand\u0131rmaya \u00e7al\u0131\u015facakt\u0131r.<\/font><\/span><\/font><\/font><\/p>\n<p style=\"MARGIN-TOP: 0px; MARGIN-BOTTOM: 0px\" align=\"justify\"><font color=\"#003399\"><span style=\"FONT-WEIGHT: normal\"><font face=\"tahoma,arial,helvetica,sans-serif\" size=\"2\">\u00b7So\u011fuk sava\u015f\u0131n sona ermesi ve Do\u011fu Bloku&#8217;nun \u00e7&ouml;k&uuml;\u015f&uuml;, Karadeniz B&ouml;lgesinde yeni bir i\u015fbirli\u011fi alan\u0131n\u0131n ortaya \u00e7\u0131kmas\u0131na neden olmu\u015ftur. Geni\u015f bir kat\u0131l\u0131mla kurulan Karadeniz Ekonomik \u0130\u015fbirli\u011fi Te\u015fkilat\u0131&#8217;n\u0131n (KE\u0130T), b&ouml;lge &uuml;lkelerine yeni i\u015fbirli\u011fi imkanlar\u0131 vaat eden potansiyelinin harekete ge\u00e7irilmesi i\u00e7in \u00e7aba sarf edecektir.<\/font><\/span><\/font><\/p>\n<p style=\"MARGIN-TOP: 0px; MARGIN-BOTTOM: 0px\" align=\"justify\"><font color=\"#003399\"><font face=\"tahoma,arial,helvetica,sans-serif\"><span style=\"FONT-WEIGHT: normal\"><font size=\"2\">\u00b7<\/font><\/span><span style=\"FONT-WEIGHT: normal\"><font size=\"2\">T&uuml;rkiye, yak\u0131n kom\u015fusu Irak&#8217;la ilgili belirsizlikten tedirginlik duymaktad\u0131r. Irak&#8217;\u0131n toprak b&uuml;t&uuml;nl&uuml;\u011f&uuml;n&uuml;n bozulmas\u0131 Orta-Do\u011fu&#8217;daki t&uuml;m dengeleri de\u011fi\u015ftirecektir. <\/font><\/span><font size=\"2\">AK PART\u0130<\/font><span style=\"FONT-WEIGHT: normal\"><font size=\"2\">, Irak y&ouml;netiminin Birle\u015fmi\u015f Milletler kararlar\u0131n\u0131 tam olarak uygulamas\u0131 ve sorununun bar\u0131\u015f\u00e7\u0131 y&ouml;nden \u00e7&ouml;z&uuml;m&uuml;nden yanad\u0131r.<\/font><\/span><\/font><\/font><\/p>\n<p style=\"MARGIN-TOP: 0px; MARGIN-BOTTOM: 0px\" align=\"justify\"><font color=\"#003399\"><span style=\"FONT-WEIGHT: normal\"><font face=\"tahoma,arial,helvetica,sans-serif\" size=\"2\">\u00b7D\u0131\u015f politikam\u0131z\u0131n geleneksel Atlantik ve Avrupa boyutlar\u0131n\u0131n yan\u0131nda, Avrasya eksenli politikan\u0131n geli\u015ftirilmesi yolundaki \u00e7abalar s&uuml;rd&uuml;r&uuml;lecektir. Bu ba\u011flamda, Ekonomik \u0130\u015fbirli\u011fi Te\u015fkilat\u0131 (ECO) \u00e7er\u00e7evesindeki i\u015fbirli\u011fi g&uuml;\u00e7lendirilecektir.<\/font><\/span><\/font><\/p>\n<p style=\"MARGIN-TOP: 0px; MARGIN-BOTTOM: 0px\" align=\"justify\"><font color=\"#003399\"><span style=\"FONT-WEIGHT: normal\"><font face=\"tahoma,arial,helvetica,sans-serif\" size=\"2\">\u00b7Kafkasya&#8217;da so\u011fuk sava\u015f d&ouml;nemi \u015fartlanmalar\u0131 bir yana b\u0131rak\u0131larak i\u015fbirli\u011fi imkanlar\u0131 aranacak, zengin yer alt\u0131 ve yer &uuml;st&uuml; kaynaklar\u0131na sahip olan bu b&ouml;lgenin, Orta-Do\u011fu ve Balkanlar&#8217;la ekonomik a\u00e7\u0131dan b&uuml;t&uuml;nle\u015fmesine katk\u0131da bulunmaya \u00e7al\u0131\u015facakt\u0131r.<\/font><\/span><\/font><\/p>\n<p style=\"MARGIN-TOP: 0px; MARGIN-BOTTOM: 0px\" align=\"justify\"><font color=\"#003399\"><span style=\"FONT-WEIGHT: normal\"><font face=\"tahoma,arial,helvetica,sans-serif\" size=\"2\">\u00b7\u00c7in ve G&uuml;ney-Do\u011fu Asya&#8217;daki dinamik ekonomilerle ili\u015fkiler \u00e7ok y&ouml;nl&uuml; olarak ele al\u0131nacak, T&uuml;rkiye ile bu &uuml;lkeler aras\u0131nda daha s\u0131k\u0131 ili\u015fkiler geli\u015ftirmeye \u00e7al\u0131\u015facakt\u0131r.<\/font><\/span><\/font><\/p>\n<p style=\"MARGIN-TOP: 0px; MARGIN-BOTTOM: 0px\" align=\"justify\"><font color=\"#003399\"><span style=\"FONT-WEIGHT: normal\"><font face=\"tahoma,arial,helvetica,sans-serif\" size=\"2\">\u00b7Balkan politikam\u0131z, b&ouml;lgedeki &uuml;lkelerle tarihi, k&uuml;lt&uuml;rel ve ekonomik ili\u015fkilerimiz \u0131\u015f\u0131\u011f\u0131nda geli\u015ftirilecek, gerekirse yeniden \u015fekillendirilecektir.<\/font><\/span><\/font><\/p>\n<\/blockquote>\n<p style=\"MARGIN-TOP: 0px; MARGIN-BOTTOM: 0px\" align=\"justify\"><b><span style=\"FONT-FAMILY: Arial\"><font face=\"tahoma,arial,helvetica,sans-serif\" color=\"#003399\" size=\"2\">Yurt d\u0131\u015f\u0131nda ya\u015fayan T&uuml;rk vatanda\u015flar\u0131n\u0131n, bulunduklar\u0131 &uuml;lkelerdeki haklar\u0131n\u0131n daha fazla korunmas\u0131 i\u00e7in \u00e7aba sarf edilecek, gerek o &uuml;lkelerde gerekse T&uuml;rkiye&#8217;de kar\u015f\u0131la\u015ft\u0131klar\u0131 sorunlar\u0131n ortadan kald\u0131r\u0131lmas\u0131 i\u00e7in mevcut mekanizmalar\u0131 daha etkin bi\u00e7imde i\u015fletilecektir.<\/font><\/span><\/b><\/p>\n<\/blockquote>\n<p style=\"MARGIN-TOP: 0px; MARGIN-BOTTOM: 0px\" align=\"center\"><font face=\"tahoma,arial,helvetica,sans-serif\">&nbsp;<\/font><\/p>\n","protected":false},"excerpt":{"rendered":"<p>HER\u015eEY T&Uuml;RK\u0130YE \u0130\u00c7\u0130N AK PART\u0130&nbsp; SE\u00c7\u0130M BEYANNAMES\u0130 \u0130\u00c7\u0130NDEK\u0130LER SUNU\u015e &nbsp; &nbsp; &nbsp; I. \u0130LKEL\u0130 S\u0130YASET &nbsp; II. TEMEL HAK ve &Ouml;ZG&Uuml;RL&Uuml;KLER &nbsp; III. DEMOKRAS\u0130 ve S\u0130V\u0130L TOPLUM &nbsp; &nbsp; A- S\u0130V\u0130L TOPLUMUN G&Uuml;\u00c7LENMES\u0130 &nbsp; &nbsp; B- DEMOKRAS\u0130 ve KALKINMA &nbsp; IV. HUKUK ve ADALET REFORMU &nbsp; &nbsp; A- HUKUK ve ADALET ANLAYI\u015eIMIZ &nbsp; &nbsp; B- &hellip;<\/p>\n","protected":false},"author":2,"featured_media":0,"comment_status":"open","ping_status":"open","sticky":false,"template":"","format":"standard","meta":{"footnotes":""},"categories":[1],"tags":[],"class_list":["post-1","post","type-post","status-publish","format-standard","hentry","category-uncategorized"],"_links":{"self":[{"href":"https:\/\/www.ramazanbasak.com.tr\/index.php?rest_route=\/wp\/v2\/posts\/1","targetHints":{"allow":["GET"]}}],"collection":[{"href":"https:\/\/www.ramazanbasak.com.tr\/index.php?rest_route=\/wp\/v2\/posts"}],"about":[{"href":"https:\/\/www.ramazanbasak.com.tr\/index.php?rest_route=\/wp\/v2\/types\/post"}],"author":[{"embeddable":true,"href":"https:\/\/www.ramazanbasak.com.tr\/index.php?rest_route=\/wp\/v2\/users\/2"}],"replies":[{"embeddable":true,"href":"https:\/\/www.ramazanbasak.com.tr\/index.php?rest_route=%2Fwp%2Fv2%2Fcomments&post=1"}],"version-history":[{"count":0,"href":"https:\/\/www.ramazanbasak.com.tr\/index.php?rest_route=\/wp\/v2\/posts\/1\/revisions"}],"wp:attachment":[{"href":"https:\/\/www.ramazanbasak.com.tr\/index.php?rest_route=%2Fwp%2Fv2%2Fmedia&parent=1"}],"wp:term":[{"taxonomy":"category","embeddable":true,"href":"https:\/\/www.ramazanbasak.com.tr\/index.php?rest_route=%2Fwp%2Fv2%2Fcategories&post=1"},{"taxonomy":"post_tag","embeddable":true,"href":"https:\/\/www.ramazanbasak.com.tr\/index.php?rest_route=%2Fwp%2Fv2%2Ftags&post=1"}],"curies":[{"name":"wp","href":"https:\/\/api.w.org\/{rel}","templated":true}]}}