{"id":105,"date":"2009-02-18T15:40:48","date_gmt":"2009-02-18T12:40:48","guid":{"rendered":"https:\/\/www.ramazanbasak.com.tr\/suruc-ta-muhtesem-acilis%e2%80%a6"},"modified":"2009-02-18T15:40:48","modified_gmt":"2009-02-18T12:40:48","slug":"suruc-ta-muhtesem-acilis%e2%80%a6","status":"publish","type":"post","link":"https:\/\/www.ramazanbasak.com.tr\/?p=105","title":{"rendered":"SURU\u00c7 TA MUHTE\u015eEM A\u00c7ILI\u015e\u2026"},"content":{"rendered":"<p style=\"text-align: justify\"><span style=\"font-size: 12px\"><img loading=\"lazy\" decoding=\"async\" class=\" alignleft size-full wp-image-77\" height=\"113\" hspace=\"3\" width=\"150\" align=\"left\" vspace=\"3\" alt=\"\" src=\"https:\/\/www.ramazanbasak.com.tr\/wp-content\/uploads\/2008\/12\/7.jpg\" \/>AK Parti\u2019 nin belediye ba\u015fkan aday\u0131 Bekir Demirbilek i\u00e7in a\u00e7t\u0131\u011f\u0131 se\u00e7im b\u00fcrosunun a\u00e7\u0131l\u0131\u015f\u0131nda izdiham ya\u015fand\u0131\u2026.<\/span><\/p>\n<p style=\"text-align: justify\"><span style=\"font-size: 12px\">&#160;<\/span><\/p>\n<p style=\"text-align: justify\"><span style=\"font-size: 12px\">Adaylar belli olduktan sonra yava\u015f yava\u015f a\u00e7\u0131lan se\u00e7im b\u00fcrolar\u0131na Suru\u00e7\u2019 ta Ak Parti\u2019 nin se\u00e7im b\u00fcrosu da eklendi. A\u00e7\u0131l\u0131\u015fta muhte\u015fem bir kalabal\u0131k vard\u0131. Milletvekilimiz Ramazan Ba\u015fak\u2019 \u0131n da a\u00e7\u0131l\u0131\u015fa gelmesiyle a\u00e7\u0131l\u0131\u015f b\u00fcy\u00fck bir co\u015fkuya d\u00f6n\u00fc\u015ft\u00fc.<\/span><\/p>\n<p style=\"text-align: justify\"><span style=\"font-size: 12px\">&#160;<\/span><\/p>\n<p style=\"text-align: justify\"><span style=\"font-size: 12px\">Milletvekilimizi Suru\u00e7 giri\u015finde ve a\u00e7\u0131l\u0131\u015f\u0131n yap\u0131laca\u011f\u0131 yerde b\u00fcy\u00fck bir kalabal\u0131k kar\u015f\u0131lad\u0131. Ak Parti Suru\u00e7 belediyesi i\u00e7in adaya aday\u0131 olan Sezai K\u0131l\u0131\u00e7, \u00d6mer Y\u00fcksel, Aynur Hekimo\u011flu, 11 isan Belediye Ba\u015fkan\u0131 ve aday\u0131 olan Mithat K\u0131l\u0131\u00e7\u2019 \u0131n a\u00e7\u0131l\u0131\u015fta yer almas\u0131 ve Mehmet Demirbilek etraf\u0131nda kenetlenmeleri y\u0131llard\u0131r beklenen ve ya\u015fanmas\u0131 her zaman umut edilen g\u00f6r\u00fcnt\u00fclerdi. Aday adaylar\u0131 ve Bekir Demirbilek\u2019 in birer konu\u015fma yapt\u0131\u011f\u0131 ve Ak Parti iktidar\u0131 ile se\u00e7ilecek belediyenin \u00f6nemine de\u011finen konu\u015fmac\u0131lardan sonra s\u00f6z\u00fc milletvekilimiz Ramazan Ba\u015fak ald\u0131.  <!--more-->  <\/span><\/p>\n<p style=\"text-align: justify\"><span style=\"font-size: 12px\">Konu\u015fmas\u0131na Ramazan Ba\u015fak Sur\u00e7lulara g\u00f6sterdikleri ilgiden ve desteklerinden dolay\u0131 te\u015fekk\u00fcr ederek ba\u015flad\u0131. Suru\u00e7 i\u00e7in kim ne yapt\u0131ysa Allah raz\u0131 olsun diyen Ba\u015fak ancak Suru\u00e7\u2019 un hak etmedi\u011fi yerde oldu\u011funu s\u00f6yledi. G\u00fc\u00e7l\u00fc bir Ak Parti iktidar\u0131 ile gelecek g\u00fc\u00e7l\u00fc bir belediyenin Suru\u00e7 i\u00e7in bulunmaz bir f\u0131rsat oldu\u011fu ve nas\u0131l Ak Parti ve kendisi verdi\u011fi s\u00f6zleri yerine getirdi\u011fini bundan sonra da belediyeyle birlikte daha g\u00fc\u00e7l\u00fc daha g\u00fczel daha modern bir Suru\u00e7\u2019 a kavu\u015fmak istediklerini bildirdi. Su projesinin hayata ge\u00e7irildi\u011fine de konu\u015fmas\u0131nda de\u011finen Ba\u015fak ayr\u0131ca Ak Parti\u2019 nin Do\u011fu ve G\u00fcneydo\u011fuya verdi\u011fi \u00f6nemi ve K\u00fcrt k\u00f6kenli vatanda\u015flar\u0131na verdi\u011fi deste\u011fi hat\u0131rlatt\u0131. Ba\u015fak konu\u015fmas\u0131n\u0131n ve a\u00e7\u0131l\u0131\u015f\u0131n sona ermesiyle Suru\u00e7 i\u00e7inde halkla beraber olarak kendisine y\u00f6neltilen sorulara ve sorunlara yan\u0131t verdi.<\/p>\n<p> <\/span><\/p>\n<p style=\"text-align: center\"><img loading=\"lazy\" decoding=\"async\" class=\" size-full wp-image-63\" height=\"300\" hspace=\"3\" width=\"400\" align=\"middle\" vspace=\"3\" alt=\"\" src=\"https:\/\/www.ramazanbasak.com.tr\/wp-content\/uploads\/2008\/04\/1.jpg\" \/><br \/> <span style=\"font-size: 12px\"><img loading=\"lazy\" decoding=\"async\" class=\" size-full wp-image-65\" height=\"300\" hspace=\"3\" width=\"400\" align=\"middle\" vspace=\"3\" alt=\"\" src=\"https:\/\/www.ramazanbasak.com.tr\/wp-content\/uploads\/2008\/06\/2.jpg\" \/><br \/> <\/span><img loading=\"lazy\" decoding=\"async\" class=\" size-full wp-image-67\" height=\"300\" hspace=\"3\" width=\"400\" align=\"middle\" vspace=\"3\" alt=\"\" src=\"https:\/\/www.ramazanbasak.com.tr\/wp-content\/uploads\/2008\/07\/3.jpg\" \/><br \/> <img loading=\"lazy\" decoding=\"async\" class=\" size-full wp-image-69\" height=\"300\" hspace=\"3\" width=\"400\" align=\"middle\" vspace=\"3\" alt=\"\" src=\"https:\/\/www.ramazanbasak.com.tr\/wp-content\/uploads\/2008\/07\/4.jpg\" \/><br \/> <img loading=\"lazy\" decoding=\"async\" class=\" size-full wp-image-71\" height=\"300\" hspace=\"3\" width=\"400\" align=\"middle\" vspace=\"3\" alt=\"\" src=\"https:\/\/www.ramazanbasak.com.tr\/wp-content\/uploads\/2008\/08\/5.jpg\" \/><br \/> <img loading=\"lazy\" decoding=\"async\" class=\" size-full wp-image-75\" height=\"300\" hspace=\"3\" width=\"400\" align=\"middle\" vspace=\"3\" alt=\"\" src=\"https:\/\/www.ramazanbasak.com.tr\/wp-content\/uploads\/2008\/12\/6.jpg\" \/><br \/> <img loading=\"lazy\" decoding=\"async\" class=\" size-full wp-image-77\" height=\"300\" hspace=\"3\" width=\"400\" align=\"middle\" vspace=\"3\" alt=\"\" src=\"https:\/\/www.ramazanbasak.com.tr\/wp-content\/uploads\/2008\/12\/7.jpg\" \/><br \/> <img loading=\"lazy\" decoding=\"async\" class=\" size-full wp-image-79\" height=\"300\" hspace=\"3\" width=\"400\" align=\"middle\" vspace=\"3\" alt=\"\" src=\"https:\/\/www.ramazanbasak.com.tr\/wp-content\/uploads\/2008\/12\/8.jpg\" \/><br \/> <img loading=\"lazy\" decoding=\"async\" class=\" size-full wp-image-81\" height=\"300\" hspace=\"3\" width=\"400\" align=\"middle\" vspace=\"3\" alt=\"\" src=\"https:\/\/www.ramazanbasak.com.tr\/wp-content\/uploads\/2008\/02\/9.jpg\" \/><br \/> &#160;<\/p>\n","protected":false},"excerpt":{"rendered":"<p>AK Parti\u2019 nin belediye ba\u015fkan aday\u0131 Bekir Demirbilek i\u00e7in a\u00e7t\u0131\u011f\u0131 se\u00e7im b\u00fcrosunun a\u00e7\u0131l\u0131\u015f\u0131nda izdiham ya\u015fand\u0131\u2026. &#160; Adaylar belli olduktan sonra yava\u015f yava\u015f a\u00e7\u0131lan se\u00e7im b\u00fcrolar\u0131na Suru\u00e7\u2019 ta Ak Parti\u2019 nin se\u00e7im b\u00fcrosu da eklendi. A\u00e7\u0131l\u0131\u015fta muhte\u015fem bir kalabal\u0131k vard\u0131. Milletvekilimiz Ramazan Ba\u015fak\u2019 \u0131n da a\u00e7\u0131l\u0131\u015fa gelmesiyle a\u00e7\u0131l\u0131\u015f b\u00fcy\u00fck bir co\u015fkuya d\u00f6n\u00fc\u015ft\u00fc. &#160; Milletvekilimizi Suru\u00e7 giri\u015finde &hellip;<\/p>\n","protected":false},"author":1,"featured_media":77,"comment_status":"open","ping_status":"open","sticky":false,"template":"","format":"standard","meta":{"footnotes":""},"categories":[8],"tags":[],"class_list":["post-105","post","type-post","status-publish","format-standard","has-post-thumbnail","hentry","category-haberler-haberler"],"_links":{"self":[{"href":"https:\/\/www.ramazanbasak.com.tr\/index.php?rest_route=\/wp\/v2\/posts\/105","targetHints":{"allow":["GET"]}}],"collection":[{"href":"https:\/\/www.ramazanbasak.com.tr\/index.php?rest_route=\/wp\/v2\/posts"}],"about":[{"href":"https:\/\/www.ramazanbasak.com.tr\/index.php?rest_route=\/wp\/v2\/types\/post"}],"author":[{"embeddable":true,"href":"https:\/\/www.ramazanbasak.com.tr\/index.php?rest_route=\/wp\/v2\/users\/1"}],"replies":[{"embeddable":true,"href":"https:\/\/www.ramazanbasak.com.tr\/index.php?rest_route=%2Fwp%2Fv2%2Fcomments&post=105"}],"version-history":[{"count":0,"href":"https:\/\/www.ramazanbasak.com.tr\/index.php?rest_route=\/wp\/v2\/posts\/105\/revisions"}],"wp:featuredmedia":[{"embeddable":true,"href":"https:\/\/www.ramazanbasak.com.tr\/index.php?rest_route=\/wp\/v2\/media\/77"}],"wp:attachment":[{"href":"https:\/\/www.ramazanbasak.com.tr\/index.php?rest_route=%2Fwp%2Fv2%2Fmedia&parent=105"}],"wp:term":[{"taxonomy":"category","embeddable":true,"href":"https:\/\/www.ramazanbasak.com.tr\/index.php?rest_route=%2Fwp%2Fv2%2Fcategories&post=105"},{"taxonomy":"post_tag","embeddable":true,"href":"https:\/\/www.ramazanbasak.com.tr\/index.php?rest_route=%2Fwp%2Fv2%2Ftags&post=105"}],"curies":[{"name":"wp","href":"https:\/\/api.w.org\/{rel}","templated":true}]}}