{"id":112,"date":"2009-03-07T14:22:21","date_gmt":"2009-03-07T11:22:21","guid":{"rendered":"https:\/\/www.ramazanbasak.com.tr\/suruc-ruyasina-kavustu"},"modified":"2009-03-07T14:22:21","modified_gmt":"2009-03-07T11:22:21","slug":"suruc-ruyasina-kavustu","status":"publish","type":"post","link":"https:\/\/www.ramazanbasak.com.tr\/?p=112","title":{"rendered":"SURU\u00c7 R\u00dcYASINA KAVU\u015eTU"},"content":{"rendered":"<p style=\"text-align: justify\"><span style=\"font-size: 12px\"><img loading=\"lazy\" decoding=\"async\" class=\" alignleft size-full wp-image-111\" height=\"123\" hspace=\"3\" width=\"150\" align=\"left\" vspace=\"3\" alt=\"\" src=\"https:\/\/www.ramazanbasak.com.tr\/wp-content\/uploads\/2009\/03\/suruc_sulama_temel_atma.jpg\" srcset=\"https:\/\/www.ramazanbasak.com.tr\/wp-content\/uploads\/2009\/03\/suruc_sulama_temel_atma.jpg 800w, https:\/\/www.ramazanbasak.com.tr\/wp-content\/uploads\/2009\/03\/suruc_sulama_temel_atma-300x247.jpg 300w, https:\/\/www.ramazanbasak.com.tr\/wp-content\/uploads\/2009\/03\/suruc_sulama_temel_atma-768x632.jpg 768w\" sizes=\"auto, (max-width: 150px) 100vw, 150px\" \/>&#160;&#160;&#160;&#160;&#160;&#160;&#160;&#160;&#160;&#160;&#160;&#160;&#160;&#160;&#160;Binlerce \u015eanl\u0131urfal\u0131, Bozoval\u0131 ve Suru\u00e7lunun kat\u0131ld\u0131\u011f\u0131 G\u00fcneydo\u011fu Anadolu projesi kapsam\u0131nda olan \u2018 Suru\u00e7 Ovas\u0131 Pompaj Sulama Projesi \u2018 nin temel atma t\u00f6reni 7 Mart 2009 Cumartesi g\u00fcn\u00fc Bozova A\u015fa\u011f\u0131 Ba\u011fl\u0131ca K\u00f6y\u00fc t\u00f6ren alan\u0131nda ger\u00e7ekle\u015ftirildi.<\/span><\/p>\n<p style=\"text-align: justify\"><span style=\"font-size: 12px\">&#160;<\/span><\/p>\n<p style=\"text-align: justify\"><span style=\"font-size: 12px\">&#160;&#160;&#160;&#160;&#160;&#160;&#160;&#160;&#160;&#160;&#160; Temel atma t\u00f6reninin ev sahipli\u011fini yapan AK Parti \u015eanl\u0131urfa Milletvekilimiz ve AK Parti Genel Merkez Se\u00e7im \u0130\u015fleri Ba\u015fkan Yard\u0131mc\u0131s\u0131 Ramazan Ba\u015fak ise t\u00f6ren ve proje ile ilgili \u015fu g\u00f6r\u00fc\u015flere yer verdi:<\/span><\/p>\n<p style=\"text-align: justify\"><span style=\"font-size: 12px\">&#160;<\/span><\/p>\n<p style=\"text-align: justify\"><span style=\"font-size: 12px\">&#160;&#160;&#160;&#160;&#160;&#160;&#160;&#160;&#160;&#160;&#160; Bu projenin ger\u00e7ekle\u015fmesinde eme\u011fi ge\u00e7en ba\u015fta milletvekillerimiz olmak \u00fczere DS\u0130 B\u00f6lge M\u00fcd\u00fcr\u00fcm\u00fcz ve personeline \u015fahs\u0131m ve insanlar\u0131m ad\u0131na te\u015fekk\u00fcr ediyorum. Ayr\u0131ca t\u00f6rende bizi yaln\u0131z b\u0131rakmayan ve desteklerini esirgemeyen Tar\u0131m Bakan\u0131m\u0131z Say\u0131n Mehmet Mehdi Eker\u2019 e sonsuz te\u015fekk\u00fcrlerimi sunuyorum.&#160;<\/span><\/p>\n<p style=\"text-align: justify\"><span style=\"font-size: 12px\">&#160;<\/span><\/p>\n<p style=\"text-align: justify\"><span style=\"font-size: 12px\">&#160;&#160;&#160;&#160;&#160;&#160;&#160;&#160;&#160;&#160;&#160; Bilindi\u011fi gibi bu proje 40 y\u0131l\u0131n r\u00fcyas\u0131yd\u0131. Bu i\u015fi biz ger\u00e7ekle\u015ftirdi\u011fimiz i\u00e7in \u015eanl\u0131urfa ve \u00fclkem ad\u0131na b\u00fcy\u00fck bir onur duymaktay\u0131m. <!--more-->  <\/span><\/p>\n<p style=\"text-align: justify\"><span style=\"font-size: 12px\">&#160;<\/span><\/p>\n<p style=\"text-align: justify\"><span style=\"font-size: 12px\">&#160;&#160;&#160;&#160;&#160;&#160;&#160;&#160;&#160;&#160;&#160; Cumhuriyet d\u00f6neminin en b\u00fcy\u00fck projelerinden biri olan GAP ve GAP \u0131n i\u00e7inde yer alan Suru\u00e7 Projesi \u00fczerinden bug\u00fcne kadar bir \u00e7ok parti siyasi rant elde etti. Ama AK Parti olarak se\u00e7im meydanlar\u0131nda verdi\u011fimiz bu s\u00f6z\u00fc yerine getirerek bu i\u015fi biz siyaseten de\u011fil b\u00f6lgenin ekonomik, sosyal, k\u00fclt\u00fcrel ve en \u00f6nemlisi devlet-vatanda\u015f kayna\u015fmas\u0131n\u0131 sa\u011flamak i\u00e7in yapt\u0131\u011f\u0131m\u0131z\u0131 bir kez daha g\u00f6sterdik. Ba\u015fta Say\u0131n Ba\u015fbakan\u0131m\u0131z olmak \u00fczere milletvekili arkada\u015flar\u0131m ve te\u015fkilatlar\u0131m\u0131zla birlikte G\u00fcneydo\u011fu ve Do\u011funun unutulmu\u015flu\u011funu, az geli\u015fmi\u015fli\u011fini silmek i\u00e7in gece g\u00fcnd\u00fcz \u00e7al\u0131\u015fmaktay\u0131z. AK Parti\u2019 nin Do\u011fu ve G\u00fcneydo\u011fu Anadolu\u2019 ya verdi\u011fi \u00f6nemi her ge\u00e7en g\u00fcn insanlar\u0131m\u0131z daha fazla g\u00f6rmektedir.&#160;&#160;&#160; <\/span><\/p>\n<p style=\"text-align: justify\"><span style=\"font-size: 12px\">&#160;<\/span><\/p>\n<p style=\"text-align: justify\"><span style=\"font-size: 12px\">&#160;&#160;&#160;&#160;&#160;&#160;&#160;&#160;&#160;&#160;&#160; Sadece Suru\u00e7 projesiyle \u00fclkeye her y\u0131l 300 Milyon TL girdi olacak \u015fekilde yakla\u015f\u0131k 180.000 ki\u015fiye istihdam sa\u011flanacakt\u0131r. Suru\u00e7 il\u00e7e merkezi ve \u00e7evresindeki 104 yerle\u015fim yeriyle toplam 94 814 hektarl\u0131k alan sulanacakt\u0131r. Sulu tar\u0131ma ge\u00e7ildi\u011finde tar\u0131ma dayal\u0131 sanayi dallar\u0131 olu\u015fturularak g\u00f6\u00e7\u00fcn \u00f6n\u00fcne ge\u00e7ilecektir. <\/span><\/p>\n<p style=\"text-align: justify\"><span style=\"font-size: 12px\">&#160;<\/span><\/p>\n<p style=\"text-align: justify\"><span style=\"font-size: 12px\">&#160;&#160;&#160;&#160;&#160;&#160;&#160;&#160;&#160;&#160;&#160; Yap\u0131lan projenin temel at\u0131lmas\u0131yla bir kez daha g\u00f6r\u00fcld\u00fc ki birlik ve beraberlik oldu\u011fu m\u00fcddet\u00e7e ba\u015far\u0131lmayacak hi\u00e7bir \u015fey yoktur. \u0130n\u015fallah bu projeyle ve projenin sa\u011flayaca\u011f\u0131 kazan\u0131mlarla insanlar\u0131m\u0131z birbirlerine kenetlenip ba\u015fta Suru\u00e7 olmak \u00fczere t\u00fcm \u015eanl\u0131urfa ve t\u00fcm T\u00fcrkiye\u2019 nin geli\u015fmesinde \u00f6nemli rol oynayacaklard\u0131r.<\/span><\/p>\n<p style=\"text-align: justify\"><span style=\"font-size: 12px\">&#160;<\/span><\/p>\n<p style=\"text-align: justify\"><span style=\"font-size: 12px\">&#160;&#160;&#160;&#160;&#160;&#160;&#160;&#160;&#160;&#160;&#160; Projenin ba\u015fta Suru\u00e7 olmak \u00fczere \u015eanl\u0131urfam\u0131z ve t\u00fcm T\u00fcrkiye\u2019 ye hay\u0131rl\u0131 olmas\u0131n\u0131 diler, 40 y\u0131la damgas\u0131n\u0131 vuran bu temel atma t\u00f6reni vesilesiyle hem\u015ferilerime sevgi, sayg\u0131 ve en derin h\u00fcrmetlerimi sunar\u0131m. <\/span><\/p>\n","protected":false},"excerpt":{"rendered":"<p>&#160;&#160;&#160;&#160;&#160;&#160;&#160;&#160;&#160;&#160;&#160;&#160;&#160;&#160;&#160;Binlerce \u015eanl\u0131urfal\u0131, Bozoval\u0131 ve Suru\u00e7lunun kat\u0131ld\u0131\u011f\u0131 G\u00fcneydo\u011fu Anadolu projesi kapsam\u0131nda olan \u2018 Suru\u00e7 Ovas\u0131 Pompaj Sulama Projesi \u2018 nin temel atma t\u00f6reni 7 Mart 2009 Cumartesi g\u00fcn\u00fc Bozova A\u015fa\u011f\u0131 Ba\u011fl\u0131ca K\u00f6y\u00fc t\u00f6ren alan\u0131nda ger\u00e7ekle\u015ftirildi. &#160; &#160;&#160;&#160;&#160;&#160;&#160;&#160;&#160;&#160;&#160;&#160; Temel atma t\u00f6reninin ev sahipli\u011fini yapan AK Parti \u015eanl\u0131urfa Milletvekilimiz ve AK Parti Genel Merkez Se\u00e7im \u0130\u015fleri Ba\u015fkan Yard\u0131mc\u0131s\u0131 &hellip;<\/p>\n","protected":false},"author":2,"featured_media":111,"comment_status":"open","ping_status":"open","sticky":false,"template":"","format":"standard","meta":{"footnotes":""},"categories":[8],"tags":[],"class_list":["post-112","post","type-post","status-publish","format-standard","has-post-thumbnail","hentry","category-haberler-haberler"],"_links":{"self":[{"href":"https:\/\/www.ramazanbasak.com.tr\/index.php?rest_route=\/wp\/v2\/posts\/112","targetHints":{"allow":["GET"]}}],"collection":[{"href":"https:\/\/www.ramazanbasak.com.tr\/index.php?rest_route=\/wp\/v2\/posts"}],"about":[{"href":"https:\/\/www.ramazanbasak.com.tr\/index.php?rest_route=\/wp\/v2\/types\/post"}],"author":[{"embeddable":true,"href":"https:\/\/www.ramazanbasak.com.tr\/index.php?rest_route=\/wp\/v2\/users\/2"}],"replies":[{"embeddable":true,"href":"https:\/\/www.ramazanbasak.com.tr\/index.php?rest_route=%2Fwp%2Fv2%2Fcomments&post=112"}],"version-history":[{"count":0,"href":"https:\/\/www.ramazanbasak.com.tr\/index.php?rest_route=\/wp\/v2\/posts\/112\/revisions"}],"wp:featuredmedia":[{"embeddable":true,"href":"https:\/\/www.ramazanbasak.com.tr\/index.php?rest_route=\/wp\/v2\/media\/111"}],"wp:attachment":[{"href":"https:\/\/www.ramazanbasak.com.tr\/index.php?rest_route=%2Fwp%2Fv2%2Fmedia&parent=112"}],"wp:term":[{"taxonomy":"category","embeddable":true,"href":"https:\/\/www.ramazanbasak.com.tr\/index.php?rest_route=%2Fwp%2Fv2%2Fcategories&post=112"},{"taxonomy":"post_tag","embeddable":true,"href":"https:\/\/www.ramazanbasak.com.tr\/index.php?rest_route=%2Fwp%2Fv2%2Ftags&post=112"}],"curies":[{"name":"wp","href":"https:\/\/api.w.org\/{rel}","templated":true}]}}