{"id":12,"date":"2008-10-28T22:00:00","date_gmt":"2008-10-28T19:00:00","guid":{"rendered":"https:\/\/www.ramazanbasak.com.tr\/basak-cumhuriyet-bayrami%e2%80%99ni-kutladi"},"modified":"2008-10-28T22:00:00","modified_gmt":"2008-10-28T19:00:00","slug":"basak-cumhuriyet-bayrami%e2%80%99ni-kutladi","status":"publish","type":"post","link":"https:\/\/www.ramazanbasak.com.tr\/?p=12","title":{"rendered":"Ba\u015fak Cumhuriyet Bayram\u0131\u2019n\u0131 kutlad\u0131"},"content":{"rendered":"<div class=\"haberdetay\">\n<p><span style=\"font-size: 10pt\"><img loading=\"lazy\" decoding=\"async\" class=\" alignleft size-full wp-image-11\" height=\"100\" hspace=\"3\" width=\"150\" align=\"left\" vspace=\"3\" alt=\"\" src=\"https:\/\/www.ramazanbasak.com.tr\/wp-content\/uploads\/2008\/10\/29ekim.jpg\" \/>Ak Parti \u015eanl\u0131urfa Milletvekili Ramazan Ba\u015fak 29 Ekim Cumhuriyet Bayram\u0131 dolay\u0131s\u0131yla bir mesaj yay\u0131nlad\u0131.<\/span><span style=\"font-size: 10pt\"> <\/p>\n<p style=\"text-align: justify\"> Milletvekili Ramazan Ba\u015fak yay\u0131nlad\u0131\u011f\u0131 mesajda \u201cCumhuriyetimizin ilan\u0131n\u0131n 85. y\u0131ld\u00f6n\u00fcm\u00fcn\u00fc kutlaman\u0131n onur ve gururunu ya\u015f\u0131yoruz. Atat\u00fcrk\u2019\u00fcn 19 May\u0131s 1919 da Samsun\u2019a \u00e7\u0131karak Milli M\u00fccadeleyi ba\u015flat\u0131p, 29 Ekim 1923 tarihinde de milletimize b\u0131rak\u0131lm\u0131\u015f en b\u00fcy\u00fck miras ve vazge\u00e7ilmez bir de\u011fer olan Cumhuriyetin nas\u0131l kazan\u0131ld\u0131\u011f\u0131n\u0131 unutmadan; demokrasiyi, hukukun \u00fcst\u00fcnl\u00fc\u011f\u00fcn\u00fc,<span>&#160; <\/span>insan haklar\u0131na sayg\u0131y\u0131 ve sosyal devlet anlay\u0131\u015f\u0131n\u0131 ya\u015fam\u0131n her alan\u0131nda sa\u011flayarak Cumhuriyetimizi daha ileriye g\u00f6t\u00fcrmek i\u00e7in AK Parti ve biz milletvekilleri olarak g\u00f6revimizi sonuna kadar ger\u00e7ekle\u015ftirmek i\u00e7in elimizden gelen b\u00fct\u00fcn \u00f6zveriyi g\u00f6steriyor ve g\u00f6stermeye de devam edece\u011fiz. <!--more-->  <span style=\"font-size: 10pt\">Her zamankinden \u00e7ok daha fazla milli birlik ve beraberli\u011fe ihtiya\u00e7 duydu\u011fumuz bu g\u00fcnlerde, el ele bar\u0131\u015f ve huzur dolu bir T\u00fcrkiye i\u00e7in gayretlerimizi daha da artt\u0131rmaktay\u0131z. \u00dclkemiz, politik, stratejik ve ekonomik bak\u0131mdan \u00f6nemli bir co\u011frafyada yer almaktad\u0131r. Binlerce y\u0131ld\u0131r bu topraklarda ayn\u0131 bayrak alt\u0131nda ya\u015fayan insanlar \u00fczerinde planlar yap\u0131lm\u0131\u015f, her t\u00fcrl\u00fc oyunlar oynanm\u0131\u015ft\u0131r. Ancak, tek y\u00fcrek olmu\u015f halk\u0131m\u0131z sayesinde bu oyunlar bo\u015fa \u00e7\u0131kar\u0131lm\u0131\u015ft\u0131r. T\u00fcrkiye art\u0131k her alanda dev at\u0131l\u0131mlar ger\u00e7ekle\u015ftiren bir d\u00fcnya devletidir. Ekonomik, siyasi ve k\u00fclt\u00fcrel alanlarda g\u00f6sterilen ba\u015far\u0131lar bunun en \u00f6nemli g\u00f6stergesidir.T\u00fcrkiye Cumhuriyeti, \u00f6n\u00fcnde AK Parti H\u00fck\u00fcmetinin \u00f6nderli\u011finde uzanan ayd\u0131nl\u0131k yolda, emin ad\u0131mlarla ilerlemeye devam edecek, hak etti\u011fi uygarl\u0131k seviyesine ula\u015fmak i\u00e7in verdi\u011fi kararl\u0131 m\u00fccadeleyi s\u00fcrd\u00fcrecektir. D\u00fcnyada, b\u00f6lgesinde ve i\u00e7erde \u00e7ok daha m\u00fcreffeh, ayaklar\u0131 yere sa\u011flam basan bir T\u00fcrkiye idealiyle devam etti\u011fimiz bu yolda millet\u00e7e beraber oldu\u011fumuz s\u00fcrece a\u015famayaca\u011f\u0131m\u0131z engel yoktur. Ba\u015fta \u015eanl\u0131urfal\u0131 hem\u015ferilerimin ve t\u00fcm halk\u0131m\u0131z\u0131n 29 Ekim Cumhuriyet Bayram\u0131n\u0131 kutluyor, bizlere bug\u00fcnlerimizi veren Ulu \u00d6nder Atat\u00fcrk\u2019 \u00fc ve \u015fehitlerimizi sayg\u0131yla an\u0131yor, selam ve sevgilerimi sunuyorum.\u201d Dedi.<span>&#160; <\/span>(UrfaHA)<\/span><\/p>\n<p> <\/span><\/p>\n<\/p><\/div>\n","protected":false},"excerpt":{"rendered":"<p>Ak Parti \u015eanl\u0131urfa Milletvekili Ramazan Ba\u015fak 29 Ekim Cumhuriyet Bayram\u0131 dolay\u0131s\u0131yla bir mesaj yay\u0131nlad\u0131. Milletvekili Ramazan Ba\u015fak yay\u0131nlad\u0131\u011f\u0131 mesajda \u201cCumhuriyetimizin ilan\u0131n\u0131n 85. y\u0131ld\u00f6n\u00fcm\u00fcn\u00fc kutlaman\u0131n onur ve gururunu ya\u015f\u0131yoruz. Atat\u00fcrk\u2019\u00fcn 19 May\u0131s 1919 da Samsun\u2019a \u00e7\u0131karak Milli M\u00fccadeleyi ba\u015flat\u0131p, 29 Ekim 1923 tarihinde de milletimize b\u0131rak\u0131lm\u0131\u015f en b\u00fcy\u00fck miras ve vazge\u00e7ilmez bir de\u011fer olan Cumhuriyetin nas\u0131l &hellip;<\/p>\n","protected":false},"author":1,"featured_media":11,"comment_status":"open","ping_status":"open","sticky":false,"template":"","format":"standard","meta":{"footnotes":""},"categories":[8],"tags":[],"class_list":["post-12","post","type-post","status-publish","format-standard","has-post-thumbnail","hentry","category-haberler-haberler"],"_links":{"self":[{"href":"https:\/\/www.ramazanbasak.com.tr\/index.php?rest_route=\/wp\/v2\/posts\/12","targetHints":{"allow":["GET"]}}],"collection":[{"href":"https:\/\/www.ramazanbasak.com.tr\/index.php?rest_route=\/wp\/v2\/posts"}],"about":[{"href":"https:\/\/www.ramazanbasak.com.tr\/index.php?rest_route=\/wp\/v2\/types\/post"}],"author":[{"embeddable":true,"href":"https:\/\/www.ramazanbasak.com.tr\/index.php?rest_route=\/wp\/v2\/users\/1"}],"replies":[{"embeddable":true,"href":"https:\/\/www.ramazanbasak.com.tr\/index.php?rest_route=%2Fwp%2Fv2%2Fcomments&post=12"}],"version-history":[{"count":0,"href":"https:\/\/www.ramazanbasak.com.tr\/index.php?rest_route=\/wp\/v2\/posts\/12\/revisions"}],"wp:featuredmedia":[{"embeddable":true,"href":"https:\/\/www.ramazanbasak.com.tr\/index.php?rest_route=\/wp\/v2\/media\/11"}],"wp:attachment":[{"href":"https:\/\/www.ramazanbasak.com.tr\/index.php?rest_route=%2Fwp%2Fv2%2Fmedia&parent=12"}],"wp:term":[{"taxonomy":"category","embeddable":true,"href":"https:\/\/www.ramazanbasak.com.tr\/index.php?rest_route=%2Fwp%2Fv2%2Fcategories&post=12"},{"taxonomy":"post_tag","embeddable":true,"href":"https:\/\/www.ramazanbasak.com.tr\/index.php?rest_route=%2Fwp%2Fv2%2Ftags&post=12"}],"curies":[{"name":"wp","href":"https:\/\/api.w.org\/{rel}","templated":true}]}}