{"id":125,"date":"2009-08-31T07:29:07","date_gmt":"2009-08-31T04:29:07","guid":{"rendered":"https:\/\/www.ramazanbasak.com.tr\/basak-tan-gece-baskini"},"modified":"2009-08-31T07:29:07","modified_gmt":"2009-08-31T04:29:07","slug":"basak-tan-gece-baskini","status":"publish","type":"post","link":"https:\/\/www.ramazanbasak.com.tr\/?p=125","title":{"rendered":"BA\u015eAK&#8217; TAN GECE BASKINI"},"content":{"rendered":"<p><img loading=\"lazy\" decoding=\"async\" class=\" size-full wp-image-123\" height=\"180\" width=\"260\" alt=\"\" src=\"https:\/\/www.ramazanbasak.com.tr\/wp-content\/uploads\/2009\/08\/9498.jpg\" \/> <\/p>\n<div class=\"detail content_12\" id=\"text_detail\"><span style=\"font-size: 12px\"><b><br \/> Ak Parti \u015eanl\u0131urfa Milletvekili Ramazan Ba\u015fak,sahur vaktinde \u015fok bask\u0131nlarda bulundu. <\/b><\/p>\n<p> <\/span> <\/p>\n<p><span style=\"font-size: 12px\">Ak Parti \u015eanl\u0131urfa Milletvekili Ramazan Ba\u015fak, d\u00fcn gece sahur vaktinde&#160; sessiz sedas\u0131z tek ba\u015f\u0131na kent merkezinde ki baz\u0131 hastahanelere ani bask\u0131n d\u00fczenledi&#8230;.<br \/>  <!--more-->  <\/span><\/p>\n<\/p><\/div>\n<p>T\u00fcrkiye B\u00fcy\u00fck Millet Meclisinin tatile girmesinden sonra&#160;&#160;tatil mesaisini &#160;memleketi \u015eanl\u0131urfa&#8217;da ge\u00e7irmeyi tercih eden Ak Parti \u015eanl\u0131urfa Milletvekili Ramazan Ba\u015fak d\u00fcn&#160; g\u00fcnd\u00fcz esnaf gezisinden sonra gece ge\u00e7 saatlere kadar k\u00f6y ve mezralarda ziyaretlerde bulundu. \u015eanl\u0131urfa Merkeze ba\u011fl\u0131 \u00e7ok say\u0131da k\u00f6y\u00fc ziyaret ederek k\u00f6y muhtarlar\u0131n\u0131n sorunlar\u0131n\u0131 ve \u00f6nerilerini dinledi. Miletvekili Ba\u015fak gecenin ilerleyen saatlerinden sonra ziyaretlerini tamamlad\u0131\u011f\u0131 k\u00f6y gezilerinden sonra&#160; kent merkezinde bulunan Kad\u0131n ve Do\u011fum evi hastahanesi ile \u00c7ocuk hastahanesine ani bir bask\u0131n d\u00fczenledi.ilk olarak hastanelerin acil servisine tek ba\u015f\u0131na giden Ba\u015fak burada acil serviste muayene olan hastalarla yak\u0131ndan&#160; ilgilendi.her iki hastahanede n\u00f6bet\u00e7i doktorlarla sohbet ederek hastahane hakk\u0131nda bilgi alan Milletvekili Ba\u015fak&#8217;\u0131n gece yar\u0131s\u0131 bask\u0131n\u0131 vatanda\u015flar\u0131 memnun etti. \u00c7ocuk hastahanesi \u00e7\u0131k\u0131\u015f\u0131nda bir \u00e7ok hasta yak\u0131n\u0131 ile yak\u0131ndan ilgilenen Ba\u015fak, yard\u0131ma muhta\u00e7 iki ailenin sa\u011fl\u0131k giderlerini kar\u015f\u0131lad\u0131.<\/p>\n<p> <img loading=\"lazy\" decoding=\"async\" class=\" size-full wp-image-124\" height=\"322\" width=\"480\" alt=\"\" src=\"https:\/\/www.ramazanbasak.com.tr\/wp-content\/uploads\/2009\/08\/1252.jpg\" srcset=\"https:\/\/www.ramazanbasak.com.tr\/wp-content\/uploads\/2009\/08\/1252.jpg 480w, https:\/\/www.ramazanbasak.com.tr\/wp-content\/uploads\/2009\/08\/1252-300x201.jpg 300w\" sizes=\"auto, (max-width: 480px) 100vw, 480px\" \/><\/p>\n<p> &#160;<\/p>\n<p>Mehmet Ali D. isimli&#160; \u00e7ocu\u011fun \u015eanl\u0131urfa&#8217;da tedavisinin m\u00fcmk\u00fcn olmad\u0131\u011f\u0131n\u0131 ailesinden \u00f6\u011frenen&#160; Milletvekili Ba\u015fak&#160; 7 ya\u015f\u0131nda ki \u00e7ocu\u011fun Ankara&#8217;da yap\u0131lacak olan t\u00fcm tedavi ve yol giderlerini kar\u015f\u0131layaca\u011f\u0131n\u0131 aileye s\u00f6yledi. D. ailesinin \u00e7ocuklar\u0131n\u0131 bug\u00fcn&#160; Ramazan Ba\u015fak taraf\u0131ndan tahsis edilen bir ara\u00e7 ile Ankara&#8217;ya \u00f6zel bir hastahaneye g\u00f6t\u00fcr\u00fcld\u00fc\u011f\u00fc \u00f6\u011frenildi.<\/p>\n","protected":false},"excerpt":{"rendered":"<p>Ak Parti \u015eanl\u0131urfa Milletvekili Ramazan Ba\u015fak,sahur vaktinde \u015fok bask\u0131nlarda bulundu. Ak Parti \u015eanl\u0131urfa Milletvekili Ramazan Ba\u015fak, d\u00fcn gece sahur vaktinde&#160; sessiz sedas\u0131z tek ba\u015f\u0131na kent merkezinde ki baz\u0131 hastahanelere ani bask\u0131n d\u00fczenledi&#8230;. T\u00fcrkiye B\u00fcy\u00fck Millet Meclisinin tatile girmesinden sonra&#160;&#160;tatil mesaisini &#160;memleketi \u015eanl\u0131urfa&#8217;da ge\u00e7irmeyi tercih eden Ak Parti \u015eanl\u0131urfa Milletvekili Ramazan Ba\u015fak d\u00fcn&#160; g\u00fcnd\u00fcz esnaf gezisinden &hellip;<\/p>\n","protected":false},"author":2,"featured_media":123,"comment_status":"open","ping_status":"open","sticky":false,"template":"","format":"standard","meta":{"footnotes":""},"categories":[8],"tags":[],"class_list":["post-125","post","type-post","status-publish","format-standard","has-post-thumbnail","hentry","category-haberler-haberler"],"_links":{"self":[{"href":"https:\/\/www.ramazanbasak.com.tr\/index.php?rest_route=\/wp\/v2\/posts\/125","targetHints":{"allow":["GET"]}}],"collection":[{"href":"https:\/\/www.ramazanbasak.com.tr\/index.php?rest_route=\/wp\/v2\/posts"}],"about":[{"href":"https:\/\/www.ramazanbasak.com.tr\/index.php?rest_route=\/wp\/v2\/types\/post"}],"author":[{"embeddable":true,"href":"https:\/\/www.ramazanbasak.com.tr\/index.php?rest_route=\/wp\/v2\/users\/2"}],"replies":[{"embeddable":true,"href":"https:\/\/www.ramazanbasak.com.tr\/index.php?rest_route=%2Fwp%2Fv2%2Fcomments&post=125"}],"version-history":[{"count":0,"href":"https:\/\/www.ramazanbasak.com.tr\/index.php?rest_route=\/wp\/v2\/posts\/125\/revisions"}],"wp:featuredmedia":[{"embeddable":true,"href":"https:\/\/www.ramazanbasak.com.tr\/index.php?rest_route=\/wp\/v2\/media\/123"}],"wp:attachment":[{"href":"https:\/\/www.ramazanbasak.com.tr\/index.php?rest_route=%2Fwp%2Fv2%2Fmedia&parent=125"}],"wp:term":[{"taxonomy":"category","embeddable":true,"href":"https:\/\/www.ramazanbasak.com.tr\/index.php?rest_route=%2Fwp%2Fv2%2Fcategories&post=125"},{"taxonomy":"post_tag","embeddable":true,"href":"https:\/\/www.ramazanbasak.com.tr\/index.php?rest_route=%2Fwp%2Fv2%2Ftags&post=125"}],"curies":[{"name":"wp","href":"https:\/\/api.w.org\/{rel}","templated":true}]}}