{"id":127,"date":"2009-09-05T08:53:04","date_gmt":"2009-09-05T05:53:04","guid":{"rendered":"https:\/\/www.ramazanbasak.com.tr\/ramazan-basak-halkin-arasinda"},"modified":"2009-09-05T08:53:04","modified_gmt":"2009-09-05T05:53:04","slug":"ramazan-basak-halkin-arasinda","status":"publish","type":"post","link":"https:\/\/www.ramazanbasak.com.tr\/?p=127","title":{"rendered":"Ramazan Ba\u015fak Halk\u0131n Aras\u0131nda&#8230;"},"content":{"rendered":"<p><img loading=\"lazy\" decoding=\"async\" class=\" size-full wp-image-126\" height=\"180\" alt=\"\" width=\"260\" src=\"https:\/\/www.ramazanbasak.com.tr\/wp-content\/uploads\/2009\/09\/9579.jpg\" \/><\/p>\n<div class=\"title\">Ba\u015fak Halk Aras\u0131nda<\/div>\n<div class=\"br1pxdot\"><img decoding=\"async\" alt=\"\" src=\"http:\/\/www.sanliurfa.com\/images\/spacer.gif\" \/><\/div>\n<div class=\"br1pxdot\"><img decoding=\"async\" alt=\"\" src=\"http:\/\/www.sanliurfa.com\/images\/spacer.gif\" \/><\/div>\n<div class=\"detail content_12\" id=\"text_detail\"><b>Ak Parti \u015eanl\u0131urfa Milletvekili Ramazan Ba\u015fak d\u00fcn Ha\u015fimiye meydan\u0131nda bulunan Esnaf\u0131 ziyaret etti&#8230;<br \/> &#160; <!--more-->  <\/b><br \/> &#160;<\/div>\n<p>Ak Parti&#160; \u015eanl\u0131urfa Milletvekili Ramazan Ba\u015fak&#160; Esnaf&#160; gezilerini s\u00fcrd\u00fcr\u00fcyor. TBMM &#8216;nin tatile girmesinden sonra&#160; memleketi \u015eanl\u0131urfa&#8217;ya gelen Ak Partili Milletvekili Ramazan Ba\u015fak bo\u015f durmuyor.<\/p>\n<p> <\/p>\n<p>Y\u00fczlerce k\u00f6ye ve mezra gezileri,&#160; \u0130l\u00e7e ve Belde&#160; incelemelerinden f\u0131rsat&#160; bulan Ak Parti \u015eanl\u0131urfa Milletvekili Ramazan Ba\u015fak bir taraftan esnaf gezilerinide ihmal etmiyor. \u00c7ok say\u0131da esnaf temsilcileri ile bir araya gelerek sorunlar\u0131 ve \u00f6nerileri dinleyen&#160; Ba\u015fak d\u00fcn Ha\u015fimiye meydan\u0131nda bulunan esnafla bir araya geldi. Ramazan Ay\u0131 nedeni ile&#160; esnaf gezisini ak\u015fam saatlerine ay\u0131ran Ba\u015fak, esnaf\u0131n yava\u015f yava\u015f&#160; ekonomik krizden kurtulmas\u0131 bizleri mutlu ediyor dedi. Ak Parti H\u00fck\u00fcmetinin \u00fclkeninn t\u00fcm sorunlar\u0131 ile u\u011fra\u015ft\u0131\u011f\u0131n\u0131 belirten Ba\u015fak esnaf\u0131m\u0131z\u0131n bize verdi\u011fi moral ve g\u00fc\u00e7 sayesinde biz Milletvekilleri olarak \u00fclkemizin gelece\u011fini daha ayd\u0131nl\u0131k ve umutlu g\u00f6r\u00fcyoruz, esnaf\u0131m\u0131z Ak Parti \u0130ktidar\u0131n\u0131n iyi niyeti ve \u00fclke sevdas\u0131n\u0131 en az bizim kadar biliyor.&#8217;diye konu\u015ftu.<\/p>\n","protected":false},"excerpt":{"rendered":"<p>Ba\u015fak Halk Aras\u0131nda Ak Parti \u015eanl\u0131urfa Milletvekili Ramazan Ba\u015fak d\u00fcn Ha\u015fimiye meydan\u0131nda bulunan Esnaf\u0131 ziyaret etti&#8230; &#160; &#160; Ak Parti&#160; \u015eanl\u0131urfa Milletvekili Ramazan Ba\u015fak&#160; Esnaf&#160; gezilerini s\u00fcrd\u00fcr\u00fcyor. TBMM &#8216;nin tatile girmesinden sonra&#160; memleketi \u015eanl\u0131urfa&#8217;ya gelen Ak Partili Milletvekili Ramazan Ba\u015fak bo\u015f durmuyor. Y\u00fczlerce k\u00f6ye ve mezra gezileri,&#160; \u0130l\u00e7e ve Belde&#160; incelemelerinden f\u0131rsat&#160; bulan Ak Parti &hellip;<\/p>\n","protected":false},"author":2,"featured_media":126,"comment_status":"open","ping_status":"open","sticky":false,"template":"","format":"standard","meta":{"footnotes":""},"categories":[8],"tags":[],"class_list":["post-127","post","type-post","status-publish","format-standard","has-post-thumbnail","hentry","category-haberler-haberler"],"_links":{"self":[{"href":"https:\/\/www.ramazanbasak.com.tr\/index.php?rest_route=\/wp\/v2\/posts\/127","targetHints":{"allow":["GET"]}}],"collection":[{"href":"https:\/\/www.ramazanbasak.com.tr\/index.php?rest_route=\/wp\/v2\/posts"}],"about":[{"href":"https:\/\/www.ramazanbasak.com.tr\/index.php?rest_route=\/wp\/v2\/types\/post"}],"author":[{"embeddable":true,"href":"https:\/\/www.ramazanbasak.com.tr\/index.php?rest_route=\/wp\/v2\/users\/2"}],"replies":[{"embeddable":true,"href":"https:\/\/www.ramazanbasak.com.tr\/index.php?rest_route=%2Fwp%2Fv2%2Fcomments&post=127"}],"version-history":[{"count":0,"href":"https:\/\/www.ramazanbasak.com.tr\/index.php?rest_route=\/wp\/v2\/posts\/127\/revisions"}],"wp:featuredmedia":[{"embeddable":true,"href":"https:\/\/www.ramazanbasak.com.tr\/index.php?rest_route=\/wp\/v2\/media\/126"}],"wp:attachment":[{"href":"https:\/\/www.ramazanbasak.com.tr\/index.php?rest_route=%2Fwp%2Fv2%2Fmedia&parent=127"}],"wp:term":[{"taxonomy":"category","embeddable":true,"href":"https:\/\/www.ramazanbasak.com.tr\/index.php?rest_route=%2Fwp%2Fv2%2Fcategories&post=127"},{"taxonomy":"post_tag","embeddable":true,"href":"https:\/\/www.ramazanbasak.com.tr\/index.php?rest_route=%2Fwp%2Fv2%2Ftags&post=127"}],"curies":[{"name":"wp","href":"https:\/\/api.w.org\/{rel}","templated":true}]}}