{"id":129,"date":"2009-09-07T09:08:21","date_gmt":"2009-09-07T06:08:21","guid":{"rendered":"https:\/\/www.ramazanbasak.com.tr\/basak-tan-ramazan-yardimi"},"modified":"2009-09-07T09:08:21","modified_gmt":"2009-09-07T06:08:21","slug":"basak-tan-ramazan-yardimi","status":"publish","type":"post","link":"https:\/\/www.ramazanbasak.com.tr\/?p=129","title":{"rendered":"Ba\u015fak&#8217; tan Ramazan Yard\u0131m\u0131&#8230;"},"content":{"rendered":"<p><img loading=\"lazy\" decoding=\"async\" class=\" size-full wp-image-128\" height=\"180\" alt=\"\" width=\"260\" src=\"https:\/\/www.ramazanbasak.com.tr\/wp-content\/uploads\/2009\/09\/9613.jpg\" \/><br \/> Ba\u015fak&#8217;tan Ramazan Yard\u0131m\u0131 <\/p>\n<div class=\"br1pxdot\"><img decoding=\"async\" alt=\"\" src=\"http:\/\/www.sanliurfa.com\/images\/spacer.gif\" \/><\/div>\n<div class=\"br1pxdot\"><img decoding=\"async\" alt=\"\" src=\"http:\/\/www.sanliurfa.com\/images\/spacer.gif\" \/><\/div>\n<div class=\"detail content_12\" id=\"text_detail\"><b>Ak Parti \u015eanl\u0131urfa Milletvekili Ramazan Ba\u015fak&#8217;\u0131n yard\u0131ma muhta\u00e7 ailelere g\u0131da paketi da\u011f\u0131tt\u0131\u011f\u0131 \u00f6\u011frenildi&#8230; <\/b> <\/p>\n<p> <!--more-->  \u015eanl\u0131urfa Ak Parti Milletvekili Ramazan Ba\u015fak yoksul ve dar gelirli 250 aileye ramazan dolay\u0131s\u0131yla g\u0131da yard\u0131m\u0131nda bulundu. Bir\u00e7ok ilde ve b\u00f6lgede yard\u0131m da\u011f\u0131t\u0131mlar\u0131nda izdiham ya\u015fan\u0131rken \u015eanl\u0131urfa Ak Parti Milletvekili Ramazan Ba\u015fak\u2019\u0131n yak\u0131nlar\u0131 taraf\u0131ndan da\u011f\u0131t\u0131lan g\u0131da paketleri iyi bir organizasyonla muhta\u00e7 insanlar\u0131n onurunu incitmeden yap\u0131ld\u0131. <br \/> TBMM \u2018nin tatile girmesinden sonra s\u00fcrekli \u015fanl\u0131urfa\u2019da halkla i\u00e7 i\u00e7e olmaya \u00f6zen g\u00f6steren Ak Parti \u015eanl\u0131urfa Milletvekili Ramazan Ba\u015fak Meclis \u00c7al\u0131\u015fmalar\u0131 d\u0131\u015f\u0131nda \u00e7ok \u00f6nemli bir hay\u0131r i\u015fine vesile oldu. Ramazan ay\u0131ndan \u00f6nce yard\u0131ma muhta\u00e7 ailelerin tespitini yapan Ba\u015fak , ge\u00e7ti\u011fimiz hafta i\u00e7erisinde sessiz sedas\u0131z g\u0131da da\u011f\u0131t\u0131mlar\u0131n\u0131 tamamlad\u0131. Ak Partili Milletvekili\u2019nin baz\u0131 yak\u0131nlar\u0131 ve dan\u0131\u015fmanlar\u0131nca g\u0131da paketleri belirlenen adreslere gece saatlerinde teslim edildi. B\u00fcy\u00fck bir hay\u0131r i\u015fine vesile olan ve \u00f6rnek davran\u0131\u015f\u0131 ile takdir toplayan Ak Partili Milletvekili Ba\u015fak ise da\u011f\u0131t\u0131m\u0131 yap\u0131lan g\u0131da paketleri ile ilgili konu\u015fmak istemedi. Ba\u015fak&#160; &#8220;Biz \u00fczerimize d\u00fc\u015fen g\u00f6revi yapt\u0131k, bu bir hay\u0131r ve g\u00f6n\u00fcl i\u015fidir. Benim bu konuda yorum yapmam , konu\u015fmam do\u011fru olmaz, arkada\u015flar\u0131m\u0131z, isimleri ve adresleri gizli ve benim bile tan\u0131mad\u0131\u011f\u0131m yard\u0131ma muhta\u00e7 ailelere g\u0131da da\u011f\u0131t\u0131m\u0131n\u0131 yapt\u0131lar.&#8221;diye konu\u015ftu. \u00d6te yandan Ramazan ay\u0131nda evlerinde bir ay yetecek kadar g\u0131da paketini alan aileler ise mutluluklar\u0131n\u0131 dile getirdiler.<\/p>\n<\/p><\/div>\n","protected":false},"excerpt":{"rendered":"<p>Ba\u015fak&#8217;tan Ramazan Yard\u0131m\u0131 Ak Parti \u015eanl\u0131urfa Milletvekili Ramazan Ba\u015fak&#8217;\u0131n yard\u0131ma muhta\u00e7 ailelere g\u0131da paketi da\u011f\u0131tt\u0131\u011f\u0131 \u00f6\u011frenildi&#8230; \u015eanl\u0131urfa Ak Parti Milletvekili Ramazan Ba\u015fak yoksul ve dar gelirli 250 aileye ramazan dolay\u0131s\u0131yla g\u0131da yard\u0131m\u0131nda bulundu. Bir\u00e7ok ilde ve b\u00f6lgede yard\u0131m da\u011f\u0131t\u0131mlar\u0131nda izdiham ya\u015fan\u0131rken \u015eanl\u0131urfa Ak Parti Milletvekili Ramazan Ba\u015fak\u2019\u0131n yak\u0131nlar\u0131 taraf\u0131ndan da\u011f\u0131t\u0131lan g\u0131da paketleri iyi bir organizasyonla &hellip;<\/p>\n","protected":false},"author":2,"featured_media":128,"comment_status":"open","ping_status":"open","sticky":false,"template":"","format":"standard","meta":{"footnotes":""},"categories":[8],"tags":[],"class_list":["post-129","post","type-post","status-publish","format-standard","has-post-thumbnail","hentry","category-haberler-haberler"],"_links":{"self":[{"href":"https:\/\/www.ramazanbasak.com.tr\/index.php?rest_route=\/wp\/v2\/posts\/129","targetHints":{"allow":["GET"]}}],"collection":[{"href":"https:\/\/www.ramazanbasak.com.tr\/index.php?rest_route=\/wp\/v2\/posts"}],"about":[{"href":"https:\/\/www.ramazanbasak.com.tr\/index.php?rest_route=\/wp\/v2\/types\/post"}],"author":[{"embeddable":true,"href":"https:\/\/www.ramazanbasak.com.tr\/index.php?rest_route=\/wp\/v2\/users\/2"}],"replies":[{"embeddable":true,"href":"https:\/\/www.ramazanbasak.com.tr\/index.php?rest_route=%2Fwp%2Fv2%2Fcomments&post=129"}],"version-history":[{"count":0,"href":"https:\/\/www.ramazanbasak.com.tr\/index.php?rest_route=\/wp\/v2\/posts\/129\/revisions"}],"wp:featuredmedia":[{"embeddable":true,"href":"https:\/\/www.ramazanbasak.com.tr\/index.php?rest_route=\/wp\/v2\/media\/128"}],"wp:attachment":[{"href":"https:\/\/www.ramazanbasak.com.tr\/index.php?rest_route=%2Fwp%2Fv2%2Fmedia&parent=129"}],"wp:term":[{"taxonomy":"category","embeddable":true,"href":"https:\/\/www.ramazanbasak.com.tr\/index.php?rest_route=%2Fwp%2Fv2%2Fcategories&post=129"},{"taxonomy":"post_tag","embeddable":true,"href":"https:\/\/www.ramazanbasak.com.tr\/index.php?rest_route=%2Fwp%2Fv2%2Ftags&post=129"}],"curies":[{"name":"wp","href":"https:\/\/api.w.org\/{rel}","templated":true}]}}