{"id":131,"date":"2009-09-08T15:24:35","date_gmt":"2009-09-08T12:24:35","guid":{"rendered":"https:\/\/www.ramazanbasak.com.tr\/basak-gonul-sohbetinde"},"modified":"2009-09-08T15:24:35","modified_gmt":"2009-09-08T12:24:35","slug":"basak-gonul-sohbetinde","status":"publish","type":"post","link":"https:\/\/www.ramazanbasak.com.tr\/?p=131","title":{"rendered":"BA\u015eAK G\u00d6N\u00dcL SOHBET\u0130NDE&#8230;"},"content":{"rendered":"<div class=\"title\"><img loading=\"lazy\" decoding=\"async\" class=\" size-full wp-image-130\" height=\"180\" width=\"260\" alt=\"\" src=\"https:\/\/www.ramazanbasak.com.tr\/wp-content\/uploads\/2009\/09\/9723.jpg\" \/><\/p>\n<p> Ba\u015fak G\u00f6n\u00fcl sohbetlerinde<\/p><\/div>\n<div class=\"br1pxdot\"><img decoding=\"async\" src=\"http:\/\/www.sanliurfa.com\/images\/spacer.gif\" alt=\"\" \/><\/div>\n<div class=\"date\">&#160;<\/div>\n<div class=\"br1pxdot\"><img decoding=\"async\" src=\"http:\/\/www.sanliurfa.com\/images\/spacer.gif\" alt=\"\" \/><\/div>\n<div class=\"detail content_12\" id=\"text_detail\"><b>Ak Parti \u015eanl\u0131urfa Milletvekili Ramazan Ba\u015fak Ankara&#160;\u0130l Te\u015fkilatlar\u0131n\u0131n&#160;d\u00fczenledi\u011fi G\u00f6n\u00fcl sohbetleri program\u0131n\u0131n konu\u011fu oldu.<\/b><\/p>\n<p> Ak Parti Se\u00e7im \u0130\u015fleri Ba\u015fkan Yard\u0131mc\u0131s\u0131 ve \u015eanl\u0131urfa Milletvekili Ramazan Ba\u015fak d\u00fcn ak\u015fam&#160;AK Parti Ankara \u0130l Te\u015fkilatlar\u0131n\u0131n d\u00fczenlemi\u015f oldu\u011fu&#8230; <!--more-->  <\/div>\n<p> Ak Parti Se\u00e7im \u0130\u015fleri Ba\u015fkan Yard\u0131mc\u0131s\u0131 ve \u015eanl\u0131urfa Milletvekili Ramazan Ba\u015fak d\u00fcn ak\u015fam&#160;AK Parti Ankara \u0130l Te\u015fkilatlar\u0131n\u0131n d\u00fczenlemi\u015f oldu\u011fu G\u00f6n\u00fcl Sohbetleri ad\u0131 alt\u0131nda yap\u0131lan davetine konuk oldu. Gece Ramazan Ba\u015fak\u2019 \u0131n da kat\u0131lmas\u0131yla ger\u00e7ekten tam bir g\u00f6n\u00fcl sohbetine d\u00f6n\u00fc\u015ft\u00fc. Sorulan sorulara da bir Milletvekili olarak cevap veren Ba\u015fak, s\u00f6zlerinde \u00e7o\u011fu zaman \u015eanl\u0131urfam\u0131zdan g\u00fczel geleneklerden \u00f6rnekler verdi. Son g\u00fcnlerdeki g\u00fcndemde olan Demokratik A\u00e7\u0131l\u0131m \u00fczerine sorulan bir soruya cevap vermek i\u00e7in mikrofonu alan Ba\u015fak, g\u00f6r\u00fc\u015flerini \u015f\u00f6yle a\u00e7\u0131klad\u0131. A\u00e7\u0131l\u0131m\u0131n sadece K\u00fcrt meselesi de\u011fil b\u00fct\u00fcn T\u00fcrkiye\u2019 nin bir projesi oldu\u011funu, bu projenin Do\u011fu ve G\u00fcneydo\u011fu\u2019 da de\u011fil T\u00fcrkiye\u2019 nin kuzeyinde, g\u00fcneyinde ve bat\u0131s\u0131nda da ger\u00e7ekle\u015fece\u011fini, demokrasinin her yerde ihtiya\u00e7 duyulan bir \u00f6ge oldu\u011funa de\u011findi. Ayr\u0131ca ter\u00f6r\u00fcn bitirilmesi&#160;i\u00e7in de \u00f6nem arzetti\u011fini ve bug\u00fcne kadar o b\u00f6lgede denenen b\u00fct\u00fcn metodlar\u0131n ba\u015far\u0131s\u0131z oldu\u011funu, 30 sene bunun i\u00e7in u\u011fra\u015f verildi\u011fini ancak hala \u00f6l\u00fcmlerin oldu\u011funu vurgulad\u0131. Geceden ayr\u0131l\u0131rken Ankara te\u015fkilatlar\u0131n\u0131 tarihi ve do\u011fa g\u00fczelliklerini g\u00f6rmeye \u015eanl\u0131urfaya davet eden Ba\u015fak, organizasyonu ger\u00e7ekle\u015ftirenlere te\u015fekk\u00fcr ederek ayr\u0131ld\u0131.<\/p>\n","protected":false},"excerpt":{"rendered":"<p>Ba\u015fak G\u00f6n\u00fcl sohbetlerinde &#160; Ak Parti \u015eanl\u0131urfa Milletvekili Ramazan Ba\u015fak Ankara&#160;\u0130l Te\u015fkilatlar\u0131n\u0131n&#160;d\u00fczenledi\u011fi G\u00f6n\u00fcl sohbetleri program\u0131n\u0131n konu\u011fu oldu. Ak Parti Se\u00e7im \u0130\u015fleri Ba\u015fkan Yard\u0131mc\u0131s\u0131 ve \u015eanl\u0131urfa Milletvekili Ramazan Ba\u015fak d\u00fcn ak\u015fam&#160;AK Parti Ankara \u0130l Te\u015fkilatlar\u0131n\u0131n d\u00fczenlemi\u015f oldu\u011fu&#8230; Ak Parti Se\u00e7im \u0130\u015fleri Ba\u015fkan Yard\u0131mc\u0131s\u0131 ve \u015eanl\u0131urfa Milletvekili Ramazan Ba\u015fak d\u00fcn ak\u015fam&#160;AK Parti Ankara \u0130l Te\u015fkilatlar\u0131n\u0131n d\u00fczenlemi\u015f oldu\u011fu &hellip;<\/p>\n","protected":false},"author":2,"featured_media":130,"comment_status":"open","ping_status":"open","sticky":false,"template":"","format":"standard","meta":{"footnotes":""},"categories":[8],"tags":[],"class_list":["post-131","post","type-post","status-publish","format-standard","has-post-thumbnail","hentry","category-haberler-haberler"],"_links":{"self":[{"href":"https:\/\/www.ramazanbasak.com.tr\/index.php?rest_route=\/wp\/v2\/posts\/131","targetHints":{"allow":["GET"]}}],"collection":[{"href":"https:\/\/www.ramazanbasak.com.tr\/index.php?rest_route=\/wp\/v2\/posts"}],"about":[{"href":"https:\/\/www.ramazanbasak.com.tr\/index.php?rest_route=\/wp\/v2\/types\/post"}],"author":[{"embeddable":true,"href":"https:\/\/www.ramazanbasak.com.tr\/index.php?rest_route=\/wp\/v2\/users\/2"}],"replies":[{"embeddable":true,"href":"https:\/\/www.ramazanbasak.com.tr\/index.php?rest_route=%2Fwp%2Fv2%2Fcomments&post=131"}],"version-history":[{"count":0,"href":"https:\/\/www.ramazanbasak.com.tr\/index.php?rest_route=\/wp\/v2\/posts\/131\/revisions"}],"wp:featuredmedia":[{"embeddable":true,"href":"https:\/\/www.ramazanbasak.com.tr\/index.php?rest_route=\/wp\/v2\/media\/130"}],"wp:attachment":[{"href":"https:\/\/www.ramazanbasak.com.tr\/index.php?rest_route=%2Fwp%2Fv2%2Fmedia&parent=131"}],"wp:term":[{"taxonomy":"category","embeddable":true,"href":"https:\/\/www.ramazanbasak.com.tr\/index.php?rest_route=%2Fwp%2Fv2%2Fcategories&post=131"},{"taxonomy":"post_tag","embeddable":true,"href":"https:\/\/www.ramazanbasak.com.tr\/index.php?rest_route=%2Fwp%2Fv2%2Ftags&post=131"}],"curies":[{"name":"wp","href":"https:\/\/api.w.org\/{rel}","templated":true}]}}