{"id":133,"date":"2009-09-15T14:31:51","date_gmt":"2009-09-15T11:31:51","guid":{"rendered":"https:\/\/www.ramazanbasak.com.tr\/basak-agusevic-vakfini-mecliste-kabul-etti"},"modified":"2009-09-15T14:31:51","modified_gmt":"2009-09-15T11:31:51","slug":"basak-agusevic-vakfini-mecliste-kabul-etti","status":"publish","type":"post","link":"https:\/\/www.ramazanbasak.com.tr\/?p=133","title":{"rendered":"BA\u015eAK AGUSEV\u0130\u00c7 VAKFINI MECL\u0130STE KABUL ETT\u0130&#8230;"},"content":{"rendered":"<p><img loading=\"lazy\" decoding=\"async\" class=\" size-full wp-image-132\" height=\"180\" alt=\"\" width=\"260\" src=\"https:\/\/www.ramazanbasak.com.tr\/wp-content\/uploads\/2009\/09\/9784.jpg\" \/><\/p>\n<p> <strong>Ak Parti \u015eanl\u0131urfa Milletvekili Ba\u015fak, S\u0131rbistan\u2019 dan Agusevi\u00e7 Vakf\u0131n\u0131 Kabul etti. Ba\u015fak heyeti \u015eanl\u0131urfa&#8217;ya davet etti.<\/strong><\/p>\n<p> T\u00fcrkiye-S\u0131rbistan Parlamentolar Aras\u0131 Dostluk Grubu Ba\u015fkan\u0131 ve \u015eanl\u0131urfa Milletvekili Ramazan Ba\u015fak T\u00fcrkiye B\u00fcy\u00fck Millet Meclisi\u2019 nde&#8230; <!--more-->  T\u00fcrkiye-S\u0131rbistan Parlamentolar Aras\u0131 Dostluk Grubu Ba\u015fkan\u0131 ve \u015eanl\u0131urfa Milletvekili Ramazan Ba\u015fak T\u00fcrkiye B\u00fcy\u00fck Millet Meclisi\u2019 nde S\u0131rbistan\u2019 dan gelen Hac\u0131 Naciye Karabegovi\u00e7 (Agusevi\u00e7 Vakf\u0131)&#160;Vakf\u0131n\u0131 kabul etti. <\/p>\n<p> Kabulde Dostluk Grubu Ba\u015fkan\u0131 Ramazan Ba\u015fak ve Vak\u0131f ba\u015fkan\u0131 Rujdiya Agusevi\u00e7 birer konu\u015fma yapt\u0131lar. Vak\u0131f ad\u0131na konu\u015fan ba\u015fkan Agusevi\u00e7 vakf\u0131n amac\u0131n\u0131, \u00e7al\u0131\u015fma \u015feklini, kendilerinin S\u0131rbistan\u2019 \u0131n Sancak b\u00f6lgesinde ya\u015fayan Bo\u015fnak k\u00f6kenli olduklar\u0131n\u0131 ve T\u00fcrkiye ile olan ili\u015fkilerine de\u011findi. <\/p>\n<p> Ba\u015fkan Ba\u015fak ise konu\u015fmas\u0131nda, T\u00fcrkiye ile S\u0131rbistan aras\u0131ndaki dostlu\u011fun b\u00f6yle ili\u015fkilerle daha da peki\u015fece\u011fini, vak\u0131f ve temsilcileri i\u00e7in dostluk grubu olarak ellerinden gelen her t\u00fcrl\u00fc yard\u0131m\u0131 yapacaklar\u0131n\u0131 ifade etti. En k\u0131sa zamanda \u00fcyeleriyle birlikte S\u0131rbistan\u2019 \u0131 ziyaret etmek istediklerini belirten Ba\u015fak ilk ziyareti de Sancak ve Vakfa yapmak istediklerini s\u00f6yledi. <\/p>\n<p> Bunun kar\u015f\u0131s\u0131nda duygulanan vak\u0131f ba\u015fkan\u0131 ve temsilcileri Ramazan Ba\u015fak\u2019 \u0131 alk\u0131\u015flayarak kucaklad\u0131lar. Agusevi\u00e7; bu t\u00fcr dostane yakla\u015f\u0131mlar\u0131n S\u0131rbistan\u2019 da ya\u015fayan M\u00fcsl\u00fcman topluma g\u00fc\u00e7 verdi\u011fini, T\u00fcrkiye\u2019 nin her zaman yan\u0131nda olduklar\u0131n\u0131 Ramazan Ba\u015fak\u2019 \u0131n \u015fahs\u0131nda bir kez daha anlad\u0131klar\u0131n\u0131 ifade etti. <\/p>\n<p> Duygulu anlar\u0131n da ya\u015fand\u0131\u011f\u0131 kabul\u00fcn T\u00fcrkiye ve S\u0131rbistan ve \u00f6zellikle orada ya\u015fayan M\u00fcsl\u00fcmanlar a\u00e7\u0131s\u0131ndan fayda sa\u011flad\u0131\u011f\u0131 kanaati olu\u015ftu. <\/p>\n<p> Daha sonra ba\u015fkan Ba\u015fak ve Agusevi\u00e7 ile y\u00f6netim kurulu \u00fcyeleri hat\u0131ra foto\u011fraf\u0131 \u00e7ektirerek vakf\u0131n \u015fahs\u0131nda S\u0131rbistan\u2019 da ya\u015fayan din karde\u015flerimizin yakla\u015fmakta olan Ramazan Bayram\u0131n\u0131 da tebrik ederek ayr\u0131ld\u0131lar.<\/p>\n","protected":false},"excerpt":{"rendered":"<p>Ak Parti \u015eanl\u0131urfa Milletvekili Ba\u015fak, S\u0131rbistan\u2019 dan Agusevi\u00e7 Vakf\u0131n\u0131 Kabul etti. Ba\u015fak heyeti \u015eanl\u0131urfa&#8217;ya davet etti. T\u00fcrkiye-S\u0131rbistan Parlamentolar Aras\u0131 Dostluk Grubu Ba\u015fkan\u0131 ve \u015eanl\u0131urfa Milletvekili Ramazan Ba\u015fak T\u00fcrkiye B\u00fcy\u00fck Millet Meclisi\u2019 nde&#8230; T\u00fcrkiye-S\u0131rbistan Parlamentolar Aras\u0131 Dostluk Grubu Ba\u015fkan\u0131 ve \u015eanl\u0131urfa Milletvekili Ramazan Ba\u015fak T\u00fcrkiye B\u00fcy\u00fck Millet Meclisi\u2019 nde S\u0131rbistan\u2019 dan gelen Hac\u0131 Naciye Karabegovi\u00e7 (Agusevi\u00e7 &hellip;<\/p>\n","protected":false},"author":2,"featured_media":132,"comment_status":"open","ping_status":"open","sticky":false,"template":"","format":"standard","meta":{"footnotes":""},"categories":[8],"tags":[],"class_list":["post-133","post","type-post","status-publish","format-standard","has-post-thumbnail","hentry","category-haberler-haberler"],"_links":{"self":[{"href":"https:\/\/www.ramazanbasak.com.tr\/index.php?rest_route=\/wp\/v2\/posts\/133","targetHints":{"allow":["GET"]}}],"collection":[{"href":"https:\/\/www.ramazanbasak.com.tr\/index.php?rest_route=\/wp\/v2\/posts"}],"about":[{"href":"https:\/\/www.ramazanbasak.com.tr\/index.php?rest_route=\/wp\/v2\/types\/post"}],"author":[{"embeddable":true,"href":"https:\/\/www.ramazanbasak.com.tr\/index.php?rest_route=\/wp\/v2\/users\/2"}],"replies":[{"embeddable":true,"href":"https:\/\/www.ramazanbasak.com.tr\/index.php?rest_route=%2Fwp%2Fv2%2Fcomments&post=133"}],"version-history":[{"count":0,"href":"https:\/\/www.ramazanbasak.com.tr\/index.php?rest_route=\/wp\/v2\/posts\/133\/revisions"}],"wp:featuredmedia":[{"embeddable":true,"href":"https:\/\/www.ramazanbasak.com.tr\/index.php?rest_route=\/wp\/v2\/media\/132"}],"wp:attachment":[{"href":"https:\/\/www.ramazanbasak.com.tr\/index.php?rest_route=%2Fwp%2Fv2%2Fmedia&parent=133"}],"wp:term":[{"taxonomy":"category","embeddable":true,"href":"https:\/\/www.ramazanbasak.com.tr\/index.php?rest_route=%2Fwp%2Fv2%2Fcategories&post=133"},{"taxonomy":"post_tag","embeddable":true,"href":"https:\/\/www.ramazanbasak.com.tr\/index.php?rest_route=%2Fwp%2Fv2%2Ftags&post=133"}],"curies":[{"name":"wp","href":"https:\/\/api.w.org\/{rel}","templated":true}]}}