{"id":135,"date":"2009-09-17T07:49:36","date_gmt":"2009-09-17T04:49:36","guid":{"rendered":"https:\/\/www.ramazanbasak.com.tr\/basak-esnafin-sorunlarini-dinledi"},"modified":"2009-09-17T07:49:36","modified_gmt":"2009-09-17T04:49:36","slug":"basak-esnafin-sorunlarini-dinledi","status":"publish","type":"post","link":"https:\/\/www.ramazanbasak.com.tr\/?p=135","title":{"rendered":"BA\u015eAK, ESNAFIN SORUNLARINI D\u0130NLED\u0130&#8230;"},"content":{"rendered":"<div style=\"text-align: justify\"><img loading=\"lazy\" decoding=\"async\" class=\" alignleft size-full wp-image-134\" height=\"104\" hspace=\"3\" width=\"150\" align=\"left\" vspace=\"3\" alt=\"\" src=\"https:\/\/www.ramazanbasak.com.tr\/wp-content\/uploads\/2009\/09\/9838.jpg\" \/>Esnaf\u0131n Sorunlar\u0131n\u0131 Dinledi&#8230;<\/p>\n<p style=\"text-align: justify\">Ak Parti&#160; Genel Merkez Se\u00e7im \u0130\u015fleri&#160;Ba\u015fkan Yard\u0131m\u0131c\u0131s\u0131 ve \u015eanl\u0131urfa Milletvekili Ramazan Ba\u015fak bug\u00fcn Otogalericiler esnaf\u0131n\u0131 ziyaret ederek vatanda\u015flar\u0131n sorunlar\u0131n\u0131 dinledi&#8230;.<\/p>\n<p>  <!--more-->  <br \/> &#160;<\/p>\n<p>T\u00fcrkiye B\u00fcy\u00fck Millet Meclisinin tatile girmesinden sonra&#160; yaz tatilinin b\u00fcy\u00fck bir b\u00f6l\u00fcm\u00fcn\u00fc memleketi \u015eanl\u0131urfa&#8217;da ge\u00e7iren Ak Parti \u015eanl\u0131urfa Milletvekili Ramazan Ba\u015fak bug\u00fcn cumhuriyet caddesinde bulunan Otogalericiler esnaf\u0131n\u0131 ziyaret etti. esnaf\u0131n i\u015f yerlerini gezerek&#160; sorun ve \u00f6nerileri dinledi. Vatanda\u015flar\u0131n \u00f6zellikle Demokratik a\u00e7\u0131l\u0131m konusunda H\u00fck\u00fcmete \u00e7ok destek verdi\u011fini belirten Ba\u015fak&#8217; T\u00fcrkiye&#8217;nin d\u00f6rt bir yan\u0131ndan halk\u0131m\u0131z\u0131n&#160; Demrokartik,yani k\u011frt a\u00e7\u0131l\u0131m\u0131na deste\u011fini g\u00f6r\u00fcyoruz, bu konuda Say\u0131n Ba\u015fbakan\u0131m\u0131z Recep Tayyip Erdo\u011fan&#8217;a sonsuz bir g\u00fcvenleri var, H\u00fck\u00fcmetimizde bu sorunu \u00e7\u00f6zmek i\u00e7in kararl\u0131d\u0131r&#8217;dedi. Esnaf\u0131n baz\u0131 \u00f6nerilerinide ald\u0131\u011f\u0131n\u0131 kay\u0131t eden Ba\u015fak&#8217; bizim halk\u0131m\u0131z \u00e7ok bilin\u00e7li, her \u015feyi \u00e7ok iyi takip ediyor, \u00e7ok \u00f6nemli sorunlara \u00e7\u00f6z\u00fcm \u00f6nerileri var, \u015fanl\u0131urfa i\u00e7inde baz\u0131 sorunlar\u0131&#160; oldu, bizde gerekli takibi yapaca\u011f\u0131z&#8217;diye konu\u015ftu.<\/p>\n<\/p><\/div>\n","protected":false},"excerpt":{"rendered":"<p>Esnaf\u0131n Sorunlar\u0131n\u0131 Dinledi&#8230; Ak Parti&#160; Genel Merkez Se\u00e7im \u0130\u015fleri&#160;Ba\u015fkan Yard\u0131m\u0131c\u0131s\u0131 ve \u015eanl\u0131urfa Milletvekili Ramazan Ba\u015fak bug\u00fcn Otogalericiler esnaf\u0131n\u0131 ziyaret ederek vatanda\u015flar\u0131n sorunlar\u0131n\u0131 dinledi&#8230;. &#160; T\u00fcrkiye B\u00fcy\u00fck Millet Meclisinin tatile girmesinden sonra&#160; yaz tatilinin b\u00fcy\u00fck bir b\u00f6l\u00fcm\u00fcn\u00fc memleketi \u015eanl\u0131urfa&#8217;da ge\u00e7iren Ak Parti \u015eanl\u0131urfa Milletvekili Ramazan Ba\u015fak bug\u00fcn cumhuriyet caddesinde bulunan Otogalericiler esnaf\u0131n\u0131 ziyaret etti. esnaf\u0131n i\u015f &hellip;<\/p>\n","protected":false},"author":2,"featured_media":134,"comment_status":"open","ping_status":"open","sticky":false,"template":"","format":"standard","meta":{"footnotes":""},"categories":[8],"tags":[],"class_list":["post-135","post","type-post","status-publish","format-standard","has-post-thumbnail","hentry","category-haberler-haberler"],"_links":{"self":[{"href":"https:\/\/www.ramazanbasak.com.tr\/index.php?rest_route=\/wp\/v2\/posts\/135","targetHints":{"allow":["GET"]}}],"collection":[{"href":"https:\/\/www.ramazanbasak.com.tr\/index.php?rest_route=\/wp\/v2\/posts"}],"about":[{"href":"https:\/\/www.ramazanbasak.com.tr\/index.php?rest_route=\/wp\/v2\/types\/post"}],"author":[{"embeddable":true,"href":"https:\/\/www.ramazanbasak.com.tr\/index.php?rest_route=\/wp\/v2\/users\/2"}],"replies":[{"embeddable":true,"href":"https:\/\/www.ramazanbasak.com.tr\/index.php?rest_route=%2Fwp%2Fv2%2Fcomments&post=135"}],"version-history":[{"count":0,"href":"https:\/\/www.ramazanbasak.com.tr\/index.php?rest_route=\/wp\/v2\/posts\/135\/revisions"}],"wp:featuredmedia":[{"embeddable":true,"href":"https:\/\/www.ramazanbasak.com.tr\/index.php?rest_route=\/wp\/v2\/media\/134"}],"wp:attachment":[{"href":"https:\/\/www.ramazanbasak.com.tr\/index.php?rest_route=%2Fwp%2Fv2%2Fmedia&parent=135"}],"wp:term":[{"taxonomy":"category","embeddable":true,"href":"https:\/\/www.ramazanbasak.com.tr\/index.php?rest_route=%2Fwp%2Fv2%2Fcategories&post=135"},{"taxonomy":"post_tag","embeddable":true,"href":"https:\/\/www.ramazanbasak.com.tr\/index.php?rest_route=%2Fwp%2Fv2%2Ftags&post=135"}],"curies":[{"name":"wp","href":"https:\/\/api.w.org\/{rel}","templated":true}]}}