{"id":143,"date":"2009-09-18T16:22:29","date_gmt":"2009-09-18T13:22:29","guid":{"rendered":"https:\/\/www.ramazanbasak.com.tr\/basak-meclis-uyelerinin-iftarinda"},"modified":"2009-09-18T16:22:29","modified_gmt":"2009-09-18T13:22:29","slug":"basak-meclis-uyelerinin-iftarinda","status":"publish","type":"post","link":"https:\/\/www.ramazanbasak.com.tr\/?p=143","title":{"rendered":"BA\u015eAK MECL\u0130S \u00dcYELER\u0130N\u0130N \u0130FTARINDA&#8230;"},"content":{"rendered":"<p><img loading=\"lazy\" decoding=\"async\" class=\" alignleft size-full wp-image-141\" height=\"104\" hspace=\"3\" width=\"150\" align=\"left\" vspace=\"3\" alt=\"\" src=\"https:\/\/www.ramazanbasak.com.tr\/wp-content\/uploads\/2009\/09\/9864.jpg\" \/><strong>\u0130l Genel Meclis \u00dcyeleri d\u00fczenlenen iftar yeme\u011finde bir araya geldiler.\u0130ftar yeme\u011fine Milletvekillerinde kat\u0131ld\u0131. <\/p>\n<p> <\/strong> <\/p>\n<p>\u015eanl\u0131urfa \u0130l Genel Meclis \u00dcyeleri d\u00fcn ak\u015fam iftar yeme\u011finde bir araya geldiler.\u0130l Genel Meclis Ba\u015fkan\u0131 u\u011fur Beyazg\u00fcl, t\u00fcm Meclis \u00fcyelerini i\u00e7in d\u00fczenledi\u011fi iftar yeme\u011finde birlik ve beraberlik mesaj\u0131n\u0131 verdi. <!--more-->  <\/p>\n<p> il genel Meclis \u00fcyelerinin birinci d\u00f6nemde \u015eanl\u0131urfa&#8217;n\u0131n sorunlar\u0131n\u0131 tespiti ve \u00e7\u00f6z\u00fcm yollar\u0131 konusunda birlik i\u00e7inde \u00e7al\u0131\u015ft\u0131\u011f\u0131n\u0131 belirten il genel meclis&#160; Ba\u015fkan\u0131 U\u011fur Beyazg\u00fcl&#8217; Bizler \u015eanl\u0131urfa&#8217;n\u0131n yerel parlementerleriyiz,bu anlam \u015fimdiye kadar&#160; bir \u00e7at\u0131 alt\u0131na uyumlu \u00e7al\u0131\u015ft\u0131k, in\u015fallah bu birli\u011fimiz devam edecektir&#8217;dedi.<\/p>\n<p> <img loading=\"lazy\" decoding=\"async\" class=\" size-full wp-image-142\" height=\"322\" alt=\"\" width=\"480\" src=\"https:\/\/www.ramazanbasak.com.tr\/wp-content\/uploads\/2009\/09\/1273.jpg\" srcset=\"https:\/\/www.ramazanbasak.com.tr\/wp-content\/uploads\/2009\/09\/1273.jpg 480w, https:\/\/www.ramazanbasak.com.tr\/wp-content\/uploads\/2009\/09\/1273-300x201.jpg 300w\" sizes=\"auto, (max-width: 480px) 100vw, 480px\" \/><\/p>\n<p>DS\u0130 lokalinde d\u00fczenlenen iftar yeme\u011fine Ak Parti \u015eanl\u0131urfa Milletvekilleri Ramazan Ba\u015fak, M\u00fcfit Yetkin, ak Parti Merkez \u0130l\u00e7e Ba\u015fkan\u0131 Mustafa Zahit, ve t\u00fcm partili \u0130l Genel meclis \u00fcyeleri kat\u0131ld\u0131lar.<\/p>\n<p>\u00f6te yandan Ba\u015fbakan&#160; Recep Tayyip Erdo\u011fan ba\u015fkanl\u0131\u011f\u0131nda bug\u00fcn \u0130stanbulda yap\u0131lan genei\u015fletilmi\u015f divan toplant\u0131s\u0131na \u0130l&#160; Genel meclis Ba\u015fkan\u0131 U\u011fur Beyazg\u00fcl&#160; ile birlikte \u0130l Ba\u015fkan\u0131 Ahmet D\u00fc\u015f\u00fcn\u00fcr&#8217;de kat\u0131l\u0131yor<\/p>\n","protected":false},"excerpt":{"rendered":"<p>\u0130l Genel Meclis \u00dcyeleri d\u00fczenlenen iftar yeme\u011finde bir araya geldiler.\u0130ftar yeme\u011fine Milletvekillerinde kat\u0131ld\u0131. \u015eanl\u0131urfa \u0130l Genel Meclis \u00dcyeleri d\u00fcn ak\u015fam iftar yeme\u011finde bir araya geldiler.\u0130l Genel Meclis Ba\u015fkan\u0131 u\u011fur Beyazg\u00fcl, t\u00fcm Meclis \u00fcyelerini i\u00e7in d\u00fczenledi\u011fi iftar yeme\u011finde birlik ve beraberlik mesaj\u0131n\u0131 verdi. il genel Meclis \u00fcyelerinin birinci d\u00f6nemde \u015eanl\u0131urfa&#8217;n\u0131n sorunlar\u0131n\u0131 tespiti ve \u00e7\u00f6z\u00fcm yollar\u0131 konusunda &hellip;<\/p>\n","protected":false},"author":2,"featured_media":141,"comment_status":"open","ping_status":"open","sticky":false,"template":"","format":"standard","meta":{"footnotes":""},"categories":[8],"tags":[],"class_list":["post-143","post","type-post","status-publish","format-standard","has-post-thumbnail","hentry","category-haberler-haberler"],"_links":{"self":[{"href":"https:\/\/www.ramazanbasak.com.tr\/index.php?rest_route=\/wp\/v2\/posts\/143","targetHints":{"allow":["GET"]}}],"collection":[{"href":"https:\/\/www.ramazanbasak.com.tr\/index.php?rest_route=\/wp\/v2\/posts"}],"about":[{"href":"https:\/\/www.ramazanbasak.com.tr\/index.php?rest_route=\/wp\/v2\/types\/post"}],"author":[{"embeddable":true,"href":"https:\/\/www.ramazanbasak.com.tr\/index.php?rest_route=\/wp\/v2\/users\/2"}],"replies":[{"embeddable":true,"href":"https:\/\/www.ramazanbasak.com.tr\/index.php?rest_route=%2Fwp%2Fv2%2Fcomments&post=143"}],"version-history":[{"count":0,"href":"https:\/\/www.ramazanbasak.com.tr\/index.php?rest_route=\/wp\/v2\/posts\/143\/revisions"}],"wp:featuredmedia":[{"embeddable":true,"href":"https:\/\/www.ramazanbasak.com.tr\/index.php?rest_route=\/wp\/v2\/media\/141"}],"wp:attachment":[{"href":"https:\/\/www.ramazanbasak.com.tr\/index.php?rest_route=%2Fwp%2Fv2%2Fmedia&parent=143"}],"wp:term":[{"taxonomy":"category","embeddable":true,"href":"https:\/\/www.ramazanbasak.com.tr\/index.php?rest_route=%2Fwp%2Fv2%2Fcategories&post=143"},{"taxonomy":"post_tag","embeddable":true,"href":"https:\/\/www.ramazanbasak.com.tr\/index.php?rest_route=%2Fwp%2Fv2%2Ftags&post=143"}],"curies":[{"name":"wp","href":"https:\/\/api.w.org\/{rel}","templated":true}]}}