{"id":144,"date":"2009-09-18T16:54:32","date_gmt":"2009-09-18T13:54:32","guid":{"rendered":"https:\/\/www.ramazanbasak.com.tr\/basak-tan-ramazan-barami-mesaji"},"modified":"2009-09-18T16:54:32","modified_gmt":"2009-09-18T13:54:32","slug":"basak-tan-ramazan-barami-mesaji","status":"publish","type":"post","link":"https:\/\/www.ramazanbasak.com.tr\/?p=144","title":{"rendered":"BA\u015eAK&#8217; TAN RAMAZAN BARAMI MESAJI&#8230;"},"content":{"rendered":"<p><img loading=\"lazy\" decoding=\"async\" class=\" size-full wp-image-3\" height=\"268\" width=\"200\" alt=\"\" src=\"https:\/\/www.ramazanbasak.com.tr\/wp-content\/uploads\/2008\/11\/ramazan_basak.jpg\" \/><\/p>\n<div align=\"center\"><b><span style=\"font-size: 18pt\">AK Parti Se\u00e7im \u0130\u015fleri Ba\u015fkan Yard\u0131mc\u0131s\u0131 ve <\/span><\/b><\/div>\n<div align=\"center\"><b><span style=\"font-size: 18pt\">\u015eanl\u0131urfa Milletvekili Ramazan BA\u015eAK\u2019 \u0131n <\/span><\/b><\/div>\n<div align=\"center\"><b><span style=\"font-size: 18pt\">Ramazan Bayram\u0131 Mesaj\u0131<\/span><\/b><\/div>\n<div><b>&#160;<\/b><\/div>\n<div style=\"margin: 10.2pt 6.8pt 3.4pt 45pt; text-indent: -45pt; line-height: 110%\"><b>Ba\u015fak<\/b><b>: \u201cBirlik ve beraberli\u011fe, yard\u0131mla\u015fma ve dayan\u0131\u015fmaya her zamankinden daha fazla ihtiya\u00e7 duydu\u011fumuz bir zamanda, as\u0131rlard\u0131r bizleri birbirimize ba\u011flayan manevi unsurlardan biri olan m\u00fcbarek Ramazan Bayram\u0131n\u0131n, hay\u0131rlara vesile olmas\u0131 dile\u011fiyle; ba\u015fta \u015eanl\u0131urfal\u0131 hem\u015fehrilerimiz olmak \u00fczere aziz milletimizin Ramazan Bayram\u0131n\u0131, y\u00fcrekten kutluyor, Bayram\u0131n \u00dclkemiz ve \u0130slam aleminin s\u00fckun ve huzuruna, b\u00fct\u00fcn insanl\u0131\u011fa bar\u0131\u015f getirmesine vesile olmas\u0131n\u0131 diler sevgi ve sayg\u0131lar\u0131m\u0131 sunar\u0131m. \u201c <!--more-->   <\/p>\n<div style=\"margin: 0cm 6.8pt 3.4pt; text-indent: 17pt; line-height: 110%\"><span style=\"font-size: 11.5pt; line-height: 110%\">20\/09\/2009 Pazar g\u00fcn\u00fc kutlayaca\u011f\u0131m\u0131z &#160;Ramazan Bayram\u0131 vesilesiyle&#160;yaz\u0131l\u0131 bir mesaj yay\u0131nlayan AK Parti Genel Merkez Se\u00e7im \u0130\u015fleri Ba\u015fkan Yard\u0131mc\u0131 ve \u015eanl\u0131urfa&#160;Milletvekili Ramazan BA\u015eAK t\u00fcm \u015eanl\u0131urfal\u0131lar\u2019 \u0131n Ramazan Bayram\u0131\u2019n\u0131 kutlad\u0131. <\/span><\/div>\n<div style=\"margin: 0cm 6.8pt 3.4pt; text-indent: 17pt; line-height: 110%\"><span style=\"font-size: 11.5pt; line-height: 110%\">Mesaj\u0131nda&#160;bayramlar\u0131n dini yard\u0131mla\u015fma ve dayan\u0131\u015fmaya katk\u0131lar sa\u011flarken, darg\u0131nl\u0131k, d\u00fc\u015fmanl\u0131k, \u00e7eki\u015fmelerin&#160;giderilmesine vesile oldu\u011funu kaydeden BA\u015eAK mesaj\u0131nda \u015fu g\u00f6r\u00fc\u015flere yer verdi. <\/span><\/div>\n<div style=\"margin: 0cm 6.8pt 3.4pt; text-indent: 17pt; line-height: 110%\"><span style=\"font-size: 11.5pt; line-height: 110%\">\u201c Sevgili hem\u015fehrilerim, <\/span><\/div>\n<div style=\"margin: 0cm 6.8pt 3.4pt; text-indent: 17pt; line-height: 110%\"><span style=\"font-size: 11.5pt; line-height: 110%\">As\u0131rlardan beri \u0130slam d\u00fcnyas\u0131n\u0131n b\u00fcy\u00fck bir co\u015fku ve heyecanla kutlad\u0131\u011f\u0131 Ramazan Bayram\u0131n\u0131, bir kez daha ya\u015faman\u0131n engin mutlulu\u011funu i\u00e7indeyiz.<\/span><\/div>\n<div style=\"margin: 0cm 6.8pt 3.4pt; text-indent: 17pt; line-height: 110%\"><span style=\"font-size: 11.5pt; line-height: 110%\">\u00d6ncelikle Bayram\u0131n ba\u015fta \u015eanl\u0131urfam\u0131z olmak \u00fczere b\u00fct\u00fcn \u0130slam ve insanl\u0131k alemine hay\u0131r, bar\u0131\u015f ve esenlik getirmesini temenni ediyorum. <\/span><\/div>\n<div style=\"margin: 6pt 0cm 0pt; text-indent: 27.2pt\"><span style=\"font-size: 11.5pt\">Birlik ve beraberli\u011fe, yard\u0131mla\u015fma ve dayan\u0131\u015fmaya her zamankinden daha fazla ihtiya\u00e7 duydu\u011fumuz bir zamanda, as\u0131rlard\u0131r bizleri birbirimize ba\u011flayan manevi unsurlardan biri olan m\u00fcbarek Ramazan Bayram\u0131n\u0131n, hay\u0131rlara vesile olmas\u0131 dile\u011fiyle; ba\u015fta \u015eanl\u0131urfal\u0131 hem\u015fehrilerimiz olmak \u00fczere aziz milletimizin Ramazan Bayram\u0131n\u0131, y\u00fcrekten kutluyor, Bayram\u0131n \u00dclkemiz ve \u0130slam aleminin s\u00fckun ve huzuruna, b\u00fct\u00fcn insanl\u0131\u011fa bar\u0131\u015f getirmesine vesile olmas\u0131n\u0131 diler sevgi ve sayg\u0131lar\u0131m\u0131 sunar\u0131m.\u201c<\/span><\/div>\n<p> <\/b><\/div>\n","protected":false},"excerpt":{"rendered":"<p>AK Parti Se\u00e7im \u0130\u015fleri Ba\u015fkan Yard\u0131mc\u0131s\u0131 ve \u015eanl\u0131urfa Milletvekili Ramazan BA\u015eAK\u2019 \u0131n Ramazan Bayram\u0131 Mesaj\u0131 &#160; Ba\u015fak: \u201cBirlik ve beraberli\u011fe, yard\u0131mla\u015fma ve dayan\u0131\u015fmaya her zamankinden daha fazla ihtiya\u00e7 duydu\u011fumuz bir zamanda, as\u0131rlard\u0131r bizleri birbirimize ba\u011flayan manevi unsurlardan biri olan m\u00fcbarek Ramazan Bayram\u0131n\u0131n, hay\u0131rlara vesile olmas\u0131 dile\u011fiyle; ba\u015fta \u015eanl\u0131urfal\u0131 hem\u015fehrilerimiz olmak \u00fczere aziz milletimizin Ramazan Bayram\u0131n\u0131, &hellip;<\/p>\n","protected":false},"author":2,"featured_media":3,"comment_status":"open","ping_status":"open","sticky":false,"template":"","format":"standard","meta":{"footnotes":""},"categories":[8],"tags":[],"class_list":["post-144","post","type-post","status-publish","format-standard","has-post-thumbnail","hentry","category-haberler-haberler"],"_links":{"self":[{"href":"https:\/\/www.ramazanbasak.com.tr\/index.php?rest_route=\/wp\/v2\/posts\/144","targetHints":{"allow":["GET"]}}],"collection":[{"href":"https:\/\/www.ramazanbasak.com.tr\/index.php?rest_route=\/wp\/v2\/posts"}],"about":[{"href":"https:\/\/www.ramazanbasak.com.tr\/index.php?rest_route=\/wp\/v2\/types\/post"}],"author":[{"embeddable":true,"href":"https:\/\/www.ramazanbasak.com.tr\/index.php?rest_route=\/wp\/v2\/users\/2"}],"replies":[{"embeddable":true,"href":"https:\/\/www.ramazanbasak.com.tr\/index.php?rest_route=%2Fwp%2Fv2%2Fcomments&post=144"}],"version-history":[{"count":0,"href":"https:\/\/www.ramazanbasak.com.tr\/index.php?rest_route=\/wp\/v2\/posts\/144\/revisions"}],"wp:featuredmedia":[{"embeddable":true,"href":"https:\/\/www.ramazanbasak.com.tr\/index.php?rest_route=\/wp\/v2\/media\/3"}],"wp:attachment":[{"href":"https:\/\/www.ramazanbasak.com.tr\/index.php?rest_route=%2Fwp%2Fv2%2Fmedia&parent=144"}],"wp:term":[{"taxonomy":"category","embeddable":true,"href":"https:\/\/www.ramazanbasak.com.tr\/index.php?rest_route=%2Fwp%2Fv2%2Fcategories&post=144"},{"taxonomy":"post_tag","embeddable":true,"href":"https:\/\/www.ramazanbasak.com.tr\/index.php?rest_route=%2Fwp%2Fv2%2Ftags&post=144"}],"curies":[{"name":"wp","href":"https:\/\/api.w.org\/{rel}","templated":true}]}}