{"id":146,"date":"2009-10-07T16:42:36","date_gmt":"2009-10-07T13:42:36","guid":{"rendered":"https:\/\/www.ramazanbasak.com.tr\/basak-teskilatlarla-bulustu"},"modified":"2009-10-07T16:42:36","modified_gmt":"2009-10-07T13:42:36","slug":"basak-teskilatlarla-bulustu","status":"publish","type":"post","link":"https:\/\/www.ramazanbasak.com.tr\/?p=146","title":{"rendered":"BA\u015eAK TE\u015eK\u0130LATLARLA BULU\u015eTU&#8230;"},"content":{"rendered":"<p><img loading=\"lazy\" decoding=\"async\" class=\" size-full wp-image-101\" height=\"266\" width=\"400\" alt=\"\" src=\"https:\/\/www.ramazanbasak.com.tr\/wp-content\/uploads\/2009\/01\/DSC_6149.JPG\" \/><strong>Ak Parti \u015eanl\u0131urfa Milletvekili Ramazan Ba\u015fak , Partisinin \u0130l\u00e7esinin Parti Te\u015fkilatlar\u0131 ile bir araya gelerek sorunlar\u0131 dinledi.  <\/p>\n<p>Ak Parti 3. Olagan Kongresine giden \u015eanl\u0131urfa delegeleri&#160; Ankara&#8217;da \u00e7e\u015fitli temaslarda bulundu.<\/p>\n<p>Ba\u015fbakan Recep Tayyip Erdo\u011fan&#8217;\u0131n&#8230;<br \/>  <!--more-->  <br \/> yeniden g\u00fcven tazeleyerek se\u00e7ildi\u011fi kongrenin ard\u0131ndan Ak Partinin \u0130l\u00e7e Ba\u015fkanlar\u0131 il\u00e7elerinin sorunlar\u0131n\u0131 \u00e7e\u015fitli yetkililere iletme imkan\u0131n\u0131 buldular.<br \/> &#160;<\/p>\n<p>Ak Parti \u015eanl\u0131urfa Milletvekili Ramazan Ba\u015fak, Ankara&#8217;da bulunan \u0130l\u00e7e Ba\u015fkanlar\u0131 ve y\u00f6neticileriyle bir araya gelerek sorunlar\u0131n\u0131 dinledi. \u015eanl\u0131urfa&#8217;da bir \u00e7ok il\u00e7ede \u00f6zellikle sa\u011fl\u0131k, e\u011fitim ve k\u0131rsal yat\u0131r\u0131mlar\u0131n sa\u011flanmas\u0131na ra\u011fmen halen baz\u0131 sorunlar\u0131n var oldu\u011funu dile getiren&#160; Ramazan Ba\u015fak, \u0130l\u00e7e Ba\u015fkanlar\u0131yla tek tek ilgilenerek sorunlar\u0131n\u0131n takipcisi olaca\u011f\u0131n\u0131 s\u00f6yledi. Bir \u00e7ok \u0130l\u00e7e Ba\u015fkan\u0131 ile baz\u0131 bakanl\u0131klara ve&#160; Genel M\u00fcd\u00fcrl\u00fcklere giden Ba\u015fak burada, \u00f6zellikle&#160; Suru\u00e7, Bozova, Hilvan, ve Viran\u015fehir il\u00e7elerinin sorunlar\u0131na \u00e7\u00f6z\u00fcm arad\u0131klar\u0131 \u00f6\u011frenildi.<\/p>\n<p> <\/strong><\/p>\n","protected":false},"excerpt":{"rendered":"<p>Ak Parti \u015eanl\u0131urfa Milletvekili Ramazan Ba\u015fak , Partisinin \u0130l\u00e7esinin Parti Te\u015fkilatlar\u0131 ile bir araya gelerek sorunlar\u0131 dinledi. Ak Parti 3. Olagan Kongresine giden \u015eanl\u0131urfa delegeleri&#160; Ankara&#8217;da \u00e7e\u015fitli temaslarda bulundu. Ba\u015fbakan Recep Tayyip Erdo\u011fan&#8217;\u0131n&#8230; yeniden g\u00fcven tazeleyerek se\u00e7ildi\u011fi kongrenin ard\u0131ndan Ak Partinin \u0130l\u00e7e Ba\u015fkanlar\u0131 il\u00e7elerinin sorunlar\u0131n\u0131 \u00e7e\u015fitli yetkililere iletme imkan\u0131n\u0131 buldular. &#160; Ak Parti \u015eanl\u0131urfa Milletvekili &hellip;<\/p>\n","protected":false},"author":2,"featured_media":101,"comment_status":"open","ping_status":"open","sticky":false,"template":"","format":"standard","meta":{"footnotes":""},"categories":[8],"tags":[],"class_list":["post-146","post","type-post","status-publish","format-standard","has-post-thumbnail","hentry","category-haberler-haberler"],"_links":{"self":[{"href":"https:\/\/www.ramazanbasak.com.tr\/index.php?rest_route=\/wp\/v2\/posts\/146","targetHints":{"allow":["GET"]}}],"collection":[{"href":"https:\/\/www.ramazanbasak.com.tr\/index.php?rest_route=\/wp\/v2\/posts"}],"about":[{"href":"https:\/\/www.ramazanbasak.com.tr\/index.php?rest_route=\/wp\/v2\/types\/post"}],"author":[{"embeddable":true,"href":"https:\/\/www.ramazanbasak.com.tr\/index.php?rest_route=\/wp\/v2\/users\/2"}],"replies":[{"embeddable":true,"href":"https:\/\/www.ramazanbasak.com.tr\/index.php?rest_route=%2Fwp%2Fv2%2Fcomments&post=146"}],"version-history":[{"count":0,"href":"https:\/\/www.ramazanbasak.com.tr\/index.php?rest_route=\/wp\/v2\/posts\/146\/revisions"}],"wp:featuredmedia":[{"embeddable":true,"href":"https:\/\/www.ramazanbasak.com.tr\/index.php?rest_route=\/wp\/v2\/media\/101"}],"wp:attachment":[{"href":"https:\/\/www.ramazanbasak.com.tr\/index.php?rest_route=%2Fwp%2Fv2%2Fmedia&parent=146"}],"wp:term":[{"taxonomy":"category","embeddable":true,"href":"https:\/\/www.ramazanbasak.com.tr\/index.php?rest_route=%2Fwp%2Fv2%2Fcategories&post=146"},{"taxonomy":"post_tag","embeddable":true,"href":"https:\/\/www.ramazanbasak.com.tr\/index.php?rest_route=%2Fwp%2Fv2%2Ftags&post=146"}],"curies":[{"name":"wp","href":"https:\/\/api.w.org\/{rel}","templated":true}]}}