{"id":147,"date":"2009-10-17T07:22:39","date_gmt":"2009-10-17T04:22:39","guid":{"rendered":"https:\/\/www.ramazanbasak.com.tr\/bakan-basak-i-kutladi"},"modified":"2009-10-17T07:22:39","modified_gmt":"2009-10-17T04:22:39","slug":"bakan-basak-i-kutladi","status":"publish","type":"post","link":"https:\/\/www.ramazanbasak.com.tr\/?p=147","title":{"rendered":"BAKAN BA\u015eAK&#8217; I KUTLADI&#8230;"},"content":{"rendered":"<div><img loading=\"lazy\" decoding=\"async\" height=\"180\" src=\"http:\/\/www.sanliurfa.com\/images\/news\/10346.jpg\" width=\"260\" alt=\"\" \/><\/p>\n<p> <strong>GAP&#8217;tan sorumlu Devlet Bakan\u0131 Cevdet Y\u0131lmaz, Suru\u00e7 Sulama Projesinin tamamlanmas\u0131 i\u00e7in Milletvekili Ramazan Ba\u015fak&#8217;\u0131n \u00e7ok u\u011fra\u015f verdi\u011fini s\u00f6yledi. <\/p>\n<p> <\/strong>GAP&#8217;tan sorumlu Devlet Bakan\u0131 Cevdet Y\u0131lmaz \u015eanl\u0131urfa&#8217;dan mutlu ayr\u0131ld\u0131\u011f\u0131n\u0131 s\u00f6yledi. GAP Yat\u0131r\u0131mlar\u0131n\u0131n h\u0131zla devam etti\u011fine dikkat \u00e7eken Bakan Y\u0131lmaz&#8217; \u00f6zellikle Suru\u00e7 Sulamas\u0131&#8230; <!--more-->  <br \/> ile Viran\u015fehir-Mardin sulamas\u0131n\u0131n sn k\u0131sa s\u00fcrede tamamlacan\u011f\u0131n\u0131 s\u00f6yledi. Bakan Y\u0131lmaz d\u00fcn ziyaret etti\u011fi Suru\u00e7 Sulama Kanallar\u0131 ve \u015eantiye ziyaretinden sonra Suru\u00e7lu baz\u0131 \u00e7ift\u00e7ilerle g\u00f6r\u00fc\u015ft\u00fc. Suru\u00e7 Ovas\u0131n\u0131n suya kavu\u015fmas\u0131 i\u00e7in \u015eanl\u0131urfa Ak Parti Milletvekili Ramazan Ba\u015fak&#8217;\u0131n emeklerinin inkar edilemeyece\u011fini belirten Bakan Y\u0131lmaz&#8217;Suru\u00e7 ovas\u0131n\u0131n suya kavu\u015fmas\u0131 i\u00e7in Milletvekili Ramazan Ba\u015fak tam 2 y\u0131ld\u0131r u\u011fra\u015f verdi\u011fine ben \u015fahidim, bu projenin ihaleye \u00e7\u0131kart\u0131lmas\u0131, kaynak aktar\u0131lmas\u0131, i\u015flerin bir an \u00f6nce ba\u015flamas\u0131 i\u00e7in \u00e7ok u\u011fra\u015f verdi\u011fini biliyorum, bak\u0131n\u0131z \u015fimdi H\u00fck\u00fcmetimiz bir Bakan\u0131 olarak benide buraya getirerek tm Suru\u00e7 Ovas\u0131n\u0131n suya kavu\u015fmas\u0131 i\u00e7in di\u011fer eksiklikleri bana s\u00f6yledi. Ger\u00e7ekten bu kadar \u00f6zverili bir Milletvekilinizin olmas\u0131 bir \u015fanst\u0131r&#8217;dedi. <br \/> Bakan Y\u0131lmaz \u2018GAP Eylem Plan\u0131 ile birlikte bu b\u00f6lgeye renk ve can geldi.Son zamanlarda kom\u015fular\u0131m\u0131z ile de s\u0131f\u0131r sorunlu politika anlay\u0131\u015f\u0131n\u0131 s\u00fcrd\u00fcrmekteyiz.Biz buna inan\u0131yoruz bu b\u00f6lgedeki kom\u015fular\u0131m\u0131z ile bizim kaderimiz ortak.\u00c7\u00fcnk\u00fc kom\u015fumuzda bir sorun oldu\u011funda bu sorunun bize yans\u0131mamas\u0131 m\u00fcmk\u00fcn de\u011fil.D\u00fcnya\u2019n\u0131n ekonomisi en geli\u015fmi\u015f \u00fclkelerine bakt\u0131\u011f\u0131m\u0131z zaman bu \u00fclkelerin ticaretini en \u00e7ok kom\u015fular\u0131 ile yapt\u0131\u011f\u0131n\u0131 g\u00f6r\u00fcr\u00fcz.Kom\u015fular\u0131 ile ticaret yapmayan bir \u00fclkenin veya bir b\u00f6lgenin geli\u015fmesi m\u00fcmk\u00fcn de\u011fildir.Biz bir taraftan sulama projeleri ile ilgili \u00fcretimi artt\u0131raca\u011f\u0131z buna dayal\u0131 sanayiyi geli\u015ftirmenin yan\u0131 s\u0131ra bir taraftan da Suriye ile T\u00fcrkiye aras\u0131ndaki vizenin kalkmas\u0131n\u0131 sa\u011flad\u0131k.Bu T\u00fcrkiye ve Suriye\u2019nin ticaretine olumlu bir bi\u00e7imde yans\u0131yacakt\u0131r.Bu Ticaretten en fazla fayda g\u00f6recek illerimiz den biride \u015eanl\u0131urfa\u2019d\u0131r.Suriye\u2019deki bakan arkada\u015f\u0131m ile 2006 y\u0131l\u0131ndan bu yana Gaziantep,Kilis ve Suriye\u2019nin Halep ilinin dahil oldu\u011fu bir program y\u00fcr\u00fct\u00fcyoruz.Bakan Y\u0131lmaz bug\u00fcn Ankara&#8217;ya gitti.<\/p>\n<p>GAP&#8217;tan sorumlu Devlet Bakan\u0131 Cevdet Y\u0131lmaz ile d\u00fcn Suru\u00e7 il\u00e7esine \u00e7\u0131karma yapan Ak Parti \u015eanl\u0131urfa Milletvekili Ramazan Ba\u015fak&#8217; Ben Suru\u00e7 halk\u0131na s\u00f6z\u00fcmvar y\u0131llar\u0131n su \u00f6zlemleri bitirilecektir, benim tek hayalim budur, gece-g\u00fcnd\u00fcz bu projenin tamamlanmas\u0131 i\u00e7in u\u011fra\u015f verdim, projeninde takip\u00e7isi olaca\u011f\u0131m&#8217;dedi.<\/p>\n<p> <img decoding=\"async\" src=\"http:\/\/www.sanliurfa.com\/images\/gallery\/1357.jpg\" alt=\"\" \/><\/p>\n<\/p><\/div>\n","protected":false},"excerpt":{"rendered":"<p>GAP&#8217;tan sorumlu Devlet Bakan\u0131 Cevdet Y\u0131lmaz, Suru\u00e7 Sulama Projesinin tamamlanmas\u0131 i\u00e7in Milletvekili Ramazan Ba\u015fak&#8217;\u0131n \u00e7ok u\u011fra\u015f verdi\u011fini s\u00f6yledi. GAP&#8217;tan sorumlu Devlet Bakan\u0131 Cevdet Y\u0131lmaz \u015eanl\u0131urfa&#8217;dan mutlu ayr\u0131ld\u0131\u011f\u0131n\u0131 s\u00f6yledi. GAP Yat\u0131r\u0131mlar\u0131n\u0131n h\u0131zla devam etti\u011fine dikkat \u00e7eken Bakan Y\u0131lmaz&#8217; \u00f6zellikle Suru\u00e7 Sulamas\u0131&#8230; ile Viran\u015fehir-Mardin sulamas\u0131n\u0131n sn k\u0131sa s\u00fcrede tamamlacan\u011f\u0131n\u0131 s\u00f6yledi. Bakan Y\u0131lmaz d\u00fcn ziyaret etti\u011fi Suru\u00e7 Sulama &hellip;<\/p>\n","protected":false},"author":2,"featured_media":0,"comment_status":"open","ping_status":"open","sticky":false,"template":"","format":"standard","meta":{"footnotes":""},"categories":[8],"tags":[],"class_list":["post-147","post","type-post","status-publish","format-standard","hentry","category-haberler-haberler"],"_links":{"self":[{"href":"https:\/\/www.ramazanbasak.com.tr\/index.php?rest_route=\/wp\/v2\/posts\/147","targetHints":{"allow":["GET"]}}],"collection":[{"href":"https:\/\/www.ramazanbasak.com.tr\/index.php?rest_route=\/wp\/v2\/posts"}],"about":[{"href":"https:\/\/www.ramazanbasak.com.tr\/index.php?rest_route=\/wp\/v2\/types\/post"}],"author":[{"embeddable":true,"href":"https:\/\/www.ramazanbasak.com.tr\/index.php?rest_route=\/wp\/v2\/users\/2"}],"replies":[{"embeddable":true,"href":"https:\/\/www.ramazanbasak.com.tr\/index.php?rest_route=%2Fwp%2Fv2%2Fcomments&post=147"}],"version-history":[{"count":0,"href":"https:\/\/www.ramazanbasak.com.tr\/index.php?rest_route=\/wp\/v2\/posts\/147\/revisions"}],"wp:attachment":[{"href":"https:\/\/www.ramazanbasak.com.tr\/index.php?rest_route=%2Fwp%2Fv2%2Fmedia&parent=147"}],"wp:term":[{"taxonomy":"category","embeddable":true,"href":"https:\/\/www.ramazanbasak.com.tr\/index.php?rest_route=%2Fwp%2Fv2%2Fcategories&post=147"},{"taxonomy":"post_tag","embeddable":true,"href":"https:\/\/www.ramazanbasak.com.tr\/index.php?rest_route=%2Fwp%2Fv2%2Ftags&post=147"}],"curies":[{"name":"wp","href":"https:\/\/api.w.org\/{rel}","templated":true}]}}