{"id":148,"date":"2009-10-20T17:05:13","date_gmt":"2009-10-20T14:05:13","guid":{"rendered":"https:\/\/www.ramazanbasak.com.tr\/basak-acilimi-konusacak"},"modified":"2009-10-20T17:05:13","modified_gmt":"2009-10-20T14:05:13","slug":"basak-acilimi-konusacak","status":"publish","type":"post","link":"https:\/\/www.ramazanbasak.com.tr\/?p=148","title":{"rendered":"BA\u015eAK A\u00c7ILIMI KONU\u015eACAK"},"content":{"rendered":"<p><img loading=\"lazy\" decoding=\"async\" class=\" alignleft size-full wp-image-11\" height=\"100\" width=\"150\" align=\"left\" alt=\"\" src=\"https:\/\/www.ramazanbasak.com.tr\/wp-content\/uploads\/2008\/10\/29ekim.jpg\" \/><strong>Ak Parti \u015eanl\u0131urfa Milletvekili Ramazan Ba\u015fak Demokratik a\u00e7\u0131l\u0131m konusunda canl\u0131 yay\u0131na kat\u0131l\u0131yor.<br \/> <\/strong><br \/> Ak Parti \u015eanl\u0131urfa Milletvekili ve Ak Parti Se\u00e7im \u0130\u015fleri Genel Ba\u015fkan Yard\u0131mc\u0131s\u0131 Ramazan Ba\u015fak yar\u0131n TRT2 de Demokratik a\u00e7\u0131l\u0131m konusunda a\u00e7\u0131k oturuma kat\u0131l\u0131yor. TBMM&#8217;de \u015eanl\u0131urfa&#8217;n\u0131n sorunlar\u0131 ba\u015fta olmak \u00fczere bir \u00e7ok \u00f6nemli konuda s\u00fcrekli Mecliste yapt\u0131\u011f\u0131 konu\u015fmalarla g\u00fcndeme gelen Ramazan Ba\u015fak&#8217;a TRT&#8217;den &#8216;Demokratik a\u00e7\u0131l\u0131m&#8217; konusunda a\u00e7\u0131k oturum teklifi geldi. Ba\u015fta Ba\u015fbakan Recep Tayyip Erdo\u011fan, \u0130\u00e7i\u015fleri Bakan\u0131 Be\u015fir Atalay ve baz\u0131 bakanlar\u0131n sadece a\u00e7\u0131klama yapt\u0131\u011f\u0131 &#8216;Demokratik A\u00e7\u0131l\u0131m&#8217; konusunda Ak Parti \u015eanl\u0131urfa Milletvekili Ramazan Ba\u015fak&#8217;a \u00f6nemli bir konuda g\u00f6r\u00fc\u015flerinin al\u0131naca\u011f\u0131 Ba\u015fkent Siyaset canl\u0131 yay\u0131n yar\u0131n (\u00e7ar\u015famba) saat 13.15&#8217;de TRT2&#8217;de yay\u0131mlanacak. G\u00f6r\u00fc\u015flerini ald\u0131\u011f\u0131m\u0131z \u015eanl\u0131urfa Milletvekili Ba\u015fak&#8217; T\u00fcrkiye \u00f6nemli bir s\u00fcrece giriyor, \u00fclkemizin bu s\u00fcre\u00e7ten karl\u0131 \u00e7\u0131kmas\u0131 gerekiyor, bu konu partiler \u00fcst\u00fc bir konu Say\u0131n Ba\u015fbakan\u0131m\u0131z b\u00fcy\u00fck bir cesaretle Demokratik A\u00e7\u0131l\u0131m konusu \u00fczerinde duruyor, bizde&#160;G\u00fcneydo\u011fu b\u00f6lgesinin bir milletvekili olarak deneyimlerimizi, bildiklerimizi ve beklentilerimizi halk\u0131m\u0131za aktaraca\u011f\u0131z&#8217;dedi. Ba\u015fak, programda \u015eanl\u0131urfa&#8217;n\u0131n tan\u0131t\u0131m\u0131n\u0131 yapmay\u0131 ihmal etmeyece\u011fini s\u00f6yledi.<\/p>\n","protected":false},"excerpt":{"rendered":"<p>Ak Parti \u015eanl\u0131urfa Milletvekili Ramazan Ba\u015fak Demokratik a\u00e7\u0131l\u0131m konusunda canl\u0131 yay\u0131na kat\u0131l\u0131yor. Ak Parti \u015eanl\u0131urfa Milletvekili ve Ak Parti Se\u00e7im \u0130\u015fleri Genel Ba\u015fkan Yard\u0131mc\u0131s\u0131 Ramazan Ba\u015fak yar\u0131n TRT2 de Demokratik a\u00e7\u0131l\u0131m konusunda a\u00e7\u0131k oturuma kat\u0131l\u0131yor. TBMM&#8217;de \u015eanl\u0131urfa&#8217;n\u0131n sorunlar\u0131 ba\u015fta olmak \u00fczere bir \u00e7ok \u00f6nemli konuda s\u00fcrekli Mecliste yapt\u0131\u011f\u0131 konu\u015fmalarla g\u00fcndeme gelen Ramazan Ba\u015fak&#8217;a TRT&#8217;den &#8216;Demokratik &hellip;<\/p>\n","protected":false},"author":2,"featured_media":11,"comment_status":"open","ping_status":"open","sticky":false,"template":"","format":"standard","meta":{"footnotes":""},"categories":[8],"tags":[],"class_list":["post-148","post","type-post","status-publish","format-standard","has-post-thumbnail","hentry","category-haberler-haberler"],"_links":{"self":[{"href":"https:\/\/www.ramazanbasak.com.tr\/index.php?rest_route=\/wp\/v2\/posts\/148","targetHints":{"allow":["GET"]}}],"collection":[{"href":"https:\/\/www.ramazanbasak.com.tr\/index.php?rest_route=\/wp\/v2\/posts"}],"about":[{"href":"https:\/\/www.ramazanbasak.com.tr\/index.php?rest_route=\/wp\/v2\/types\/post"}],"author":[{"embeddable":true,"href":"https:\/\/www.ramazanbasak.com.tr\/index.php?rest_route=\/wp\/v2\/users\/2"}],"replies":[{"embeddable":true,"href":"https:\/\/www.ramazanbasak.com.tr\/index.php?rest_route=%2Fwp%2Fv2%2Fcomments&post=148"}],"version-history":[{"count":0,"href":"https:\/\/www.ramazanbasak.com.tr\/index.php?rest_route=\/wp\/v2\/posts\/148\/revisions"}],"wp:featuredmedia":[{"embeddable":true,"href":"https:\/\/www.ramazanbasak.com.tr\/index.php?rest_route=\/wp\/v2\/media\/11"}],"wp:attachment":[{"href":"https:\/\/www.ramazanbasak.com.tr\/index.php?rest_route=%2Fwp%2Fv2%2Fmedia&parent=148"}],"wp:term":[{"taxonomy":"category","embeddable":true,"href":"https:\/\/www.ramazanbasak.com.tr\/index.php?rest_route=%2Fwp%2Fv2%2Fcategories&post=148"},{"taxonomy":"post_tag","embeddable":true,"href":"https:\/\/www.ramazanbasak.com.tr\/index.php?rest_route=%2Fwp%2Fv2%2Ftags&post=148"}],"curies":[{"name":"wp","href":"https:\/\/api.w.org\/{rel}","templated":true}]}}