{"id":150,"date":"2009-10-22T09:26:13","date_gmt":"2009-10-22T06:26:13","guid":{"rendered":"https:\/\/www.ramazanbasak.com.tr\/basak-devlet-hatasindan-dondu"},"modified":"2009-10-22T09:26:13","modified_gmt":"2009-10-22T06:26:13","slug":"basak-devlet-hatasindan-dondu","status":"publish","type":"post","link":"https:\/\/www.ramazanbasak.com.tr\/?p=150","title":{"rendered":"BA\u015eAK: DEVLET HATASINDAN D\u00d6ND\u00dc&#8230;"},"content":{"rendered":"<p><img loading=\"lazy\" decoding=\"async\" class=\" alignleft size-full wp-image-149\" height=\"104\" width=\"150\" align=\"left\" alt=\"\" src=\"https:\/\/www.ramazanbasak.com.tr\/wp-content\/uploads\/2009\/10\/10447.jpg\" \/><strong>Ak Parti \u015eanl\u0131urfa Milletvekili Ba\u015fak TRT2&#8217;de kat\u0131ld\u0131\u011f\u0131 pro\u011framda&#8217;Devlet yapm\u0131\u015f oldu\u011fu hatalardan d\u00f6nm\u00fc\u015ft\u00fcr,\u00fclkenin tamam\u0131na demokrasi a\u00e7\u0131l\u0131m\u0131 yay\u0131lacakt\u0131r&#8217;dedi. <\/p>\n<p> <\/strong>Ak Parti \u015eanl\u0131urfa Milletvekili ve Se\u00e7im \u0130\u015fleri Genel Ba\u015fkan Yard\u0131mc\u0131s\u0131 Ramazan Ba\u015fak TRT2&#8242; de Demokratik a\u00e7\u0131l\u0131m konusunda a\u00e7\u0131k oturuma kat\u0131larak gelinen s\u00fcreci de\u011ferlendirirken&#8217; B\u00fc \u00dclkede Muhalefet sorunu var&#8217;dedi. <br \/> TBMM&#8217;de \u015eanl\u0131urfa&#8217;n\u0131n sorunlar\u0131 ba\u015fta olmak \u00fczere&#8230; <!--more-->  <br \/> Ak Parti \u015eanl\u0131urfa Milletvekili ve Se\u00e7im \u0130\u015fleri Genel Ba\u015fkan Yard\u0131mc\u0131s\u0131 Ramazan Ba\u015fak TRT2&#8242; de Demokratik a\u00e7\u0131l\u0131m konusunda a\u00e7\u0131k oturuma kat\u0131larak gelinen s\u00fcreci de\u011ferlendirirken&#8217; B\u00fc \u00dclkede Muhalefet sorunu var&#8217;dedi. <br \/> TBMM&#8217;de \u015eanl\u0131urfa&#8217;n\u0131n sorunlar\u0131 ba\u015fta olmak \u00fczere bir \u00e7ok \u00f6nemli konuda s\u00fcrekli Mecliste yapt\u0131\u011f\u0131 konu\u015fmalarla g\u00fcndeme gelen Ramazan Ba\u015fak&#8217;a TRT&#8217;den &#8216;Demokratik a\u00e7\u0131l\u0131m&#8217;konusunda a\u00e7\u0131k oturum teklifi gelmi\u015fti. Ba\u015fkentte Siyaset konulu pro\u011frama kat\u0131lan Ba\u015fak&#8217; Ak Partinin tek hedefi var, bu \u00fclkede art\u0131k hi\u00e7 bir anenin g\u00f6z ya\u015flar\u0131 akmas\u0131n, karde\u015f kan\u0131 d\u00f6k\u00fclmesi ve art\u0131k her alanda huzur ortam\u0131, tam demokrasi ya\u015fanmas\u0131 vard\u0131r&#8217;dedi. Ba\u015fak, T\u00fcrkiyenin g\u00fcndeminden d\u00fc\u015fmeyen Demokratik a\u00e7\u0131l\u0131m, Teslim olan Ter\u00f6ristler, ve GAP projesi konusunda \u00f6nemli a\u00e7\u0131klamalar yapt\u0131\u011f\u0131 oturumda \u015funlar\u0131 s\u00f6yledi&#8217;^Devlet Hatalar\u0131ndan geri d\u00f6n\u00fcyor, Ak Parti iktidar\u0131 ile Devlet halk aras\u0131nda k\u00f6pr\u00fcler kurulmaya ba\u015fland\u0131, ya\u015fanan hatalardan ders al\u0131narak hatalardan d\u00f6n\u00fcl\u00fcyor, Do\u011fu ve G\u00fcneydo\u011fuda halk\u0131n ya\u015fad\u0131\u011f\u0131 sorunalr\u0131n bilincine vard\u0131, halk\u0131n dilinden anlad\u0131, ge\u00e7mi\u015f iktidarlar\u0131n i\u015fledi\u011fi, b\u00fcrokratlar\u0131n yapt\u0131\u011f\u0131 gibi halktan uzak durmad\u0131, Demokratik a\u00e7\u0131l\u0131m projes sadece Do\u011fu ve G\u00fcneydo\u011funun sorunu de\u011fil, 72 milyonluk T\u00fcrkiey projesidir, Biz Ak Parti olarak hera landa a\u00e7\u0131l\u0131mlar yapt\u0131k , T\u00fcrkiyenin hangi ilinde demokrasi tam ya\u015fan\u0131yor, AB s\u00fcrecinde \u00fclkeye tam demokrasinin yerle\u015fmesinin a\u00e7\u0131l\u0131m\u0131n\u0131 yapt\u0131k,bu proje t\u00fcm toplumu ilgilendiren Devlet projesidir&#8217;dedi. GAP&#8217;\u0131n nimetlerinden t\u00fcm T\u00fcrkiyenin yararland\u0131\u011f\u0131n\u0131 dile getiren Ba\u015fak&#8217; 32 Milyar dolar harcanmas\u0131 planlanan GAP \u015fu ana kadar Hazineye 23 Milyar dolar geri \u00f6deme yapm\u0131\u015ft\u0131r&#8217;dedi. <\/p>\n","protected":false},"excerpt":{"rendered":"<p>Ak Parti \u015eanl\u0131urfa Milletvekili Ba\u015fak TRT2&#8217;de kat\u0131ld\u0131\u011f\u0131 pro\u011framda&#8217;Devlet yapm\u0131\u015f oldu\u011fu hatalardan d\u00f6nm\u00fc\u015ft\u00fcr,\u00fclkenin tamam\u0131na demokrasi a\u00e7\u0131l\u0131m\u0131 yay\u0131lacakt\u0131r&#8217;dedi. Ak Parti \u015eanl\u0131urfa Milletvekili ve Se\u00e7im \u0130\u015fleri Genel Ba\u015fkan Yard\u0131mc\u0131s\u0131 Ramazan Ba\u015fak TRT2&#8242; de Demokratik a\u00e7\u0131l\u0131m konusunda a\u00e7\u0131k oturuma kat\u0131larak gelinen s\u00fcreci de\u011ferlendirirken&#8217; B\u00fc \u00dclkede Muhalefet sorunu var&#8217;dedi. TBMM&#8217;de \u015eanl\u0131urfa&#8217;n\u0131n sorunlar\u0131 ba\u015fta olmak \u00fczere&#8230; Ak Parti \u015eanl\u0131urfa Milletvekili ve &hellip;<\/p>\n","protected":false},"author":2,"featured_media":149,"comment_status":"open","ping_status":"open","sticky":false,"template":"","format":"standard","meta":{"footnotes":""},"categories":[8],"tags":[],"class_list":["post-150","post","type-post","status-publish","format-standard","has-post-thumbnail","hentry","category-haberler-haberler"],"_links":{"self":[{"href":"https:\/\/www.ramazanbasak.com.tr\/index.php?rest_route=\/wp\/v2\/posts\/150","targetHints":{"allow":["GET"]}}],"collection":[{"href":"https:\/\/www.ramazanbasak.com.tr\/index.php?rest_route=\/wp\/v2\/posts"}],"about":[{"href":"https:\/\/www.ramazanbasak.com.tr\/index.php?rest_route=\/wp\/v2\/types\/post"}],"author":[{"embeddable":true,"href":"https:\/\/www.ramazanbasak.com.tr\/index.php?rest_route=\/wp\/v2\/users\/2"}],"replies":[{"embeddable":true,"href":"https:\/\/www.ramazanbasak.com.tr\/index.php?rest_route=%2Fwp%2Fv2%2Fcomments&post=150"}],"version-history":[{"count":0,"href":"https:\/\/www.ramazanbasak.com.tr\/index.php?rest_route=\/wp\/v2\/posts\/150\/revisions"}],"wp:featuredmedia":[{"embeddable":true,"href":"https:\/\/www.ramazanbasak.com.tr\/index.php?rest_route=\/wp\/v2\/media\/149"}],"wp:attachment":[{"href":"https:\/\/www.ramazanbasak.com.tr\/index.php?rest_route=%2Fwp%2Fv2%2Fmedia&parent=150"}],"wp:term":[{"taxonomy":"category","embeddable":true,"href":"https:\/\/www.ramazanbasak.com.tr\/index.php?rest_route=%2Fwp%2Fv2%2Fcategories&post=150"},{"taxonomy":"post_tag","embeddable":true,"href":"https:\/\/www.ramazanbasak.com.tr\/index.php?rest_route=%2Fwp%2Fv2%2Ftags&post=150"}],"curies":[{"name":"wp","href":"https:\/\/api.w.org\/{rel}","templated":true}]}}