{"id":153,"date":"2009-10-29T11:59:21","date_gmt":"2009-10-29T08:59:21","guid":{"rendered":"https:\/\/www.ramazanbasak.com.tr\/basak-cumhurbaskani-gul-e-eslik-etti"},"modified":"2009-10-29T11:59:21","modified_gmt":"2009-10-29T08:59:21","slug":"basak-cumhurbaskani-gul-e-eslik-etti","status":"publish","type":"post","link":"https:\/\/www.ramazanbasak.com.tr\/?p=153","title":{"rendered":"BA\u015eAK, CUMHURBA\u015eKANI G\u00dcL&#8217; E E\u015eL\u0130K ETT\u0130&#8230;"},"content":{"rendered":"<p><img loading=\"lazy\" decoding=\"async\" class=\" size-full wp-image-81\" width=\"200\" height=\"133\" alt=\"\" src=\"https:\/\/www.ramazanbasak.com.tr\/wp-content\/uploads\/2008\/02\/9.jpg\" \/><\/p>\n<p> <strong>T\u00fcrkiye-Sirbistan Dostluk Grubu Ba\u015fkan\u0131 ve Ak Parti \u015eanl\u0131urfa Milletvekili Ramazan Ba\u015fak Cumhurba\u015fkan\u0131 G\u00fcl ile birlikte S\u0131rbistan&#8217;dan d\u00f6nd\u00fc.<\/p>\n<p> <\/strong>Cumhurba\u015fkan\u0131 Abdullah G\u00fcl, ve Ak Parti \u015eanl\u0131urfa Milletvekili Ramazan Ba\u015fak T\u00fcrkiye ve S\u0131rbistan aras\u0131ndaki ili\u015fkilerin en m\u00fckemmel \u015fekilde devam etti\u011fin belirterek, i\u015f adamlar\u0131na yat\u0131r\u0131m yapmalar\u0131 \u00e7a\u011fr\u0131s\u0131nda bulundu&#8230; <!--more-->  <br \/> AkParti \u015eanl\u0131urfa Milletvekili ve T\u00fcrkiye-Sirbistan \u00fclkeleri Milletvekili Dostluk grubu Ba\u015fkan\u0131 Ramazan Ba\u015fak ile birlikte bu \u00fclkeyi ziyaret eden G\u00fcl i\u015f adamlar\u0131na yat\u0131rm yapmalar\u0131n\u0131 i\u00e7in tavsiyelerde bulundu. <br \/> Cumhurba\u015fkan\u0131 G\u00fcl ve S\u0131rbistan Cumhurba\u015fkan\u0131 Boris Tadi\u00e7 ile Hyatt Regency Otel&#8217;de d\u00fczenlenen T\u00fcrk-S\u0131rp \u0130\u015f Konseyi toplant\u0131s\u0131na kat\u0131larak, i\u015f adamlar\u0131na hitap etti. <\/p>\n<p> Cumhurba\u015fkan\u0131 G\u00fcl, konu\u015fmas\u0131nda iki \u00fclke ili\u015fkilerinin geldi\u011fi stratejik ortakl\u0131k noktas\u0131n\u0131n tarihi \u00f6nemi oldu\u011funu belirterek, Tadi\u00e7&#8217;in T\u00fcrkiye ile S\u0131rbistan aras\u0131ndaki ili\u015fkilerin geli\u015fmesine yapt\u0131\u011f\u0131 katk\u0131ya te\u015fekk\u00fcr etti. <\/p>\n<p> \u0130kili siyasi ili\u015fkilerin en m\u00fckemmel \u015fekilde geli\u015fmekte oldu\u011funu vurgulayan G\u00fcl, yak\u0131n i\u015fbirli\u011finin Balkanlar&#8217;daki istikrar ve huzuru art\u0131raca\u011f\u0131n\u0131 s\u00f6yledi. <\/p>\n<p> Sadece siyasi alanda de\u011fil, di\u011fer konulardaki i\u015fbirli\u011finin de en \u00fcst seviyeye ta\u015f\u0131nmas\u0131nda kararl\u0131 olduklar\u0131na dikkati \u00e7eken G\u00fcl, \u00f6zellikle ekonomik i\u015fbirli\u011fi alan\u0131nda b\u00fcy\u00fck potansiyel oldu\u011funu, ancak bunun yeteri kadar de\u011ferlendirilmedi\u011finin g\u00f6r\u00fcld\u00fc\u011f\u00fcn\u00fc s\u00f6yledi. <\/p>\n<p> S\u0131rbistan&#8217;\u0131n \u00e7ok \u00f6nemli reformlar yapt\u0131\u011f\u0131n\u0131, AB ile k\u0131sa s\u00fcre i\u00e7inde daha da yak\u0131nla\u015faca\u011f\u0131n\u0131 ifade eden G\u00fcl, &#8221;Belgrad Avrupa&#8217;n\u0131n en \u00f6nemli \u015fehirlerinden biridir. Belgrad&#8217;s\u0131z AB&#8217;yi d\u00fc\u015f\u00fcnmek m\u00fcmk\u00fcn de\u011fildir&#8221; dedi. S\u0131rbistan&#8217;da hem demokratik hem de ekonomik reformlar\u0131n k\u00f6kl\u00fc \u015fekilde s\u00fcrd\u00fcr\u00fcld\u00fc\u011f\u00fcn\u00fc, \u00fclkenin haz\u0131rland\u0131\u011f\u0131n\u0131 kaydeden G\u00fcl, &#8221;\u0130\u015f adamlar\u0131 bu \u00fclkenin de\u011ferini iyi kavras\u0131nlar. Bu \u00fclkenin gelece\u011fi \u00e7ok daha parlak olacakt\u0131r. Bug\u00fcn eksik olan bu i\u015fbirli\u011fini \u00e7ok daha g\u00fc\u00e7lendirmelisiniz&#8221; diye konu\u015ftu. <\/p>\n<p> \u0130ki \u00fclke aras\u0131ndaki ekonomik i\u015fbirli\u011finin hukuki temelinin olu\u015fturuldu\u011funu belirten G\u00fcl, imzalanan serbest ticaret anla\u015fmas\u0131n\u0131n da y\u0131l sonununda y\u00fcr\u00fcrl\u00fc\u011fe girece\u011fini hat\u0131rlatt\u0131. Bu anla\u015fmalar\u0131n i\u015f adamlar\u0131n\u0131n kar\u015f\u0131l\u0131kl\u0131 daha \u00e7ok i\u015f yapabilmesi i\u00e7in imzaland\u0131\u011f\u0131n\u0131 belirten G\u00fcl, f\u0131rsatlar\u0131n de\u011ferlendirilmesini istedi. <\/p>\n<p> T\u00fcrkiye ile S\u0131rbistan aras\u0131ndaki ticaret hacminin d\u00fc\u015f\u00fck ve dengesiz oldu\u011funu dile getiren G\u00fcl, S\u0131rp i\u015f adamlar\u0131na &#8221;T\u00fcrkiye&#8217;ye \u00e7ok \u015fey satabilirsiniz, T\u00fcrkiye her yerden ithalat yap\u0131yor. Bu alanda b\u00fcy\u00fck potansiyel var&#8221; diye seslendi. <\/p>\n<p> -&#8221;S\u0130YAS\u0130 NOKTADAK\u0130 SEV\u0130YEY\u0130 TAK\u0130P EDEM\u0130YORSUNUZ&#8221; <\/p>\n<p> S\u0131rbistan&#8217;\u0131n Rusya&#8217;yla serbest ticaret anla\u015fmas\u0131 oldu\u011funu, T\u00fcrkiye&#8217;nin de AB g\u00fcmr\u00fck yap\u0131s\u0131 i\u00e7eresinde yer ald\u0131\u011f\u0131n\u0131 an\u0131msatan G\u00fcl, i\u015f adamlar\u0131na \u015f\u00f6yle seslendi: <\/p>\n<p> &#8221;Buradan sizi daha \u00e7ok yat\u0131r\u0131m yapmaya \u00e7a\u011f\u0131r\u0131yorum. Balkanlar&#8217;da, Balkan \u00fclkelerinin \u00e7o\u011funda T\u00fcrk i\u015f adamlar\u0131n\u0131n b\u00fcy\u00fck yat\u0131r\u0131mlar\u0131 var, ama S\u0131rbistan&#8217;da maalesef yok. Bu nedendir? diye bug\u00fcn de\u011ferli dostum Tadi\u00e7&#8217;le konu\u015furken anla\u015f\u0131lan sizler siyasi noktada bizim geldi\u011fimiz seviyeyi takip edemiyorsunuz. T\u00fcrkiye ile S\u0131rbistan \u00e7ok ileri derecede siyasi i\u015fbirli\u011fi i\u00e7erisine girmi\u015ftir. <\/p>\n<p> Bunu i\u015f d\u00fcnyas\u0131n\u0131n daha tam olarak alg\u0131layamad\u0131\u011f\u0131 kanaatindeyim. Buradan tekrar duyuruyorum ki aram\u0131zda hi\u00e7bir problem yoktur. \u0130li\u015fkilerimiz en m\u00fckemmel \u015fekilde devam etmektedir. Balkan b\u00f6lgesindeki di\u011fer sorunlar\u0131 beraber \u00e7\u00f6zmeye u\u011fra\u015f\u0131yoruz. Hep beraber Balkanlar&#8217;a g\u00fcvenlik ve istikrar getirmek i\u00e7in \u00e7al\u0131\u015f\u0131yoruz. Bu \u00fclkeye g\u00fcvenin, bu \u00fclkeye daha \u00e7ok yat\u0131r\u0131m yapmal\u0131s\u0131n\u0131z.&#8221; <br \/> S\u0131rbistan Cumhurba\u015fkan\u0131 Tadi\u00e7&#8217;in T\u00fcrk i\u015f adamlar\u0131na yat\u0131r\u0131m \u00e7a\u011fr\u0131s\u0131nda bulundu\u011funu, b\u00fcy\u00fck projelerle ilgili bilgi verdi\u011fini s\u00f6yleyen G\u00fcl, otoyol yap\u0131m\u0131 konusunda T\u00fcrk firmalar\u0131n\u0131n tecr\u00fcbeli oldu\u011funu ifade etti. Askeri havaalanlar\u0131n\u0131n sivil trafi\u011fe a\u00e7\u0131lmas\u0131 i\u00e7in \u00fclkede \u00e7al\u0131\u015fmalar yap\u0131ld\u0131\u011f\u0131n\u0131, T\u00fcrkiye&#8217;nin de bu alanlarda projeleri oldu\u011funu anlatan G\u00fcl, ula\u015ft\u0131rman\u0131n hem kara hem de demir yolu a\u00e7\u0131s\u0131ndan ba\u015fl\u0131 ba\u015f\u0131na b\u00fcy\u00fck bir alan oldu\u011funu ifade etti. <\/p>\n<p> Her y\u0131l binlerce T\u00fcrk TIR&#8217;\u0131n\u0131n S\u0131rbistan \u00fczerinden Avrupa&#8217;ya gidip geldi\u011fini an\u0131msatan G\u00fcl, S\u0131rbistan&#8217;\u0131n Balkanlar&#8217;da &#8221;kilit \u00fclke&#8221; oldu\u011funun fark\u0131nda olduklar\u0131n\u0131 dile getirdi. <\/p>\n<p> Bug\u00fcn ger\u00e7ekle\u015ftirilen g\u00f6r\u00fc\u015fmelerde turizm alan\u0131nda vizelerin kolayla\u015ft\u0131r\u0131lmas\u0131 konusunun g\u00fcndeme geldi\u011fini aktaran G\u00fcl, T\u00fcrkiye&#8217;den S\u0131rbistan&#8217;a yeterli turist gelmedi\u011fini, bilgilendirme konusunda turizm operat\u00f6rlerine b\u00fcy\u00fck i\u015f d\u00fc\u015ft\u00fc\u011f\u00fcn\u00fc s\u00f6yledi. <\/p>\n<p> Otelcilik ve enerji alanlar\u0131n\u0131n da i\u015fbirli\u011fine olanak sa\u011flayabilece\u011fini kaydeden G\u00fcl, hidroelektrik \u00fcretimi a\u00e7\u0131s\u0131ndan S\u0131rbistan&#8217;\u0131n \u00e7ok \u00f6nemli bir \u00fclke oldu\u011funu, bu konuda projeler \u00fcretilebilece\u011fini kaydetti. <\/p>\n<p> S\u0131rbistan&#8217;\u0131n sa\u011flam bir sanayisi oldu\u011funu da vurgulayan G\u00fcl, yenileme ve rehabilitasyon konular\u0131nda da ortak \u00e7al\u0131\u015fmalar yap\u0131labilece\u011fini s\u00f6yledi. <\/p>\n<p> G\u00fcl, i\u015f adamlar\u0131na \u015f\u00f6yle seslendi: <\/p>\n<p> &#8221;Her iki devlet, daha \u00e7ok i\u015f yapman\u0131z konusunda sadece S\u0131rbistan&#8217;da ya da sadece T\u00fcrkiye&#8217;de de\u011fil, ortakl\u0131klar kurup ba\u015fka \u00fclkelerde, \u00fc\u00e7\u00fcnc\u00fc \u00fclkelerde beraber i\u015f yapman\u0131z konusunda sizi sonuna kadar destekliyoruz ve te\u015fvik ediyoruz. Bu f\u0131rsatlar\u0131 de\u011ferlendirin. Burada konu\u015fup arkas\u0131n\u0131 iyi takip edin. Bug\u00fcn \u00f6\u011frendi\u011fim kadar\u0131yla sizde de kullan\u0131lan kelimelerle &#8216;s\u0131ca\u011f\u0131 s\u0131ca\u011f\u0131na&#8217; bu i\u015fleri takip edin. \u00c7\u00fcnk\u00fc ortak yapabilece\u011finiz \u00e7ok i\u015f vard\u0131r. Bunun siyasi zemini de haz\u0131rlanm\u0131\u015ft\u0131r.&#8221; <br \/> \u00f6te yandan Ak Parti \u015eanl\u0131urfa Milletvekili ve iki \u00fclke aras\u0131ndan Dostluk grubu Ba\u015fkanl\u0131\u011f\u0131n\u0131 ba\u015far\u0131yla s\u00fcrd\u00fcren Ramazan Ba\u015fak ise Sirbistanda yapt\u0131\u011f\u0131 ikili g\u00f6r\u00fc\u015fmelerde \u015eanl\u0131urfa ve GAP projesini g\u00fcndeme getirdi. \u015eanl\u0131urfa&#8217;y\u0131 tan\u0131tan CD&#8217;ler da\u011f\u0131tan ve burada bir brifing veren Ba\u015fak i\u015f adamlar\u0131na yat\u0131r\u0131m \u00e7a\u011fr\u0131s\u0131nda bulundu.<\/p>\n","protected":false},"excerpt":{"rendered":"<p>T\u00fcrkiye-Sirbistan Dostluk Grubu Ba\u015fkan\u0131 ve Ak Parti \u015eanl\u0131urfa Milletvekili Ramazan Ba\u015fak Cumhurba\u015fkan\u0131 G\u00fcl ile birlikte S\u0131rbistan&#8217;dan d\u00f6nd\u00fc. Cumhurba\u015fkan\u0131 Abdullah G\u00fcl, ve Ak Parti \u015eanl\u0131urfa Milletvekili Ramazan Ba\u015fak T\u00fcrkiye ve S\u0131rbistan aras\u0131ndaki ili\u015fkilerin en m\u00fckemmel \u015fekilde devam etti\u011fin belirterek, i\u015f adamlar\u0131na yat\u0131r\u0131m yapmalar\u0131 \u00e7a\u011fr\u0131s\u0131nda bulundu&#8230; AkParti \u015eanl\u0131urfa Milletvekili ve T\u00fcrkiye-Sirbistan \u00fclkeleri Milletvekili Dostluk grubu Ba\u015fkan\u0131 Ramazan &hellip;<\/p>\n","protected":false},"author":2,"featured_media":81,"comment_status":"open","ping_status":"open","sticky":false,"template":"","format":"standard","meta":{"footnotes":""},"categories":[8],"tags":[],"class_list":["post-153","post","type-post","status-publish","format-standard","has-post-thumbnail","hentry","category-haberler-haberler"],"_links":{"self":[{"href":"https:\/\/www.ramazanbasak.com.tr\/index.php?rest_route=\/wp\/v2\/posts\/153","targetHints":{"allow":["GET"]}}],"collection":[{"href":"https:\/\/www.ramazanbasak.com.tr\/index.php?rest_route=\/wp\/v2\/posts"}],"about":[{"href":"https:\/\/www.ramazanbasak.com.tr\/index.php?rest_route=\/wp\/v2\/types\/post"}],"author":[{"embeddable":true,"href":"https:\/\/www.ramazanbasak.com.tr\/index.php?rest_route=\/wp\/v2\/users\/2"}],"replies":[{"embeddable":true,"href":"https:\/\/www.ramazanbasak.com.tr\/index.php?rest_route=%2Fwp%2Fv2%2Fcomments&post=153"}],"version-history":[{"count":0,"href":"https:\/\/www.ramazanbasak.com.tr\/index.php?rest_route=\/wp\/v2\/posts\/153\/revisions"}],"wp:featuredmedia":[{"embeddable":true,"href":"https:\/\/www.ramazanbasak.com.tr\/index.php?rest_route=\/wp\/v2\/media\/81"}],"wp:attachment":[{"href":"https:\/\/www.ramazanbasak.com.tr\/index.php?rest_route=%2Fwp%2Fv2%2Fmedia&parent=153"}],"wp:term":[{"taxonomy":"category","embeddable":true,"href":"https:\/\/www.ramazanbasak.com.tr\/index.php?rest_route=%2Fwp%2Fv2%2Fcategories&post=153"},{"taxonomy":"post_tag","embeddable":true,"href":"https:\/\/www.ramazanbasak.com.tr\/index.php?rest_route=%2Fwp%2Fv2%2Ftags&post=153"}],"curies":[{"name":"wp","href":"https:\/\/api.w.org\/{rel}","templated":true}]}}