{"id":159,"date":"2009-11-09T12:26:05","date_gmt":"2009-11-09T09:26:05","guid":{"rendered":"https:\/\/www.ramazanbasak.com.tr\/konusan-yine-basak-oldu"},"modified":"2009-11-09T12:26:05","modified_gmt":"2009-11-09T09:26:05","slug":"konusan-yine-basak-oldu","status":"publish","type":"post","link":"https:\/\/www.ramazanbasak.com.tr\/?p=159","title":{"rendered":"KONU\u015eAN Y\u0130NE BA\u015eAK OLDU&#8230;"},"content":{"rendered":"<p><img loading=\"lazy\" decoding=\"async\" class=\" alignleft size-full wp-image-158\" align=\"left\" width=\"200\" height=\"214\" alt=\"\" src=\"https:\/\/www.ramazanbasak.com.tr\/wp-content\/uploads\/2009\/11\/RBA%C3%85%C2%9EAK.bmp\" \/>&#160;<strong>Ak Parti \u015eanl\u0131urfa Milletvekili Ramazan Ba\u015fak bug\u00fcn TRT3 de \u015eanl\u0131urfa ve demokratik a\u00e7\u0131l\u0131m konusunda \u00f6nemli a\u00e7\u0131klamalarda bulundu. <\/p>\n<p> <\/strong> <!--more-->  AK Parti \u015eanl\u0131urfa milletvekili Ramazan Ba\u015fak demokratik a\u00e7\u0131l\u0131m K\u00fcrt meselesi ve h\u00fck\u00fcmetin en \u00e7ok \u00f6nem verdi\u011fi GAP projesi konusunda geli\u015fmeleri de\u011ferlendirdi. Bug\u00fcn TRT3 de canl\u0131 yay\u0131nlanan siyaset program\u0131na konuk olan ramazan ba\u015fak \u00f6zellikle Suru\u00e7 Viran\u015fehir ve Ceylanp\u0131nar sulamalar\u0131yla ilgili gelinen son noktay\u0131 de\u011ferlendirdi. Ba\u015fak ayn\u0131 zamanda demokratik a\u00e7\u0131l\u0131mla ilgili \u00f6nemli a\u00e7\u0131klamalarda bulundu. <br \/> \u015eanl\u0131urfa Konusunda TBMM&#8217;de ve \u00e7e\u015fitli platformlarda en \u00e7ok konu\u015fan ve \u00f6nemli projelerin takip\u00e7isi olan Ba\u015fak bug\u00fcn ayn\u0131 anda iki ay\u0131r programa konuk oldu.<\/p>\n","protected":false},"excerpt":{"rendered":"<p>&#160;Ak Parti \u015eanl\u0131urfa Milletvekili Ramazan Ba\u015fak bug\u00fcn TRT3 de \u015eanl\u0131urfa ve demokratik a\u00e7\u0131l\u0131m konusunda \u00f6nemli a\u00e7\u0131klamalarda bulundu. AK Parti \u015eanl\u0131urfa milletvekili Ramazan Ba\u015fak demokratik a\u00e7\u0131l\u0131m K\u00fcrt meselesi ve h\u00fck\u00fcmetin en \u00e7ok \u00f6nem verdi\u011fi GAP projesi konusunda geli\u015fmeleri de\u011ferlendirdi. Bug\u00fcn TRT3 de canl\u0131 yay\u0131nlanan siyaset program\u0131na konuk olan ramazan ba\u015fak \u00f6zellikle Suru\u00e7 Viran\u015fehir ve Ceylanp\u0131nar sulamalar\u0131yla &hellip;<\/p>\n","protected":false},"author":2,"featured_media":158,"comment_status":"open","ping_status":"open","sticky":false,"template":"","format":"standard","meta":{"footnotes":""},"categories":[8],"tags":[],"class_list":["post-159","post","type-post","status-publish","format-standard","has-post-thumbnail","hentry","category-haberler-haberler"],"_links":{"self":[{"href":"https:\/\/www.ramazanbasak.com.tr\/index.php?rest_route=\/wp\/v2\/posts\/159","targetHints":{"allow":["GET"]}}],"collection":[{"href":"https:\/\/www.ramazanbasak.com.tr\/index.php?rest_route=\/wp\/v2\/posts"}],"about":[{"href":"https:\/\/www.ramazanbasak.com.tr\/index.php?rest_route=\/wp\/v2\/types\/post"}],"author":[{"embeddable":true,"href":"https:\/\/www.ramazanbasak.com.tr\/index.php?rest_route=\/wp\/v2\/users\/2"}],"replies":[{"embeddable":true,"href":"https:\/\/www.ramazanbasak.com.tr\/index.php?rest_route=%2Fwp%2Fv2%2Fcomments&post=159"}],"version-history":[{"count":0,"href":"https:\/\/www.ramazanbasak.com.tr\/index.php?rest_route=\/wp\/v2\/posts\/159\/revisions"}],"wp:featuredmedia":[{"embeddable":true,"href":"https:\/\/www.ramazanbasak.com.tr\/index.php?rest_route=\/wp\/v2\/media\/158"}],"wp:attachment":[{"href":"https:\/\/www.ramazanbasak.com.tr\/index.php?rest_route=%2Fwp%2Fv2%2Fmedia&parent=159"}],"wp:term":[{"taxonomy":"category","embeddable":true,"href":"https:\/\/www.ramazanbasak.com.tr\/index.php?rest_route=%2Fwp%2Fv2%2Fcategories&post=159"},{"taxonomy":"post_tag","embeddable":true,"href":"https:\/\/www.ramazanbasak.com.tr\/index.php?rest_route=%2Fwp%2Fv2%2Ftags&post=159"}],"curies":[{"name":"wp","href":"https:\/\/api.w.org\/{rel}","templated":true}]}}