{"id":161,"date":"2009-11-09T12:46:20","date_gmt":"2009-11-09T09:46:20","guid":{"rendered":"https:\/\/www.ramazanbasak.com.tr\/basak-verdigi-sozleri-tutuyor"},"modified":"2009-11-09T12:46:20","modified_gmt":"2009-11-09T09:46:20","slug":"basak-verdigi-sozleri-tutuyor","status":"publish","type":"post","link":"https:\/\/www.ramazanbasak.com.tr\/?p=161","title":{"rendered":"BA\u015eAK VERD\u0130\u011e\u0130 S\u00d6ZLER\u0130 TUTUYOR&#8230;"},"content":{"rendered":"<p><img loading=\"lazy\" decoding=\"async\" class=\" alignleft size-full wp-image-160\" align=\"left\" width=\"200\" height=\"133\" alt=\"\" src=\"https:\/\/www.ramazanbasak.com.tr\/wp-content\/uploads\/2009\/11\/dsc_0150.jpg\" srcset=\"https:\/\/www.ramazanbasak.com.tr\/wp-content\/uploads\/2009\/11\/dsc_0150.jpg 640w, https:\/\/www.ramazanbasak.com.tr\/wp-content\/uploads\/2009\/11\/dsc_0150-300x199.jpg 300w\" sizes=\"auto, (max-width: 200px) 100vw, 200px\" \/>&#160;<strong>Suru\u00e7 Sulama Projesini ad\u0131m ad\u0131m ger\u00e7ekle\u015ftiren Ba\u015fak, se\u00e7im s\u0131ras\u0131nda verdi\u011fi s\u00f6z\u00fcn bir kez daha arkas\u0131nda oldu\u011funu arazi toplula\u015ft\u0131r\u0131lmas\u0131 ihalesinin yap\u0131laca\u011f\u0131 m\u00fcjdesini verdi.<\/p>\n<p> <\/strong>Suru\u00e7 Sulama Projesini ad\u0131m ad\u0131m ger\u00e7ekle\u015ftiren Ba\u015fak, se\u00e7im s\u0131ras\u0131nda verdi\u011fi s\u00f6z\u00fcn arkas\u0131nda oldu\u011funu bir kere daha kan\u0131tlad\u0131.<\/p>\n<p>  <!--more-->  <\/p>\n<div style=\"text-align: justify\">Kendisine bu konuyla ilgili sorulan sorulara yan\u0131t veren Ba\u015fak \u015fu s\u00f6zleri kaydetti: Kimsenin inanmad\u0131\u011f\u0131 veya inanmak istemedi\u011fi ve birilerinin provakatif s\u00f6ylemleriyle bu i\u015fin ge\u00e7ekle\u015fmeyece\u011fini s\u00f6yledikleri zaman ben \u015fahs\u0131m ad\u0131na bu i\u015fin alt\u0131na ba\u015f\u0131m\u0131 <a target=\"_blank\" href=\"http:\/\/koydum.se\/\"><span style=\"color: windowtext; text-decoration: none; text-underline: none\">koydum. Se<\/span><\/a>\u00e7im meydan\u0131nda e\u011fer bu projeyi ger\u00e7ekle\u015ftiremezsem istifa edece\u011fimi s\u00f6yledim. Allah&#8217; a \u015f\u00fck\u00fcrler olsun ki bug\u00fcn gelinen noktada verdi\u011fim s\u00f6zleri birer birer ger\u00e7ekle\u015ftiriyoruz. Projenin temeli at\u0131lacak dedik, at\u0131ld\u0131. \u0130n\u015faata ba\u015flanacak ve devam edecek dedik ve 16 ekimde GAP\u2019 tan sorumlu bakan\u0131m\u0131zla ve halk\u0131m\u0131zla beraber gitti\u011fimizde in\u015faat\u0131n nas\u0131l ilerledi\u011fini herkes g\u00f6rd\u00fc. Daha sonra Suru\u00e7 ve k\u00f6ylerinin toplula\u015ft\u0131r\u0131lmas\u0131n\u0131 yapaca\u011f\u0131z dedik yine baz\u0131 kesimler i\u015flerine gelmedi\u011finden bize inanmak istemediler. Ancak bug\u00fcn g\u00f6stermi\u015ftir ki Tar\u0131m Reformu Genel M\u00fcd\u00fcrl\u00fc\u011f\u00fc ile yapt\u0131\u011f\u0131m\u0131z \u00e7al\u0131\u015fmayla ihalesini 1 Aral\u0131k 2009 g\u00fcn\u00fc ger\u00e7ekle\u015ftirece\u011fiz ve bize inananlar\u0131 mah\u00e7up etmedik. Ben ve partime mensup herkes bug\u00fcne kadar siyaset endi\u015fesi ta\u015f\u0131mad\u0131k. Suru\u00e7 ve \u015eanl\u0131urfa\u2019 n\u0131n geli\u015fmesi i\u00e7in elimizden geleni yapt\u0131k ve yapmaya da devam edece\u011fiz. 40 y\u0131ld\u0131r bir t\u00fcrk\u00fc gibi kulaktan kula\u011fa s\u00f6ylenen bu i\u015f ger\u00e7ekle\u015fmez gibi s\u00f6zlerin Ak Partiyle art\u0131k de\u011fi\u015fti\u011fini g\u00f6rmekteyiz. \u00c7\u00fcnk\u00fc suyun gelmesiyle Suru\u00e7 geli\u015firse \u015eanl\u0131urfa geli\u015fir, \u015eanl\u0131urfa geli\u015firse T\u00fcrkiye de geli\u015fecektir. Ekonomik olarak sosyal stat\u00fc olarak halk refaha kavu\u015facakt\u0131r. Biz milletvekilleri ve siyasiler olarak bunun derdindeyiz.&#160;Ve biz sadece&#160;Suru\u00e7\u2019 u kurtaral\u0131m demedik. Hilvan\u2019 \u0131 Ceylanp\u0131nar\u2019 \u0131 \u015eanl\u0131urfa merkezi yani k\u0131sacas\u0131 \u015eanl\u0131urfa\u2019 n\u0131n her yerinde \u00e7al\u0131\u015fmalar\u0131m\u0131za devam ettik. B\u00fct\u00fcn projelerin ger\u00e7ekle\u015fmesi i\u00e7in \u00e7al\u0131\u015ft\u0131k. Ve ge\u00e7en 2.5 senelik s\u00fcre\u00e7te g\u00f6rd\u00fck ki \u015eanl\u0131urfa 40 y\u0131lda ilerleyemedi\u011fi yolu bu 2 d\u00f6nemde kat kat artt\u0131rd\u0131.&#160;<\/div>\n<div>Suru\u00e7 Sulama Projesi kapsam\u0131nda bir a\u015famada 2 k\u0131s\u0131m halinde 100.373 ha l\u0131k arazi&#160;toplula\u015ft\u0131r\u0131l\u0131p 1820 km lik tarlai\u00e7i yol yap\u0131m\u0131 yap\u0131lacakt\u0131r. Ben soruyorum bu kadar kapsaml\u0131 bir \u00e7al\u0131\u015fma hangi tarihte yap\u0131lm\u0131\u015ft\u0131r.&#160;Ge\u00e7mi\u015fte gelen siyasilerin&#160;\u015eanl\u0131urfa\u2019 ya suyu&#160;getirece\u011fiz s\u00f6ylemleri oy kap\u0131s\u0131 olmam\u0131\u015f m\u0131d\u0131r. Biz de \u00e7\u0131kt\u0131\u011f\u0131m\u0131z da dedik ama tek bir farkla biz ge\u00e7mi\u015fteki gibi bug\u00fcn bunu s\u00f6ylemi Ankara\u2019 ya gitti\u011fimizde unutmad\u0131k. Dedik ve yapt\u0131k.<\/div>\n<div style=\"text-align: justify\">&#160;<\/div>\n<div style=\"text-align: justify; text-indent: 35.4pt\">Hedeflerimizi hi\u00e7 bir zaman k\u00fc\u00e7\u00fck tutmayaca\u011f\u0131z her zaman daha iyiye kavu\u015fmak i\u00e7in var\u0131m\u0131zla yo\u011fumuzla \u00e7al\u0131\u015faca\u011f\u0131z. Ben bir kez daha proje kapsam\u0131nda eme\u011fi ge\u00e7en herkese b\u00fct\u00fcn kurumlara bakanlar\u0131m\u0131za ve ba\u015fta bizlerden ve \u015eanl\u0131urfa\u2019 dan hi\u00e7bir zaman deste\u011fini esirgemeyen say\u0131n Ba\u015fbakan\u0131m\u0131za minnetlerimi sunuyorum. Bu vesileyle b\u00fct\u00fcn \u015eanl\u0131urfa\u2019 l\u0131 hem\u015ferilerimize de selam&#160;sayg\u0131 ve h\u00fcrmetlerimi g\u00f6nderiyorum.<\/div>\n","protected":false},"excerpt":{"rendered":"<p>&#160;Suru\u00e7 Sulama Projesini ad\u0131m ad\u0131m ger\u00e7ekle\u015ftiren Ba\u015fak, se\u00e7im s\u0131ras\u0131nda verdi\u011fi s\u00f6z\u00fcn bir kez daha arkas\u0131nda oldu\u011funu arazi toplula\u015ft\u0131r\u0131lmas\u0131 ihalesinin yap\u0131laca\u011f\u0131 m\u00fcjdesini verdi. Suru\u00e7 Sulama Projesini ad\u0131m ad\u0131m ger\u00e7ekle\u015ftiren Ba\u015fak, se\u00e7im s\u0131ras\u0131nda verdi\u011fi s\u00f6z\u00fcn arkas\u0131nda oldu\u011funu bir kere daha kan\u0131tlad\u0131. Kendisine bu konuyla ilgili sorulan sorulara yan\u0131t veren Ba\u015fak \u015fu s\u00f6zleri kaydetti: Kimsenin inanmad\u0131\u011f\u0131 veya inanmak &hellip;<\/p>\n","protected":false},"author":2,"featured_media":160,"comment_status":"open","ping_status":"open","sticky":false,"template":"","format":"standard","meta":{"footnotes":""},"categories":[8],"tags":[],"class_list":["post-161","post","type-post","status-publish","format-standard","has-post-thumbnail","hentry","category-haberler-haberler"],"_links":{"self":[{"href":"https:\/\/www.ramazanbasak.com.tr\/index.php?rest_route=\/wp\/v2\/posts\/161","targetHints":{"allow":["GET"]}}],"collection":[{"href":"https:\/\/www.ramazanbasak.com.tr\/index.php?rest_route=\/wp\/v2\/posts"}],"about":[{"href":"https:\/\/www.ramazanbasak.com.tr\/index.php?rest_route=\/wp\/v2\/types\/post"}],"author":[{"embeddable":true,"href":"https:\/\/www.ramazanbasak.com.tr\/index.php?rest_route=\/wp\/v2\/users\/2"}],"replies":[{"embeddable":true,"href":"https:\/\/www.ramazanbasak.com.tr\/index.php?rest_route=%2Fwp%2Fv2%2Fcomments&post=161"}],"version-history":[{"count":0,"href":"https:\/\/www.ramazanbasak.com.tr\/index.php?rest_route=\/wp\/v2\/posts\/161\/revisions"}],"wp:featuredmedia":[{"embeddable":true,"href":"https:\/\/www.ramazanbasak.com.tr\/index.php?rest_route=\/wp\/v2\/media\/160"}],"wp:attachment":[{"href":"https:\/\/www.ramazanbasak.com.tr\/index.php?rest_route=%2Fwp%2Fv2%2Fmedia&parent=161"}],"wp:term":[{"taxonomy":"category","embeddable":true,"href":"https:\/\/www.ramazanbasak.com.tr\/index.php?rest_route=%2Fwp%2Fv2%2Fcategories&post=161"},{"taxonomy":"post_tag","embeddable":true,"href":"https:\/\/www.ramazanbasak.com.tr\/index.php?rest_route=%2Fwp%2Fv2%2Ftags&post=161"}],"curies":[{"name":"wp","href":"https:\/\/api.w.org\/{rel}","templated":true}]}}