{"id":163,"date":"2009-11-12T09:57:50","date_gmt":"2009-11-12T06:57:50","guid":{"rendered":"https:\/\/www.ramazanbasak.com.tr\/muhtarlardan-basak-a-tesekkur"},"modified":"2009-11-12T09:57:50","modified_gmt":"2009-11-12T06:57:50","slug":"muhtarlardan-basak-a-tesekkur","status":"publish","type":"post","link":"https:\/\/www.ramazanbasak.com.tr\/?p=163","title":{"rendered":"MUHTARLARDAN BA\u015eAK&#8217; A TE\u015eEKK\u00dcR&#8230;"},"content":{"rendered":"<p><img loading=\"lazy\" decoding=\"async\" class=\" alignleft size-full wp-image-162\" align=\"left\" width=\"200\" height=\"195\" alt=\"\" src=\"https:\/\/www.ramazanbasak.com.tr\/wp-content\/uploads\/2009\/11\/rbaak1.jpg\" \/>&#160;<strong>Suru\u00e7 Ovas\u0131n\u0131n suya olan hasretinin dinmesi ve en \u00f6nemli yat\u0131r\u0131m i\u00e7in ihale tarihi belli oldu.K\u00f6y Muhtarlar\u0131 Ak Partli Milletvekili Ramazan Ba\u015fak&#8217;a te\u015fekk\u00fcr ettiklerini a\u00e7\u0131klad\u0131lar. <\/p>\n<p> <\/strong>\u015eanl\u0131urfa arazi toplula\u015ft\u0131rmas\u0131 ve tarla i\u00e7i geli\u015ftirme hizmetleri 6. k\u0131s\u0131m ihalesi 1 Aral\u0131k 2009 da yap\u0131laca\u011f\u0131 a\u00e7\u0131kland\u0131..<\/p>\n<p>  <!--more-->  <br \/> \u015eanl\u0131urfa&#8217;n\u0131n en \u00f6nemli yat\u0131r\u0131mlar\u0131ndan olan Suru\u00e7 Sulamas\u0131 i\u00e7in \u00e7aba harcayan Ak Parti \u015eanl\u0131urfa Milletvekili Ramazan Ba\u015fak Toplula\u015ft\u0131rma ihalesinin yap\u0131lmas\u0131 i\u00e7in yapt\u0131\u011f\u0131 giri\u015fimler sonu\u00e7land\u0131. <br \/> 55.056 ha l\u0131k arazi toplula\u015ft\u0131r\u0131lmas\u0131 ve 1170 km lik tarla i\u00e7i yol yap\u0131m\u0131nda yap\u0131lacak yerler: \u015eanl\u0131urfa merkez Ge\u00e7it, Kaplan, Karata\u015f, K\u0131rkma\u011fara, Olukyan\u0131, Suru\u00e7 il\u00e7esi Merkez, Ak\u00f6ren, K\u00fc\u00e7\u00fck kendirci, Yukar\u0131 Aybast\u0131, Alanyurt, A. Oylum, Aybast\u0131, Bilge, Binatl\u0131, Boztepe, B\u00fcy\u00fck Sergen, B\u00fcy\u00fck Ziyaret, Yal\u0131nca, Yalp\u0131, Yat\u0131rtepe, Y\u0131ld\u0131z, Yo\u011furt\u00e7u, Yolcular, Y\u00f6nl\u00fc, \u00c7anak\u00e7\u0131, Karah\u00f6y\u00fck, \u00c7aykara, Karak\u00f6y, \u00c7engelli, Keberli, Dinlence, K\u0131z\u0131lh\u00fcy\u00fck, Ekili, K\u00f6seler, Eskice, K\u00fc\u00e7\u00fcksergen, G\u00f6le\u00e7, K\u00fc\u00e7\u00fckziyaret, H\u00fcy\u00fckyanu, Yaz\u0131k\u00f6y, Kurutepe, Kap\u0131c\u0131, Mertismail, Oymakl\u0131, Top\u00e7ular, \u00dcvecik, Karadut, Mollahamza, \u00d6zl\u00fcce, \u00dc\u00e7p\u0131nar, Uysall\u0131, \u00d6l\u00e7ektepe, Onbirnisan, Tav\u015fan, Ulud\u00fcz, Uzg\u00f6ren k\u00f6ylerini kapsamakta. <\/p>\n<p> \u015eanl\u0131urfa Arazi toplula\u015ft\u0131r\u0131lmas\u0131 ve tarlai\u00e7i hizmet geli\u015ftirmesi 7. k\u0131s\u0131m ihalesi 1 Aral\u0131k 2009 saat 14.30 da yap\u0131lacak. <br \/> 45.317 ha l\u0131k arazi toplula\u015ft\u0131r\u0131lmas\u0131 ve 650 km lik tarlai\u00e7i yol yap\u0131m\u0131 Yap\u0131lacak yerler: \u015eanl\u0131urfa Merkez Alt\u0131nba\u015fak, A\u015fa\u011f\u0131hamedan, Alt\u0131konak k\u00f6yleri, Ak\u00e7akale il\u00e7esi U\u011furta\u015f, Boybeyi, Yusufbey, Milk\u00f6y, \u00c7ak\u0131rlar, Yediyol, \u015eehit Nusret, B\u00fcy\u00fck Naneli, Edebey, Dorumali, Ya\u011fmuralan, Nimet, G\u00fcnda\u015f ve G\u00fcven\u00e7 k\u00f6ylerini kapsamakta. <br \/> \u00f6te yandan bir a\u00e7\u0131klama ya\u011fan k\u00f6y muhtarlar\u0131 toplula\u015ft\u0131ma ihalesinin yap\u0131lmas\u0131nda Ak Parti Milletvekili Ramazan Ba\u015fak, Toprak reformu yetkililerine te\u015fekk\u00fcr ettiklerini a\u00e7\u0131klad\u0131lar. Muhtarlar,&#8217; y\u0131llard\u0131r suya hasret olan topraklar\u0131m\u0131z\u0131n suya kavu\u015fmas\u0131n\u0131 d\u00f6rt g\u00f6zle beklerken, toplula\u015ft\u0131rman\u0131nda ihaye \u00e7\u0131kart\u0131lmas\u0131 biz k\u00f6yl\u00fcleri sevindirmi\u015ftir&#8217;dediler.<\/p>\n","protected":false},"excerpt":{"rendered":"<p>&#160;Suru\u00e7 Ovas\u0131n\u0131n suya olan hasretinin dinmesi ve en \u00f6nemli yat\u0131r\u0131m i\u00e7in ihale tarihi belli oldu.K\u00f6y Muhtarlar\u0131 Ak Partli Milletvekili Ramazan Ba\u015fak&#8217;a te\u015fekk\u00fcr ettiklerini a\u00e7\u0131klad\u0131lar. \u015eanl\u0131urfa arazi toplula\u015ft\u0131rmas\u0131 ve tarla i\u00e7i geli\u015ftirme hizmetleri 6. k\u0131s\u0131m ihalesi 1 Aral\u0131k 2009 da yap\u0131laca\u011f\u0131 a\u00e7\u0131kland\u0131.. \u015eanl\u0131urfa&#8217;n\u0131n en \u00f6nemli yat\u0131r\u0131mlar\u0131ndan olan Suru\u00e7 Sulamas\u0131 i\u00e7in \u00e7aba harcayan Ak Parti \u015eanl\u0131urfa Milletvekili &hellip;<\/p>\n","protected":false},"author":2,"featured_media":162,"comment_status":"open","ping_status":"open","sticky":false,"template":"","format":"standard","meta":{"footnotes":""},"categories":[8],"tags":[],"class_list":["post-163","post","type-post","status-publish","format-standard","has-post-thumbnail","hentry","category-haberler-haberler"],"_links":{"self":[{"href":"https:\/\/www.ramazanbasak.com.tr\/index.php?rest_route=\/wp\/v2\/posts\/163","targetHints":{"allow":["GET"]}}],"collection":[{"href":"https:\/\/www.ramazanbasak.com.tr\/index.php?rest_route=\/wp\/v2\/posts"}],"about":[{"href":"https:\/\/www.ramazanbasak.com.tr\/index.php?rest_route=\/wp\/v2\/types\/post"}],"author":[{"embeddable":true,"href":"https:\/\/www.ramazanbasak.com.tr\/index.php?rest_route=\/wp\/v2\/users\/2"}],"replies":[{"embeddable":true,"href":"https:\/\/www.ramazanbasak.com.tr\/index.php?rest_route=%2Fwp%2Fv2%2Fcomments&post=163"}],"version-history":[{"count":0,"href":"https:\/\/www.ramazanbasak.com.tr\/index.php?rest_route=\/wp\/v2\/posts\/163\/revisions"}],"wp:featuredmedia":[{"embeddable":true,"href":"https:\/\/www.ramazanbasak.com.tr\/index.php?rest_route=\/wp\/v2\/media\/162"}],"wp:attachment":[{"href":"https:\/\/www.ramazanbasak.com.tr\/index.php?rest_route=%2Fwp%2Fv2%2Fmedia&parent=163"}],"wp:term":[{"taxonomy":"category","embeddable":true,"href":"https:\/\/www.ramazanbasak.com.tr\/index.php?rest_route=%2Fwp%2Fv2%2Fcategories&post=163"},{"taxonomy":"post_tag","embeddable":true,"href":"https:\/\/www.ramazanbasak.com.tr\/index.php?rest_route=%2Fwp%2Fv2%2Ftags&post=163"}],"curies":[{"name":"wp","href":"https:\/\/api.w.org\/{rel}","templated":true}]}}