{"id":165,"date":"2009-11-14T09:52:39","date_gmt":"2009-11-14T06:52:39","guid":{"rendered":"https:\/\/www.ramazanbasak.com.tr\/basak-ulke-tv-de-acilimi-anlatti"},"modified":"2009-11-14T09:52:39","modified_gmt":"2009-11-14T06:52:39","slug":"basak-ulke-tv-de-acilimi-anlatti","status":"publish","type":"post","link":"https:\/\/www.ramazanbasak.com.tr\/?p=165","title":{"rendered":"BA\u015eAK &#8216;\u00dcLKE TV&#8217; DE A\u00c7ILIMI ANLATTI&#8230;"},"content":{"rendered":"<p><img loading=\"lazy\" decoding=\"async\" class=\" alignleft size-full wp-image-164\" align=\"left\" width=\"200\" height=\"138\" alt=\"\" src=\"https:\/\/www.ramazanbasak.com.tr\/wp-content\/uploads\/2009\/11\/10890.jpg\" \/><strong>Ak parti milletvekili Ramazan Ba\u015fak T\u00fcrkiye\u2019nin demokratik s\u00fcre\u00e7le ilgili \u00e7\u0131kt\u0131\u011f\u0131 TV program\u0131nda a\u00e7\u0131klamalarda bulundu. <\/p>\n<p class=\"MsoNormal\" style=\"margin: 0in 0in 0pt\">Ak parti milletvekili Ramazan Ba\u015fak T\u00fcrkiye\u2019nin demokratik s\u00fcre\u00e7le ilgili \u00e7\u0131kt\u0131\u011f\u0131 TV program\u0131nda a\u00e7\u0131klamalarda bulundu.<\/p>\n<p class=\"MsoNormal\" style=\"margin: 0in 0in 0pt\">Demokratik a\u00e7\u0131l\u0131m \u00f6nce \u00dclke TV <span style=\"mso-spacerun: yes\">&#160;<\/span>program\u0131na kat\u0131lan AK Parti \u015eanl\u0131urfa milletvekili Ramazan Ba\u015fak a\u00e7\u0131l\u0131mla ilgili a\u00e7\u0131klamalarda bulundu. Ak parti \u015eanl\u0131urfa milletvekili Ba\u015fak konu\u015fmas\u0131nda \u015funlara de\u011findi.<\/p>\n<p>  <!--more-->  <br \/> &#160;<\/p>\n<p> <\/strong><span style=\"font-family: 'Times New Roman'; font-size: 12pt; mso-fareast-font-family: 'Times New Roman'; mso-fareast-language: TR; mso-ansi-language: TR; mso-bidi-language: AR-SA\">Demokratik a\u00e7\u0131l\u0131mla ilgili 4 ay \u00f6nce ba\u015flad\u0131\u011f\u0131n s\u00f6ylemi\u015ftiniz ben buna kat\u0131lm\u0131yorum. \u0130ktidara geldi\u011fimiz ilk g\u00fcnden 3&#160;kASIM 2002 den buyana bu s\u00fcre\u00e7 ba\u015fta olmak \u00fczere T\u00fcrkiye\u2019nin ve yetmi\u015f iki milyon insan\u0131n ayd\u0131nl\u0131k yar\u0131nlar\u0131 i\u00e7in her \u015feyin normalle\u015fmesi i\u00e7in o g\u00fcnden beri \u00e7al\u0131\u015f\u0131yoruz. Neden diyeceksiniz bak\u0131n demokratik a\u00e7\u0131l\u0131m 4 ayda telaffuz edilmeye ba\u015flad\u0131. Ter\u00f6rle m\u00fccadele kom\u015fular\u0131m\u0131zla ili\u015fkilerimiz ba\u015fta olmak \u00fczere 2002 y\u0131l\u0131ndan beri o s\u00fcre\u00e7 ba\u015flad\u0131. Bug\u00fcn, bak\u0131n kim ne derse desinler bug\u00fcn bu s\u00fcre\u00e7te devam eden silah b\u0131rakma konu\u015fuluyorsa ter\u00f6re bula\u015fmam\u0131\u015f silahl\u0131 eylemlere kat\u0131lmam\u0131\u015f olan, T\u00fcrkiye cumhuriyeti vatanda\u015f\u0131 olan, bak\u0131n \u015fuanda gelen insanlar\u0131n t\u00fcm\u00fc kabul etsekte <span style=\"mso-spacerun: yes\">&#160;<\/span>etmesekte sebebi ne olursa olsun gerek kand\u0131r\u0131lmak gerek y\u00f6nlendirilme diyin gerek d\u0131\u015f g\u00fc\u00e7lerin d\u0131\u015f odaklar\u0131n etkileri diyin bu insanlar bu \u00fclkenin vatanda\u015flar\u0131 da\u011fa \u00e7\u0131km\u0131\u015flar. Bug\u00fcn kom\u015fular\u0131m\u0131zla ili\u015fkilerimizin normalle\u015fmesinden sonra T\u00fcrkiye g\u00fc\u00e7l\u00fc dinamik g\u00fcc\u00fcn\u00fc milletinden alan bir iktidar\u0131n bu \u00fclkedeki en b\u00fcy\u00fck sorunu \u00e7\u00f6zmek i\u00e7in atm\u0131\u015f oldu\u011fu ad\u0131mlar yava\u015f yava\u015f meyvesini vermeye ba\u015flad\u0131 diyorum. Bug\u00fcn saat birde ba\u015flayacak olan parlamento a\u00e7\u0131ld\u0131. Bu s\u00fcre\u00e7 ba\u015flad\u0131. Olmas\u0131 gereken<span style=\"mso-spacerun: yes\">&#160; <\/span>ad\u0131m\u0131 tamamlad\u0131k demek istiyorum \u015fuan da bu s\u00fcre\u00e7te<span style=\"mso-spacerun: yes\">&#160; <\/span>gerek k\u00fc\u00e7\u00fck muhalefet partisinde gerekse ana muhalefet partisinde bu s\u00fcrece katk\u0131 verme ad\u0131na kendisinden, kendilerine oy verme ad\u0131na oy veren insanlar\u0131n taleplerini yerine getirmelerini talep ettik biz say\u0131n ba\u015fbakan\u0131m\u0131z<span style=\"mso-spacerun: yes\">&#160; <\/span>gerek yetkililerimiz<span style=\"mso-spacerun: yes\">&#160; <\/span>MHP den de CHP den de y\u00fczde bir \u00fczerinde oy<span style=\"mso-spacerun: yes\">&#160; <\/span>alm\u0131\u015f t\u00fcm partilerden bu s\u00fcrece katk\u0131 sa\u011flamalar\u0131n\u0131 istedik.\u00e7\u00fcnk\u00fc bu s\u00fcre\u00e7 Ramazan Ba\u015fak\u2019\u0131n s\u00fcreci de\u011fil, bu s\u00fcre\u00e7 adalet ve kalk\u0131nma partisi s\u00fcreci de\u011fil bu s\u00fcre\u00e7 T\u00fcrkiye\u2019yle birlikte Ortado\u011fu co\u011frafyas\u0131nda denge isteyen, bar\u0131\u015f isteyen, herkesin s\u00fcreci idi. Ama maalesef kimileri mektupla cevap vermeyi tercih etti. Kimileri de kendi tabirleriyle muhatap almad\u0131lar, ama bizim tabirimizle bu milletin gelece\u011fine katk\u0131 sa\u011flamaktan ka\u00e7t\u0131lar. Ama biz ne yapt\u0131k meclis \u00e7at\u0131s\u0131 alt\u0131ndan ka\u00e7amazs\u0131n\u0131z dedik \u00f6nce kapal\u0131 oturun dedik, ama onlar, biz bu kapal\u0131 oturumu de\u015fifre edece\u011fiz dediler. \u00c7\u00fcnk\u00fc meclisin i\u00e7 t\u00fcz\u00fc\u011f\u00fc var bizde o zaman dedik ki bizim bir korkumuz yok biz bu milletin gelece\u011fi i\u00e7in \u00e7al\u0131\u015f\u0131yoruz biz yetmi\u015f iki milyon insan birlik beraberli\u011fi ve karde\u015fli\u011fi i\u00e7in \u00e7al\u0131\u015f\u0131yoruz binlerce y\u0131ld\u0131r bu \u00e7at\u0131 alt\u0131nda bu bayrak alt\u0131nda ya\u015fam\u0131\u015f olan insanlar i\u00e7in \u00e7al\u0131\u015f\u0131yoruz dedik buyurun kameralar kar\u015f\u0131s\u0131nda bu millete ne s\u00f6yleyece\u011fimiz varsa beraber s\u00f6yleyelim dedik.&#8221; s\u00f6zleriyle konu\u015fmas\u0131n\u0131 tamamlad\u0131.<\/span><\/p>\n","protected":false},"excerpt":{"rendered":"<p>Ak parti milletvekili Ramazan Ba\u015fak T\u00fcrkiye\u2019nin demokratik s\u00fcre\u00e7le ilgili \u00e7\u0131kt\u0131\u011f\u0131 TV program\u0131nda a\u00e7\u0131klamalarda bulundu. Ak parti milletvekili Ramazan Ba\u015fak T\u00fcrkiye\u2019nin demokratik s\u00fcre\u00e7le ilgili \u00e7\u0131kt\u0131\u011f\u0131 TV program\u0131nda a\u00e7\u0131klamalarda bulundu. Demokratik a\u00e7\u0131l\u0131m \u00f6nce \u00dclke TV &#160;program\u0131na kat\u0131lan AK Parti \u015eanl\u0131urfa milletvekili Ramazan Ba\u015fak a\u00e7\u0131l\u0131mla ilgili a\u00e7\u0131klamalarda bulundu. Ak parti \u015eanl\u0131urfa milletvekili Ba\u015fak konu\u015fmas\u0131nda \u015funlara de\u011findi. &#160; Demokratik &hellip;<\/p>\n","protected":false},"author":2,"featured_media":164,"comment_status":"open","ping_status":"open","sticky":false,"template":"","format":"standard","meta":{"footnotes":""},"categories":[8],"tags":[],"class_list":["post-165","post","type-post","status-publish","format-standard","has-post-thumbnail","hentry","category-haberler-haberler"],"_links":{"self":[{"href":"https:\/\/www.ramazanbasak.com.tr\/index.php?rest_route=\/wp\/v2\/posts\/165","targetHints":{"allow":["GET"]}}],"collection":[{"href":"https:\/\/www.ramazanbasak.com.tr\/index.php?rest_route=\/wp\/v2\/posts"}],"about":[{"href":"https:\/\/www.ramazanbasak.com.tr\/index.php?rest_route=\/wp\/v2\/types\/post"}],"author":[{"embeddable":true,"href":"https:\/\/www.ramazanbasak.com.tr\/index.php?rest_route=\/wp\/v2\/users\/2"}],"replies":[{"embeddable":true,"href":"https:\/\/www.ramazanbasak.com.tr\/index.php?rest_route=%2Fwp%2Fv2%2Fcomments&post=165"}],"version-history":[{"count":0,"href":"https:\/\/www.ramazanbasak.com.tr\/index.php?rest_route=\/wp\/v2\/posts\/165\/revisions"}],"wp:featuredmedia":[{"embeddable":true,"href":"https:\/\/www.ramazanbasak.com.tr\/index.php?rest_route=\/wp\/v2\/media\/164"}],"wp:attachment":[{"href":"https:\/\/www.ramazanbasak.com.tr\/index.php?rest_route=%2Fwp%2Fv2%2Fmedia&parent=165"}],"wp:term":[{"taxonomy":"category","embeddable":true,"href":"https:\/\/www.ramazanbasak.com.tr\/index.php?rest_route=%2Fwp%2Fv2%2Fcategories&post=165"},{"taxonomy":"post_tag","embeddable":true,"href":"https:\/\/www.ramazanbasak.com.tr\/index.php?rest_route=%2Fwp%2Fv2%2Ftags&post=165"}],"curies":[{"name":"wp","href":"https:\/\/api.w.org\/{rel}","templated":true}]}}