{"id":167,"date":"2009-11-16T10:00:19","date_gmt":"2009-11-16T07:00:19","guid":{"rendered":"https:\/\/www.ramazanbasak.com.tr\/basak-samanyolu-haber-tv-de-acilimi-degerlendirdi"},"modified":"2009-11-16T10:00:19","modified_gmt":"2009-11-16T07:00:19","slug":"basak-samanyolu-haber-tv-de-acilimi-degerlendirdi","status":"publish","type":"post","link":"https:\/\/www.ramazanbasak.com.tr\/?p=167","title":{"rendered":"BA\u015eAK &#8216;SAMANYOLU HABER TV&#8217; DE A\u00c7ILIMI DE\u011eERLEND\u0130RD\u0130&#8230;"},"content":{"rendered":"<p style=\"text-align: justify\"><img loading=\"lazy\" decoding=\"async\" class=\" alignleft size-full wp-image-166\" hspace=\"3\" vspace=\"3\" align=\"left\" width=\"150\" height=\"104\" alt=\"\" src=\"https:\/\/www.ramazanbasak.com.tr\/wp-content\/uploads\/2009\/11\/10915.jpg\" \/>Ak Parti \u015eanl\u0131urfa milletvekili Ramazan Ba\u015fak Samanyolu Tv&#8217; de demokratik s\u00fcre\u00e7le ilgili \u00e7ok \u00f6nemli a\u00e7\u0131klamalarda bulundu. <\/p>\n<p> \u015eanl\u0131urfa Ak Parti Milletvekili Ramazan Ba\u015fak &lsquo;Biz sadece iktidar olarak yol su hastane duble yol yapmak i\u00e7in gelmedi\u011fimizi s\u00f6yl\u00fcyoruz. Bu \u00fclkenin karde\u015flik sorumluyuz diyoruz bu \u00fclkedeki her \u015feyin normalle\u015fmesinden sorumluyuz diyoruz ve gere\u011fini yapmaya \u00e7al\u0131\u015f\u0131yoruz. <!--more-->  <\/p>\n<p style=\"text-align: justify\">&nbsp;<\/p>\n<p style=\"text-align: justify\">Ge\u00e7mi\u015f iktidarlar bu hususlara inmekten korktuklar\u0131 i\u00e7in bu hususlar kendi geleceklerine zarar vereceklerini d\u00fc\u015f\u00fcnd\u00fckleri i\u00e7in maalesef ve maalesef ihmal etmi\u015flerdir. Ama biz diyoruz ki Ramazan Ba\u015fak&rsquo;\u0131n gelecek d\u00f6nem milletvekili olmas\u0131 i\u00e7in bir kayg\u0131s\u0131 yok Say\u0131n Ba\u015fbakan\u0131m\u0131z\u0131n gelecek d\u00f6nem ba\u015fbakan olma gibi bir kayg\u0131s\u0131 yok Ak partinin iktidar olma kayg\u0131s\u0131 da yok biz do\u011fru olanlar\u0131 yapal\u0131m, do\u011frular\u0131 insanlar\u0131m\u0131za anlatal\u0131m, yar\u0131s\u0131 yar\u0131n se\u00e7im geldi\u011finde sand\u0131k geldi\u011finde bu milletin en do\u011fru karar\u0131 verece\u011fine inanc\u0131m\u0131z\u0131n tam oldu\u011funu soyluyoruz. Bug\u00fcnk\u00fc mecliste yap\u0131lan oturuma gelelim. Bu asl\u0131nda zorunla hale geldi. Bak\u0131n bu s\u00fcre\u00e7le ilgili daha do\u011frusu bu s\u00fcrecin biz, T\u00fcrkiye deki yetmi\u015f iki milyon insan\u0131n sorunu oldu\u011funu ifade ettik. Dedik ki bu ak partinin sorunu de\u011fil, bu siyaset \u00fcst\u00fc bir konu, bu yar\u0131nlar\u0131m\u0131z\u0131 ayd\u0131nlatacak olan bir konu t\u00fcm siyasi partilerin katk\u0131 sa\u011flamas\u0131n\u0131 bekledik. MHP den de katk\u0131 sa\u011flamas\u0131n\u0131 bekledik, ama maalesef randevu vermediler. T\u00fcrkiye de \u015fuan as\u0131l sorun muhalefet sorunu, \u015fimdi MHP de CHP de veya bu s\u00fcrece kar\u015f\u0131 gelen siyasi partiler \u015fuanda bu b\u00f6lgede ve T\u00fcrkiye de bir ter\u00f6r sorunu olmad\u0131\u011f\u0131n\u0131 ifade edebilirler mi yani bunu iddia edebilirler mi bu \u00fclkede bir sorun var, bu sorun neye ma\u011flolmu\u015f \u00fc\u00e7 y\u00fczle d\u00f6rt y\u00fcz milyar dolar benim senin \u015fuanda bizi izleyen t\u00fcm vatanda\u015flar\u0131m\u0131z\u0131n paras\u0131na ma\u011flolmu\u015f bunu da bir kenara at\u0131n benim bu \u00fclkeyi korumak i\u00e7in gitmi\u015f onbinlerce \u015fehit olmu\u015f asker karde\u015fimin can\u0131na ma\u011flolmu\u015f do\u011frumu, bunu reddedebilirler mi bu bir ger\u00e7ek. Bizim \u015fimdi bir yol haritam\u0131z var bu \u00fclkenin normalle\u015fmesi ad\u0131na bu \u00fclkenin birlik beraberlik ad\u0131na biz ki\u015fisel \u00e7\u0131karlar\u0131m\u0131z\u0131 bir kenara atarak bu sorunu bitirece\u011fiz diyoruz. Yayla dedi\u011fimiz b\u00f6lge insan\u0131n\u0131n ge\u00e7im kayna\u011f\u0131 y\u0131llarca bu ter\u00f6r belas\u0131ndan dolay\u0131 yaylalar yasakland\u0131. I\u011fd\u0131r&rsquo;\u0131 d\u00fc\u015f\u00fcn\u00fcn Ardahan \u0131 d\u00fc\u015f\u00fcn\u00fcn Kars \u0131 d\u00fc\u015f\u00fcn\u00fcn yaylada yani hayvanc\u0131l\u0131kla u\u011fra\u015fan, Van.&rsquo;\u0131 d\u00fc\u015f\u00fcn\u00fcn A\u011fr\u0131&rsquo;y\u0131 d\u00fc\u015f\u00fcn\u00fcn orda ki n\u00fcfus yo\u011funlu\u011funun y\u00fczde sekseni doksan\u0131 hayvanc\u0131l\u0131kla ge\u00e7imini sa\u011fl\u0131yor. Hayvanc\u0131l\u0131kla u\u011fra\u015fan insanlar yaz\u0131n yaylaya \u00e7\u0131k\u0131p hayvanlar\u0131n\u0131n karn\u0131n\u0131 doyuracak. Siz yasaklad\u0131n\u0131z Orda ki insanlar ne yapt\u0131 biliyor musunuz i\u015fsizlikten dolay\u0131 \u0130stanbul&rsquo;a g\u00f6\u00e7 ettiler, Ankara ya g\u00f6\u00e7 ettiler, \u0130zmir&rsquo;e g\u00f6\u00e7 ettiler. Ve bu i\u015fsizlik olarak d\u00f6nd\u00fc\u011f\u00fcm \u00fclke ekonomisine kapka\u00e7 olarak d\u00f6nd\u00fc \u00fclke ekonomisine ve kusura bakmay\u0131n hepsi benim nefsimden \u00e7ok \u00fcst\u00fcn ama karga\u015fa kavga ve mafya olarak d\u00f6n\u00fcyor bu \u00fclkeye. Say\u0131n Ba\u015fbakan\u0131m\u0131z Rizeli Say\u0131n Genel Ba\u015fkan\u0131m\u0131z Rize&rsquo;li ama \u015eanl\u0131urfa, Diyarbak\u0131r, A\u011fr\u0131 Rize den daha \u00e7ok oy vermi\u015f Say\u0131n Ba\u015fbakan\u0131m\u0131za bu \u00fclke yetmi\u015f iki milyon insan\u0131yla birlikte \u00f6zellikle do\u011fu ve g\u00fcneydo\u011fu insan\u0131n bu \u00fclkeye bu millete bu bayra\u011fa ba\u011fl\u0131l\u0131\u011f\u0131n\u0131 sorgulayanlar\u0131n ben ak\u0131llar\u0131ndan \u015f\u00fcphe ederim. Bunu l\u00fctfen bir daha sorgulamas\u0131nlar. B\u00f6yle bire derdi yok do\u011fu ve g\u00fcneydo\u011funun bu bayrak \u00e7at\u0131s\u0131 alt\u0131nda mutluyuz diyorlar. Ama s\u0131k\u0131nt\u0131lar\u0131 var. \u0130\u015fsizlik var, ter\u00f6r var, ge\u00e7im kayna\u011f\u0131 var, geri kalm\u0131\u015fl\u0131k var, e\u011fitim sorunu var, sa\u011fl\u0131k sorunu var. Emin olun ben \u015eanl\u0131urfa milletvekiliyim. Peygamberler \u015fehrinden se\u00e7ildim. \u0130ki bu\u00e7uk y\u0131ld\u0131r e\u011fitimden sa\u011fl\u0131\u011fa gece g\u00fcnd\u00fcz \u00e7al\u0131\u015ft\u0131\u011f\u0131m\u0131z halde maalesef ve maalesef halen insanlar\u0131m\u0131z yeterli teknik donan\u0131m olmad\u0131\u011f\u0131 i\u00e7in yatak say\u0131s\u0131 yetersiz kald\u0131\u011f\u0131 i\u00e7in Ankara ya gelmek zorunda kal\u0131yorlar. Ankara ya geldiklerinde ne oluyor. Belki Allah korusun Ankara l\u0131 bir vatanda\u015f\u0131m\u0131z hastaland\u0131\u011f\u0131 zaman gidip i\u015fgal edece\u011fi yata\u011f\u0131 \u015eanl\u0131urfa l\u0131 insan i\u015fgal etmi\u015f oluyor. Bak\u0131n biz insanlara bulunduklar\u0131 yerlerde insanca ya\u015fama standartlar\u0131n\u0131 sa\u011flamak sorunday\u0131z. \u0130ktidara geli\u015fimizin temeli bu daha do\u011frusu t\u00fcm h\u00fck\u00fcmetlerin temel amac\u0131n\u0131n da bu olmas\u0131 laz\u0131m. Bu ter\u00f6r sorunu ortaya \u00e7\u0131kt\u0131\u011f\u0131 zaman 1970 li y\u0131llar\u0131n sonlar\u0131nda seksenli y\u0131llar\u0131n ba\u015f\u0131nda o g\u00fcnk\u00fc siyasiler o g\u00fcnk\u00fc iktidarlar o g\u00fcnk\u00fc bu sorunu \u00e7\u00f6zmek i\u00e7in u\u011fra\u015fan kurum ve kurulu\u015flar, g\u00f6revlerini yapsalard\u0131. Bu i\u015fi hafife almasalard\u0131 \u00fc\u00e7 y\u00fcz milyar dolarla binlerce \u015fehit verirmiydik. Ve bunun yan\u0131na g\u00f6r\u00fclmeyen bir ger\u00e7ek var ki bu \u00fclke o kadar kan kaybetti ki o kadar enerji kaybetti ki o kadar bo\u015f \u015feylerle u\u011fra\u015ft\u0131 ki halen insanlar\u0131m\u0131z bu sorunun neden \u00e7\u00f6z\u00fclmesini gerekti\u011fini ve daha do\u011frusu muhalefet liderleri anlam\u0131\u015f de\u011filler. \u0130ktidara geldi\u011fimiz ilk g\u00fcnden. Neden geldik biliyor musunuz e\u011fer bug\u00fcn T\u00fcrkiye&rsquo;nin d\u00f6rt bir taraf\u0131ndan bulunan kom\u015fularla ili\u015fkiler normalle\u015fmeseydi bug\u00fcn a\u00e7\u0131l\u0131mdan bahsedemezdik. \u00c7\u00fcnk\u00fc birileri ter\u00f6r \u00f6rg\u00fct\u00fcne destek verecekti. Birileri yine oraya kucak a\u00e7acakt\u0131. Ve ne olacakt\u0131 \u00e7\u00f6z\u00fcm konu\u015fulmuyor olacakt\u0131. \u00c7\u00f6z\u00fcmden ba\u015fka bir alternatifimiz yok. Ben \u00e7\u00f6z\u00fclece\u011fine olan inanc\u0131m\u0131n halen koruyorum. Ve bu inanc\u0131m\u0131n her g\u00fcn art\u0131\u011f\u0131n\u0131 s\u00f6ylemek istiyorum. Neden biliyor musunuz, bu \u00fclkenin ba\u015fka bir alternatifi yok. G\u00fc\u00e7l\u00fc bir iktidar var. Kurumlar aras\u0131 tek fikir var. Kom\u015fular\u0131m\u0131zla \u00e7ok g\u00fczel bir diyalogumuz var. Tek bir eksik var oda muhalefetin bu insanlardan olan kopukluklar\u0131, milletin dertlerine kulak takmayan, trib\u00fcne oynamas\u0131n\u0131 vazge\u00e7melerini diliyorum. Vazge\u00e7mezse ne olur biz yine bu milletin gelece\u011fi i\u00e7in milletin hak etti\u011fi ayd\u0131nl\u0131k yar\u0131nlar i\u00e7in bildi\u011fimiz yolda devam edece\u011fiz. \u00c7\u00fcnk\u00fc bizim niyetimiz bu milletin gelece\u011fi. Bak\u0131n meclise niye geldik biz diyoruz ki ana muhalefet partisinde sizinle g\u00f6r\u00fc\u015fmek istiyoruz. K\u00fc\u00e7\u00fck muhalefet demek istemiyorum. Bu sorun Ak Parti sorunu de\u011fil bu konuda gelin katk\u0131da bulunun bu s\u00fcre\u00e7te yanl\u0131\u015flar\u0131m\u0131z varsa biz yanl\u0131\u015f bir ad\u0131m at\u0131yorsak biz yanl\u0131\u015f bir i\u015flemin i\u00e7erisindeysek bizi do\u011fru yola i\u015fin ger\u00e7e\u011fine y\u00f6nlendirin diyoruz. MHP ye de CHP ye de bu s\u00fcre\u00e7te oy veren bu insanlar ter\u00f6r devam etsin diye mi oy verdi. Bizim askerlerimiz \u015fehit olsun diye mi oy verdi. Bizim askerlerimiz do\u011fu ve g\u00fcneydo\u011fuda \u00f6ls\u00fcnler diye mi oy verdi. Milyarlarca param\u0131z gerek yurt i\u00e7indeki gerekse yurt d\u0131\u015f\u0131ndaki operasyonlara aks\u0131n diye mi oy verdi. Biz bug\u00fcn i\u015f\u00e7imize memurumuza yeterli hak etti\u011fi zamm\u0131 veremiyoruz. Benim kasamda d\u00f6rt y\u00fcz milyar dolar para olmu\u015f olsayd\u0131. Ben memurun maa\u015f\u0131n\u0131 ikiye katlard\u0131m. Ter\u00f6re para gidiyor hortumlanan i\u00e7erisi bo\u015falt\u0131lan paras\u0131 \u00e7al\u0131nan bankalara k\u0131rk milyar dolar para gidiyor. Key dedi\u011fimiz konutlara para gidiyor. Demek bunlar\u0131n hi\u00e7birisi olmasa peki bunlar\u0131n hi\u00e7 birisi olmasayd\u0131 bu Ak Parti Ramazan Ba\u015fak de\u011fil, Say\u0131n Recep Tayyip Erdo\u011fan hi\u00e7 de\u011fil. Bunlar\u0131 d\u00fczeltmeye \u00e7al\u0131\u015f\u0131yorsunuz muhalefet koltu\u011funda oturmu\u015f istemeyiz diyor. Arkada\u015f bu millet istemeyiz diyenleri sand\u0131kta neler yapt\u0131\u011f\u0131n\u0131 ge\u00e7mi\u015fe bak\u0131p ders als\u0131nlar, almazlarsa dedi\u011fim gibi biz yolumuza devam edece\u011fiz biz bu millete hizmet etmeye devam edece\u011fiz. Bir g\u00fcn yanl\u0131\u015f\u0131m\u0131z m\u0131 oldu Allah korusun o zaman bu millet sand\u0131kta ge\u00e7mi\u015ftekileri g\u00f6md\u00fc\u011f\u00fc gibi bize de ders verir bilinciyle siyaset yapt\u0131\u011f\u0131m\u0131z\u0131 bilmelerini istiyoruz. Bizim tek bir amac\u0131m\u0131z var. A\u00e7\u0131l\u0131m\u0131n amac\u0131 ne ter\u00f6r\u00fc bitirmek ter\u00f6r\u00fc bitirmek i\u00e7in \u00fclkeden T\u00fcrkiye cumhuriyeti vatanda\u015fl\u0131\u011f\u0131ndan bayra\u011f\u0131m\u0131zdan Say\u0131n i\u00e7 i\u015fleri Bakan\u0131m\u0131z\u0131n dedi\u011fi gibi bu yetmi\u015f iki milyonun karde\u015fli\u011finden taviz vermeden gerekenleri yapaca\u011f\u0131z diyor. Gelin sizde bu i\u015fin alt\u0131na omuz vermiyorsan\u0131z \u00fcst\u00fcne oturmay\u0131n\u0131z. Ben eminim ki CHP liler MHP liler meclisteki o k\u00fcrs\u00fcleri i\u015fgal eden milletinden oy al\u0131p gelip hizmet i\u00e7in \u00e7al\u0131\u015fan milletvekili arkada\u015flar\u0131m \u015f\u00f6yle bir aran\u0131p Ba\u015fbakan\u0131m\u0131z\u0131n ne dediklerini dinlerlerse emin olun onlarda AK PART\u0130 lehine oy kullanacaklard\u0131r. Ben sadece bunun bilinmesini istiyorum. Adalet ve kalk\u0131nma partisi kadrolar\u0131yla birlikte Ba\u015fbakan\u0131n \u00f6nderli\u011finde bu sorunun \u00f6teli\u011fe bilirdik. Ge\u00e7mi\u015f siyasiler bunu yapt\u0131lar ama sadece \u015funu soyluyorum y\u0131llar \u00f6nce yap\u0131lmas\u0131 gerekenler bug\u00fcn yap\u0131lmad\u0131\u011f\u0131 i\u00e7in T\u00fcrkiye bu s\u0131k\u0131nt\u0131lar\u0131 ya\u015f\u0131yor. Biz dedik ki gelecek kayg\u0131s\u0131 olmadan bu s\u0131k\u0131nt\u0131lar\u0131 g\u00f6\u011f\u00fcsleyecek g\u00fc\u00e7teyiz g\u00fcc\u00fcm\u00fcz\u00fc milletten al\u0131yoruz bu i\u015fe bir tekme vurmak yerine i\u015fi kuca\u011f\u0131m\u0131za al\u0131p gerekse o ate\u015f topunu ellerimizin kollar\u0131m\u0131z\u0131n g\u00f6\u011fs\u00fcm\u00fcz\u00fcn y\u00fcre\u011fimizin yanmas\u0131 pahas\u0131na \u00e7\u00fcnk\u00fc biz yanal\u0131m ama annelerimizin y\u00fcre\u011fi yanmas\u0131n. Karde\u015flerim \u015fehit olmas\u0131n. Bu \u00fclkenin paras\u0131 bo\u015fa gitmesin diyorum bug\u00fcnk\u00fc s\u00fcre\u00e7le ataca\u011f\u0131m\u0131z ad\u0131mlar bu milletimizin gelece\u011fi i\u00e7indir. Bunun i\u00e7in u\u011fra\u015f\u0131yoruz. Milletimizden desteklerini ve dualar\u0131n\u0131 istiyoruz.&rsquo; dedi.<\/p>\n","protected":false},"excerpt":{"rendered":"<p>Ak Parti \u015eanl\u0131urfa milletvekili Ramazan Ba\u015fak Samanyolu Tv&#8217; de demokratik s\u00fcre\u00e7le ilgili \u00e7ok \u00f6nemli a\u00e7\u0131klamalarda bulundu. \u015eanl\u0131urfa Ak Parti Milletvekili Ramazan Ba\u015fak &lsquo;Biz sadece iktidar olarak yol su hastane duble yol yapmak i\u00e7in gelmedi\u011fimizi s\u00f6yl\u00fcyoruz. Bu \u00fclkenin karde\u015flik sorumluyuz diyoruz bu \u00fclkedeki her \u015feyin normalle\u015fmesinden sorumluyuz diyoruz ve gere\u011fini yapmaya \u00e7al\u0131\u015f\u0131yoruz. &nbsp; Ge\u00e7mi\u015f iktidarlar bu &hellip;<\/p>\n","protected":false},"author":2,"featured_media":166,"comment_status":"open","ping_status":"open","sticky":false,"template":"","format":"standard","meta":{"footnotes":""},"categories":[8],"tags":[],"class_list":["post-167","post","type-post","status-publish","format-standard","has-post-thumbnail","hentry","category-haberler-haberler"],"_links":{"self":[{"href":"https:\/\/www.ramazanbasak.com.tr\/index.php?rest_route=\/wp\/v2\/posts\/167","targetHints":{"allow":["GET"]}}],"collection":[{"href":"https:\/\/www.ramazanbasak.com.tr\/index.php?rest_route=\/wp\/v2\/posts"}],"about":[{"href":"https:\/\/www.ramazanbasak.com.tr\/index.php?rest_route=\/wp\/v2\/types\/post"}],"author":[{"embeddable":true,"href":"https:\/\/www.ramazanbasak.com.tr\/index.php?rest_route=\/wp\/v2\/users\/2"}],"replies":[{"embeddable":true,"href":"https:\/\/www.ramazanbasak.com.tr\/index.php?rest_route=%2Fwp%2Fv2%2Fcomments&post=167"}],"version-history":[{"count":0,"href":"https:\/\/www.ramazanbasak.com.tr\/index.php?rest_route=\/wp\/v2\/posts\/167\/revisions"}],"wp:featuredmedia":[{"embeddable":true,"href":"https:\/\/www.ramazanbasak.com.tr\/index.php?rest_route=\/wp\/v2\/media\/166"}],"wp:attachment":[{"href":"https:\/\/www.ramazanbasak.com.tr\/index.php?rest_route=%2Fwp%2Fv2%2Fmedia&parent=167"}],"wp:term":[{"taxonomy":"category","embeddable":true,"href":"https:\/\/www.ramazanbasak.com.tr\/index.php?rest_route=%2Fwp%2Fv2%2Fcategories&post=167"},{"taxonomy":"post_tag","embeddable":true,"href":"https:\/\/www.ramazanbasak.com.tr\/index.php?rest_route=%2Fwp%2Fv2%2Ftags&post=167"}],"curies":[{"name":"wp","href":"https:\/\/api.w.org\/{rel}","templated":true}]}}