{"id":169,"date":"2009-11-17T11:01:48","date_gmt":"2009-11-17T08:01:48","guid":{"rendered":"https:\/\/www.ramazanbasak.com.tr\/basak-adana-da-urfalilarla-bulustu"},"modified":"2009-11-17T11:01:48","modified_gmt":"2009-11-17T08:01:48","slug":"basak-adana-da-urfalilarla-bulustu","status":"publish","type":"post","link":"https:\/\/www.ramazanbasak.com.tr\/?p=169","title":{"rendered":"BA\u015eAK ADANA&#8217; DA URFALILARLA BULU\u015eTU&#8230;"},"content":{"rendered":"<p style=\"text-align: justify\"><img loading=\"lazy\" decoding=\"async\" class=\" alignleft size-full wp-image-168\" hspace=\"3\" vspace=\"3\" align=\"left\" width=\"150\" height=\"104\" alt=\"\" src=\"https:\/\/www.ramazanbasak.com.tr\/wp-content\/uploads\/2009\/11\/10938.jpg\" \/><b>Ak Parti \u015eanl\u0131urfa Milletvekili Ramazan Ba\u015fak, Adana&#8217;da Urfal\u0131lar\u0131n bulu\u015ftu\u011fu gecede Demokratik a\u00e7\u0131l\u0131m\u0131 konu\u015ftu.<\/b><\/p>\n<p> Adana Seyhan \u015eanl\u0131urfal\u0131lar Yard\u0131mla\u015fma, Dayan\u0131\u015fma ve K\u00fclt\u00fcr Derne\u011fi \u00fcyeleri d\u00fczenlenen geleneksel &lsquo;S\u0131ra Gecesi&rsquo;nde bulu\u015ftular. <\/p>\n<p> \u015eanl\u0131urfa&rsquo;l\u0131 Bir\u00e7ok siyaset\u00e7i, b\u00fcrokrat, i\u015fadam\u0131 ve esnaf ile tan\u0131nm\u0131\u015f siman\u0131n kat\u0131ld\u0131\u011f\u0131 geceye \u015eanl\u0131urfal\u0131 sanat\u00e7\u0131 Mahmut Tuncer, t\u00fcrk\u00fcleri ile birlik ve dayan\u0131\u015fmalar\u0131n\u0131 peki\u015ftirdiler.<\/p>\n<p>  <!--more-->  <\/p>\n<div style=\"text-align: justify\">Adana&rsquo;da 2007 y\u0131l\u0131ndan bu yana faaliyet g\u00f6steren Seyhan \u015eanl\u0131urfal\u0131lar Yard\u0131mla\u015fma, Dayan\u0131\u015fma ve K\u00fclt\u00fcr Derne\u011fi (SEY-\u015eUD), bu y\u0131l da gelene\u011fi bozmayarak Adana&rsquo;da oturan \u015eanl\u0131urfal\u0131lar\u0131 geleneksel &lsquo;S\u0131ra Gecesi&rsquo;nde bir araya getirdi. Adana Hilton Oteli&rsquo;nde d\u00fczenlenen geceye AK Parti Adana \u0130l Ba\u015fkan\u0131 Mustafa Kebude ve il y\u00f6netim kurulu \u00fcyeleri, AK Parti \u015eanl\u0131urfa Milletvekili Ramazan Ba\u015fak, Adana Vali Yard\u0131mc\u0131s\u0131 Dr. M. Ali \u00d6zkan, Adana Milli E\u011fitim M\u00fcd\u00fcr\u00fc Abdulgaffur B\u00fcy\u00fckf\u0131rat, Seyhan Kaymakam\u0131 \u0130smail Hakk\u0131 Develi, \u00c7ukurova Kaymakam\u0131 Abd\u00fclhamit Erguvan, MHP B\u00fcy\u00fck\u015fehir Meclis \u00fcyeleri Fethi \u00c7o\u015fkuntuncel ve \u0130sa Ceylan, MHP \u0130l y\u00f6neticileri ve belediye meclis \u00fcyeleri, S\u0131ra Gecesi&rsquo;nde ba\u015far\u0131lar\u0131ndan dolay\u0131 dernek ba\u015fkan\u0131 A. Mehmet Tatl\u0131 taraf\u0131ndan; AK Parti \u015eanl\u0131urfa Milletvekili Ramazan Ba\u015fak, Adana Vali Yard\u0131mc\u0131s\u0131 Dr. M. Ali \u00d6zkan, Adana \u0130l Milli E\u011fitim M\u00fcd\u00fcr\u00fc Abdulgaffur B\u00fcy\u00fckf\u0131rat, Seyhan Kaymakam\u0131 \u0130smail Hakk\u0131 Develi, \u00c7ukurova Kaymakam\u0131 Abdulhamit Erguvan ve i\u015fadam\u0131, AK Parti Adana \u0130l Y\u00f6netim Kurulu \u00fcyesi Abdurrahman Ta\u015f\u00e7\u0131&rsquo;ya birer plaket verildi. Gecede bir konu\u015fma yapan AK Parti \u015eanl\u0131urfa Milletvekili Ramazan Ba\u015fak, geceye kat\u0131lmaktan son derece mutluluk ve gurur duydu\u011funu belirterek, &ldquo;Adana demek \u015eanl\u0131urfa demektir. \u015eanl\u0131urfa ise T\u00fcrkiye demektir. \u015eanl\u0131urfa ho\u015fg\u00f6r\u00fcn\u00fcn ve medeniyetin be\u015fi\u011fidir. Biz hepimiz bu topraklarda ya\u015fayan insanlar olarak, bu \u00fclkenin evlatlar\u0131 olarak karde\u015fiz. Hi\u00e7 kimse bizi birbirimizden ay\u0131ramaz&rdquo; dedi.<\/div>\n<div style=\"text-align: justify\">&nbsp;<\/div>\n<div style=\"text-align: justify\">\u015eEY-\u015eUD Ba\u015fkan\u0131 A. Mehmet Tatl\u0131 ise yapt\u0131\u011f\u0131 konu\u015fmada, &ldquo;Bizim amac\u0131m\u0131z hem\u015fehrilerimizin iyi ve k\u00f6t\u00fc g\u00fcnlerinde yanlar\u0131nda olmak, e\u011fitimlerini yapamayan ve bu konuda yard\u0131ma ihtiya\u00e7 duyan gen\u00e7 hem\u015fehrilerimize yard\u0131mc\u0131 olmak, k\u00fclt\u00fcr\u00fcm\u00fcz\u00fc korumak ve geli\u015ftirmektir&rdquo; dedi. Geceye kat\u0131lan veyahut telgraf ile kutlama mesaj\u0131 g\u00f6nderen t\u00fcm davetlilere te\u015fekk\u00fcrlerini sunan Tatl\u0131, derne\u011fin bundan sonra da \u015eanl\u0131urfal\u0131lar\u0131n aralar\u0131ndaki birlik, dayan\u0131\u015fma ve yard\u0131mla\u015fmay\u0131 peki\u015ftirmek i\u00e7in \u00e7al\u0131\u015fmalar\u0131n\u0131 s\u00fcrd\u00fcrece\u011fini s\u00f6yledi.<\/div>\n<div style=\"text-align: justify\">&nbsp;<\/div>\n<div style=\"text-align: justify\">S\u0131ra gecesinde Urfal\u0131lara hitap eden Ak Parti Milletvekili Ramazan Ba\u015fak T\u00fcrkiye&rsquo;nin son demokratik a\u00e7\u0131l\u0131m\u0131 ile ilgili Urfal\u0131lara \u00f6nemli a\u00e7\u0131klamalarda bulundu. Ba\u015fak &lsquo;\u015eanl\u0131urfa Peygamberler \u015fehri binlerce y\u0131ll\u0131k mazisi olan d\u00fcnyan\u0131n en eski \u00fcniversitelerini bar\u0131nd\u0131ran medeniyetler \u015fehri, bug\u00fcnk\u00fc g\u00fcndeme en fazla a\u00e7\u0131kl\u0131k getirip sa\u011flayacak T\u00fcrkiye&rsquo;nin \u015fehri.ramazan ba\u015fak \u015eanl\u0131urfa hakk\u0131nda \u00f6nemli a\u00e7\u0131klamalarda bulundu. T\u00fcrkiye demek \u015eanl\u0131urfa demek, \u015eanl\u0131urfa demek T\u00fcrkiye demek neden derseniz; k\u00fcrd\u00fcn, t\u00fcrk\u00fcn, alevinin, laz\u0131n, \u00e7erkezin, arab\u0131n binlerce y\u0131ld\u0131r karde\u015f\u00e7e ya\u015fad\u0131\u011f\u0131 bir \u015fehir akl\u0131m\u0131za nifak sokmak isteyen \u00e7evrelere y\u0131llard\u0131r ge\u00e7it vermeyen bir \u015fehir ben bu g\u00fczel \u015fehrin insanlar\u0131n\u0131, Adana da ki, di\u011fer \u015fehirlerden kat\u0131ld\u0131\u011f\u0131 bu toplant\u0131n\u0131n benzerlerinin T\u00fcrkiye&rsquo;nin seksen bir Burada bulunan insanlar\u0131n hepsi karde\u015ftir. Binlerce y\u0131ld\u0131r sizlerin atalar\u0131 benim atalar\u0131m beraber \u00c7anakkale&rsquo;de sava\u015fan atalar\u0131m\u0131z karde\u015f\u00e7e ya\u015f\u0131yorlard\u0131. Ama birilerin bu \u00fclkeye nifak sokmak istiyorlar. K\u00fcrt T\u00fcrk ayr\u0131m\u0131 yapmak istiyorlar. Y\u0131llard\u0131r alevi S\u00fcnni ayr\u0131m\u0131 yaparak bizlere kan kaybettirdiler, maddi ve manevi olanaklar\u0131m\u0131z\u0131n hepsini zedelenmesine sebebiyet verdiler. Emin oldun fikriniz zikriniz ideolojinin partiniz neyse benim ba\u015f\u0131m\u0131n tac\u0131 oldu\u011funu \u00f6zellikle belirtmek istiyorum. Demokratikle\u015fme s\u00fcrecinde bu bahsi ge\u00e7en meselede ne Ak Parti var, ne DTP var, ne T\u00fcrkiye partisi var, ne MHP var, nede CHP var tek bir \u015fey var oda T\u00fcrkiye Cumhuriyeti.<\/div>\n<div style=\"text-align: justify\">&nbsp;<\/div>\n<div style=\"text-align: justify\">Onun i\u00e7in bu \u00fclkenin gelece\u011fine gelin el birli\u011fi ile katk\u0131 sa\u011flayal\u0131m diyorum.<\/div>\n<div style=\"text-align: justify\">&nbsp;<\/div>\n<div style=\"text-align: justify\">Ben \u015eanl\u0131urfa milletvekiliyim T\u00fcrkiye&rsquo;nin seksen bir ilin yer alt\u0131 yer \u00fcst\u00fc sorunlar\u0131n\u0131 \u00e7\u00f6zmek benim en asli vazifemdir. Bu vazife i\u00e7inde iki bu\u00e7uk y\u0131ld\u0131r \u00e7al\u0131\u015f\u0131yorum. Ama birileri de sizin bu evlatlar\u0131n\u0131z\u0131n yar\u0131nlar\u0131yla oynamak istiyor. Bu s\u00fcrece katk\u0131 sa\u011flamak istemiyorlar. Sa\u011flamayanlar da bug\u00fcn meclis \u00e7at\u0131s\u0131n\u0131 terk ettiler. Siz birilerine oy veripte gidin meclis salonunu terk edin mi dediniz. Siz birilerini milletvekili yap\u0131p gidin orda sefa s\u00fcr\u00fcn m\u00fc dediniz. Varsa biz Ak Partililerin hatas\u0131 o mevcut parlamento \u00e7at\u0131s\u0131 alt\u0131nda, bizi uyar\u0131rs\u0131n\u0131z. Ge\u00e7irdi\u011fimiz son d\u00f6rt se\u00e7imde de bu millete do\u011fru yolda oldu\u011fumuzu g\u00f6sterdik. Ben bu s\u00fcrecin \u015fahs\u0131ma de\u011fil beni bir daha milletvekili etmesi i\u00e7in de\u011fil, adalet ve kalk\u0131nma partisinin bir daha iktidar olmas\u0131 i\u00e7in de\u011fil Say\u0131n Recep Tayyip Erdo\u011fan&rsquo;\u0131n bir daha ba\u015fbakan olmas\u0131 i\u00e7in de\u011fil, evlatlar\u0131m\u0131z\u0131n g\u00fc\u00e7l\u00fc bir T\u00fcrkiye ve bayra\u011f\u0131m\u0131z\u0131n \u00e7at\u0131s\u0131 alt\u0131nda Allah ba\u015f\u0131 dik ya\u015famas\u0131 i\u00e7in bu s\u00fcrecin hay\u0131rlara vesile olmas\u0131n\u0131 dilerim.<\/div>\n","protected":false},"excerpt":{"rendered":"<p>Ak Parti \u015eanl\u0131urfa Milletvekili Ramazan Ba\u015fak, Adana&#8217;da Urfal\u0131lar\u0131n bulu\u015ftu\u011fu gecede Demokratik a\u00e7\u0131l\u0131m\u0131 konu\u015ftu. Adana Seyhan \u015eanl\u0131urfal\u0131lar Yard\u0131mla\u015fma, Dayan\u0131\u015fma ve K\u00fclt\u00fcr Derne\u011fi \u00fcyeleri d\u00fczenlenen geleneksel &lsquo;S\u0131ra Gecesi&rsquo;nde bulu\u015ftular. \u015eanl\u0131urfa&rsquo;l\u0131 Bir\u00e7ok siyaset\u00e7i, b\u00fcrokrat, i\u015fadam\u0131 ve esnaf ile tan\u0131nm\u0131\u015f siman\u0131n kat\u0131ld\u0131\u011f\u0131 geceye \u015eanl\u0131urfal\u0131 sanat\u00e7\u0131 Mahmut Tuncer, t\u00fcrk\u00fcleri ile birlik ve dayan\u0131\u015fmalar\u0131n\u0131 peki\u015ftirdiler. Adana&rsquo;da 2007 y\u0131l\u0131ndan bu yana faaliyet &hellip;<\/p>\n","protected":false},"author":2,"featured_media":168,"comment_status":"open","ping_status":"open","sticky":false,"template":"","format":"standard","meta":{"footnotes":""},"categories":[8],"tags":[],"class_list":["post-169","post","type-post","status-publish","format-standard","has-post-thumbnail","hentry","category-haberler-haberler"],"_links":{"self":[{"href":"https:\/\/www.ramazanbasak.com.tr\/index.php?rest_route=\/wp\/v2\/posts\/169","targetHints":{"allow":["GET"]}}],"collection":[{"href":"https:\/\/www.ramazanbasak.com.tr\/index.php?rest_route=\/wp\/v2\/posts"}],"about":[{"href":"https:\/\/www.ramazanbasak.com.tr\/index.php?rest_route=\/wp\/v2\/types\/post"}],"author":[{"embeddable":true,"href":"https:\/\/www.ramazanbasak.com.tr\/index.php?rest_route=\/wp\/v2\/users\/2"}],"replies":[{"embeddable":true,"href":"https:\/\/www.ramazanbasak.com.tr\/index.php?rest_route=%2Fwp%2Fv2%2Fcomments&post=169"}],"version-history":[{"count":0,"href":"https:\/\/www.ramazanbasak.com.tr\/index.php?rest_route=\/wp\/v2\/posts\/169\/revisions"}],"wp:featuredmedia":[{"embeddable":true,"href":"https:\/\/www.ramazanbasak.com.tr\/index.php?rest_route=\/wp\/v2\/media\/168"}],"wp:attachment":[{"href":"https:\/\/www.ramazanbasak.com.tr\/index.php?rest_route=%2Fwp%2Fv2%2Fmedia&parent=169"}],"wp:term":[{"taxonomy":"category","embeddable":true,"href":"https:\/\/www.ramazanbasak.com.tr\/index.php?rest_route=%2Fwp%2Fv2%2Fcategories&post=169"},{"taxonomy":"post_tag","embeddable":true,"href":"https:\/\/www.ramazanbasak.com.tr\/index.php?rest_route=%2Fwp%2Fv2%2Ftags&post=169"}],"curies":[{"name":"wp","href":"https:\/\/api.w.org\/{rel}","templated":true}]}}