{"id":171,"date":"2009-11-25T11:26:18","date_gmt":"2009-11-25T08:26:18","guid":{"rendered":"https:\/\/www.ramazanbasak.com.tr\/2-bin-ogrenciye-bayram-hediyesi"},"modified":"2009-11-25T11:26:18","modified_gmt":"2009-11-25T08:26:18","slug":"2-bin-ogrenciye-bayram-hediyesi","status":"publish","type":"post","link":"https:\/\/www.ramazanbasak.com.tr\/?p=171","title":{"rendered":"2 B\u0130N \u00d6\u011eRENC\u0130YE BAYRAM HED\u0130YES\u0130"},"content":{"rendered":"<div><img loading=\"lazy\" decoding=\"async\" hspace=\"3\" alt=\"\" vspace=\"3\" align=\"left\" width=\"150\" height=\"104\" src=\"http:\/\/www.sanliurfa.com\/images\/news\/11098.jpg\" \/><\/div>\n<p style=\"text-align: justify\"><strong>Ak Parti \u015eanl\u0131urfa Milletvekili Ramazan Ba\u015fak Bayram \u00f6ncesi 2 bin \u00f6\u011frenciye ayakkab\u0131 hediye etti.K\u0131\u015f \u00f6ncesi ilkkez bot ayakkab\u0131ya kavu\u015fan \u00f6\u011frenciler mutlu oldular.&nbsp;<\/strong>&nbsp;<\/p>\n<div> <!--more-->  <\/div>\n<div style=\"text-align: justify\">Ak Parti \u015eanl\u0131urfa Milletvekili Ramazan Ba\u015fak yard\u0131ma muhta\u00e7 ilk\u00f6\u011fretim okulu \u00f6\u011frencilerine bayram hediyesi.<\/div>\n<div style=\"text-align: justify\">&nbsp;<\/div>\n<div style=\"text-align: justify\">Ak Parti \u015eanl\u0131urfa Milletvekili Ramazan Ba\u015fak d\u00fcn \u015eanl\u0131urfada ilk\u00f6\u011fretim okullar\u0131nda maddi durumu iyi olmayan yard\u0131ma muhta\u00e7 2 bin \u00f6\u011frenciye ayakkab\u0131 yard\u0131m\u0131nda bulundu. \u015eanl\u0131urfa&rsquo;da Fevzi \u00c7akmak ilk\u00f6\u011fretim Okulu&rsquo;nda&nbsp; muhta\u00e7 \u00f6\u011frencilere bayram hediyesi olan ayakkab\u0131lar hediye edildi. Yard\u0131ma muhta\u00e7 \u00e7ocuklar\u0131n ayakkab\u0131lar\u0131n\u0131 almalar\u0131 onlar\u0131 \u00e7ok sevindirdi. Kurban Bayram\u0131 \u00f6ncesi k\u0131\u015f \u015fartlar\u0131nda sa\u011fl\u0131kl\u0131 ayakkab\u0131 ile okula gidecek olan \u00f6\u011frencilerin sevin\u00e7leri g\u00f6zlerinde okunurken,ayakkab\u0131 yard\u0131m\u0131 \u00f6\u011frencilerin s\u0131n\u0131flar\u0131nda da\u011f\u0131t\u0131lmas\u0131 izdiham\u0131da \u00f6nledi.<\/div>\n<div>\n<p>&nbsp;<\/p>\n<\/p><\/div>\n<div>&nbsp;<\/div>\n<div>&nbsp;<\/div>\n<div>&nbsp;<\/div>\n<div>&nbsp;<\/div>\n<div>&nbsp;<\/div>\n<div>&nbsp;<\/div>\n<div>&nbsp;<\/div>\n","protected":false},"excerpt":{"rendered":"<p>Ak Parti \u015eanl\u0131urfa Milletvekili Ramazan Ba\u015fak Bayram \u00f6ncesi 2 bin \u00f6\u011frenciye ayakkab\u0131 hediye etti.K\u0131\u015f \u00f6ncesi ilkkez bot ayakkab\u0131ya kavu\u015fan \u00f6\u011frenciler mutlu oldular.&nbsp;&nbsp; Ak Parti \u015eanl\u0131urfa Milletvekili Ramazan Ba\u015fak yard\u0131ma muhta\u00e7 ilk\u00f6\u011fretim okulu \u00f6\u011frencilerine bayram hediyesi. &nbsp; Ak Parti \u015eanl\u0131urfa Milletvekili Ramazan Ba\u015fak d\u00fcn \u015eanl\u0131urfada ilk\u00f6\u011fretim okullar\u0131nda maddi durumu iyi olmayan yard\u0131ma muhta\u00e7 2 bin \u00f6\u011frenciye &hellip;<\/p>\n","protected":false},"author":2,"featured_media":0,"comment_status":"open","ping_status":"open","sticky":false,"template":"","format":"standard","meta":{"footnotes":""},"categories":[8],"tags":[],"class_list":["post-171","post","type-post","status-publish","format-standard","hentry","category-haberler-haberler"],"_links":{"self":[{"href":"https:\/\/www.ramazanbasak.com.tr\/index.php?rest_route=\/wp\/v2\/posts\/171","targetHints":{"allow":["GET"]}}],"collection":[{"href":"https:\/\/www.ramazanbasak.com.tr\/index.php?rest_route=\/wp\/v2\/posts"}],"about":[{"href":"https:\/\/www.ramazanbasak.com.tr\/index.php?rest_route=\/wp\/v2\/types\/post"}],"author":[{"embeddable":true,"href":"https:\/\/www.ramazanbasak.com.tr\/index.php?rest_route=\/wp\/v2\/users\/2"}],"replies":[{"embeddable":true,"href":"https:\/\/www.ramazanbasak.com.tr\/index.php?rest_route=%2Fwp%2Fv2%2Fcomments&post=171"}],"version-history":[{"count":0,"href":"https:\/\/www.ramazanbasak.com.tr\/index.php?rest_route=\/wp\/v2\/posts\/171\/revisions"}],"wp:attachment":[{"href":"https:\/\/www.ramazanbasak.com.tr\/index.php?rest_route=%2Fwp%2Fv2%2Fmedia&parent=171"}],"wp:term":[{"taxonomy":"category","embeddable":true,"href":"https:\/\/www.ramazanbasak.com.tr\/index.php?rest_route=%2Fwp%2Fv2%2Fcategories&post=171"},{"taxonomy":"post_tag","embeddable":true,"href":"https:\/\/www.ramazanbasak.com.tr\/index.php?rest_route=%2Fwp%2Fv2%2Ftags&post=171"}],"curies":[{"name":"wp","href":"https:\/\/api.w.org\/{rel}","templated":true}]}}