{"id":173,"date":"2009-12-02T11:58:20","date_gmt":"2009-12-02T08:58:20","guid":{"rendered":"https:\/\/www.ramazanbasak.com.tr\/toplulastirma-tamam"},"modified":"2009-12-02T11:58:20","modified_gmt":"2009-12-02T08:58:20","slug":"toplulastirma-tamam","status":"publish","type":"post","link":"https:\/\/www.ramazanbasak.com.tr\/?p=173","title":{"rendered":"TOPLULA\u015eTIRMA TAMAM&#8230;"},"content":{"rendered":"<div><img loading=\"lazy\" decoding=\"async\" alt=\"\" align=\"left\" width=\"150\" height=\"104\" src=\"http:\/\/www.sanliurfa.com\/images\/news\/11217.jpg\" \/><\/div>\n<div>\n<p style=\"text-align: justify\"><strong>\u015eanl\u0131urfa \u00c7ift\u00e7isinin merakla bekledi\u011fi toplula\u015ft\u0131rma ihalesi nihayet yap\u0131ld\u0131. Milletvekili Ba\u015fak&#8217;Yap\u0131lan Toplula\u015ft\u0131rma ihalesi \u00e7ift\u00e7imizi sevindirmi\u015ftir&#8217;dedi.<\/strong><\/p>\n<p style=\"text-align: justify\">&nbsp;<\/p>\n<p style=\"text-align: justify\">\u015eanlurfa \u00c7ift\u00e7isinin b\u00fcy\u00fck merakla bekledi\u011fi Topla\u015ft\u0131rma ve Tarla i\u00e7i bak\u0131m hizmetlerinin ihalesi yak\u0131n takip sonucu yap\u0131ld\u0131. Ak Parti \u015eanl\u0131urfa Milletvekili Ramazan Ba\u015fak&#8217;\u0131n yak\u0131ndan takip etti\u011fi Toplula\u015ft\u0131ma sorunu \u00e7\u00f6z\u00fcl\u00fcyor. ihalesi yap\u0131lan toplula\u015ft\u0131rma ile b\u00f6lge \u00e7ift\u00e7isi rahat bir nefes ald\u0131.22 Trilyona mal olacak olan Toplula\u015ft\u0131ma \u00e7al\u0131\u015fmalar\u0131 ile \u00e7ift\u00e7inin suya olan hasretide sona erecek.<\/p>\n<p> <!--more-->  <\/p>\n<p style=\"text-align: justify\"> Ak Parti \u015eanl\u0131urfa Milletvekili Ramazan Ba\u015fak bug\u00fcn yapt\u0131\u011f\u0131 yaz\u0131l\u0131 a\u00e7\u0131klamada Merkez ve 3 il\u00e7eyi kapsayan toplula\u015ft\u0131ma ihalesinin yap\u0131ld\u0131\u011f\u0131n\u0131 s\u00f6yledi. Ba\u015fak&#8217;GAP Eylem Plan\u0131 i\u00e7inde yer alan \u015e.urfa Merkez, Ak\u00e7akale, Bozova, Suru\u00e7 il\u00e7elerinin merkezleri ve kendilerine ba\u011fl\u0131 k\u00f6ylerindeki daha \u00f6nceden duyurulan toplula\u015ft\u0131rma ve tarla i\u00e7i bak\u0131m hizmetlerinin d\u00fcn Ankara da saat 55.056 ha l\u0131k arazi toplula\u015ft\u0131rma ve 1170 km lik tarla i\u00e7i bak\u0131m hizmeti ihalesi ile 7. k\u0131s\u0131m 45.317 ha l\u0131k arazi toplula\u015ft\u0131rmas\u0131 ve 650 km lik tarla i\u00e7i bak\u0131m hizmeti ihalesi ger\u00e7ekle\u015ftirilmi\u015ftir. Toplam da 22 milyon tl (eski 22 trilyon ) tutan 6. k\u0131s\u0131m ihalesine 7 firma kat\u0131lm\u0131\u015f olup firmalar\u0131n teklifleri incelenmektedir. 17 milyon tl bedelle ihaleye \u00e7\u0131kan 7. k\u0131s\u0131m ihalesine ise 8 firma teklif vermi\u015f olup bu firmalar\u0131n teklifleri de incelenmektedir. &#8216;dedi.<\/p>\n<p style=\"text-align: justify\"> \u015eanl\u0131urfa Milletvekili Ramazan Ba\u015fak ise; S\u00f6zlerini tutmalar\u0131ndan dolay\u0131 b\u00fcy\u00fck bir gurur ve mutluluk duydu\u011funu, ihaleleri ger\u00e7ekle\u015ftirdiklerini ve ihale inceleme s\u00fcrecinin ard\u0131ndan \u00e7al\u0131\u015fmalara ba\u015flanaca\u011f\u0131n\u0131 ve h\u0131zl\u0131 bir \u015fekilde bu i\u015fi \u00e7\u00f6zeceklerini \u015eanl\u0131urfal\u0131 hem\u015ferilerine hay\u0131rl\u0131 olmas\u0131n\u0131 projeye ilk g\u00fcnden itibaren nas\u0131l sahip \u00e7\u0131kt\u0131klar\u0131n\u0131 ad\u0131m ad\u0131m projenin hayata ge\u00e7irildi\u011fini bundan sonra da takip\u00e7isi olacaklar\u0131n\u0131 ve hem\u015ferilerine en iyi hizmeti sunmaya gayret g\u00f6sterdiklerini ifade etti. Ba\u015fak \u015eanl\u0131urfa&rsquo; n\u0131n hak etti\u011fi hizmeti alaca\u011f\u0131n\u0131 ve hi\u00e7 kimsenin endi\u015fe etmemesini, bu vesileyle de t\u00fcm hem\u015ferilerine sayg\u0131lar\u0131n\u0131 sunar\u0131m&#8217;dedi.<\/p>\n<\/p><\/div>\n","protected":false},"excerpt":{"rendered":"<p>\u015eanl\u0131urfa \u00c7ift\u00e7isinin merakla bekledi\u011fi toplula\u015ft\u0131rma ihalesi nihayet yap\u0131ld\u0131. Milletvekili Ba\u015fak&#8217;Yap\u0131lan Toplula\u015ft\u0131rma ihalesi \u00e7ift\u00e7imizi sevindirmi\u015ftir&#8217;dedi. &nbsp; \u015eanlurfa \u00c7ift\u00e7isinin b\u00fcy\u00fck merakla bekledi\u011fi Topla\u015ft\u0131rma ve Tarla i\u00e7i bak\u0131m hizmetlerinin ihalesi yak\u0131n takip sonucu yap\u0131ld\u0131. Ak Parti \u015eanl\u0131urfa Milletvekili Ramazan Ba\u015fak&#8217;\u0131n yak\u0131ndan takip etti\u011fi Toplula\u015ft\u0131ma sorunu \u00e7\u00f6z\u00fcl\u00fcyor. ihalesi yap\u0131lan toplula\u015ft\u0131rma ile b\u00f6lge \u00e7ift\u00e7isi rahat bir nefes ald\u0131.22 Trilyona mal &hellip;<\/p>\n","protected":false},"author":2,"featured_media":0,"comment_status":"open","ping_status":"open","sticky":false,"template":"","format":"standard","meta":{"footnotes":""},"categories":[8],"tags":[],"class_list":["post-173","post","type-post","status-publish","format-standard","hentry","category-haberler-haberler"],"_links":{"self":[{"href":"https:\/\/www.ramazanbasak.com.tr\/index.php?rest_route=\/wp\/v2\/posts\/173","targetHints":{"allow":["GET"]}}],"collection":[{"href":"https:\/\/www.ramazanbasak.com.tr\/index.php?rest_route=\/wp\/v2\/posts"}],"about":[{"href":"https:\/\/www.ramazanbasak.com.tr\/index.php?rest_route=\/wp\/v2\/types\/post"}],"author":[{"embeddable":true,"href":"https:\/\/www.ramazanbasak.com.tr\/index.php?rest_route=\/wp\/v2\/users\/2"}],"replies":[{"embeddable":true,"href":"https:\/\/www.ramazanbasak.com.tr\/index.php?rest_route=%2Fwp%2Fv2%2Fcomments&post=173"}],"version-history":[{"count":0,"href":"https:\/\/www.ramazanbasak.com.tr\/index.php?rest_route=\/wp\/v2\/posts\/173\/revisions"}],"wp:attachment":[{"href":"https:\/\/www.ramazanbasak.com.tr\/index.php?rest_route=%2Fwp%2Fv2%2Fmedia&parent=173"}],"wp:term":[{"taxonomy":"category","embeddable":true,"href":"https:\/\/www.ramazanbasak.com.tr\/index.php?rest_route=%2Fwp%2Fv2%2Fcategories&post=173"},{"taxonomy":"post_tag","embeddable":true,"href":"https:\/\/www.ramazanbasak.com.tr\/index.php?rest_route=%2Fwp%2Fv2%2Ftags&post=173"}],"curies":[{"name":"wp","href":"https:\/\/api.w.org\/{rel}","templated":true}]}}