{"id":176,"date":"2009-12-14T09:32:02","date_gmt":"2009-12-14T06:32:02","guid":{"rendered":"https:\/\/www.ramazanbasak.com.tr\/basak-ogrencilerin-cigligini-duydu"},"modified":"2009-12-14T09:32:02","modified_gmt":"2009-12-14T06:32:02","slug":"basak-ogrencilerin-cigligini-duydu","status":"publish","type":"post","link":"https:\/\/www.ramazanbasak.com.tr\/?p=176","title":{"rendered":"BA\u015eAK \u00d6\u011eRENC\u0130LER\u0130N \u00c7I\u011eLI\u011eINI DUYDU&#8230;"},"content":{"rendered":"<div><img loading=\"lazy\" decoding=\"async\" src=\"http:\/\/www.sanliurfa.com\/images\/news\/11449.jpg\" width=\"260\" height=\"180\" alt=\"\" \/><\/div>\n<div>&nbsp;<\/div>\n<div><strong>Ak Parti \u015eanl\u0131urfa Milletvekili Ramazan Ba\u015fak, Kitap okumak isteyen \u00f6\u011frencilerin \u00e7\u0131\u011fl\u0131klar\u0131na sessiz kalmad\u0131.Ba\u015fak&#8217;E\u011fitime Katk\u0131n\u0131n devam edece\u011finin m\u00fcjdesini verdi.&#8217;  <!--more-->  <\/strong><\/div>\n<div><strong> <\/p>\n<p>Ak Parti \u015eanl\u0131urfa Milletvekili Ramazan Ba\u015fak&#8217;\u0131n E\u011fitime katk\u0131lar\u0131 devam ediyor.&nbsp; \u015eanl\u0131urfa Merkez ve il\u00e7elerinde \u00e7ok say\u0131da&nbsp; okullar\u0131n \u00e7e\u015fitli ihtiya\u00e7lar\u0131n\u0131 kar\u015f\u0131layan Ramazan Ba\u015fak Kurban Bayram\u0131 \u00f6ncesi binlerce \u00f6\u011frencinin k\u0131\u015f mevsiminde Bot ayakkab\u0131larla okula gitmesini sa\u011flayan ve ayakkab\u0131 ba\u011f\u0131\u015f\u0131nda bulunduktan sonra \u00f6\u011frencilerin kitap okumak istiyoruz isteklerini yerine getirdi.<\/p>\n<p> <\/p>\n<p>\u015eanl\u0131urfa&nbsp; Ak Parti \u015eanl\u0131urfa Milletvekili ve Se\u00e7im i\u015fleri Genel Ba\u015fkan Yard\u0131m\u0131c\u0131s\u0131 Ramazan Ba\u015fak,&nbsp; Ak Partinin E\u011fitim kampanyas\u0131na ve Demirci k\u00f6y \u00f6\u011frencilerinin kitap okumak istiyoruz \u00e7a\u011fr\u0131s\u0131na sessiz kalmayarak binlerce kitap da\u011f\u0131t\u0131m\u0131na ba\u015flad\u0131.<\/p>\n<p>&nbsp;<\/p>\n<p><a href=\"http:\/\/www.sanliurfa.com\/\" target=\"_blank\"><u><font color=\"#810081\">www.sanliurfa.com<\/font><\/u><\/a> sitesinde Viran\u015fehir il\u00e7esine ba\u011fl\u0131 Demirci K\u00f6y ilk\u00f6\u011fretim okulunda okuyan \u00f6\u011frencilerin Kitap okuma isteklerinin haberini yay\u0131mlam\u0131\u015ft\u0131k. Haberimiz \u00fczerine Ak Parti \u015eanl\u0131urfa Milletvekili Ramazan Ba\u015fak bug\u00fcn Demirci k\u00f6y\u00fcnde okuyan \u00f6\u011frencilere en g\u00fczel hediye olan Kitaplar\u0131 ula\u015ft\u0131rd\u0131. TBMM de B\u00fct\u00e7e g\u00f6r\u00fc\u015fmelerinden dolay\u0131 \u015eanl\u0131urfa gelemeyen Ba\u015fak, bug\u00fcn dan\u0131\u015fmanlar\u0131 arac\u0131l\u0131\u011f\u0131yla yakla\u015f\u0131k 800 \u00f6\u011frenciye yetecek kadar kitap kolilerini okul y\u00f6neticilerine ula\u015ft\u0131rd\u0131. Demirci \u0130lk\u00f6\u011fretim oku\u015flu M\u00fcd\u00fcr\u00fc \u0130sa \u00dclker burada yapt\u0131\u011f\u0131 a\u00e7\u0131klamada&#8217; Biz b\u00f6yle k\u0131sa s\u011frede kitaplar\u0131m\u0131za ula\u015faca\u011f\u0131m\u0131z\u0131 beklemiyorduk, k\u00f6y okulu olunca sesimiz kimseye ula\u015fmaz sand\u0131k, ancak Milletvekili Ramazan Ba\u015fak bey bizim imdad\u0131m\u0131z yeti\u015fti ve \u00f6\u011frencilerimiz kitaplar\u0131na kavu\u015ftular, \u015fimdi \u00f6\u011frencilerimiz herg\u00fcn bir saat kitap okuyacaklard\u0131r&#8217;dedi. \u00f6te yandan Ak Parti \u015eanl\u0131urfa Milletvekili Ramazan Ba\u015fak&#8217;\u0131n TBMM de B\u00fct\u00e7e g\u00f6r\u00fc\u015fmelerinin ard\u0131ndan \u00f6n\u00fcm\u00fczdeki g\u00fcnlerde \u015eanl\u0131urfa ya gelerek Vali Nuri Okutan ile birlikte \u00e7ok say\u0131da okulun kitap ihtiya\u00e7lar\u0131n\u0131 kar\u015f\u0131larak kitap da\u011f\u0131t\u0131m\u0131na kat\u0131laca\u011f\u0131 \u00f6\u011frenildi.<\/p>\n<p>&nbsp;<\/p>\n<p>\u0130lkkez ders kitaplar\u0131 d\u0131\u015f\u0131nda kitap okuma \u015fans\u0131 yakalayan \u00f6\u011frencilerin mutlulu\u011fu g\u00f6r\u00fclmeye de\u011ferdi.\u00f6\u011frenciler ilkkez bir Milletvekili&nbsp; taraf\u0131ndan varl\u0131\u011f\u0131m\u0131z hissedildi, kitap g\u00f6ndererek bizleri onurland\u0131ran Milletvekilimiz Ramazan Ba\u015fak&#8217;a te\u015fekk\u00fcr ederim diye konu\u015ftular.<\/p>\n<p> <\/strong><\/div>\n","protected":false},"excerpt":{"rendered":"<p>&nbsp; Ak Parti \u015eanl\u0131urfa Milletvekili Ramazan Ba\u015fak, Kitap okumak isteyen \u00f6\u011frencilerin \u00e7\u0131\u011fl\u0131klar\u0131na sessiz kalmad\u0131.Ba\u015fak&#8217;E\u011fitime Katk\u0131n\u0131n devam edece\u011finin m\u00fcjdesini verdi.&#8217; Ak Parti \u015eanl\u0131urfa Milletvekili Ramazan Ba\u015fak&#8217;\u0131n E\u011fitime katk\u0131lar\u0131 devam ediyor.&nbsp; \u015eanl\u0131urfa Merkez ve il\u00e7elerinde \u00e7ok say\u0131da&nbsp; okullar\u0131n \u00e7e\u015fitli ihtiya\u00e7lar\u0131n\u0131 kar\u015f\u0131layan Ramazan Ba\u015fak Kurban Bayram\u0131 \u00f6ncesi binlerce \u00f6\u011frencinin k\u0131\u015f mevsiminde Bot ayakkab\u0131larla okula gitmesini sa\u011flayan ve ayakkab\u0131 &hellip;<\/p>\n","protected":false},"author":2,"featured_media":0,"comment_status":"open","ping_status":"open","sticky":false,"template":"","format":"standard","meta":{"footnotes":""},"categories":[8],"tags":[],"class_list":["post-176","post","type-post","status-publish","format-standard","hentry","category-haberler-haberler"],"_links":{"self":[{"href":"https:\/\/www.ramazanbasak.com.tr\/index.php?rest_route=\/wp\/v2\/posts\/176","targetHints":{"allow":["GET"]}}],"collection":[{"href":"https:\/\/www.ramazanbasak.com.tr\/index.php?rest_route=\/wp\/v2\/posts"}],"about":[{"href":"https:\/\/www.ramazanbasak.com.tr\/index.php?rest_route=\/wp\/v2\/types\/post"}],"author":[{"embeddable":true,"href":"https:\/\/www.ramazanbasak.com.tr\/index.php?rest_route=\/wp\/v2\/users\/2"}],"replies":[{"embeddable":true,"href":"https:\/\/www.ramazanbasak.com.tr\/index.php?rest_route=%2Fwp%2Fv2%2Fcomments&post=176"}],"version-history":[{"count":0,"href":"https:\/\/www.ramazanbasak.com.tr\/index.php?rest_route=\/wp\/v2\/posts\/176\/revisions"}],"wp:attachment":[{"href":"https:\/\/www.ramazanbasak.com.tr\/index.php?rest_route=%2Fwp%2Fv2%2Fmedia&parent=176"}],"wp:term":[{"taxonomy":"category","embeddable":true,"href":"https:\/\/www.ramazanbasak.com.tr\/index.php?rest_route=%2Fwp%2Fv2%2Fcategories&post=176"},{"taxonomy":"post_tag","embeddable":true,"href":"https:\/\/www.ramazanbasak.com.tr\/index.php?rest_route=%2Fwp%2Fv2%2Ftags&post=176"}],"curies":[{"name":"wp","href":"https:\/\/api.w.org\/{rel}","templated":true}]}}