{"id":183,"date":"2009-12-26T22:00:00","date_gmt":"2009-12-26T19:00:00","guid":{"rendered":"https:\/\/www.ramazanbasak.com.tr\/basak-kanal-urfa-da-sanliurfa-ve-turkiye-gundemini-konustu"},"modified":"2009-12-26T22:00:00","modified_gmt":"2009-12-26T19:00:00","slug":"basak-kanal-urfa-da-sanliurfa-ve-turkiye-gundemini-konustu","status":"publish","type":"post","link":"https:\/\/www.ramazanbasak.com.tr\/?p=183","title":{"rendered":"BA\u015eAK KANAL URFA DA \u015eANLIURFA VE T\u00dcRK\u0130YE G\u00dcNDEM\u0130N\u0130 KONU\u015eTU&#8230;"},"content":{"rendered":"<p>&nbsp;<\/p>\n<p style=\"text-align: justify\">&nbsp;&nbsp;&nbsp;<\/p>\n<div><img loading=\"lazy\" decoding=\"async\" class=\" size-full wp-image-182\" src=\"https:\/\/www.ramazanbasak.com.tr\/wp-content\/uploads\/2009\/12\/11727.jpg\" width=\"260\" height=\"180\" alt=\"\" \/><\/div>\n<p style=\"text-align: justify\">&nbsp;<strong>Ak Parti \u015eanl\u0131urfa Milletvekili Ramazan Ba\u015fak Kanal Urfa&rsquo;ya \u00e7\u0131karak T\u00fcrkiye&rsquo;nin ve \u015eanl\u0131urfa&rsquo;n\u0131n sorunlar\u0131n\u0131 dile getirdi<\/strong>&nbsp;&nbsp;&nbsp;&nbsp;&nbsp;&nbsp;&nbsp;&nbsp;&nbsp;<\/p>\n<p style=\"text-align: justify\">&nbsp;<\/p>\n<p style=\"text-align: justify\">&nbsp;&nbsp;&nbsp;&nbsp;Ak Parti \u015eanl\u0131urfa Milletvekili Ramazan Ba\u015fak Kanal Urfa&rsquo;ya \u00e7\u0131karak T\u00fcrkiye&rsquo;nin ve \u015eanl\u0131urfa&rsquo;n\u0131n sorunlar\u0131n\u0131 dile getirdi.<\/p>\n<p> &nbsp;<\/p>\n<div style=\"text-align: justify\">&nbsp;&nbsp; Ak Parti \u015eanl\u0131urfa Milletvekili Ramazan Ba\u015fak \u00f6nceki ak\u015fam Abdullah \u00c7ap&rsquo;\u0131n sunmu\u015f oldu\u011fu &lsquo;g\u00f6zlem&rsquo; adl\u0131 programa kat\u0131larak T\u00fcrkiye&rsquo;nin ve \u015eanl\u0131urfa&rsquo;n\u0131n sorunlar\u0131n\u0131 dile getirdi.<\/div>\n<p style=\"text-align: justify\"> &nbsp;&nbsp; Ak Parti \u015eanl\u0131urfa Milletvekili Ramazan Ba\u015fak kanal urfa ekranlar\u0131na \u00e7\u0131karak, \u015fuanda T\u00fcrkiye nin ge\u00e7irdi\u011fi en \u00f6nemli s\u00fcre\u00e7ten ge\u00e7ti\u011fini ve bu s\u00fcrecin \u00fcstesinden geleceklerini a\u00e7\u0131l\u0131m\u0131n herkese hay\u0131rl\u0131 olaca\u011f\u0131n\u0131 belirtti. Ba\u015fak &lsquo;bu \u00fclkede karde\u015flik sorunu yok. Gazi Mustafa Kemal Atat\u00fcrk&rsquo;\u00fcn kurmu\u015f oldu\u011fu bu \u00fclkede \u0131rk\u00e7\u0131l\u0131k yok ve olmamal\u0131.&rsquo; Diyerek bu \u00fclke i\u00e7in elimizden gelen ne varsa ba\u015fta Say\u0131n Recep Tayyip Erdo\u011fan olmak \u00fczere hep birlikte T\u00fcrkiye&rsquo;nin gelece\u011fi i\u00e7in \u00e7al\u0131\u015faca\u011f\u0131z..&rsquo; dedi.<\/p>\n<p>&nbsp;<\/p>\n","protected":false},"excerpt":{"rendered":"<p>&nbsp; &nbsp;&nbsp;&nbsp; &nbsp;Ak Parti \u015eanl\u0131urfa Milletvekili Ramazan Ba\u015fak Kanal Urfa&rsquo;ya \u00e7\u0131karak T\u00fcrkiye&rsquo;nin ve \u015eanl\u0131urfa&rsquo;n\u0131n sorunlar\u0131n\u0131 dile getirdi&nbsp;&nbsp;&nbsp;&nbsp;&nbsp;&nbsp;&nbsp;&nbsp;&nbsp; &nbsp; &nbsp;&nbsp;&nbsp;&nbsp;Ak Parti \u015eanl\u0131urfa Milletvekili Ramazan Ba\u015fak Kanal Urfa&rsquo;ya \u00e7\u0131karak T\u00fcrkiye&rsquo;nin ve \u015eanl\u0131urfa&rsquo;n\u0131n sorunlar\u0131n\u0131 dile getirdi. &nbsp; &nbsp;&nbsp; Ak Parti \u015eanl\u0131urfa Milletvekili Ramazan Ba\u015fak \u00f6nceki ak\u015fam Abdullah \u00c7ap&rsquo;\u0131n sunmu\u015f oldu\u011fu &lsquo;g\u00f6zlem&rsquo; adl\u0131 programa kat\u0131larak T\u00fcrkiye&rsquo;nin ve \u015eanl\u0131urfa&rsquo;n\u0131n sorunlar\u0131n\u0131 &hellip;<\/p>\n","protected":false},"author":2,"featured_media":182,"comment_status":"open","ping_status":"open","sticky":false,"template":"","format":"standard","meta":{"footnotes":""},"categories":[8],"tags":[],"class_list":["post-183","post","type-post","status-publish","format-standard","has-post-thumbnail","hentry","category-haberler-haberler"],"_links":{"self":[{"href":"https:\/\/www.ramazanbasak.com.tr\/index.php?rest_route=\/wp\/v2\/posts\/183","targetHints":{"allow":["GET"]}}],"collection":[{"href":"https:\/\/www.ramazanbasak.com.tr\/index.php?rest_route=\/wp\/v2\/posts"}],"about":[{"href":"https:\/\/www.ramazanbasak.com.tr\/index.php?rest_route=\/wp\/v2\/types\/post"}],"author":[{"embeddable":true,"href":"https:\/\/www.ramazanbasak.com.tr\/index.php?rest_route=\/wp\/v2\/users\/2"}],"replies":[{"embeddable":true,"href":"https:\/\/www.ramazanbasak.com.tr\/index.php?rest_route=%2Fwp%2Fv2%2Fcomments&post=183"}],"version-history":[{"count":0,"href":"https:\/\/www.ramazanbasak.com.tr\/index.php?rest_route=\/wp\/v2\/posts\/183\/revisions"}],"wp:featuredmedia":[{"embeddable":true,"href":"https:\/\/www.ramazanbasak.com.tr\/index.php?rest_route=\/wp\/v2\/media\/182"}],"wp:attachment":[{"href":"https:\/\/www.ramazanbasak.com.tr\/index.php?rest_route=%2Fwp%2Fv2%2Fmedia&parent=183"}],"wp:term":[{"taxonomy":"category","embeddable":true,"href":"https:\/\/www.ramazanbasak.com.tr\/index.php?rest_route=%2Fwp%2Fv2%2Fcategories&post=183"},{"taxonomy":"post_tag","embeddable":true,"href":"https:\/\/www.ramazanbasak.com.tr\/index.php?rest_route=%2Fwp%2Fv2%2Ftags&post=183"}],"curies":[{"name":"wp","href":"https:\/\/api.w.org\/{rel}","templated":true}]}}