{"id":185,"date":"2010-01-08T22:00:00","date_gmt":"2010-01-08T19:00:00","guid":{"rendered":"https:\/\/www.ramazanbasak.com.tr\/trt2-de-basak-filistin-e-destek-verdi"},"modified":"2010-01-08T22:00:00","modified_gmt":"2010-01-08T19:00:00","slug":"trt2-de-basak-filistin-e-destek-verdi","status":"publish","type":"post","link":"https:\/\/www.ramazanbasak.com.tr\/?p=185","title":{"rendered":"TRT2 DE BA\u015eAK F\u0130L\u0130ST\u0130N&#8217; E DESTEK VERD\u0130&#8230;"},"content":{"rendered":"<div><img loading=\"lazy\" decoding=\"async\" class=\" size-full wp-image-184\" src=\"https:\/\/www.ramazanbasak.com.tr\/wp-content\/uploads\/2010\/01\/11948.jpg\" width=\"260\" height=\"180\" alt=\"\" \/><\/div>\n<div>&nbsp;<\/div>\n<div>&nbsp;<\/div>\n<div><strong>Ak Parti \u015eanl\u0131urfa Miletvekili Ramazan Ba\u015fak Filistine giden konvoyun kar\u015f\u0131la\u015ft\u0131\u011f\u0131 \u00e7irkin olaylar\u0131 kat\u0131ld\u0131\u011f\u0131 bir TV pro\u011fram\u0131nda k\u0131nad\u0131. <\/strong><\/div>\n<div>&nbsp;<\/div>\n<div><strong> <!--more-->  <\/strong><\/div>\n<div>Ak Parti \u015eanl\u0131urfa Milletvekili Ramazan Ba\u015fak, Filistin&rsquo;de ya\u015fanan olaylar\u0131 kat\u0131ld\u0131\u011f\u0131 bir televizyon pro\u011fram\u0131nda k\u0131nad\u0131\u011f\u0131n\u0131 s\u00f6yleyerek,olaylar&#8217; bizleri derinden \u00f6zm\u00fc\u015ft\u00fcr&#8217;dedi. <\/p>\n<p> Ak Parti \u015eanl\u0131urfa Milletvekili Ramazan Ba\u015fak \u00f6nceki g\u00fcn TRT2&rsquo;de yay\u0131nlanan ba\u015fkente siyaset adl\u0131 programa kat\u0131larak Filistin&rsquo;de ya\u015fanan olaylar hakk\u0131nda t\u00fcm T\u00fcrkiye halk\u0131na seslenerek yard\u0131m \u00e7a\u011fr\u0131s\u0131nda bulundu.M\u0131s\u0131r ile Filistin s\u0131n\u0131r kap\u0131s\u0131nda ya\u015fanan olaylara da de\u011finerek Filistin&rsquo;de ya\u015fayan M\u00fcsl\u00fcman karde\u015flerimize t\u00fcm kap\u0131lar\u0131n a\u00e7\u0131lmas\u0131n\u0131 dile getirdi. <br \/> Ak Parti \u015eanl\u0131urfa Milletvekili Ramazan Ba\u015fak, \u0130srail&rsquo;il Filistine uygulad\u0131\u011f\u0131 ambargonun kald\u0131r\u0131lmas\u0131 gerekti\u011fini ve israail&rsquo;in Filistin&rsquo;e yapm\u0131\u015f oldu\u011fu \u00e7irkin davran\u0131\u015ftan dolay\u0131 k\u0131nad\u0131klar\u0131n\u0131 s\u00f6yledi. Ba\u015fak &#8216;orda ya\u015fayan M\u00fcsl\u00fcman karde\u015flerimize yard\u0131m ellerimizi uzatmam\u0131z\u0131 yap\u0131lan yard\u0131mlar\u0131nda esirgenmemeliyiz, H\u00fck\u00fcmetimiz \u00e7ok destek veriyor, a\u00e7\u0131khava cezaevine d\u00f6n\u00fc\u015fen Filistin sorunu mutlaka \u00e7\u00f6z\u00fclecektir&#8217;dedi. <br \/> &nbsp;<\/div>\n","protected":false},"excerpt":{"rendered":"<p>&nbsp; &nbsp; Ak Parti \u015eanl\u0131urfa Miletvekili Ramazan Ba\u015fak Filistine giden konvoyun kar\u015f\u0131la\u015ft\u0131\u011f\u0131 \u00e7irkin olaylar\u0131 kat\u0131ld\u0131\u011f\u0131 bir TV pro\u011fram\u0131nda k\u0131nad\u0131. &nbsp; Ak Parti \u015eanl\u0131urfa Milletvekili Ramazan Ba\u015fak, Filistin&rsquo;de ya\u015fanan olaylar\u0131 kat\u0131ld\u0131\u011f\u0131 bir televizyon pro\u011fram\u0131nda k\u0131nad\u0131\u011f\u0131n\u0131 s\u00f6yleyerek,olaylar&#8217; bizleri derinden \u00f6zm\u00fc\u015ft\u00fcr&#8217;dedi. Ak Parti \u015eanl\u0131urfa Milletvekili Ramazan Ba\u015fak \u00f6nceki g\u00fcn TRT2&rsquo;de yay\u0131nlanan ba\u015fkente siyaset adl\u0131 programa kat\u0131larak Filistin&rsquo;de ya\u015fanan &hellip;<\/p>\n","protected":false},"author":2,"featured_media":184,"comment_status":"open","ping_status":"open","sticky":false,"template":"","format":"standard","meta":{"footnotes":""},"categories":[8],"tags":[],"class_list":["post-185","post","type-post","status-publish","format-standard","has-post-thumbnail","hentry","category-haberler-haberler"],"_links":{"self":[{"href":"https:\/\/www.ramazanbasak.com.tr\/index.php?rest_route=\/wp\/v2\/posts\/185","targetHints":{"allow":["GET"]}}],"collection":[{"href":"https:\/\/www.ramazanbasak.com.tr\/index.php?rest_route=\/wp\/v2\/posts"}],"about":[{"href":"https:\/\/www.ramazanbasak.com.tr\/index.php?rest_route=\/wp\/v2\/types\/post"}],"author":[{"embeddable":true,"href":"https:\/\/www.ramazanbasak.com.tr\/index.php?rest_route=\/wp\/v2\/users\/2"}],"replies":[{"embeddable":true,"href":"https:\/\/www.ramazanbasak.com.tr\/index.php?rest_route=%2Fwp%2Fv2%2Fcomments&post=185"}],"version-history":[{"count":0,"href":"https:\/\/www.ramazanbasak.com.tr\/index.php?rest_route=\/wp\/v2\/posts\/185\/revisions"}],"wp:featuredmedia":[{"embeddable":true,"href":"https:\/\/www.ramazanbasak.com.tr\/index.php?rest_route=\/wp\/v2\/media\/184"}],"wp:attachment":[{"href":"https:\/\/www.ramazanbasak.com.tr\/index.php?rest_route=%2Fwp%2Fv2%2Fmedia&parent=185"}],"wp:term":[{"taxonomy":"category","embeddable":true,"href":"https:\/\/www.ramazanbasak.com.tr\/index.php?rest_route=%2Fwp%2Fv2%2Fcategories&post=185"},{"taxonomy":"post_tag","embeddable":true,"href":"https:\/\/www.ramazanbasak.com.tr\/index.php?rest_route=%2Fwp%2Fv2%2Ftags&post=185"}],"curies":[{"name":"wp","href":"https:\/\/api.w.org\/{rel}","templated":true}]}}