{"id":188,"date":"2010-01-14T13:04:16","date_gmt":"2010-01-14T10:04:16","guid":{"rendered":"https:\/\/www.ramazanbasak.com.tr\/basak-israil-haddini-asiyor"},"modified":"2010-01-14T13:04:16","modified_gmt":"2010-01-14T10:04:16","slug":"basak-israil-haddini-asiyor","status":"publish","type":"post","link":"https:\/\/www.ramazanbasak.com.tr\/?p=188","title":{"rendered":"BA\u015eAK; \u0130SRA\u0130L HADD\u0130N\u0130 A\u015eIYOR&#8230;"},"content":{"rendered":"<p><img loading=\"lazy\" decoding=\"async\" class=\" size-full wp-image-187\" width=\"260\" height=\"180\" alt=\"\" src=\"https:\/\/www.ramazanbasak.com.tr\/wp-content\/uploads\/2010\/01\/12051.jpg\" \/><\/p>\n<p><strong>Ak Parti \u015eanl\u0131urfa Milletvekili Ramazan Ba\u015fak \u0130srail&#8217;de ya\u015fanan b\u00fcy\u00fckel\u00e7i krizi sorunu hakk\u0131nda g\u00f6r\u00fc\u015flerini a\u00e7\u0131klad\u0131. <\/strong> <\/p>\n<p>&nbsp;<\/p>\n<p><strong>&nbsp;<\/strong><span style=\"font-size: 12px\"><span style=\"color: #313131\">Bug\u00fcn sabah TV8&#8217;de Ertan Tanla Ba\u015fkentte siyaset program\u0131na konuk olan Ak Parti \u015eanl\u0131urfa Milletvekili Ramazan Ba\u015fak g\u00fcncel konular \u00fczerinde g\u00f6r\u00fc\u015flerini a\u00e7\u0131klad\u0131. Ba\u015fta \u015eanl\u0131urfa ve GAP konusunda bilgi veren Ba\u015fak izleyicilerden gelen sorular\u0131 yan\u0131tlarken, \u0130srail&#8217;de ya\u015fanan B\u00fcy\u00fckel\u00e7i&nbsp; O\u011fuz \u00c7elikkol skandal\u0131 ile ilgili tepkisini dile getirerek&#8217; T\u00fcrkiye b\u00fcy\u00fck bir \u00fclkedir, bu ba\u011flamda H\u00fck\u00fcmetimiz ve D\u0131\u015f i\u015fleri Bakanl\u0131\u011f\u0131 gerekli tepkilerini dile getirmi\u015ftir.&#8217; Dedi<\/span> <\/p>\n<p> <\/span><\/p>\n<div><span style=\"color: #313131\">Ak Parti \u015eanl\u0131urfa Milletvekili Ramazan Ba\u015fak kat\u0131ld\u0131\u011f\u0131 TV program\u0131nda \u0130srail&#8217;deki B\u00fcy\u00fckel\u00e7i skandal\u0131n\u0131 yorumlad\u0131.<\/span><\/div>\n<p> &nbsp;<\/p>\n<div>&nbsp;<\/div>\n<p>&nbsp;<\/p><\/p>\n","protected":false},"excerpt":{"rendered":"<p>Ak Parti \u015eanl\u0131urfa Milletvekili Ramazan Ba\u015fak \u0130srail&#8217;de ya\u015fanan b\u00fcy\u00fckel\u00e7i krizi sorunu hakk\u0131nda g\u00f6r\u00fc\u015flerini a\u00e7\u0131klad\u0131. &nbsp; &nbsp;Bug\u00fcn sabah TV8&#8217;de Ertan Tanla Ba\u015fkentte siyaset program\u0131na konuk olan Ak Parti \u015eanl\u0131urfa Milletvekili Ramazan Ba\u015fak g\u00fcncel konular \u00fczerinde g\u00f6r\u00fc\u015flerini a\u00e7\u0131klad\u0131. Ba\u015fta \u015eanl\u0131urfa ve GAP konusunda bilgi veren Ba\u015fak izleyicilerden gelen sorular\u0131 yan\u0131tlarken, \u0130srail&#8217;de ya\u015fanan B\u00fcy\u00fckel\u00e7i&nbsp; O\u011fuz \u00c7elikkol skandal\u0131 ile &hellip;<\/p>\n","protected":false},"author":2,"featured_media":187,"comment_status":"open","ping_status":"open","sticky":false,"template":"","format":"standard","meta":{"footnotes":""},"categories":[8],"tags":[],"class_list":["post-188","post","type-post","status-publish","format-standard","has-post-thumbnail","hentry","category-haberler-haberler"],"_links":{"self":[{"href":"https:\/\/www.ramazanbasak.com.tr\/index.php?rest_route=\/wp\/v2\/posts\/188","targetHints":{"allow":["GET"]}}],"collection":[{"href":"https:\/\/www.ramazanbasak.com.tr\/index.php?rest_route=\/wp\/v2\/posts"}],"about":[{"href":"https:\/\/www.ramazanbasak.com.tr\/index.php?rest_route=\/wp\/v2\/types\/post"}],"author":[{"embeddable":true,"href":"https:\/\/www.ramazanbasak.com.tr\/index.php?rest_route=\/wp\/v2\/users\/2"}],"replies":[{"embeddable":true,"href":"https:\/\/www.ramazanbasak.com.tr\/index.php?rest_route=%2Fwp%2Fv2%2Fcomments&post=188"}],"version-history":[{"count":0,"href":"https:\/\/www.ramazanbasak.com.tr\/index.php?rest_route=\/wp\/v2\/posts\/188\/revisions"}],"wp:featuredmedia":[{"embeddable":true,"href":"https:\/\/www.ramazanbasak.com.tr\/index.php?rest_route=\/wp\/v2\/media\/187"}],"wp:attachment":[{"href":"https:\/\/www.ramazanbasak.com.tr\/index.php?rest_route=%2Fwp%2Fv2%2Fmedia&parent=188"}],"wp:term":[{"taxonomy":"category","embeddable":true,"href":"https:\/\/www.ramazanbasak.com.tr\/index.php?rest_route=%2Fwp%2Fv2%2Fcategories&post=188"},{"taxonomy":"post_tag","embeddable":true,"href":"https:\/\/www.ramazanbasak.com.tr\/index.php?rest_route=%2Fwp%2Fv2%2Ftags&post=188"}],"curies":[{"name":"wp","href":"https:\/\/api.w.org\/{rel}","templated":true}]}}