{"id":193,"date":"2010-01-22T22:00:00","date_gmt":"2010-01-22T19:00:00","guid":{"rendered":"https:\/\/www.ramazanbasak.com.tr\/basak-sanliurfada"},"modified":"2010-01-22T22:00:00","modified_gmt":"2010-01-22T19:00:00","slug":"basak-sanliurfada","status":"publish","type":"post","link":"https:\/\/www.ramazanbasak.com.tr\/?p=193","title":{"rendered":"Ba\u015fak \u015eanl\u0131urfa&#8217;da"},"content":{"rendered":"<p><img loading=\"lazy\" decoding=\"async\" class=\" size-full wp-image-192\" width=\"200\" height=\"138\" alt=\"\" src=\"https:\/\/www.ramazanbasak.com.tr\/wp-content\/uploads\/2010\/01\/12247.jpg\" \/><\/p>\n<div>&nbsp;<\/div>\n<div><strong>Ak parti milletvekili Ramazan Ba\u015fak \u015eanl\u0131urfa&rsquo;ya gelerek baz\u0131 incelmelerde bulundu. Ba\u015fak, bug\u00fcn TRT2&rsquo;de konuk olacak. <\/strong><\/div>\n<div>&nbsp;<\/div>\n<div><strong> <!--more-->  <\/strong><\/div>\n<div>&nbsp;<\/div>\n<p>&nbsp;<\/p>\n<div style=\"text-indent: 35.4pt\">Ak parti milletvekili Ramazan Ba\u015fak \u015eanl\u0131urfa&rsquo;ya gelerek baz\u0131 incelmelerde bulundu. Ba\u015fak, bug\u00fcn TRT2&rsquo;de konuk olacak.<\/div>\n<div>&nbsp;<\/div>\n<div style=\"text-indent: 35.4pt\">Ak Parti \u015eanl\u0131urfa milletvekili Ramazan Ba\u015fak TBMM&rsquo;de yap\u0131lan \u00e7al\u0131\u015fmalar\u0131n\u0131n ard\u0131ndan hafta sonunu \u015eanl\u0131urfa&rsquo;da ge\u00e7iriyor. D\u00fcn \u015eanl\u0131urfa&rsquo;ya gelen ba\u015fak bug\u00fcn \u015eanl\u0131urfa&rsquo;da baz\u0131 esnaflar\u0131 ziyaret ederek g\u00fcne ba\u015flad\u0131.<\/div>\n<div style=\"text-indent: 35.4pt\">&nbsp;\u015eanl\u0131urfa&rsquo;da baz\u0131 yat\u0131r\u0131mlar\u0131 devam eden \u00e7al\u0131\u015fmalar\u0131 yerinde inleyen ba\u015fak, daha sonra bir grup Ak Partililerle bir araya gelerek \u015eanl\u0131urfa&rsquo;n\u0131n sorunlar\u0131n\u0131 ve \u00e7\u00f6z\u00fcm yollar\u0131n\u0131 konu\u015ftular.<\/div>\n<div style=\"text-indent: 35.4pt\">\u00d6te yandan Ak Parti \u015eanl\u0131urfa Milletvekili Ramazan Ba\u015fak bug\u00fcn saat 18:20 de TRT2 de &lsquo;AZPOL\u0130T\u0130K&rsquo; program\u0131na konuk olacak. &nbsp;<\/div>\n","protected":false},"excerpt":{"rendered":"<p>&nbsp; Ak parti milletvekili Ramazan Ba\u015fak \u015eanl\u0131urfa&rsquo;ya gelerek baz\u0131 incelmelerde bulundu. Ba\u015fak, bug\u00fcn TRT2&rsquo;de konuk olacak. &nbsp; &nbsp; &nbsp; Ak parti milletvekili Ramazan Ba\u015fak \u015eanl\u0131urfa&rsquo;ya gelerek baz\u0131 incelmelerde bulundu. Ba\u015fak, bug\u00fcn TRT2&rsquo;de konuk olacak. &nbsp; Ak Parti \u015eanl\u0131urfa milletvekili Ramazan Ba\u015fak TBMM&rsquo;de yap\u0131lan \u00e7al\u0131\u015fmalar\u0131n\u0131n ard\u0131ndan hafta sonunu \u015eanl\u0131urfa&rsquo;da ge\u00e7iriyor. D\u00fcn \u015eanl\u0131urfa&rsquo;ya gelen ba\u015fak bug\u00fcn \u015eanl\u0131urfa&rsquo;da &hellip;<\/p>\n","protected":false},"author":2,"featured_media":192,"comment_status":"open","ping_status":"open","sticky":false,"template":"","format":"standard","meta":{"footnotes":""},"categories":[8],"tags":[],"class_list":["post-193","post","type-post","status-publish","format-standard","has-post-thumbnail","hentry","category-haberler-haberler"],"_links":{"self":[{"href":"https:\/\/www.ramazanbasak.com.tr\/index.php?rest_route=\/wp\/v2\/posts\/193","targetHints":{"allow":["GET"]}}],"collection":[{"href":"https:\/\/www.ramazanbasak.com.tr\/index.php?rest_route=\/wp\/v2\/posts"}],"about":[{"href":"https:\/\/www.ramazanbasak.com.tr\/index.php?rest_route=\/wp\/v2\/types\/post"}],"author":[{"embeddable":true,"href":"https:\/\/www.ramazanbasak.com.tr\/index.php?rest_route=\/wp\/v2\/users\/2"}],"replies":[{"embeddable":true,"href":"https:\/\/www.ramazanbasak.com.tr\/index.php?rest_route=%2Fwp%2Fv2%2Fcomments&post=193"}],"version-history":[{"count":0,"href":"https:\/\/www.ramazanbasak.com.tr\/index.php?rest_route=\/wp\/v2\/posts\/193\/revisions"}],"wp:featuredmedia":[{"embeddable":true,"href":"https:\/\/www.ramazanbasak.com.tr\/index.php?rest_route=\/wp\/v2\/media\/192"}],"wp:attachment":[{"href":"https:\/\/www.ramazanbasak.com.tr\/index.php?rest_route=%2Fwp%2Fv2%2Fmedia&parent=193"}],"wp:term":[{"taxonomy":"category","embeddable":true,"href":"https:\/\/www.ramazanbasak.com.tr\/index.php?rest_route=%2Fwp%2Fv2%2Fcategories&post=193"},{"taxonomy":"post_tag","embeddable":true,"href":"https:\/\/www.ramazanbasak.com.tr\/index.php?rest_route=%2Fwp%2Fv2%2Ftags&post=193"}],"curies":[{"name":"wp","href":"https:\/\/api.w.org\/{rel}","templated":true}]}}