{"id":195,"date":"2010-01-22T22:00:00","date_gmt":"2010-01-22T19:00:00","guid":{"rendered":"https:\/\/www.ramazanbasak.com.tr\/basak-yagmur-camur-dinlemiyor"},"modified":"2010-01-22T22:00:00","modified_gmt":"2010-01-22T19:00:00","slug":"basak-yagmur-camur-dinlemiyor","status":"publish","type":"post","link":"https:\/\/www.ramazanbasak.com.tr\/?p=195","title":{"rendered":"BA\u015eAK YA\u011eMUR \u00c7AMUR D\u0130NLEM\u0130YOR&#8230;"},"content":{"rendered":"<p><img loading=\"lazy\" decoding=\"async\" class=\" size-full wp-image-194\" width=\"200\" height=\"138\" alt=\"\" src=\"https:\/\/www.ramazanbasak.com.tr\/wp-content\/uploads\/2010\/01\/12256.jpg\" \/><\/p>\n<p>&nbsp;<\/p>\n<p><strong>Ak Parti \u015eanl\u0131urfa Milletvekili Ramazan Ba\u015fak, \u00e7ar\u015f\u0131 esnaf\u0131n\u0131 geziyor, sorunlar\u0131n\u0131 dinliyor.<\/strong><\/p>\n<p>&nbsp;<\/p>\n<p><strong> <!--more-->  <\/strong><\/p>\n<p>&nbsp;<\/p>\n<p>&nbsp;<\/p>\n<div style=\"text-indent: 35.4pt\">Ak Parti \u015eanl\u0131urfa Milletvekili Ramazan Ba\u015fak, \u00e7ar\u015f\u0131 esnaf\u0131n\u0131 geziyor, sorunlar\u0131n\u0131 dinliyor.<\/div>\n<div>&nbsp;&nbsp;&nbsp;&nbsp;&nbsp;&nbsp;&nbsp;&nbsp;&nbsp;&nbsp;&nbsp; &nbsp;Hafta sonunu \u015eanl\u0131urfa&rsquo;da ge\u00e7iren Ak Parti \u015eanl\u0131urfa Ramazan Ba\u015fak hafta sonunu \u015eanl\u0131urfa&rsquo;da ge\u00e7iriyor. \u00c7ar\u015f\u0131 esnaf\u0131n\u0131 ziyaret i\u00e7in Ak Parti \u015eanl\u0131urfa milletvekilini yaln\u0131z b\u0131rakmayan M\u00fcteahhitler Dernek Ba\u015fkan\u0131 Mustafa Yavuz ve bir grup Ak Partili Ba\u015fak&rsquo;a e\u015flik etti. Havalar\u0131n k\u00f6t\u00fc gitmesine ra\u011fmen ya\u011fmur \u00e7amur demeyen Ba\u015fak Urfa esnaf\u0131n\u0131 ziyaret ediyor, sorunlar\u0131n\u0131 dinliyor. Saray\u00f6n\u00fc esnaf\u0131ndan ba\u015flayarak yol \u00fczerindeki \u00e7ar\u015f\u0131 esnaflar\u0131n\u0131 ve i\u015f hanlar\u0131nda bulunan \u00f6zel hastaneleri, kuyumcular\u0131, lokantalar\u0131 belediye i\u015f\u00e7ilerine kadar uzanarak t\u00fcm Urfa&rsquo;ya emek veren ve \u00e7al\u0131\u015fanlar\u0131n\u0131n sorunlar\u0131n\u0131 dinlemeyi ihmal etmiyor. \u00d6zel hastaneleri de ziyaret eden Ba\u015fak oradaki doktorlara ba\u015far\u0131lar dileyerek hastalara da acil \u015fifalar diledi. &nbsp;<\/div>\n<div>&nbsp;&nbsp;&nbsp;&nbsp;&nbsp;&nbsp;&nbsp;&nbsp;&nbsp;&nbsp;&nbsp;<\/div>\n<div>&nbsp;&nbsp;&nbsp;&nbsp;&nbsp;&nbsp;&nbsp;&nbsp;&nbsp;&nbsp;&nbsp; Ak Parti \u015eanl\u0131urfa Milletvekili Ramazan Ba\u015fak, &nbsp;&lsquo;esnaf\u0131m\u0131zla olmak bizim i\u00e7in guru verici oldu\u011funu, onlar\u0131n sorunlar\u0131yla yak\u0131ndan ilgilenmek i\u00e7in esnaf\u0131m\u0131z\u0131 tek tek ziyaret ederek sorunlar\u0131n\u0131z\u0131 dinlediklerini belirtti.<\/div>\n","protected":false},"excerpt":{"rendered":"<p>&nbsp; Ak Parti \u015eanl\u0131urfa Milletvekili Ramazan Ba\u015fak, \u00e7ar\u015f\u0131 esnaf\u0131n\u0131 geziyor, sorunlar\u0131n\u0131 dinliyor. &nbsp; &nbsp; &nbsp; Ak Parti \u015eanl\u0131urfa Milletvekili Ramazan Ba\u015fak, \u00e7ar\u015f\u0131 esnaf\u0131n\u0131 geziyor, sorunlar\u0131n\u0131 dinliyor. &nbsp;&nbsp;&nbsp;&nbsp;&nbsp;&nbsp;&nbsp;&nbsp;&nbsp;&nbsp;&nbsp; &nbsp;Hafta sonunu \u015eanl\u0131urfa&rsquo;da ge\u00e7iren Ak Parti \u015eanl\u0131urfa Ramazan Ba\u015fak hafta sonunu \u015eanl\u0131urfa&rsquo;da ge\u00e7iriyor. \u00c7ar\u015f\u0131 esnaf\u0131n\u0131 ziyaret i\u00e7in Ak Parti \u015eanl\u0131urfa milletvekilini yaln\u0131z b\u0131rakmayan M\u00fcteahhitler Dernek Ba\u015fkan\u0131 Mustafa Yavuz &hellip;<\/p>\n","protected":false},"author":2,"featured_media":194,"comment_status":"open","ping_status":"open","sticky":false,"template":"","format":"standard","meta":{"footnotes":""},"categories":[8],"tags":[],"class_list":["post-195","post","type-post","status-publish","format-standard","has-post-thumbnail","hentry","category-haberler-haberler"],"_links":{"self":[{"href":"https:\/\/www.ramazanbasak.com.tr\/index.php?rest_route=\/wp\/v2\/posts\/195","targetHints":{"allow":["GET"]}}],"collection":[{"href":"https:\/\/www.ramazanbasak.com.tr\/index.php?rest_route=\/wp\/v2\/posts"}],"about":[{"href":"https:\/\/www.ramazanbasak.com.tr\/index.php?rest_route=\/wp\/v2\/types\/post"}],"author":[{"embeddable":true,"href":"https:\/\/www.ramazanbasak.com.tr\/index.php?rest_route=\/wp\/v2\/users\/2"}],"replies":[{"embeddable":true,"href":"https:\/\/www.ramazanbasak.com.tr\/index.php?rest_route=%2Fwp%2Fv2%2Fcomments&post=195"}],"version-history":[{"count":0,"href":"https:\/\/www.ramazanbasak.com.tr\/index.php?rest_route=\/wp\/v2\/posts\/195\/revisions"}],"wp:featuredmedia":[{"embeddable":true,"href":"https:\/\/www.ramazanbasak.com.tr\/index.php?rest_route=\/wp\/v2\/media\/194"}],"wp:attachment":[{"href":"https:\/\/www.ramazanbasak.com.tr\/index.php?rest_route=%2Fwp%2Fv2%2Fmedia&parent=195"}],"wp:term":[{"taxonomy":"category","embeddable":true,"href":"https:\/\/www.ramazanbasak.com.tr\/index.php?rest_route=%2Fwp%2Fv2%2Fcategories&post=195"},{"taxonomy":"post_tag","embeddable":true,"href":"https:\/\/www.ramazanbasak.com.tr\/index.php?rest_route=%2Fwp%2Fv2%2Ftags&post=195"}],"curies":[{"name":"wp","href":"https:\/\/api.w.org\/{rel}","templated":true}]}}