{"id":197,"date":"2010-01-23T22:00:00","date_gmt":"2010-01-23T19:00:00","guid":{"rendered":"https:\/\/www.ramazanbasak.com.tr\/basak-urfa-yi-ve-kendisini-anlatti"},"modified":"2010-01-23T22:00:00","modified_gmt":"2010-01-23T19:00:00","slug":"basak-urfa-yi-ve-kendisini-anlatti","status":"publish","type":"post","link":"https:\/\/www.ramazanbasak.com.tr\/?p=197","title":{"rendered":"BA\u015eAK URFA&#8217; YI VE KEND\u0130S\u0130N\u0130 ANLATTI&#8230;"},"content":{"rendered":"<p><img loading=\"lazy\" decoding=\"async\" class=\" size-full wp-image-196\" width=\"200\" height=\"138\" alt=\"\" src=\"https:\/\/www.ramazanbasak.com.tr\/wp-content\/uploads\/2010\/01\/12271.jpg\" \/><\/p>\n<p>&nbsp;<\/p>\n<p><strong>Ak Parti \u015eanl\u0131urfa Milletvekili Ramazan Ba\u015fak &#8216;Az Politik&#8217; program\u0131nda siyaseti, Urfay\u0131,ve kendisini anlatt\u0131. <\/strong><\/p>\n<p>&nbsp;<\/p>\n<p><strong> <!--more-->  <\/strong><\/p>\n<p>&nbsp;<\/p>\n<p><strong> <\/p>\n<p>Ak Parti \u015eanl\u0131urfa Milletvekili Ramazan Ba\u015fak kat\u0131lm\u0131\u015f oldu\u011fu, TRT2 ekranlar\u0131nda yay\u0131nlanan &#8216;Az Politik&#8217; program\u0131nda T\u00fcrkiye&#8217;nin ve ba\u015fta Urfa olmak \u00fczere t\u00fcm sorunlar\u0131 t\u00fcm parti arkada\u015flar\u0131yla birlikte ele ald\u0131klar\u0131 ilk g\u00fcnden beri ele ald\u0131klar\u0131n\u0131 belirtti.<\/p>\n<p> &nbsp;<\/p>\n<p>Kendi \u00f6zge\u00e7mi\u015fine de&nbsp;de\u011finen Ba\u015fak, ilk okulu Suru\u00e7 Nam\u0131k Kemal ilkokulunda bitirdi Orta \u00f6\u011fretiminide Suru\u00e7ta bitiren Ba\u015fak, daha sonra lise hayat\u0131n\u0131da Mersinde s\u00fcrd\u00fcrd\u00fc. Ba\u015fak \u00fcniversiteyide Karadeniz Teknik \u00dcniversitesi, Orman Fak\u00fcltesi, Orman m\u00fchendisli\u011fi b\u00f6l\u00fcm\u00fc kazand\u0131.<\/p>\n<p> &nbsp;<\/p>\n<p>Ak Parti \u015eanl\u0131urfa Milletvekili Ramazan Ba\u015fak &#8216;Az Politik program\u0131nda Urfa&#8217;n\u0131n gelece\u011fi i\u00e7in ne gerekiyorsa yapacaklar\u0131n\u0131 s\u00f6yledi. Ba\u015fta Ba\u015fkaban\u0131m\u0131z Recep Tayyip Erdo\u011fan olmak \u00fczere bu topraklar i\u00e7in ne bu \u00fclkenin gelece\u011fi i\u00e7in t\u00fcm var\u0131m\u0131zla yo\u011fumuzla \u00e7aba sarf edip \u00e7al\u0131\u015ft\u0131klar\u0131n\u0131 s\u00f6yledi.<\/p>\n<p> <\/strong><\/p>\n","protected":false},"excerpt":{"rendered":"<p>&nbsp; Ak Parti \u015eanl\u0131urfa Milletvekili Ramazan Ba\u015fak &#8216;Az Politik&#8217; program\u0131nda siyaseti, Urfay\u0131,ve kendisini anlatt\u0131. &nbsp; &nbsp; Ak Parti \u015eanl\u0131urfa Milletvekili Ramazan Ba\u015fak kat\u0131lm\u0131\u015f oldu\u011fu, TRT2 ekranlar\u0131nda yay\u0131nlanan &#8216;Az Politik&#8217; program\u0131nda T\u00fcrkiye&#8217;nin ve ba\u015fta Urfa olmak \u00fczere t\u00fcm sorunlar\u0131 t\u00fcm parti arkada\u015flar\u0131yla birlikte ele ald\u0131klar\u0131 ilk g\u00fcnden beri ele ald\u0131klar\u0131n\u0131 belirtti. &nbsp; Kendi \u00f6zge\u00e7mi\u015fine de&nbsp;de\u011finen Ba\u015fak, &hellip;<\/p>\n","protected":false},"author":2,"featured_media":196,"comment_status":"open","ping_status":"open","sticky":false,"template":"","format":"standard","meta":{"footnotes":""},"categories":[8],"tags":[],"class_list":["post-197","post","type-post","status-publish","format-standard","has-post-thumbnail","hentry","category-haberler-haberler"],"_links":{"self":[{"href":"https:\/\/www.ramazanbasak.com.tr\/index.php?rest_route=\/wp\/v2\/posts\/197","targetHints":{"allow":["GET"]}}],"collection":[{"href":"https:\/\/www.ramazanbasak.com.tr\/index.php?rest_route=\/wp\/v2\/posts"}],"about":[{"href":"https:\/\/www.ramazanbasak.com.tr\/index.php?rest_route=\/wp\/v2\/types\/post"}],"author":[{"embeddable":true,"href":"https:\/\/www.ramazanbasak.com.tr\/index.php?rest_route=\/wp\/v2\/users\/2"}],"replies":[{"embeddable":true,"href":"https:\/\/www.ramazanbasak.com.tr\/index.php?rest_route=%2Fwp%2Fv2%2Fcomments&post=197"}],"version-history":[{"count":0,"href":"https:\/\/www.ramazanbasak.com.tr\/index.php?rest_route=\/wp\/v2\/posts\/197\/revisions"}],"wp:featuredmedia":[{"embeddable":true,"href":"https:\/\/www.ramazanbasak.com.tr\/index.php?rest_route=\/wp\/v2\/media\/196"}],"wp:attachment":[{"href":"https:\/\/www.ramazanbasak.com.tr\/index.php?rest_route=%2Fwp%2Fv2%2Fmedia&parent=197"}],"wp:term":[{"taxonomy":"category","embeddable":true,"href":"https:\/\/www.ramazanbasak.com.tr\/index.php?rest_route=%2Fwp%2Fv2%2Fcategories&post=197"},{"taxonomy":"post_tag","embeddable":true,"href":"https:\/\/www.ramazanbasak.com.tr\/index.php?rest_route=%2Fwp%2Fv2%2Ftags&post=197"}],"curies":[{"name":"wp","href":"https:\/\/api.w.org\/{rel}","templated":true}]}}