{"id":199,"date":"2010-01-25T22:00:00","date_gmt":"2010-01-25T19:00:00","guid":{"rendered":"https:\/\/www.ramazanbasak.com.tr\/basak-tan-il-birincisi-hastaneye-ziyaret"},"modified":"2010-01-25T22:00:00","modified_gmt":"2010-01-25T19:00:00","slug":"basak-tan-il-birincisi-hastaneye-ziyaret","status":"publish","type":"post","link":"https:\/\/www.ramazanbasak.com.tr\/?p=199","title":{"rendered":"BA\u015eAK&#8217; TAN \u0130L B\u0130R\u0130NC\u0130S\u0130 HASTANEYE Z\u0130YARET&#8230;"},"content":{"rendered":"<p><img loading=\"lazy\" decoding=\"async\" class=\" size-full wp-image-198\" width=\"200\" height=\"138\" alt=\"\" src=\"https:\/\/www.ramazanbasak.com.tr\/wp-content\/uploads\/2010\/01\/12314.jpg\" \/><\/p>\n<p>&nbsp;<\/p>\n<p><strong>Ak Parti \u015fanl\u0131urfa milletvekili Ramazan Ba\u015fak il Birincisi olan Suru\u00e7 Devlet Hastanesine giderek orda \u00e7al\u0131\u015fan doktorlar\u0131, ba\u015far\u0131lar\u0131ndan dolay\u0131 tebrik etti. <\/strong><\/p>\n<p>&nbsp;<\/p>\n<p><strong> <!--more-->  <\/strong><\/p>\n<p>&nbsp;<\/p>\n<div><span style=\"font-size: 12px\">Ak Parti \u015eanl\u0131urfa Milletvekili Ramazan Ba\u015fak Suru\u00e7&rsquo;ta bir tak\u0131m ziyaretlerde bulunarak vatanda\u015flarla sohbet etti. Hafta sonunu \u015eanl\u0131urfa&rsquo;da ge\u00e7iren Ak Parti \u015eanl\u0131urfa Ramazan Ba\u015fak Suru\u00e7 il\u00e7esinde baz\u0131 taziye evlerini, Suru\u00e7 Kaymakaml\u0131\u011f\u0131n\u0131 ve Suru\u00e7 Devlet Hastanesini ziyaret etti. \u0130l\u00e7ede \u00e7e\u015fitli ziyaretlerde bulunan Ak Parti \u015eanl\u0131urfa Milletvekili Ramazan Ba\u015fak Suru\u00e7&rsquo;ta vatanda\u015flarla bir araya geldi. \u0130l\u00e7e halk\u0131n\u0131 ziyaret eden \u015eanl\u0131urfa Ak Parti Milletvekili Ramazan Ba\u015fak, ziyaretinde vatanda\u015f\u0131n sorunlar\u0131n\u0131 dinledi. <\/span><\/div>\n<p><span style=\"font-size: 12px\"><br \/> <\/span><span style=\"font-size: 12px\">Vatanda\u015flar\u0131n sorunlar\u0131n\u0131 dinledikten sonra Ba\u015fak, Suru\u00e7 Kaymakam\u0131n\u0131&nbsp;makam\u0131nda ziyaret etti. \u0130l\u00e7ede halk\u0131n s\u0131cak ilgisiyle kar\u015f\u0131lanan Milletvekili Ba\u015fak Performans ve kaliteden sorumlu g\u00f6revlilerin yapm\u0131\u015f oldu\u011fu \u00e7al\u0131\u015fmalar neticesinde il birincisi olan Suru\u00e7 Devlet Hastanesi&rsquo;ni de ziyaret ederek buradaki doktorlara ba\u015far\u0131lar dileyerek hastalara da acil \u015fifalar diledi.&nbsp;<\/span><\/p>\n","protected":false},"excerpt":{"rendered":"<p>&nbsp; Ak Parti \u015fanl\u0131urfa milletvekili Ramazan Ba\u015fak il Birincisi olan Suru\u00e7 Devlet Hastanesine giderek orda \u00e7al\u0131\u015fan doktorlar\u0131, ba\u015far\u0131lar\u0131ndan dolay\u0131 tebrik etti. &nbsp; &nbsp; Ak Parti \u015eanl\u0131urfa Milletvekili Ramazan Ba\u015fak Suru\u00e7&rsquo;ta bir tak\u0131m ziyaretlerde bulunarak vatanda\u015flarla sohbet etti. Hafta sonunu \u015eanl\u0131urfa&rsquo;da ge\u00e7iren Ak Parti \u015eanl\u0131urfa Ramazan Ba\u015fak Suru\u00e7 il\u00e7esinde baz\u0131 taziye evlerini, Suru\u00e7 Kaymakaml\u0131\u011f\u0131n\u0131 ve Suru\u00e7 &hellip;<\/p>\n","protected":false},"author":2,"featured_media":198,"comment_status":"open","ping_status":"open","sticky":false,"template":"","format":"standard","meta":{"footnotes":""},"categories":[8],"tags":[],"class_list":["post-199","post","type-post","status-publish","format-standard","has-post-thumbnail","hentry","category-haberler-haberler"],"_links":{"self":[{"href":"https:\/\/www.ramazanbasak.com.tr\/index.php?rest_route=\/wp\/v2\/posts\/199","targetHints":{"allow":["GET"]}}],"collection":[{"href":"https:\/\/www.ramazanbasak.com.tr\/index.php?rest_route=\/wp\/v2\/posts"}],"about":[{"href":"https:\/\/www.ramazanbasak.com.tr\/index.php?rest_route=\/wp\/v2\/types\/post"}],"author":[{"embeddable":true,"href":"https:\/\/www.ramazanbasak.com.tr\/index.php?rest_route=\/wp\/v2\/users\/2"}],"replies":[{"embeddable":true,"href":"https:\/\/www.ramazanbasak.com.tr\/index.php?rest_route=%2Fwp%2Fv2%2Fcomments&post=199"}],"version-history":[{"count":0,"href":"https:\/\/www.ramazanbasak.com.tr\/index.php?rest_route=\/wp\/v2\/posts\/199\/revisions"}],"wp:featuredmedia":[{"embeddable":true,"href":"https:\/\/www.ramazanbasak.com.tr\/index.php?rest_route=\/wp\/v2\/media\/198"}],"wp:attachment":[{"href":"https:\/\/www.ramazanbasak.com.tr\/index.php?rest_route=%2Fwp%2Fv2%2Fmedia&parent=199"}],"wp:term":[{"taxonomy":"category","embeddable":true,"href":"https:\/\/www.ramazanbasak.com.tr\/index.php?rest_route=%2Fwp%2Fv2%2Fcategories&post=199"},{"taxonomy":"post_tag","embeddable":true,"href":"https:\/\/www.ramazanbasak.com.tr\/index.php?rest_route=%2Fwp%2Fv2%2Ftags&post=199"}],"curies":[{"name":"wp","href":"https:\/\/api.w.org\/{rel}","templated":true}]}}