{"id":2,"date":"2007-01-31T08:17:48","date_gmt":"2007-01-31T05:17:48","guid":{"rendered":"https:\/\/www.ramazanbasak.com.tr\/hukumet-programi"},"modified":"2007-01-31T08:17:48","modified_gmt":"2007-01-31T05:17:48","slug":"hukumet-programi","status":"publish","type":"post","link":"https:\/\/www.ramazanbasak.com.tr\/?p=2","title":{"rendered":"H\u00fck\u00fcmet Program\u0131"},"content":{"rendered":"<p><font face=\"tahoma,arial,helvetica,sans-serif\">&nbsp;<\/font><\/p>\n<p style=\"TEXT-ALIGN: center\" align=\"center\"><strong><span style=\"COLOR: #000099; FONT-FAMILY: Arial\"><font face=\"tahoma,arial,helvetica,sans-serif\" size=\"2\">Ba\u015fbakan RECEP TAYY\u0130P ERDO\u011eAN Taraf\u0131ndan TBMM&#8217;ne Sunulan<\/font><\/span><\/strong><b><span style=\"COLOR: #000099\"><font size=\"2\"><br \/><\/font><\/span><span style=\"COLOR: #000099; FONT-FAMILY: Verdana\"><strong><span style=\"FONT-FAMILY: Arial\"><font face=\"tahoma,arial,helvetica,sans-serif\" size=\"2\">59&#8217;uncu H&uuml;k&uuml;met Program\u0131<\/font><\/span><\/strong><\/span><span style=\"FONT-SIZE: 10pt\"><br \/><\/span><span style=\"FONT-SIZE: 10pt; FONT-FAMILY: Verdana\"><strong><span style=\"FONT-FAMILY: Arial\"><font face=\"tahoma,arial,helvetica,sans-serif\">18 MART 2003<\/font><\/span><\/strong><\/span><\/b><\/p>\n<blockquote>\n<p align=\"justify\"><strong><span style=\"FONT-SIZE: 10pt; FONT-FAMILY: Verdana\"><font face=\"tahoma,arial,helvetica,sans-serif\">Say\u0131n Ba\u015fkan, <\/font><\/span><\/strong><b><span style=\"FONT-SIZE: 10pt; FONT-FAMILY: Verdana\"><br \/><strong><span style=\"FONT-FAMILY: Verdana\"><font face=\"tahoma,arial,helvetica,sans-serif\">De\u011ferli Milletvekilleri,<\/font><\/span><\/strong><\/span><\/b><\/p>\n<p align=\"justify\"><span style=\"FONT-SIZE: 10pt; FONT-FAMILY: Verdana\"><br \/><font face=\"tahoma,arial,helvetica,sans-serif\">&nbsp;&nbsp;&nbsp;&nbsp;&nbsp; Cumhuriyetimizin 59&#8217;uncu, Ak Parti&#8217;nin 2&#8217;nci H&uuml;k&uuml;meti ad\u0131na aziz milletimizi ve bu b&uuml;y&uuml;k milletin siz de\u011ferli vekillerini sayg\u0131lar\u0131mla selaml\u0131yorum.<\/p>\n<p>&nbsp;&nbsp;&nbsp;&nbsp;&nbsp; S&ouml;zlerime ba\u015flarken, ba\u015fta Cumhuriyetimizin banisi Gazi Mustafa Kemal Atat&uuml;rk olmak &uuml;zere, aziz milletimize hizmet etmi\u015f t&uuml;m de\u011ferlerimizi \u015f&uuml;kranla an\u0131yorum. Milletimize hizmet yolunda ta\u015f &uuml;st&uuml;ne ta\u015f koymu\u015f her emek sahibine, H&uuml;k&uuml;metimin en derin sayg\u0131lar\u0131n\u0131 iletiyorum. <\/p>\n<p>&nbsp;&nbsp;&nbsp;&nbsp;&nbsp; Bu vesileyle, bug&uuml;n yeni bir y\u0131ld&ouml;n&uuml;m&uuml;n&uuml; idrak etti\u011fimiz \u00c7anakkale Zaferi dolay\u0131s\u0131yla milletime tebriklerimi arz ediyor, o g&uuml;nden bug&uuml;ne canlar\u0131n\u0131 feda ederek bu topraklar\u0131 an\u0131tla\u015ft\u0131ran t&uuml;m \u015fehitlerimizin muazzez hat\u0131ralar\u0131 &ouml;n&uuml;nde sayg\u0131yla e\u011filiyor ve H&uuml;k&uuml;met Program\u0131m\u0131z\u0131 b&uuml;y&uuml;k bir destan\u0131n y\u0131ld&ouml;n&uuml;m&uuml;nde Y&uuml;ce Meclis&#8217;e sunma imkan\u0131 buldu\u011fumuz i\u00e7in son derece mutlu oldu\u011fumu belirtiyorum.<\/p>\n<p>&nbsp;&nbsp;&nbsp;&nbsp;&nbsp; Bildi\u011finiz gibi, \u015fu an sizlere okuyaca\u011f\u0131m H&uuml;k&uuml;met program\u0131, sadece 59. H&uuml;k&uuml;metimizin &#8220;h&uuml;k&uuml;met etme tekni\u011fi&#8221;ni de\u011fil, 3 Kas\u0131m se\u00e7imleri ile T&uuml;rk siyasal hayat\u0131nda \u00e7ok &ouml;nemli bir de\u011fi\u015fimi ger\u00e7ekle\u015ftirmi\u015f olan partimizin &#8220;h&uuml;k&uuml;met etme mant\u0131\u011f\u0131&#8221;n\u0131 da ortaya koyacakt\u0131r. <br \/>Dolay\u0131s\u0131yla 58. H&uuml;k&uuml;met ile 59. H&uuml;k&uuml;met aras\u0131nda organik bir devaml\u0131l\u0131k ve h&uuml;k&uuml;met etme mant\u0131\u011f\u0131 a\u00e7\u0131s\u0131ndan s&uuml;reklilik vard\u0131r.<\/p>\n<p>&nbsp;&nbsp;&nbsp;&nbsp;&nbsp; Sizlere, h&uuml;k&uuml;met etme tekni\u011fimiz &uuml;zerine a\u00e7\u0131klamalar yapmaya giri\u015fmeden &ouml;nce, partimizin kimli\u011fi do\u011frultusunda, siyasete, topluma ve h&uuml;k&uuml;met kavram\u0131na nas\u0131l yakla\u015ft\u0131\u011f\u0131m\u0131z\u0131 a\u00e7\u0131klamak istiyorum. Bunu &ouml;nemsiyorum. \u00c7&uuml;nk&uuml;, bir H&uuml;k&uuml;met hangi siyasal y&ouml;ntemle h&uuml;k&uuml;met edece\u011fini a\u00e7\u0131klamaya giri\u015fmeden &ouml;nce, nas\u0131l bir siyasal perspektife sahip oldu\u011funu a\u00e7\u0131klamal\u0131d\u0131r diye d&uuml;\u015f&uuml;n&uuml;yorum. Bug&uuml;n isimlendirme d&uuml;zeyinde, iktidarda AK Parti var, ana muhalefet partisi olarak ise CHP bulunuyor. <\/p>\n<p>&nbsp;&nbsp;&nbsp;&nbsp;&nbsp; Bu isimlendirmenin gerisinde ise, iktidarda &#8220;muhafazakar demokrat&#8221; bir partinin oldu\u011funu, ana muhalefette ise &#8220;sosyal demokrat&#8221; bir partinin oldu\u011funu hat\u0131rda tutmak gerekir. Bu nedenle, s&ouml;zlerimize, gelece\u011fin siyaseti a\u00e7\u0131s\u0131ndan \u00e7ok &ouml;nemli g&ouml;rd&uuml;\u011f&uuml;m&uuml;z siyasal perspektifimizi a\u00e7\u0131klama ile ba\u015flaman\u0131n gere\u011fine inan\u0131yoruz. B&ouml;ylece, h&uuml;k&uuml;met etme mant\u0131\u011f\u0131m\u0131z\u0131, Y&uuml;ce Meclis&#8217;in bilgilerine sunmu\u015f ve aziz milletimize arz etmi\u015f olaca\u011f\u0131z.<\/p>\n<p><strong><span style=\"FONT-FAMILY: Verdana\">&nbsp; &nbsp;&nbsp;&nbsp;&nbsp; De\u011ferli Milletvekilleri,<\/span><\/strong><br \/>&nbsp;&nbsp; &nbsp;&nbsp;&nbsp; Ak Parti siyasal kimli\u011fini &#8220;muhafazakar demokrat&#8221; olarak tan\u0131mlamaktad\u0131r.<br \/>AK Parti kendi d&uuml;\u015f&uuml;nce gelene\u011fimizden hareketle, yerli ve k&ouml;kl&uuml; de\u011ferler sistemimizi evrensel standarttaki muhafazakar siyaset \u00e7izgisiyle yeniden &uuml;retmek amac\u0131ndad\u0131r. Yeni Muhafazakar Demokrat \u00e7izginin muhafazakarl\u0131\u011f\u0131n genlerine ve tarihi kodlar\u0131na uygun \u015fekilde, ama siyaset yapt\u0131\u011f\u0131m\u0131z co\u011frafyan\u0131n toplumsal ve k&uuml;lt&uuml;rel geleneklerine yaslanarak ortaya konmas\u0131 T&uuml;rk siyasetine yeni bir soluk getirecektir. AK Parti ge\u00e7mi\u015ften veya bir medeniyet havzas\u0131ndan siyaset \u00e7izgisi &ouml;d&uuml;n\u00e7 almak yerine, kendi d&uuml;\u015f&uuml;nce gelene\u011fiyle d&uuml;nya genelinde de test edilen bir siyasal tutumu yeniden &uuml;retmeyi do\u011fru bulmaktad\u0131r. <br \/>Bizim, yeni siyaset anlay\u0131\u015f\u0131m\u0131za zemin olan muhafazakar demokrat kimli\u011fimize g&ouml;re siyaset bir uzla\u015f\u0131 alan\u0131d\u0131r. <\/font><\/span><\/p>\n<p align=\"justify\"><span style=\"FONT-SIZE: 10pt; FONT-FAMILY: Verdana\"><font face=\"tahoma,arial,helvetica,sans-serif\">&nbsp; &nbsp;&nbsp;&nbsp; Toplumsal alandaki \u00e7e\u015fitlilik ve farkl\u0131l\u0131\u011f\u0131 siyasal alanda da kabul ediyor ve siyasetin taraflar\u0131n\u0131 her zeminde uzla\u015f\u0131ya davet ediyoruz. Bize g&ouml;re farkl\u0131l\u0131klar tabii bir durum ve zenginliktir. Toplumsal ve k&uuml;lt&uuml;rel \u00e7e\u015fitlilikler demokratik \u00e7o\u011fulculu\u011fun &uuml;retece\u011fi tolerans ve ho\u015fg&ouml;r&uuml; zemininde siyasete bir renklilik olarak kat\u0131lmal\u0131d\u0131rlar. Kat\u0131l\u0131mc\u0131 demokrasinin de farkl\u0131l\u0131klara temsil olana\u011f\u0131 sa\u011flayarak ve siyasal s&uuml;rece katarak kendisini geli\u015ftirece\u011fi d&uuml;\u015f&uuml;ncesini esas kabul etmekteyiz.<\/font><\/span><\/p>\n<p align=\"justify\"><span style=\"FONT-SIZE: 10pt; FONT-FAMILY: Verdana\"><font face=\"tahoma,arial,helvetica,sans-serif\">&nbsp; &nbsp;&nbsp;&nbsp; Ak Parti&#8217;nin muhafazakarl\u0131k anlay\u0131\u015f\u0131, siyasal otoriteyi, hukuki ve siyasi me\u015frulu\u011fun &ouml;tesinde bir me\u015fruluk temeline oturtmakta ve siyasal iktidar\u0131n varolan toplumu tan\u0131yarak, i\u015flevlerini onun irade ve de\u011ferlerine uygun olarak y&uuml;r&uuml;tmesi gerekti\u011fini belirtmektedir. <\/p>\n<p>&nbsp;&nbsp;&nbsp;&nbsp;&nbsp; Sadece say\u0131sal g&uuml;ce dayanan bir y&ouml;netim anlay\u0131\u015f\u0131n\u0131 benimsemiyoruz. Toplumsal mutabakattan g&uuml;\u00e7 alan bir siyaset anlay\u0131\u015f\u0131ndan yanay\u0131z. Bize g&ouml;re siyasi iktidar\u0131n en temel dayana\u011f\u0131 milli iradenin kabul&uuml;ne mazhar olarak, me\u015frulu\u011funu milletin genel kabul&uuml;nden almas\u0131d\u0131r. Hukuki me\u015fruiyetin kayna\u011f\u0131, hi\u00e7 \u015f&uuml;phesiz ki, milletin siyasal varolu\u015funun ifadesi olan T&uuml;rkiye Cumhuriyeti Anayasas\u0131&#8217;d\u0131r.<\/p>\n<p>&nbsp;&nbsp;&nbsp;&nbsp;&nbsp;&nbsp; Ak Parti&#8217;nin muhafazakar kimli\u011fi, &#8220;siyasal g&uuml;c&uuml;n bir ki\u015finin veya grubun elinde yo\u011funla\u015fmas\u0131n\u0131 destekleyen, bireysel ve siyasal &ouml;zg&uuml;rl&uuml;klere kar\u015f\u0131 olan, siyasal kat\u0131l\u0131m\u0131n hemen hemen t&uuml;m bi\u00e7imlerini reddeden, bask\u0131 ve g&uuml;\u00e7 kullan\u0131m\u0131n\u0131 &ouml;ng&ouml;ren&#8221; dayatmac\u0131 siyasal anlay\u0131\u015flar\u0131 reddetmektedir. <br \/>Siyasal otoritenin (devletin veya h&uuml;k&uuml;metin) s\u0131n\u0131rland\u0131r\u0131lmas\u0131 d&uuml;\u015f&uuml;ncesi bizim muhafazakarl\u0131k temelli siyaset kavray\u0131\u015f\u0131m\u0131z\u0131n en \u0131srarl\u0131 oldu\u011fu arg&uuml;manlardand\u0131r. <\/font><\/span><\/p>\n<p align=\"justify\"><span style=\"FONT-SIZE: 10pt; FONT-FAMILY: Verdana\"><font face=\"tahoma,arial,helvetica,sans-serif\">&nbsp; &nbsp;&nbsp;&nbsp;&nbsp;&nbsp; Bize g&ouml;re s\u0131n\u0131rland\u0131r\u0131lmayan, keyfili\u011fe ve hukuksuzlu\u011fa olanak sa\u011flayan, kat\u0131l\u0131m\u0131 ve temsili &ouml;nemsemeyen, bireysel ve kollektif hak ve &ouml;zg&uuml;rl&uuml;kleri hi\u00e7e sayan totaliter ve otoriter anlay\u0131\u015flar sivil ve demokratik siyasetin en b&uuml;y&uuml;k d&uuml;\u015fmanlar\u0131d\u0131r. AK Parti \u0130ktidar\u0131 her t&uuml;rl&uuml; dayatmac\u0131, buyurgan, tektip\u00e7i, toplum m&uuml;hendisli\u011fine dayanan yakla\u015f\u0131mlar\u0131 sa\u011fl\u0131kl\u0131 bir demokratik sistem i\u00e7in engel olarak g&ouml;r&uuml;r.<br \/>Muhafazakar demokrat siyasi kimli\u011fimizin genel tutumu, &#8220;kanun hakimiyeti yoluyla s\u0131n\u0131rl\u0131 devleti savunmak, doktriner ve dogmatik olandan ho\u015flanmamak&#8221; olarak &ouml;zetlenebilir. <\/p>\n<p>&nbsp;&nbsp;&nbsp;&nbsp;&nbsp;&nbsp; Bu \u00e7er\u00e7evede h&uuml;k&uuml;metin rol&uuml;, topluma &#8220;tercihler empoze etme g&uuml;c&uuml;n&uuml; ele ge\u00e7irmek olmay\u0131p, bar\u0131\u015f\u0131, anayasal d&uuml;zeni ve adaleti korumakla s\u0131n\u0131rl\u0131&#8221;d\u0131r. Bize g&ouml;re hukuk devletinin gere\u011fi siyasal iktidar\u0131 ve t&uuml;m kurumlar\u0131 yasal \u00e7er\u00e7eve ile s\u0131n\u0131rlamakt\u0131r. Ayr\u0131ca devletin ideolojik bir tercihle kendisini dogmatik bir alan olarak tan\u0131mlamas\u0131, savunulmamas\u0131 gereken bir durumdur. Asli fonksiyonlar\u0131na \u00e7ekilmi\u015f, k&uuml;\u00e7&uuml;k ama dinamik ve etkili bir devlet vatanda\u015f\u0131n\u0131 tan\u0131mlayan, bi\u00e7imlendiren, ona tercihler dayatan de\u011fil; vatanda\u015f\u0131n tan\u0131mlad\u0131\u011f\u0131, denetledi\u011fi ve \u015fekillendirdi\u011fi bir devlettir.<\/p>\n<p>&nbsp;&nbsp;&nbsp;&nbsp;&nbsp; Bize g&ouml;re, kat\u0131l\u0131mc\u0131 demokrasiden yoksun siyasal davran\u0131\u015flar, devletin sahip oldu\u011fu denetim g&uuml;c&uuml;yle, ara kurumlarda geni\u015f tahribat meydana getirmi\u015f ve &ouml;zg&uuml;rl&uuml;\u011f&uuml; b&uuml;y&uuml;k &ouml;l\u00e7&uuml;de kullan\u0131lamaz hale getirmi\u015ftir. <br \/>Bize g&ouml;re demokratik bir toplumda sivil toplum &ouml;rg&uuml;tleri b&uuml;y&uuml;k &ouml;nem ta\u015f\u0131rlar. Sivil ve &ouml;zg&uuml;rl&uuml;k\u00e7&uuml; bir ortam\u0131n olu\u015fabilmesi ve bireyin devlet kar\u015f\u0131s\u0131nda korunabilmesi buna ba\u011fl\u0131d\u0131r. AK Parti \u0130ktidar\u0131, sivil siyaseti &ouml;nemsemekte, siyasette sivil toplumun etkisine inanmaktad\u0131r.<\/font><\/span><\/p>\n<p align=\"justify\"><span style=\"FONT-SIZE: 10pt; FONT-FAMILY: Verdana\"><font face=\"tahoma,arial,helvetica,sans-serif\">&nbsp;&nbsp;&nbsp;&nbsp;&nbsp;&nbsp;&nbsp; Bizim muhafazakar kimli\u011fimizin temel felsefi ve siyasal kayg\u0131s\u0131, bireyi koruyabilecek bir aile olan toplumsal organizmay\u0131 sa\u011fl\u0131kl\u0131 ve bir arada tutabilmektir. Bize g&ouml;re bireysel &ouml;zg&uuml;rl&uuml;\u011f&uuml;n tam olarak tesis edilebilmesi bireyi soyut, silik ve siyasal iktidar kar\u015f\u0131s\u0131nda korumas\u0131z k\u0131lmaktan de\u011fil, onu toplumsal alan i\u00e7inde sivil ve sosyal olu\u015fumlarla te\u00e7hiz etmekten ge\u00e7mektedir. Toplumun ve toplumsal de\u011ferlerin korunmas\u0131 temel olmal\u0131d\u0131r. <br \/>AK Parti&#8217;nin H&uuml;k&uuml;met telakkisi, toplumun yap\u0131 ta\u015f\u0131 olan aile kurumunun sosyalle\u015ftirme misyonunu ka\u00e7\u0131n\u0131lmaz g&ouml;rmektedir. <\/p>\n<p>&nbsp;&nbsp;&nbsp;&nbsp;&nbsp;&nbsp;&nbsp;&nbsp; Ak Parti H&uuml;k&uuml;meti, k&uuml;lt&uuml;rel farkl\u0131l\u0131klar\u0131 sayg\u0131 ile kar\u015f\u0131layarak demokrasinin geli\u015fimi i\u00e7in her toplumun kendine &ouml;zg&uuml; kurumlar\u0131na sayg\u0131 g&ouml;sterilmesini savunmaktad\u0131r. Muhafazakarl\u0131k bu y&ouml;n&uuml;yle kat\u0131 ve donmu\u015f bir ideolojiden daha \u00e7ok &#8220;demokrat&#8221; bir perspektifi temsil etmektedir.. Bize g&ouml;re, demokratik siyaset zemini her t&uuml;rl&uuml; sorunun aktar\u0131ld\u0131\u011f\u0131, t&uuml;m toplumsal taleplerin yans\u0131t\u0131ld\u0131\u011f\u0131 ve do\u011fru ile yanl\u0131\u015f\u0131n kendisini test ederek d&uuml;zeltebilecekleri bir zemindir. T&uuml;rkiye toplumundaki farkl\u0131l\u0131k ve \u00e7e\u015fitlilikler de \u00e7o\u011fulcu demokrasiyi zenginle\u015ftirecek unsurlard\u0131r. <br \/>Demokrasiyi kabule \u015fayan k\u0131lan da toplumsal ve k&uuml;lt&uuml;rel farkl\u0131l\u0131klar\u0131 ve talepleri siyasete katabilmesi ve kurulu d&uuml;zeni dayatmac\u0131 ideolojik ve siyasi a\u015f\u0131r\u0131l\u0131klardan korumas\u0131d\u0131r. H&uuml;k&uuml;metimiz, demokratik k&uuml;lt&uuml;r&uuml;, siyasetinin ana unsuru olarak g&ouml;rmektedir. <\/p>\n<p>&nbsp;&nbsp;&nbsp;&nbsp;&nbsp;&nbsp; Biz gerilime yol a\u00e7an s&ouml;ylem ve &uuml;slubun T&uuml;rkiye siyasetine bir fayda sa\u011flamad\u0131\u011f\u0131n\u0131; T&uuml;rk siyasetinin \u00e7at\u0131\u015fma, kampla\u015fma ve kutupla\u015fma yerine uzla\u015f\u0131, b&uuml;t&uuml;nle\u015fme ve ho\u015fg&ouml;r&uuml; &uuml;zerine kurulmas\u0131 gerekti\u011fini d&uuml;\u015f&uuml;n&uuml;yor ve itidalin toplumun genel bir talebi oldu\u011funa inan\u0131yoruz. <\/font><\/span><\/p>\n<p align=\"justify\"><span style=\"FONT-SIZE: 10pt; FONT-FAMILY: Verdana\"><font face=\"tahoma,arial,helvetica,sans-serif\">&nbsp; &nbsp;&nbsp;&nbsp;&nbsp; Muhafazakarl\u0131k, adalete ve &ouml;zg&uuml;rl&uuml;\u011fe dayanan ideal d&uuml;nyay\u0131 &ouml;nemser, ama ona g&ouml;t&uuml;rece\u011fi umulan her t&uuml;rl&uuml; toplumsal m&uuml;hendisli\u011fi reddeder. <br \/>Her siyaset gelene\u011fi zaman t&uuml;nelinden ve tecr&uuml;be s&uuml;zgecinden ge\u00e7tikten sonra ortaya \u00e7\u0131kmakta; toplumsalla\u015fabildi\u011fi ve ger\u00e7ek hayatla s\u0131nanarak halk\u0131n kabul&uuml;ne mazhar oldu\u011fu anda kal\u0131c\u0131 olabilmektedir. Bu esasa inanan AK Parti H&uuml;k&uuml;meti, siyasal kimli\u011fiyle, T&uuml;rk siyasetinin bug&uuml;n&uuml;nde ve gelece\u011finde &uuml;lke ve millet menfaatleri \u00e7er\u00e7evesinde belirleyici olma gayretindedir. <\/font><\/span><\/p>\n<p align=\"justify\"><span style=\"FONT-SIZE: 10pt; FONT-FAMILY: Verdana\"><br \/><font face=\"tahoma,arial,helvetica,sans-serif\">&nbsp;&nbsp;&nbsp;&nbsp;&nbsp; <strong><span style=\"FONT-FAMILY: Verdana\">Say\u0131n Milletvekilleri,<\/span><\/strong><\/font><b><br \/><\/b><font face=\"tahoma,arial,helvetica,sans-serif\">&nbsp;&nbsp;&nbsp;&nbsp;&nbsp; \u00c7ok zor \u015fartlar alt\u0131nda g&ouml;reve gelmi\u015f olan birinci Ak Parti H&uuml;k&uuml;meti, yani 58. Cumhuriyet H&uuml;k&uuml;meti, de\u011ferli siyaset ve devlet adam\u0131 Say\u0131n Abdullah G&uuml;l&#8217;&uuml;n dirayetli ve basiretli ba\u015fbakanl\u0131\u011f\u0131 ile bir yandan halk\u0131m\u0131z\u0131n birikmi\u015f sorunlar\u0131na acil \u00e7&ouml;z&uuml;m ararken, di\u011fer yandan, bir daha b&ouml;ylesi sorunlarla kar\u015f\u0131la\u015fmamak &uuml;zere gerekli yap\u0131sal de\u011fi\u015fiklikleri ve reformlar\u0131 ger\u00e7ekle\u015ftirmek i\u00e7in son derece ciddi ad\u0131mlar atm\u0131\u015ft\u0131r. <br \/>Ak Parti&#8217;nin h&uuml;k&uuml;met etme mant\u0131\u011f\u0131 genel olarak devlet ve toplum aras\u0131ndaki ba\u011flar\u0131 daha g&uuml;\u00e7l&uuml; hale getirmeye, siyaset alan\u0131n\u0131 k\u0131r\u0131lganl\u0131ktan kurtarmaya, siyasetin itibar\u0131n\u0131 art\u0131rmaya ve milletin siyasete g&uuml;venini yeniden tesis etmeye ve halk\u0131n taleplerine tam olarak cevap vermeye d&ouml;n&uuml;k olarak i\u015flemektedir<br \/>Ak Parti, birinci h&uuml;k&uuml;met d&ouml;nemi, anayasal kurumlar\u0131 etkili ve verimli bir \u015fekilde i\u015fletmek, milletin hassasiyetlerine tam olarak cevap vermek ve piyasalara g&uuml;ven veren bir siyaset &uuml;retme zemininde &ouml;rnek te\u015fkil edecek bir siyasal d&ouml;nem oldu\u011fu i\u00e7in, hem milletimizin takdirlerine mazhar olmu\u015f, hem de &uuml;lkemizin d\u0131\u015f d&uuml;nyadaki itibar\u0131n\u0131, &uuml;lkemizin hak etti\u011fi d&uuml;zeye ta\u015f\u0131m\u0131\u015ft\u0131r.<br \/>Say\u0131n Ba\u015fkan, De\u011ferli Milletvekilleri,<br \/>Ak Parti&#8217;nin birinci h&uuml;k&uuml;met d&ouml;neminde oldu\u011fu gibi, ikinci h&uuml;k&uuml;met d&ouml;neminde de, yani ikinci roketleme a\u015famas\u0131nda da, T&uuml;rkiye&#8217;nin i\u00e7 siyaset kutupla\u015fmalar\u0131yla zaman kaybetmesine itibar etmeyecektir. 59. H&uuml;k&uuml;met, milletimizin talebi olan, tam demokrasi, eksiksiz temel hak ve h&uuml;rriyetler d&uuml;zeni, etkili d\u0131\u015f politika ve uluslar aras\u0131 piyasalarda rekabet g&uuml;c&uuml;ne kavu\u015fmu\u015f bir &uuml;retim yap\u0131s\u0131 talebine titizlikle cevap verilecek ve t&uuml;m politikalar bu do\u011frultuda \u015fekillendirilecektir.<\/font><\/span><\/p>\n<p align=\"justify\"><span style=\"FONT-SIZE: 10pt; FONT-FAMILY: Verdana\"><font face=\"tahoma,arial,helvetica,sans-serif\">De\u011ferli Milletvekilleri,<\/font><\/span><\/p>\n<p align=\"justify\"><span style=\"FONT-SIZE: 10pt; FONT-FAMILY: Verdana\"><font face=\"tahoma,arial,helvetica,sans-serif\">Ge\u00e7mi\u015fte uygulanan yanl\u0131\u015f politikalar y&uuml;z&uuml;nden devletin ekonomideki rol&uuml; de\u011fi\u015fen ko\u015fullara ayak uyduramam\u0131\u015f, servetin toplum kesimleri ve b&ouml;lgeler aras\u0131ndaki da\u011f\u0131l\u0131m\u0131nda adalet sa\u011flanamam\u0131\u015f ve sa\u011fl\u0131kl\u0131 bir &ouml;zelle\u015ftirme ger\u00e7ekle\u015ftirilememi\u015ftir. Ak Parti&#8217;nin 3 Kas\u0131m se\u00e7imleri ile tasfiye etti\u011fi siyaset, hantal ve merkeziyet\u00e7i yap\u0131y\u0131 korumu\u015f, kendi dar \u00e7\u0131karlar\u0131 ve T&uuml;rkiye&#8217;nin gelece\u011fini y&ouml;netme kayg\u0131s\u0131ndan uzak siyaset bi\u00e7imleri aras\u0131nda bire bir ba\u011flant\u0131lar kurmu\u015flard\u0131r.<\/font><\/span><\/p>\n<p align=\"justify\"><span style=\"FONT-SIZE: 10pt; FONT-FAMILY: Verdana\"><font face=\"tahoma,arial,helvetica,sans-serif\">Eski siyaset mant\u0131\u011f\u0131 ve k&ouml;hnemi\u015f siyasi ak\u0131l taraf\u0131ndan uygulanan ekonomi politikalar\u0131 ba\u015far\u0131s\u0131zl\u0131kla sonu\u00e7lanm\u0131\u015f, Cumhuriyet tarihinin en b&uuml;y&uuml;k ekonomik krizleri ya\u015fanm\u0131\u015f ve halk\u0131m\u0131z g&ouml;r&uuml;lmemi\u015f bir \u015fekilde yoksullu\u011fa maruz b\u0131rak\u0131lm\u0131\u015ft\u0131r. Bu ac\u0131 tablodan kurtulma iradesi, Ak Parti&#8217;nin birinci h&uuml;k&uuml;met d&ouml;nemi olan, se\u00e7kin 58. Cumhuriyet H&uuml;k&uuml;meti zaman\u0131nda ortaya \u00e7\u0131km\u0131\u015f ve milletimizin aktif deste\u011fine muhatap olmu\u015ftur.<\/font><\/span><\/p>\n<p align=\"justify\"><span style=\"FONT-SIZE: 10pt; FONT-FAMILY: Verdana\"><font face=\"tahoma,arial,helvetica,sans-serif\">H&uuml;k&uuml;metimiz, &uuml;lkemizin gen\u00e7 ve dinamik n&uuml;fusu, e\u015fsiz co\u011frafi konumu, zengin do\u011fal kaynaklar\u0131 ve engin k&uuml;lt&uuml;r birikimi ile yeni d&uuml;nyan\u0131n etkin bir &uuml;yesi olma potansiyeline sahip oldu\u011funa kesinlikle inanmakta ve b&uuml;t&uuml;n bu olup bitenleri hak etmedi\u011fini d&uuml;\u015f&uuml;nmektedir. <br \/>H&uuml;k&uuml;metimiz, d&uuml;r&uuml;st, cesur, bilgili ve ehliyetli kadrolar\u0131n &ouml;nc&uuml;l&uuml;\u011f&uuml;nde, siyaseti ve devleti yeniden milletle bulu\u015fturmak i\u00e7in kapsaml\u0131 bir programla, umut ve g&uuml;ven dolu bir gelece\u011fi yeniden tesis etmek &uuml;zere yola \u00e7\u0131km\u0131\u015ft\u0131r.<\/font><\/span><\/p>\n<p align=\"justify\"><span style=\"FONT-SIZE: 10pt; FONT-FAMILY: Verdana\"><font face=\"tahoma,arial,helvetica,sans-serif\">Y&uuml;ce Meclisimize sundu\u011fumuz bu program, uzun haz\u0131rl\u0131klar\u0131n &uuml;r&uuml;n&uuml; olarak geli\u015ftirdi\u011fimiz, &uuml;lkemizin ve d&uuml;nyan\u0131n ger\u00e7eklerinden yola \u00e7\u0131karak \u015fekillendirdi\u011fimiz, b&uuml;t&uuml;nsel bir anlay\u0131\u015f i\u00e7inde ele ald\u0131\u011f\u0131m\u0131z ve &uuml;lkemizi gelecekte lay\u0131k oldu\u011fu yere ta\u015f\u0131yaca\u011f\u0131na inand\u0131\u011f\u0131m\u0131z temel alanlardaki politikalar\u0131m\u0131z\u0131 i\u00e7ermektedir. <br \/>Milletin taleplerinin ve ma\u015feri vicdan\u0131n\u0131n yank\u0131s\u0131 haline gelmi\u015f olan Ak Parti&#8217;nin h&uuml;k&uuml;met etme mant\u0131\u011f\u0131n\u0131n bir ifadesi olmakla k\u0131van\u00e7 duyan H&uuml;k&uuml;metimiz;<br \/>&#8226; Ekonomik istikrar\u0131 sa\u011flam\u0131\u015f,<br \/>&#8226; Rekabet\u00e7i bir piyasa yap\u0131s\u0131 olu\u015fturmu\u015f,<br \/>&#8226; S&uuml;rd&uuml;r&uuml;lebilir kalk\u0131nma ortam\u0131n\u0131 yakalam\u0131\u015f ve ekonomik refah\u0131n nimetlerini adaletle da\u011f\u0131tan,<br \/>&#8226; Yoksulluk ve yolsuzlukla en etkili \u015fekilde m&uuml;cadele edilen ve t&uuml;m kamu ad\u0131na g&ouml;rev yapanlar\u0131n yarg\u0131lanabilmelerinin &ouml;n&uuml;ndeki, dokunulmazl\u0131k dahil t&uuml;m engellerin kald\u0131r\u0131ld\u0131\u011f\u0131,<br \/>&#8226; \u0130nsanlar\u0131m\u0131z\u0131n bar\u0131\u015f ve refah i\u00e7inde &ouml;zg&uuml;rce ya\u015fad\u0131\u011f\u0131,<br \/>&#8226; \u00c7a\u011fda\u015f d&uuml;nya ile b&uuml;t&uuml;nle\u015fmi\u015f, farkl\u0131l\u0131klar\u0131n \u00e7at\u0131\u015fma unsuru olarak de\u011fil zenginlik kayna\u011f\u0131 olarak g&ouml;r&uuml;ld&uuml;\u011f&uuml;,<br \/>&#8226; \u0130tibarl\u0131, demokratik, dinamik, bir millet iradesini hayata ge\u00e7irecektir.<br \/>H&uuml;k&uuml;metimizin siyasi varolu\u015f sebebi, bu vizyonu ger\u00e7ekle\u015ftirme yolunda; siyasi iktidar\u0131, anayasal \u00e7er\u00e7evede milletin talimatlar\u0131 do\u011frultusunda y&ouml;netmek olacakt\u0131r.<br \/>De\u011ferli Milletvekilleri,<br \/>Demokratik &uuml;lkelerde; hukukun evrensel ilkelerine sayg\u0131, hak arama yollar\u0131n\u0131n a\u00e7\u0131k tutulmas\u0131, kanun &ouml;n&uuml;nde e\u015fitlik, bireysel veya &ouml;rg&uuml;tl&uuml; olarak hak ve &ouml;zg&uuml;rl&uuml;klerin kullan\u0131lmas\u0131 ve idarenin hukuka ba\u011fl\u0131l\u0131\u011f\u0131n\u0131n sa\u011flanmas\u0131 temel de\u011ferlerdir. Bunlar Ak Parti&#8217;nin h&uuml;k&uuml;met etme mant\u0131\u011f\u0131n\u0131n da &#8220;olmazsa olmaz&#8221;lar\u0131d\u0131r. <\/font><\/span><\/p>\n<p align=\"justify\"><span style=\"FONT-SIZE: 10pt; FONT-FAMILY: Verdana\"><font face=\"tahoma,arial,helvetica,sans-serif\">Ak parti, kamu y&ouml;netiminde g&uuml;venin kal\u0131c\u0131 olarak tesis edilmesinin yolunun bu de\u011ferlerden ge\u00e7ti\u011fine inanmaktad\u0131r.<br \/>Hukuk ve adalet anlay\u0131\u015f\u0131m\u0131z gere\u011fi, hukukun &uuml;st&uuml;nl&uuml;\u011f&uuml; i\u00e7inde devletin, topluma ve bireylere dil, \u0131rk, renk, cinsiyet, siyasi d&uuml;\u015f&uuml;nce, felsefi inan\u00e7, din ve mezhep aidiyeti gibi sebeplerle ay\u0131r\u0131m g&ouml;zetmesi s&ouml;z konusu olmayacakt\u0131r. Bu konular etraf\u0131nda ayr\u0131mc\u0131 politikalar pe\u015finde ko\u015fanlar, kar\u015f\u0131lar\u0131nda Ak Parti H&uuml;k&uuml;meti&#8217;ni a\u015f\u0131lmaz bir engel olarak bulacaklard\u0131r.<br \/>Mevzuat\u0131m\u0131zdaki pek \u00e7ok yasak\u00e7\u0131 h&uuml;k&uuml;mler nedeniyle, &uuml;lkemiz hukuk devletinden \u00e7ok kanun devleti g&ouml;r&uuml;n&uuml;m&uuml; vermektedir. <br \/>\u0130ktidar\u0131m\u0131z s&uuml;resince t&uuml;m \u00e7al\u0131\u015fmalar\u0131m\u0131z, &uuml;lkemiz hukukunu evrensel hukuk ilkelerine uygun hale getirmek, temel hak ve &ouml;zg&uuml;rl&uuml;kler rejimini evrensel standartlara \u00e7\u0131karmak, &uuml;lkemizi ger\u00e7ek anlamda bir hukuk devleti yapmak, hukukun &uuml;st&uuml;nl&uuml;\u011f&uuml;n&uuml; hakim k\u0131lmak ve uluslararas\u0131 camiada sayg\u0131n bir yer kazand\u0131rmak olacakt\u0131r. Se\u00e7imlerden ba\u015far\u0131 ile \u00e7\u0131kar \u00e7\u0131kmaz, AB turuna \u00e7\u0131kmam\u0131z ve bu turun neticesinde &uuml;lkemizin AB&#8217;ye tam &uuml;yeli\u011fi i\u00e7in Aral\u0131k 2004 tarihine m&uuml;zakere i\u00e7in m&uuml;zakere tarihi alma ba\u015far\u0131s\u0131 g&ouml;stermemiz, bu hassasiyetlerimizin tescili olarak ortaya \u00e7\u0131km\u0131\u015ft\u0131r.<br \/>\u0130nsan haklar\u0131n\u0131n evrensel d&uuml;zeye \u00e7\u0131kar\u0131ld\u0131\u011f\u0131 ve kullan\u0131ld\u0131\u011f\u0131, hukukun &uuml;st&uuml;nl&uuml;\u011f&uuml;n&uuml;n ger\u00e7ekle\u015ftirildi\u011fi ve demokrasinin t&uuml;m kurum ve kurallar\u0131yla i\u015fledi\u011fi hukuk sistemini olu\u015fturmak i\u00e7in, iktidar\u0131m\u0131z s&uuml;resince ger\u00e7ekle\u015ftirece\u011fimiz temel d&uuml;zenlemelerden baz\u0131lar\u0131 \u015funlar olacakt\u0131r;<br \/>&#8226; Art\u0131k &uuml;lkemize dar gelen y&uuml;r&uuml;rl&uuml;kteki Anayasa yerine kat\u0131l\u0131mc\u0131 ve &ouml;zg&uuml;rl&uuml;k\u00e7&uuml; yeni bir Anayasa haz\u0131rlayaca\u011f\u0131z. Bu anayasan\u0131n haz\u0131rlanmas\u0131nda, kendi fikirlerimiz kadar, muhalefet partilerinin ve t&uuml;m toplumsal kesimlerin kat\u0131l\u0131m\u0131n\u0131 en etkin bi\u00e7imde sa\u011flama \u00e7abas\u0131 i\u00e7inde olmaya s&ouml;z veriyoruz. <br \/>&#8226; Birtak\u0131m h&uuml;k&uuml;mleri s&uuml;rekli de\u011fi\u015ftirilmek zorunda olan bir anayasa yerine, &uuml;lkemizi gelece\u011fe ta\u015f\u0131yacak bir anayasa yapmak, \u00e7ocuklar\u0131m\u0131z\u0131n gelece\u011fi ad\u0131na yerine getirmemiz gereken bir sorumluluktur. Yeni Anayasam\u0131z g&uuml;\u00e7l&uuml; bir toplumsal me\u015fruiyete sahip, ba\u015fta AB olmak &uuml;zere uluslararas\u0131 normlara uygun, bireyin hak ve &ouml;zg&uuml;rl&uuml;klerini &uuml;st&uuml;n tutan, \u00e7o\u011fulcu ve kat\u0131l\u0131mc\u0131 demokrasiyi esas alan demokratik hukuk devleti anlay\u0131\u015f\u0131n\u0131 ta\u015f\u0131yacakt\u0131r. <\/font><\/span><\/p>\n<p align=\"justify\"><span style=\"FONT-SIZE: 10pt; FONT-FAMILY: Verdana\"><br \/><font face=\"tahoma,arial,helvetica,sans-serif\">&#8226; Siyasi partileri kat\u0131l\u0131ma a\u00e7mak, halk\u0131n partiler &uuml;zerindeki denetim ve etkinli\u011fini art\u0131rmak, parti i\u00e7i demokrasiyi ve \u015feffafl\u0131\u011f\u0131 sa\u011flamak ve istikrar\u0131 bozmayacak \u015fekilde temsilde adaleti sa\u011flamak &uuml;zere Siyasi Partiler Kanunu ve Se\u00e7im Kanunlar\u0131, t&uuml;m kesimlerin &uuml;zerinde mutabakat\u0131 aranarak de\u011fi\u015ftirilecektir.<br \/>&#8226; Amac\u0131m\u0131z \u015fiddet, bask\u0131 ve su\u00e7tan ar\u0131nm\u0131\u015f, &ouml;zg&uuml;rl&uuml;klerin nimetlerinden yararlanan ve korkunun olmad\u0131\u011f\u0131 bir bar\u0131\u015f toplumu haline gelmektir. \u0130htilaflar\u0131 \u00e7\u0131kmadan &ouml;nlemek amac\u0131yla &#8220;Koruyucu Hukuk&#8221; uygulamalar\u0131 ba\u015flat\u0131lacak, ayr\u0131ca ihtilaflar\u0131n dostane yollarla \u00e7&ouml;z&uuml;mlenmesi anlay\u0131\u015f\u0131 yerle\u015ftirilecektir.<\/font><\/span><\/p>\n<p align=\"justify\"><span style=\"FONT-SIZE: 10pt; FONT-FAMILY: Verdana\"><font face=\"tahoma,arial,helvetica,sans-serif\">&#8226; T&uuml;rk Ceza Kanunu, T&uuml;rk Ticaret Kanunu, \u0130cra \u0130flas Kanunu ve \u0130\u015f Kanunu gibi temel kanunlar\u0131m\u0131z \u00e7a\u011fda\u015f geli\u015fmeler ve AB normlar\u0131 dikkate al\u0131narak g&uuml;ncelle\u015ftirilecektir. Bu kanunlar\u0131n bir b&ouml;l&uuml;m&uuml; Meclis&#8217;e sevk edilmi\u015ftir, bir b&ouml;l&uuml;m&uuml; de y\u0131l sonuna haz\u0131r olacakt\u0131r. 59. H&uuml;k&uuml;met d&ouml;neminde, 58 H&uuml;k&uuml;met d&ouml;neminde yap\u0131lan \u00e7al\u0131\u015fmalar\u0131n yol g&ouml;stericili\u011finde ilerlenece\u011finden, etkili bir \u015fekilde sonu\u00e7 almak daha da kolay olacakt\u0131r.<\/font><\/span><\/p>\n<p align=\"justify\"><span style=\"FONT-SIZE: 10pt; FONT-FAMILY: Verdana\"><br \/><font face=\"tahoma,arial,helvetica,sans-serif\">Say\u0131n Milletvekilleri,<br \/>Adalet sisteminin i\u015fleyi\u015fi konusunda, hukuk devleti prensibi ile tam uyumlu bir g&ouml;r&uuml;nt&uuml; verdi\u011fimiz s&ouml;ylenemez. Adalet sistemi \u00e7ok yava\u015f i\u015flemekte, bu durum adalete g&uuml;ven duygusunu zay\u0131flatmaktad\u0131r. Vatanda\u015flar\u0131m\u0131z kimi zaman haklar\u0131n\u0131 mahkemelerde aramak yerine &#8220;ihk\u00e2k-\u0131 hakka&#8221; kalk\u0131\u015fmakta, ya da yarg\u0131 d\u0131\u015f\u0131 organizasyonlar\u0131 devreye sokmakta veya umutsuz bir \u015fekilde hak aramaktan vazge\u00e7erek haks\u0131zl\u0131\u011fa boyun e\u011fmektedir. Tam ve zaman\u0131nda adaletin tesisi i\u00e7in, gereken her t&uuml;rl&uuml; d&uuml;zenleme yap\u0131lacakt\u0131r.<\/font><\/span><\/p>\n<p align=\"justify\"><span style=\"FONT-SIZE: 10pt; FONT-FAMILY: Verdana\"><font face=\"tahoma,arial,helvetica,sans-serif\">&#8226; Adliyeler, \u00e7a\u011f\u0131n geli\u015fmelerine ve hizmetin gereklerine uygun bir \u015fekilde modern ara\u00e7 ve gere\u00e7lerle donat\u0131lacakt\u0131r. Mahkemelerin elektronik ar\u015fiv imkanlar\u0131ndan yararlanmas\u0131 sa\u011flanarak gerekli bilgi ve belgeler ile emsal kararlara zaman\u0131nda eri\u015fim m&uuml;mk&uuml;n hale getirilecek, yarg\u0131 organlar\u0131 aras\u0131nda kurulacak bir bilgi a\u011f\u0131 ile adli sistemi bilgi toplumuna ta\u015f\u0131yacak bir d&uuml;zen olu\u015fturulacakt\u0131r. Bu \u00e7er\u00e7evede haz\u0131rlanan Ulusal Yarg\u0131 A\u011f\u0131 Projesi (UYAP) y\u0131l sonunda tamamlanacakt\u0131r. <\/font><\/span><\/p>\n<p align=\"justify\"><span style=\"FONT-SIZE: 10pt; FONT-FAMILY: Verdana\"><font face=\"tahoma,arial,helvetica,sans-serif\">Konuya g&ouml;sterdi\u011fimiz hassasiyetin bir sonucu olarak, Adalet Bakanl\u0131\u011f\u0131 b&uuml;t\u00e7esi i\u00e7indeki en b&uuml;y&uuml;k &ouml;denek bu kaleme ayr\u0131lm\u0131\u015ft\u0131r.<br \/>&#8226; \u0130nfaz mevzuat\u0131 \u00e7a\u011fda\u015f normlara uygun hale getirilecek, modern bir &ouml;rg&uuml;tlenme, yeterli say\u0131da personel ve fiziki imkanlar\u0131n sa\u011flanmas\u0131yla ceza ve tutukevlerinin sorunlar\u0131 \u00e7&ouml;z&uuml;lecektir. <br \/>De\u011ferli Milletvekilleri,<br \/>Kamu y&ouml;netimi sistemimizin \u00e7a\u011fda\u015f bir y&ouml;netim anlay\u0131\u015f\u0131na uygun bir yap\u0131ya kavu\u015fturulmas\u0131 gerekmektedir. H&uuml;k&uuml;metimiz bu d&ouml;n&uuml;\u015f&uuml;m&uuml; sa\u011flamak kararl\u0131l\u0131\u011f\u0131ndad\u0131r. Bu kapsamda;<br \/>Merkeziyet\u00e7i ve hantal yap\u0131lar\u0131n a\u015f\u0131lmas\u0131 bak\u0131m\u0131ndan;<br \/>Kat\u0131l\u0131mc\u0131 ve \u00e7o\u011fulcu demokrasi ve y&ouml;netimde etkinlik ilkeleri do\u011frultusunda, H&uuml;k&uuml;metimiz d&ouml;neminde kapsaml\u0131 bir yerel y&ouml;netim reformu ger\u00e7ekle\u015ftirilecektir.<br \/>&#8226; Ulusal &ouml;ncelikler ile yerel farkl\u0131l\u0131klar bar\u0131\u015ft\u0131r\u0131larak kamu hizmetlerinin yerinden kar\u015f\u0131lanmas\u0131 temel ilke olacak, merkezi y&ouml;netim taraf\u0131ndan y&uuml;r&uuml;t&uuml;lmesi zorunlu olmayan hizmetler, kaynaklar\u0131yla birlikte yerel y&ouml;netimlere devredilecektir.<br \/>&#8226; Yerel d&uuml;zeyde demokratikle\u015fmeye &ouml;nem verilecek, se\u00e7imlerle olu\u015fan yerel organlar &uuml;zerindeki merkezi idarenin denetimi, hukuka uygunluk denetimi ile s\u0131n\u0131rland\u0131r\u0131lacakt\u0131r.<br \/>&#8226; Yerel Y&ouml;netim Reformu \u00e7er\u00e7evesinde, merkezi idare ile yerel idareler aras\u0131nda g&ouml;rev, yetki ve kaynak payla\u015f\u0131m\u0131, &uuml;niter devlet anlay\u0131\u015f\u0131m\u0131za dayal\u0131 olarak, etkinlik, verimlilik ve \u00e7a\u011fda\u015f y&ouml;netim ilkelerine uygun olarak yeniden belirlenecektir.<br \/>\u0130l \u0130dareleri yeniden yap\u0131land\u0131r\u0131larak;<br \/>&#8226; Bakanl\u0131klar\u0131n ta\u015fradaki g&ouml;rev ve yetkileri, Valiliklere ve \u0130l &Ouml;zel \u0130darelerine devredilecektir. <br \/>Yerel tercihler dikkate al\u0131narak, sa\u011fl\u0131k, e\u011fitim, k&uuml;lt&uuml;r, sosyal yard\u0131mla\u015fma, turizm, \u00e7evre, k&ouml;y hizmetleri, tar\u0131m, hayvanc\u0131l\u0131k, imar ve ula\u015f\u0131m hizmetlerinin il d&uuml;zeyinde kar\u015f\u0131lanmas\u0131 sa\u011flanacakt\u0131r.<br \/>&#8226; &#8220;Devlette Genel Kurumsal G&ouml;zden Ge\u00e7irme&#8221; \u00e7al\u0131\u015fmas\u0131 yap\u0131larak, bakanl\u0131klar\u0131n say\u0131s\u0131 ve &ouml;l\u00e7ekleri, ilgili ve ba\u011fl\u0131 kurulu\u015flar ile di\u011fer kamu kurulu\u015flar\u0131n\u0131n bir b&uuml;t&uuml;n olarak g&ouml;revleri yeniden tan\u0131mlanacakt\u0131r.<\/font><\/span><\/p>\n<p align=\"justify\"><span style=\"FONT-SIZE: 10pt; FONT-FAMILY: Verdana\"><br \/><font face=\"tahoma,arial,helvetica,sans-serif\">&#8226; Merkezi y&ouml;netimdeki gereksiz kurulu\u015flar elenecek, benzer i\u015flevler g&ouml;ren yap\u0131lar birle\u015ftirilecek ve kurulu\u015f i\u00e7i y&ouml;netim kademeleri azalt\u0131larak i\u015flemler basitle\u015ftirilecektir. Bu konuda ba\u015flat\u0131lm\u0131\u015f \u00e7al\u0131\u015fmalar s&uuml;ratle tamamlanacakt\u0131r.<br \/>Toplumsal denetim ve kat\u0131l\u0131m\u0131n art\u0131r\u0131lmas\u0131 bak\u0131m\u0131ndan;<br \/>&#8226; Kamu alan\u0131ndaki &#8220;s\u0131r&#8221; kavram\u0131n\u0131n yeni ve \u00e7a\u011fda\u015f bir anlay\u0131\u015fla ele al\u0131nmas\u0131 gerekmektedir. Ak Parti&#8217;nin h&uuml;k&uuml;met etme d&ouml;neminde, &#8220;s\u0131r&#8221; kavram\u0131, bilgi edinme hakk\u0131 lehine k\u0131s\u0131tlanacakt\u0131r.<\/font><\/span><\/p>\n<p align=\"justify\"><span style=\"FONT-SIZE: 10pt; FONT-FAMILY: Verdana\"><br \/><font face=\"tahoma,arial,helvetica,sans-serif\">&#8226; Bilgi edinme hakk\u0131, toplumun b&uuml;t&uuml;n kesimlerine yayg\u0131nla\u015ft\u0131r\u0131lacak ve bunu sa\u011flamak i\u00e7in &#8220;Vatanda\u015f\u0131n Bilgi Edinme Hakk\u0131 Kanunu&#8221; \u00e7\u0131kar\u0131lacakt\u0131r. Bu kanunun tasla\u011f\u0131 haz\u0131rd\u0131r ve Ak Parti&#8217;nin kat\u0131l\u0131mc\u0131 siyaset anlay\u0131\u015f\u0131 \u00e7er\u00e7evesinde vatanda\u015flar\u0131m\u0131z\u0131n bilgisine, ele\u015ftirilerine ve katk\u0131lar\u0131na a\u00e7\u0131lm\u0131\u015ft\u0131r.<br \/>&#8226; Yeni bilgi ve ileti\u015fim teknolojilerinden yararlan\u0131larak, kamu kurulu\u015flar\u0131n\u0131n hizmet ve i\u015flemleri halka duyurulacak, y&ouml;netimde \u015feffafl\u0131k sa\u011flanacakt\u0131r.<\/font><\/span><\/p>\n<p align=\"justify\"><span style=\"FONT-SIZE: 10pt; FONT-FAMILY: Verdana\"><font face=\"tahoma,arial,helvetica,sans-serif\">&#8226; Kamuda verimlili\u011fin art\u0131r\u0131lmas\u0131 ve \u015feffafl\u0131\u011f\u0131n sa\u011flanmas\u0131 i\u00e7in hizmet birimlerinin, parlamentoya ve kamuoyuna performans raporu sunmalar\u0131 y&ouml;n&uuml;nde \u00e7al\u0131\u015fmalar ba\u015flat\u0131lacakt\u0131r.<br \/>K\u0131rtasiyecilik, \u015fekilcilik ve verimsizli\u011fin azalt\u0131lmas\u0131 bak\u0131m\u0131ndan;<br \/>&#8226; Vatanda\u015fa do\u011frudan hizmet sa\u011flayan alanlarda mevzuat ve idari usuller sadele\u015ftirilecektir.<br \/>&#8226; Kamu kurulu\u015flar\u0131nda bilgi ve ileti\u015fim teknolojileri azami &ouml;l\u00e7&uuml;de kullan\u0131larak, e-Devlet uygulamas\u0131 yayg\u0131nla\u015ft\u0131r\u0131lacakt\u0131r. <br \/>&#8226; Yat\u0131r\u0131mc\u0131n\u0131n &ouml;n&uuml;ndeki b&uuml;rokratik engeller kald\u0131r\u0131lacak, m&uuml;kerrer belge ve bilgi talepleri &ouml;nlenecektir.<br \/>&Ouml;rg&uuml;tsel b&uuml;y&uuml;me ve hantall\u0131\u011f\u0131n giderilmesi bak\u0131m\u0131ndan;<br \/>&#8226; Kamu personeli e\u011fitilecek, ge\u00e7ici ve nitelik gerektirmeyen i\u015fler i\u00e7in ilave personel al\u0131m\u0131 &ouml;nlenecektir.<br \/>&#8226; Kurulu\u015f i\u00e7i, kurulu\u015flar aras\u0131 ve b&ouml;lgeler aras\u0131 personel da\u011f\u0131l\u0131m\u0131 yeniden d&uuml;zenlenerek, vatanda\u015fa do\u011frudan hizmet verilen noktalardaki personel a\u00e7\u0131\u011f\u0131 giderilecektir.<br \/>Kay\u0131rmac\u0131l\u0131\u011f\u0131n ve yozla\u015fman\u0131n &ouml;nlenmesi bak\u0131m\u0131ndan;<br \/>&#8226; Personel al\u0131m\u0131nda objektif kriterler getirilecek, terfilerde liyakat ve f\u0131rsat e\u015fitli\u011fi esas al\u0131nacakt\u0131r.<br \/>&#8226; Ulusal d&uuml;zeyde &#8220;Ekonomik ve Sosyal Konsey&#8221; etkin olarak \u00e7al\u0131\u015ft\u0131r\u0131lacak, b&ouml;lgesel ve yerel d&uuml;zeyde &ouml;zel kesimin ve sivil toplum &ouml;rg&uuml;tlerinin kamu y&ouml;neticileri ve siyasi yetkililer ile bir araya gelece\u011fi benzeri yap\u0131lar geli\u015ftirilerek yayg\u0131nla\u015ft\u0131r\u0131lacakt\u0131r. Uzun zaman boyunca toplanmayan Ekonomik ve Sosyal Konsey&#8217;in, 58. H&uuml;k&uuml;metimiz d&ouml;neminde toplanmas\u0131, s&ouml;ylediklerimizin en ciddi kan\u0131t\u0131d\u0131r.<br \/>De\u011ferli Milletvekilleri,<br \/>Merkezi idare reformuna Ba\u015fbakanl\u0131ktan ba\u015flanm\u0131\u015f olup, Ba\u015fbakanl\u0131\u011fa ba\u011fl\u0131 kurulu\u015flar, ilgili icrac\u0131 bakanl\u0131klara devredilmi\u015f ve Ba\u015fbakanl\u0131k &ouml;nemli oranda icrac\u0131 bir bakanl\u0131k olmaktan \u00e7\u0131kar\u0131lm\u0131\u015ft\u0131r. Ba\u015fbakan&#8217;a yard\u0131mc\u0131 olacak Devlet Bakanlar\u0131n\u0131n say\u0131s\u0131 azalt\u0131lm\u0131\u015f ve b&ouml;ylece Bakanlar Kurulu verimlilik esas\u0131na g&ouml;re te\u015fekk&uuml;l ettirilmi\u015ftir. Bu do\u011frultuda baz\u0131 ad\u0131mlar\u0131 yak\u0131n zamanda atmaya devam edece\u011fimizi, kamuoyuna buradan duyuruyorum.<br \/>H&uuml;k&uuml;metimizin reformist yap\u0131s\u0131n\u0131 ortaya koyan bu ilk icraatlar, toplumun geni\u015f kesimlerinde takdir g&ouml;rm&uuml;\u015f ve piyasalarda g&uuml;venin olu\u015fumuna katk\u0131da bulunmu\u015ftur. Bu \u00e7er\u00e7evede, <br \/>&#8226; Ekonomi y&ouml;netimi tek bir \u00e7at\u0131 alt\u0131nda toplanacakt\u0131r. Bununla ilgili yasal d&uuml;zenleme ger\u00e7ekle\u015ftirilecekir. <br \/>&#8226; Mevcut Hizmet Bakanl\u0131klar\u0131n\u0131n say\u0131s\u0131, &ouml;l\u00e7&uuml;leri, ilgili ve ba\u011fl\u0131 kurulu\u015flar bir b&uuml;t&uuml;n olarak ele al\u0131nacak, merkezi idare reformunun en &ouml;nemli uygulamas\u0131 olarak bakanl\u0131klar\u0131n g&ouml;rev ve yetkileri yeniden tan\u0131mlanacakt\u0131r.<\/font><\/span><\/p>\n<p align=\"justify\"><span style=\"FONT-SIZE: 10pt; FONT-FAMILY: Verdana\"><font face=\"tahoma,arial,helvetica,sans-serif\">Say\u0131n Ba\u015fkan,<br \/>De\u011ferli Milletvekilleri, <\/font><\/span><\/p>\n<p align=\"justify\"><span style=\"FONT-SIZE: 10pt; FONT-FAMILY: Verdana\"><font face=\"tahoma,arial,helvetica,sans-serif\">T&uuml;rkiye ekonomisi sentetik bir g&ouml;r&uuml;n&uuml;m sunmakta ve zay\u0131f olarak yap\u0131land\u0131r\u0131lm\u0131\u015f kurumsal bir sisteme sahip bulunmaktad\u0131r. Son &uuml;\u00e7 y\u0131l i\u00e7inde &uuml;\u00e7 defa &uuml;\u00e7er y\u0131ll\u0131k ekonomik program\u0131n uygulamaya konulmu\u015f olmas\u0131, genel olarak bu programlar\u0131n hedeflerine ula\u015f\u0131lamad\u0131\u011f\u0131n\u0131 g&ouml;stermi\u015ftir. Zay\u0131f ekonomik performans\u0131n nedenleri aras\u0131nda ahlaki riziko, tutars\u0131z tercihler ve hatal\u0131 kaynak kullan\u0131m\u0131, \u015foklara duyarl\u0131l\u0131k ve a\u00e7\u0131kl\u0131k, etkinli\u011fi azalm\u0131\u015f d&uuml;zenleme-denetim ve yapt\u0131r\u0131m mekanizmalar\u0131 &ouml;n s\u0131ralarda yer almaktad\u0131r. <\/font><\/span><\/p>\n<p align=\"justify\"><span style=\"FONT-SIZE: 10pt; FONT-FAMILY: Verdana\"><font face=\"tahoma,arial,helvetica,sans-serif\">Tutarl\u0131 ve sinerjik bir sonu\u00e7 &uuml;retemeyen kaotik programlar, reformlar ve d&uuml;zenlemeler; enflasyon oran\u0131, faiz oran\u0131 ve d&ouml;viz kuru aras\u0131ndaki dengenin kaybolmas\u0131; b&uuml;y&uuml;k boyutlarda &uuml;retim ve katma de\u011fer kayb\u0131na yol a\u00e7an ve etkin \u015fekilde organize olamayan sanayi, tar\u0131m ve hizmet sekt&ouml;r&uuml;; ulusal sermayenin ihmal edilmesi; yat\u0131r\u0131m s&uuml;re\u00e7lerinde &ouml;nemli d&uuml;\u015f&uuml;\u015fler; makul ve s&uuml;rd&uuml;r&uuml;lebilir b&uuml;t\u00e7e ve d\u0131\u015f ticaret dengelerinin kurulamamas\u0131; i\u00e7 ve d\u0131\u015f bor\u00e7 y&uuml;k&uuml;n&uuml;n a\u015f\u0131r\u0131 \u015fekilde artmas\u0131; derin ekonomik krizler son d&ouml;nem ekonomi y&ouml;netimlerinin &uuml;retti\u011fi ekonomik, sosyal ve siyasal maliyetleri olduk\u00e7a y&uuml;ksek sonu\u00e7lar do\u011furmu\u015ftur. <\/font><\/span><\/p>\n<p align=\"justify\"><span style=\"FONT-SIZE: 10pt; FONT-FAMILY: Verdana\"><font face=\"tahoma,arial,helvetica,sans-serif\">Bu sonu\u00e7, ekonomide rakamsal fakt&ouml;rler yan\u0131nda, sosyal dinamiklerin de ihmal edilemeyecek &ouml;neme sahip oldu\u011funu g&ouml;stermektedir. S&ouml;z konusu s&uuml;re\u00e7te T&uuml;rkiye&#8217; nin sosyal sermayesinin de tahrip edildi\u011fini belirtmek gerekir. En &ouml;nemli neden g&uuml;ven ve istikrar ortam\u0131n\u0131n kaybolmas\u0131d\u0131r. Ekonomik birimlere kaybolan g&uuml;veni kazand\u0131rmak ve siyasetin itibar\u0131n\u0131 yeniden tesis etmek amac\u0131yla, politik karar s&uuml;re\u00e7lerinde etkinli\u011fi art\u0131r\u0131c\u0131 d&uuml;zenlemelere ve uygulamalara a\u011f\u0131rl\u0131k verilecektir. Bu \u00e7er\u00e7evede;<\/font><\/span><\/p>\n<p align=\"justify\"><span style=\"FONT-SIZE: 10pt; FONT-FAMILY: Verdana\"><font face=\"tahoma,arial,helvetica,sans-serif\">&#8226; Toplumun istek ve arzular\u0131 politik s&uuml;rece do\u011frudan yans\u0131t\u0131lacak,<br \/>&#8226; \u015eeffafl\u0131k ve hesap verilebilirlik uygulamaya konulacak,<br \/>&#8226; \u0130lan edilen politikalar g&uuml;\u00e7l&uuml; bir siyasi irade ile desteklenecek,<br \/>&#8226; Anla\u015fmalara ba\u011fl\u0131l\u0131k ve evrensel standartlar devlet taahh&uuml;tlerinin devam\u0131nda temel kriter olacakt\u0131r.<\/font><\/span><\/p>\n<p align=\"justify\"><span style=\"FONT-SIZE: 10pt; FONT-FAMILY: Verdana\"><font face=\"tahoma,arial,helvetica,sans-serif\">H&uuml;k&uuml;metimiz toplumdan ald\u0131\u011f\u0131 yetki \u00e7er\u00e7evesinde, <\/font><\/span><\/p>\n<p align=\"justify\"><span style=\"FONT-SIZE: 10pt; FONT-FAMILY: Verdana\"><font face=\"tahoma,arial,helvetica,sans-serif\">&#8226; demokratik piyasa toplumu ve ekonomisi,<br \/>&#8226; etkin ve \u015feffaf mali ve finansal sistem, <br \/>&#8226; Ahlaki de\u011ferlere sahip bir b&uuml;rokrasi, <br \/>&#8226; evrensel standartta d&uuml;zenleme, denetleme ve yapt\u0131r\u0131m sistemi, <br \/>&#8226; rekabet, etkinlik, verimlilik ve alternatif maliyetlerinin &ouml;nemli g&ouml;stergeler olarak i\u015flev g&ouml;rd&uuml;\u011f&uuml; ekonomik ortam<\/font><\/span><\/p>\n<p align=\"justify\"><span style=\"FONT-SIZE: 10pt; FONT-FAMILY: Verdana\"><font face=\"tahoma,arial,helvetica,sans-serif\">olu\u015fturmay\u0131 &ouml;n planda tutacakt\u0131r. <\/font><\/span><\/p>\n<p align=\"justify\"><span style=\"FONT-SIZE: 10pt; FONT-FAMILY: Verdana\"><font face=\"tahoma,arial,helvetica,sans-serif\">H&uuml;k&uuml;metimiz, enflasyonu tek haneli rakamlara indirmek, kamu bor\u00e7 stokunu d&uuml;\u015f&uuml;rmek, y&uuml;ksek ve istikrarl\u0131 bir b&uuml;y&uuml;me performans\u0131na ula\u015fmak i\u00e7in y&uuml;r&uuml;rl&uuml;kteki ekonomik program\u0131n aksayan ve yetersiz b&ouml;l&uuml;mlerini de dikkate alarak toplumumuzun deste\u011fini alacak yeni bir ekonomik program uygulayacakt\u0131r. <\/font><\/span><\/p>\n<p align=\"justify\"><span style=\"FONT-SIZE: 10pt; FONT-FAMILY: Verdana\"><font face=\"tahoma,arial,helvetica,sans-serif\">Ekonomi y&ouml;netimi, halk\u0131n beklentilerini ve devletin taahh&uuml;tlerini dikkate alarak genel bir vizyon ve misyon olu\u015fturacakt\u0131r. Bu \u00e7er\u00e7evede, ekonomik ba\u015far\u0131 i\u00e7in yap\u0131lmas\u0131 gerekenlerden, \u00e7ok yap\u0131lmamas\u0131 gerekenler &ouml;nem kazanmaktad\u0131r. H&uuml;k&uuml;metimiz bu \u00e7er\u00e7evede;<\/font><\/span><\/p>\n<p align=\"justify\"><span style=\"FONT-SIZE: 10pt; FONT-FAMILY: Verdana\"><font face=\"tahoma,arial,helvetica,sans-serif\">&#8226; Ekonomik birimler aras\u0131ndaki dengeyi bozacak haks\u0131z karar ve eylemler, <br \/>&#8226; Yanl\u0131\u015f, hatal\u0131, eksik veri ve bilgi sunumu, bilgi saklama,<br \/>&#8226; Ekonomik faaliyette bulunma hak ve &ouml;zg&uuml;rl&uuml;\u011f&uuml;n&uuml;n ortadan kald\u0131r\u0131lmas\u0131, <br \/>&#8226; Evrensel \u00e7er\u00e7evede risk-getiri ili\u015fkisinden uzak ekonomik ve finansal faaliyetler<br \/>&#8226; Kamu imkan ve kaynaklar\u0131n\u0131n &ouml;zel ama\u00e7 ve menfaatler i\u00e7in kullan\u0131m\u0131, <br \/>&#8226; Makro ve mikro \u00e7er\u00e7evede yarat\u0131c\u0131 rekabetin ihmal edilmesi<br \/>&#8226; Ki\u015filik haklar\u0131na y&ouml;nelik sald\u0131r\u0131 ve iftira<\/font><\/span><\/p>\n<p align=\"justify\"><span style=\"FONT-SIZE: 10pt; FONT-FAMILY: Verdana\"><font face=\"tahoma,arial,helvetica,sans-serif\">gibi hususlar\u0131n do\u011fmas\u0131 ve geli\u015fmesine imkan vermeyen bir ortam\u0131n olu\u015fmas\u0131na &ouml;zel &ouml;nem verecektir. B&ouml;yle bir ortamda, konjonkt&uuml;rel problemlerin yap\u0131sal sorunlara d&ouml;n&uuml;\u015f ihtimali de &ouml;nemli &ouml;l\u00e7&uuml;de azalacakt\u0131r.<\/font><\/span><\/p>\n<p align=\"justify\"><span style=\"FONT-SIZE: 10pt; FONT-FAMILY: Verdana\"><br \/><font face=\"tahoma,arial,helvetica,sans-serif\">De\u011ferli Milletvekilleri,<\/font><\/span><\/p>\n<p align=\"justify\"><span style=\"FONT-SIZE: 10pt; FONT-FAMILY: Verdana\"><font face=\"tahoma,arial,helvetica,sans-serif\">Se\u00e7im beyannamemiz ve 58. H&uuml;k&uuml;met Program\u0131ndaki yakla\u015f\u0131mlar \u0131\u015f\u0131\u011f\u0131nda ekonominin mevcut durumu ve muhtemel gelece\u011fini de\u011ferlendirerek, H&uuml;k&uuml;metimiz a\u015fa\u011f\u0131daki &ouml;ncelikleri belirlemi\u015ftir:<\/font><\/span><\/p>\n<p align=\"justify\"><span style=\"FONT-SIZE: 10pt; FONT-FAMILY: Verdana\"><font face=\"tahoma,arial,helvetica,sans-serif\">&#8226; Ekonominin rehabilitasyon ve restorasyonu s&uuml;recini tamamlamak, <br \/>&#8226; Ekonomik b&uuml;y&uuml;meyi yeniden ba\u015flatmak <br \/>&#8226; Fakirlik ve i\u015fsizli\u011fi azaltmak<br \/>&#8226; Evrensel kurallar, \u00e7a\u011fda\u015f standartlar ve etkin uygulama anlam\u0131nda devleti ve kurumlar\u0131n\u0131 g&ouml;rev, yetki ve sorumluluk a\u00e7\u0131s\u0131ndan yeniden yap\u0131land\u0131rmak ve \u015fekillendirmek <br \/>&#8226; B&uuml;rokrasiyi azaltmak, <br \/>&#8226; Yolsuzluk ve su\u00e7 i\u015fleme e\u011filimini engelleyici d&uuml;zenlemeler yapmak<br \/>&#8226; AB&#8217; ye &uuml;ye olma s&uuml;recini h\u0131zland\u0131rmak ve sonu\u00e7land\u0131rmak<br \/>&#8226; B&ouml;lgesel ekonomik g&uuml;\u00e7 ve b&ouml;lgesel finans merkezi olma imkan\u0131 sa\u011flayacak ortam\u0131 haz\u0131rlamak<\/font><\/span><\/p>\n<p align=\"justify\"><span style=\"FONT-SIZE: 10pt; FONT-FAMILY: Verdana\"><font face=\"tahoma,arial,helvetica,sans-serif\">Genel yakla\u015f\u0131mlar ve makro-parasal dengeleri y&ouml;netmeye odakla\u015fma kadar, H&uuml;k&uuml;metimiz do\u011frudan reel ekonomiye ve vatanda\u015flar\u0131n ihtiya\u00e7lar\u0131na a\u00e7\u0131k pragmatik uygulamalar\u0131 da benimseyecektir. GSMH&#8217; da reel ve s&uuml;rd&uuml;r&uuml;lebilir b&uuml;y&uuml;me ile vatanda\u015flar\u0131n hayat standard\u0131n\u0131 art\u0131rmay\u0131 sa\u011flayan ekonomik politikalara a\u011f\u0131rl\u0131k verilecektir. <\/font><\/span><\/p>\n<p align=\"justify\"><span style=\"FONT-SIZE: 10pt; FONT-FAMILY: Verdana\"><font face=\"tahoma,arial,helvetica,sans-serif\">Yat\u0131r\u0131m olmaks\u0131z\u0131n ekonomik b&uuml;y&uuml;me ve ekonomik b&uuml;y&uuml;me olmaks\u0131z\u0131n s&uuml;rd&uuml;r&uuml;lebilir ekonomik politika &uuml;retilemez. Ulusal ekonominin yeniden g&uuml;\u00e7lendirilmesini ama\u00e7layan stratejik &ouml;nceli\u011fimiz, ulusal sermayenin daha fazla kat\u0131l\u0131m\u0131n\u0131 sa\u011flayarak ve do\u011frudan yabanc\u0131 sermayeyi te\u015fvik ederek yat\u0131r\u0131m oran\u0131n\u0131 art\u0131rmakt\u0131r. <br \/>Bu amaca uygun makroekonomik politikalar geli\u015ftirilecek ve uygulanacakt\u0131r. Bunun yan\u0131nda, 58. h&uuml;k&uuml;metin genel \u00e7er\u00e7evesini olu\u015fturdu\u011fu yat\u0131r\u0131m ortam\u0131n\u0131n iyile\u015ftirilmesi projesine de &ouml;zel &ouml;nem verilecektir. <\/font><\/span><\/p>\n<p align=\"justify\"><span style=\"FONT-SIZE: 10pt; FONT-FAMILY: Verdana\"><font face=\"tahoma,arial,helvetica,sans-serif\">Yat\u0131r\u0131m ortam\u0131n\u0131n iyile\u015ftirilmesi, etkin ve amaca uygun yap\u0131sal reformlar, sanayi ve enerji sekt&ouml;r&uuml;n&uuml;n yeniden yap\u0131land\u0131r\u0131lmas\u0131 ve modernize edilmesi, tar\u0131m sekt&ouml;r&uuml;n&uuml;n yeniden canland\u0131r\u0131lmas\u0131, g\u0131da sekt&ouml;r&uuml;n&uuml;n modernizasyonu, ormanc\u0131l\u0131\u011f\u0131n geli\u015ftirilmesi, kamusal i\u015fler ve konut sekt&ouml;r&uuml;n&uuml;n geli\u015ftirilmesi, altyap\u0131n\u0131n rehabilitasyonu ve ula\u015f\u0131m\u0131n modernizasyonu, ileti\u015fim ve enformasyon teknolojisinin geli\u015ftirilmesi, turizmin g&uuml;\u00e7lendirilmesi ve turizm sekt&ouml;r&uuml;nde &uuml;r&uuml;n ve hizmetlerin farkl\u0131la\u015ft\u0131r\u0131lmas\u0131, su kaynaklar\u0131n\u0131n etkin y&ouml;netimi, \u00e7evrenin korunmas\u0131, KOB\u0130&#8217; lerin ve kooperatiflerin desteklenmesi, &ouml;zelle\u015ftirme s&uuml;recinin \u015feffaf ve etkin ger\u00e7ekle\u015ftirilmesi, finansal hizmetler sekt&ouml;r&uuml;n&uuml;n yeniden yap\u0131land\u0131r\u0131lmas\u0131, yabanc\u0131 sermayenin te\u015fvik edilmesi ve ihracat\u0131n art\u0131r\u0131lmas\u0131 yoluyla sa\u011flanacakt\u0131r. <br \/>H&uuml;k&uuml;metimizin misyonu, stratejik amac\u0131 ve vizyonu, yeni y&uuml;zy\u0131l toplumunun temellerini atmak, yeni y&uuml;zy\u0131l\u0131n sade, g&uuml;\u00e7l&uuml; ve etkin devletini olu\u015fturmakt\u0131r. Bunun i\u00e7in halk\u0131m\u0131z\u0131n kendisine hizmet eden devlet talebini kar\u015f\u0131lamaya y&ouml;nelik yap\u0131lanmaya a\u011f\u0131rl\u0131k verilecektir. <\/font><\/span><\/p>\n<p align=\"justify\"><span style=\"FONT-SIZE: 10pt; FONT-FAMILY: Verdana\"><font face=\"tahoma,arial,helvetica,sans-serif\">&#8220;\u015eimdi, daha fazla &uuml;retme, \u00e7al\u0131\u015fma ve i\u015f yapma zaman\u0131&#8221; prensibi, reel sekt&ouml;r vizyonumuzun ve plan\u0131m\u0131z\u0131n temel karakteri olacakt\u0131r. H&uuml;k&uuml;metimizin &ouml;nemli &ouml;nceliklerinden biri, i\u015fsizlikle m&uuml;cadele ederek herkesin hayat standard\u0131n\u0131 y&uuml;kseltmek ve mutlu bir T&uuml;rkiye olu\u015fturmakt\u0131r. Uygulamaya konulacak politikalarla i\u015f imkanlar\u0131n\u0131n art\u0131r\u0131lmas\u0131, ihracat\u00e7\u0131lar i\u00e7in yeni piyasalar\u0131n kazan\u0131lmas\u0131, b&ouml;lgesel ili\u015fkilerin canland\u0131r\u0131lmas\u0131, reel sekt&ouml;r alt yap\u0131s\u0131n\u0131n yenilenmesi i\u00e7in &uuml;lkemizin sahip oldu\u011fu imkanlar geni\u015fletilecektir. <\/font><\/span><\/p>\n<p align=\"justify\"><span style=\"FONT-SIZE: 10pt; FONT-FAMILY: Verdana\"><font face=\"tahoma,arial,helvetica,sans-serif\">Reel sekt&ouml;r politikas\u0131, b&uuml;y&uuml;menin &uuml;\u00e7 &ouml;nemli unsurunu dikkate alarak olu\u015fturulacakt\u0131r. Bunlar, yenilikler, yat\u0131r\u0131mlar ve ihracatt\u0131r. <\/font><\/span><\/p>\n<p align=\"justify\"><span style=\"FONT-SIZE: 10pt; FONT-FAMILY: Verdana\"><font face=\"tahoma,arial,helvetica,sans-serif\">Reel sekt&ouml;r&uuml;n kar\u015f\u0131la\u015ft\u0131\u011f\u0131 sorunlar, sekt&ouml;r temsilcilerinden gelen &ouml;ncelikler ve &ouml;neriler \u0131\u015f\u0131\u011f\u0131nda, sekt&ouml;r odakl\u0131, esnek ve sekt&ouml;re uygun reformlar ile olu\u015fturulmu\u015f eylem planlar\u0131 ile \u00e7&ouml;z&uuml;lecektir. Eylem planlar\u0131n\u0131n yap\u0131s\u0131 ve i\u00e7eri\u011fi, T&uuml;rkiye&#8217; yi b&ouml;lgenin s&uuml;permarketi yapma ve bunu s&uuml;rd&uuml;rme mant\u0131\u011f\u0131na dayand\u0131r\u0131lacakt\u0131r. <br \/>&#8230;.<br \/>H&uuml;k&uuml;metimizin finans sekt&ouml;r&uuml; vizyonu, T&uuml;rkiye&#8217;nin b&ouml;lgesel finans merkezi olarak tercih edilebilirli\u011fini art\u0131r\u0131c\u0131 ortam\u0131 g&uuml;\u00e7lendirmektir. Finans sekt&ouml;r&uuml;nde rekabetin ve etkinli\u011fin iyile\u015ftirilmesi, b&ouml;lgenin finansal &uuml;r&uuml;n ve hizmet talebini kar\u015f\u0131lamada &ouml;nemli avantaj sa\u011flayacak, T&uuml;rk ekonomisinin uluslararas\u0131 rekabetinin artmas\u0131na &ouml;nemli destek sunacakt\u0131r. <br \/>De\u011ferli Milletvekilleri,<\/font><\/span><\/p>\n<p align=\"justify\"><span style=\"FONT-SIZE: 10pt; FONT-FAMILY: Verdana\"><font face=\"tahoma,arial,helvetica,sans-serif\">Ekonomik program\u0131m\u0131z\u0131n ana unsurlar\u0131;<\/font><\/span><\/p>\n<p align=\"justify\"><span style=\"FONT-SIZE: 10pt; FONT-FAMILY: Verdana\"><font face=\"tahoma,arial,helvetica,sans-serif\">&#8226; makroekonomik istikrar, <br \/>&#8226; mikroekonomik liberalle\u015fme ve <br \/>&#8226; d\u0131\u015fa a\u00e7\u0131lmad\u0131r. <\/font><\/span><\/p>\n<p align=\"justify\"><span style=\"FONT-SIZE: 10pt; FONT-FAMILY: Verdana\"><font face=\"tahoma,arial,helvetica,sans-serif\">Bu yakla\u015f\u0131m\u0131n do\u011fal sonucu olarak, H&uuml;k&uuml;metimiz b&ouml;lgesel ve yerel ekonomi havzalar\u0131 olu\u015fturma, mevcut olanlar\u0131n etkinli\u011fini artt\u0131rmaya y&ouml;nelik politikalar &uuml;retecek ve uygulamaya koyacakt\u0131r.<\/font><\/span><\/p>\n<p align=\"justify\"><span style=\"FONT-SIZE: 10pt; FONT-FAMILY: Verdana\"><font face=\"tahoma,arial,helvetica,sans-serif\">H&uuml;k&uuml;metimizin ekonomik reform programlar\u0131, genel \u00e7er\u00e7evede a\u015fa\u011f\u0131daki standart politika demetini i\u00e7ermektedir. <\/font><\/span><\/p>\n<p align=\"justify\"><span style=\"FONT-SIZE: 10pt; FONT-FAMILY: Verdana\"><font face=\"tahoma,arial,helvetica,sans-serif\">Mali disiplin, mali a\u00e7\u0131klar\u0131n ekonomik istikrars\u0131zl\u0131\u011fa neden olmayacak &ouml;l\u00e7ekte ve s&uuml;rd&uuml;r&uuml;lebilir yap\u0131da tutularak sa\u011flanacakt\u0131r. <\/font><\/span><\/p>\n<p align=\"justify\"><span style=\"FONT-SIZE: 10pt; FONT-FAMILY: Verdana\"><font face=\"tahoma,arial,helvetica,sans-serif\">Kamu harcamalar\u0131nda &ouml;ncelikler ekonomik getirisi y&uuml;ksek ve gelir da\u011f\u0131l\u0131m\u0131n\u0131 art\u0131r\u0131c\u0131 alanlara g&ouml;re belirlenecektir.<\/font><\/span><\/p>\n<p align=\"justify\"><span style=\"FONT-SIZE: 10pt; FONT-FAMILY: Verdana\"><font face=\"tahoma,arial,helvetica,sans-serif\">Vergi reformu ile vergi taban\u0131 geni\u015fletilecek ve marjinal vergi oranlar\u0131 uygun seviyelere indirilecektir.<\/font><\/span><\/p>\n<p align=\"justify\"><span style=\"FONT-SIZE: 10pt; FONT-FAMILY: Verdana\"><font face=\"tahoma,arial,helvetica,sans-serif\">Finansal liberalle\u015fme ile finansal &uuml;r&uuml;n ve hizmet fiyatlar\u0131n\u0131n piyasa taraf\u0131ndan i\u00e7 ve d\u0131\u015f ko\u015fullar\u0131 yans\u0131tacak \u015fekilde belirlenmesine imkan sa\u011flayan ortam olu\u015fturulacakt\u0131r.<\/font><\/span><\/p>\n<p align=\"justify\"><span style=\"FONT-SIZE: 10pt; FONT-FAMILY: Verdana\"><font face=\"tahoma,arial,helvetica,sans-serif\">D&ouml;viz kurlar\u0131n\u0131n ekonominin nispi dengelerini yans\u0131tacak, ihracat\u00e7\u0131lara destek verecek ve rekabet g&uuml;\u00e7lerinin kaybolmas\u0131n\u0131 engelleyecek \u015fekilde olu\u015fmas\u0131na imkan sa\u011flayan ortam olu\u015fturulacakt\u0131r.<\/font><\/span><\/p>\n<p align=\"justify\"><span style=\"FONT-SIZE: 10pt; FONT-FAMILY: Verdana\"><font face=\"tahoma,arial,helvetica,sans-serif\">Ticari liberalle\u015fme ile d\u0131\u015f ticaretin mallar ve &uuml;lkeler baz\u0131nda uluslar aras\u0131 standartlar \u00e7er\u00e7evesinde geli\u015fimi sa\u011flanacakt\u0131r. \u0130hracata y&ouml;nelik d&uuml;zenlemelere a\u011f\u0131rl\u0131k verilecektir.<\/font><\/span><\/p>\n<p align=\"justify\"><span style=\"FONT-SIZE: 10pt; FONT-FAMILY: Verdana\"><font face=\"tahoma,arial,helvetica,sans-serif\">Do\u011frudan yabanc\u0131 yat\u0131r\u0131mlar\u0131n giri\u015fine imkan sa\u011flanacak, d&uuml;zenlemelerin yerli ve yabanc\u0131 firmalar\u0131n e\u015fit ko\u015fullarda rekabet etmesi i\u00e7in uygun ortam sa\u011flanacakt\u0131r.<\/font><\/span><\/p>\n<p align=\"justify\"><span style=\"FONT-SIZE: 10pt; FONT-FAMILY: Verdana\"><font face=\"tahoma,arial,helvetica,sans-serif\">&Ouml;zelle\u015ftirme ekonomik faaliyet icra eden kamu kurum ve kurulu\u015flar\u0131 piyasa ko\u015fullar\u0131nda &ouml;zel sekt&ouml;re aktar\u0131lmas\u0131 olarak ele al\u0131nacakt\u0131r.<\/font><\/span><\/p>\n<p align=\"justify\"><span style=\"FONT-SIZE: 10pt; FONT-FAMILY: Verdana\"><font face=\"tahoma,arial,helvetica,sans-serif\">Yasal d&uuml;zenlemeler yoluyla rekabeti engelleyen k\u0131s\u0131tlamalar kald\u0131r\u0131lacak, \u00e7evreyi koruma ve etkin d&uuml;zenleme ve denetim ger\u00e7ekle\u015ftirilecektir.<\/font><\/span><\/p>\n<p align=\"justify\"><span style=\"FONT-SIZE: 10pt; FONT-FAMILY: Verdana\"><font face=\"tahoma,arial,helvetica,sans-serif\">Sermaye ve m&uuml;lkiyet haklar\u0131n\u0131n korunmas\u0131n\u0131 sa\u011flayacak evrensel hukuk\u00ee \u00e7er\u00e7eve olu\u015fturulacakt\u0131r. <\/font><\/span><\/p>\n<p align=\"justify\"><span style=\"FONT-SIZE: 10pt; FONT-FAMILY: Verdana\"><font face=\"tahoma,arial,helvetica,sans-serif\">Reformlara ili\u015fkin politikalar, global ekonomiye entegrasyon kadar, T&uuml;rkiye ekonomisinin yap\u0131s\u0131 ve ihtiya\u00e7lar\u0131 dikkate al\u0131narak uygulamaya konulacakt\u0131r. <\/font><\/span><\/p>\n<p align=\"justify\"><span style=\"FONT-SIZE: 10pt; FONT-FAMILY: Verdana\"><font face=\"tahoma,arial,helvetica,sans-serif\">De\u011ferli Milletvekilleri,<\/font><\/span><\/p>\n<p align=\"justify\"><span style=\"FONT-SIZE: 10pt; FONT-FAMILY: Verdana\"><font face=\"tahoma,arial,helvetica,sans-serif\">Reel faiz oran\u0131-b&uuml;y&uuml;me oran\u0131-kamu bor\u00e7 stokunun GSY\u0130H&#8217; ya oran\u0131-faiz d\u0131\u015f\u0131 fazla oran\u0131-para arz\u0131 art\u0131\u015f oran\u0131 dengesi, mevcut ko\u015fullarda &ouml;zel bir &ouml;nem ta\u015f\u0131maktad\u0131r. <br \/>Bu denge, makroekonomik ortam\u0131n istikrar\u0131n\u0131 do\u011frudan etkiledi\u011fi i\u00e7in, ekonominin gerekleri \u0131\u015f\u0131\u011f\u0131nda kurulacak ve korunacakt\u0131r. Devletin bor\u00e7 ve y&uuml;k&uuml;ml&uuml;l&uuml;\u011f&uuml;, ilgili kurum ve kurulu\u015flar aras\u0131nda ger\u00e7ekle\u015ftirilecek ortak strateji ve e\u015fg&uuml;d&uuml;m ile y&ouml;netilecektir.<\/font><\/span><\/p>\n<p align=\"justify\"><span style=\"FONT-SIZE: 10pt; FONT-FAMILY: Verdana\"><font face=\"tahoma,arial,helvetica,sans-serif\">S&uuml;rd&uuml;r&uuml;lebilir b&uuml;y&uuml;me oranlar\u0131na ula\u015fmay\u0131 kolayla\u015ft\u0131ran makroekonomik istikrar i\u00e7in en &ouml;nemli ko\u015fullardan biri mali disiplindir. Maliye Politikas\u0131n\u0131n temel &ouml;nceli\u011fi mali disiplinin , bu \u00e7er\u00e7evede faizd\u0131\u015f\u0131 fazlan\u0131n, sa\u011flanmas\u0131na verilecektir. Daha fazla kamu geliri i\u00e7in daha y&uuml;ksek b&uuml;y&uuml;me oranlar\u0131na ula\u015fmay\u0131 kolayla\u015ft\u0131r\u0131c\u0131 d&uuml;zenlemelere a\u011f\u0131rl\u0131k verilecektir. <\/font><\/span><\/p>\n<p align=\"justify\"><span style=\"FONT-SIZE: 10pt; FONT-FAMILY: Verdana\"><font face=\"tahoma,arial,helvetica,sans-serif\">Vergi reformu, verimlili\u011fe odakl\u0131 ve b&uuml;y&uuml;meyi te\u015fvik edici yap\u0131 i\u00e7inde ger\u00e7ekle\u015ftirilecektir. Kalite, alternatif maliyetler ve kamu y&ouml;netiminde etkinlik kamu harcamalar\u0131n\u0131n y&ouml;n ve \u015feklini belirleyecektir. <br \/>Yurti\u00e7i kaynak ve imkanlar\u0131 kullanabilecek projelerde yabanc\u0131 fon ve kaynak kullan\u0131lmayacakt\u0131r. Kamu bor\u00e7 y&ouml;netiminde prensip, bor\u00e7 y&uuml;k&uuml;n&uuml; en aza indirmektir. Bu \u00e7er\u00e7evede ana kural, s&ouml;zle\u015fmelere ba\u011fl\u0131l\u0131k ve piyasa kurallar\u0131 olacakt\u0131r. Kamu bor\u00e7lar\u0131n\u0131n \u015feffaf ve etkin y&ouml;netimine a\u011f\u0131rl\u0131k verilecektir.<\/font><\/span><\/p>\n<p align=\"justify\"><span style=\"FONT-SIZE: 10pt; FONT-FAMILY: Verdana\"><font face=\"tahoma,arial,helvetica,sans-serif\">&Ouml;zelle\u015ftirmenin temel amac\u0131, ekonomide serbest piyasan\u0131n daha iyi i\u015flemesi i\u00e7in gerekli ko\u015fullar\u0131n olu\u015fumunu sa\u011flamak, etkinlik ve verimlili\u011fi art\u0131rmakt\u0131r. Piyasa ekonomisinde kamunun iktisadi rol&uuml;, piyasa mekanizmas\u0131n\u0131n iyi \u00e7al\u0131\u015fmas\u0131 i\u00e7in gerekli d&uuml;zenleyici ve denetleyici mekanizmalar\u0131 olu\u015fturmakt\u0131r. <\/font><\/span><\/p>\n<p align=\"justify\"><span style=\"FONT-SIZE: 10pt; FONT-FAMILY: Verdana\"><font face=\"tahoma,arial,helvetica,sans-serif\">K\u0130T&#8217;lerin &ouml;zelle\u015ftirilmesinde kararl\u0131 olan H&uuml;k&uuml;metimiz, &ouml;zelle\u015ftirme s&uuml;re\u00e7 ve uygulamalar\u0131n\u0131 h\u0131zland\u0131rmaya y&ouml;nelik politikalar\u0131n\u0131 olu\u015fturacak ve gerekli tedbirleri alacakt\u0131r.<br \/>&Ouml;zelle\u015ftirmeye gerekli &ouml;nem verilecek ve &ouml;zelle\u015ftirme hukukuna ve y&ouml;netimine evrensel standart getirilecektir.<\/font><\/span><\/p>\n<p align=\"justify\"><span style=\"FONT-SIZE: 10pt; FONT-FAMILY: Verdana\"><font face=\"tahoma,arial,helvetica,sans-serif\">Temel parasal ve finansal g&ouml;stergelerin, i\u00e7 ve d\u0131\u015f piyasa ko\u015fullar\u0131n\u0131 yans\u0131tacak \u015fekilde olu\u015fmas\u0131na imkan verecek para ve finans politikas\u0131 geli\u015ftirilecektir. Merkez Bankas\u0131 ve finans sekt&ouml;r&uuml;n&uuml;n d&uuml;zenleme ve denetiminden sorumlu &uuml;st kurullar\u0131n &uuml;stlendikleri rol ve fonksiyonu yerine getirecek ba\u011f\u0131ms\u0131zl\u0131\u011fa sahip olmas\u0131 &ouml;n planda tutulacakt\u0131r.<\/font><\/span><\/p>\n<p align=\"justify\"><span style=\"FONT-SIZE: 10pt; FONT-FAMILY: Verdana\"><font face=\"tahoma,arial,helvetica,sans-serif\">Makro politikalar\u0131 olu\u015fturma yetkisi h&uuml;k&uuml;metlerde kalmak \u015fart\u0131yla, ba\u011f\u0131ms\u0131z ve &ouml;zerk kurumlar ve kurullar d&uuml;zenleme ve denetleme i\u015flevini s&uuml;rd&uuml;recek; &ouml;zerk kurumlar\u0131n kamuoyuna, h&uuml;k&uuml;mete ve T&uuml;rkiye B&uuml;y&uuml;k Millet Meclisi&#8217;ne d&uuml;zenli bilgi vermeleri sa\u011flanacakt\u0131r. Ayr\u0131ca bu kurum ve kurulu\u015flar\u0131n evrensel standartta denetimleri yap\u0131lacakt\u0131r.<\/font><\/span><\/p>\n<p align=\"justify\"><span style=\"FONT-SIZE: 10pt; FONT-FAMILY: Verdana\"><font face=\"tahoma,arial,helvetica,sans-serif\">Finans sekt&ouml;r&uuml;n&uuml;n &ouml;deme mekanizmas\u0131 olu\u015fturma, servet biriktirmeye yard\u0131mc\u0131 olma ve finansal g&uuml;vence sunma rol ve fonksiyonu uluslararas\u0131 standartlara y&uuml;kseltilecektir. Bu \u00e7er\u00e7evede, rekabet derecesine, ekonomik birimlerin ihtiya\u00e7lar\u0131na uygun finansal &uuml;r&uuml;n ve\/veya hizmet sunabilme yetene\u011fine, fon toplama ve fon kulland\u0131rma s&uuml;reci ya da mekanizmas\u0131na evrensel i\u00e7erik ve kalite kazand\u0131r\u0131lacakt\u0131r. Sekt&ouml;r&uuml;n uluslararas\u0131 standartta kurumsal ve fonksiyonel bazda derinle\u015fmesi sa\u011flanacakt\u0131r. Finans sekt&ouml;r&uuml;nde zaman zaman ortaya \u00e7\u0131kan k&ouml;t&uuml; y&ouml;netimlerin topluma maliyet y&uuml;klemesini &ouml;nleyici tedbirler al\u0131nacakt\u0131r.<\/font><\/span><\/p>\n<p align=\"justify\"><span style=\"FONT-SIZE: 10pt; FONT-FAMILY: Verdana\"><font face=\"tahoma,arial,helvetica,sans-serif\">Ekonominin uluslar aras\u0131 rekabet g&uuml;c&uuml;n&uuml;n art\u0131r\u0131lmas\u0131, d\u0131\u015f ticaret dengesi ve cari dengenin makul seviyelerde tutulmas\u0131 etkin \u015fekilde haz\u0131rlanm\u0131\u015f d\u0131\u015f sekt&ouml;r politikalar\u0131 ile sa\u011flanacakt\u0131r. Bu ba\u011flamda, daha aktif ticaret ve sanayi politikalar\u0131, vergi d&uuml;zenlemeleri, b&uuml;rokrasinin azalt\u0131lmas\u0131 ve konuyla ilgili kamu y&ouml;netiminde kurumsal yeniden yap\u0131lanma faaliyetlerine a\u011f\u0131rl\u0131k verilecektir. <br \/>B&ouml;lgesel ticaret ve iki yanl\u0131 ticari faaliyetlere imkan veren ortam olu\u015fturulacakt\u0131r. Stratejik konuma sahip geli\u015fen ekonomiler ile ili\u015fkiler art\u0131r\u0131lacakt\u0131r. Markala\u015fma ve kalite art\u0131\u015f\u0131 &ouml;zendirilecektir. Yerli sermayenin ve &uuml;retimin b&ouml;lgesel ve uluslar aras\u0131 konuma gelmesi desteklenecektir. Stratejik sekt&ouml;rler belirlenerek geli\u015fmelerini ve d\u0131\u015fa a\u00e7\u0131lmalar\u0131n\u0131 sa\u011flay\u0131c\u0131 altyap\u0131 olu\u015fturulacakt\u0131r.<\/font><\/span><\/p>\n<p align=\"justify\"><span style=\"FONT-SIZE: 10pt; FONT-FAMILY: Verdana\"><font face=\"tahoma,arial,helvetica,sans-serif\">De\u011ferli Milletvekilleri,<\/font><\/span><\/p>\n<p align=\"justify\"><span style=\"FONT-SIZE: 10pt; FONT-FAMILY: Verdana\"><font face=\"tahoma,arial,helvetica,sans-serif\">Mikro ekonomik politikalar genel olarak iki alanda yo\u011funla\u015ft\u0131r\u0131lacakt\u0131r. Bunlar;<\/font><\/span><\/p>\n<p align=\"justify\"><span style=\"FONT-SIZE: 10pt; FONT-FAMILY: Verdana\"><font face=\"tahoma,arial,helvetica,sans-serif\">&#8226; T&uuml;rkiye ekonomisinin dinamiklerini ortaya \u00e7\u0131karma ve harekete ge\u00e7irmeye y&ouml;nelik uygulamalar,<\/font><\/span><\/p>\n<p align=\"justify\"><span style=\"FONT-SIZE: 10pt; FONT-FAMILY: Verdana\"><font face=\"tahoma,arial,helvetica,sans-serif\">&#8226; Yeni y&uuml;zy\u0131ldaki geli\u015fmeler a\u00e7\u0131s\u0131ndan &ouml;nem kazanan kurumlar\u0131n g&uuml;\u00e7lendirilmesidir.<\/font><\/span><\/p>\n<p align=\"justify\"><span style=\"FONT-SIZE: 10pt; FONT-FAMILY: Verdana\"><font face=\"tahoma,arial,helvetica,sans-serif\">&Uuml;lkemizde iktisadi ve sosyal yap\u0131m\u0131z\u0131n omurgas\u0131 olan &uuml;retim, istihdam ve katma de\u011ferin olu\u015fturulmas\u0131nda &ouml;nemli katk\u0131lar sa\u011flayan esnaf ve sanatkarlar\u0131m\u0131z \u00e7ok y&ouml;nl&uuml; olarak desteklenecektir.<\/font><\/span><\/p>\n<p align=\"justify\"><span style=\"FONT-SIZE: 10pt; FONT-FAMILY: Verdana\"><font face=\"tahoma,arial,helvetica,sans-serif\">T&uuml;rk ekonomisinin dinamiklerini ortaya \u00e7\u0131karma ve harekete ge\u00e7irmeye y&ouml;nelik uygulamalar; KOB\u0130&#8217; lerin ve risk sermayesi \u015firketlerinin te\u015fvik edilmesini, stratejik ve &ouml;nceli\u011fi belirlenmi\u015f teknolojik kalk\u0131nma modellerinin desteklenmesini ve istihdama ili\u015fkin tedbirleri i\u00e7ermektedir. <\/font><\/span><\/p>\n<p align=\"justify\"><span style=\"FONT-SIZE: 10pt; FONT-FAMILY: Verdana\"><font face=\"tahoma,arial,helvetica,sans-serif\">Bu \u00e7er\u00e7evede, sekt&ouml;r, &uuml;niversite ve devlet aras\u0131nda i\u015fbirli\u011fini g&uuml;\u00e7lendiren, yarat\u0131c\u0131 AR-GE faaliyetlerinin etkinli\u011fi art\u0131r\u0131lacakt\u0131r. Ayr\u0131ca, KOB\u0130&#8217; ler i\u00e7in &ouml;zel destek sistemi kurulacak, istihdam yarat\u0131c\u0131 ortam olu\u015fturulacak ve i\u015fsiz insanlar\u0131m\u0131z i\u00e7in alternatif \u00e7&ouml;z&uuml;mler geli\u015ftirilecektir. <br \/>Yeni y&uuml;z y\u0131ldaki geli\u015fmelere uygun kurumlar\u0131n g&uuml;\u00e7lendirilmesini i\u00e7eren politikalar ile T&uuml;rkiye ekonomisini canland\u0131racak ve geli\u015ftirecek uygun kurumlar\u0131 g&uuml;\u00e7lendirilecek, toplum hayat\u0131yla ve kilit elektronik ve bili\u015fim altyap\u0131 sistemlerinin stratejik ve &ouml;ncelikleri belirlenmi\u015f bir \u00e7er\u00e7evede kalitesi y&uuml;kseltilecektir. <\/font><\/span><\/p>\n<p align=\"justify\"><span style=\"FONT-SIZE: 10pt; FONT-FAMILY: Verdana\"><font face=\"tahoma,arial,helvetica,sans-serif\">Ayr\u0131ca, h&uuml;k&uuml;metimiz b&ouml;lgesel kalk\u0131nmaya &ouml;nem verecek, bunun i\u00e7in sosyal altyap\u0131lar g&uuml;\u00e7lendirilecektir. Do\u011fal afetlere kar\u015f\u0131 uygun tedbirler al\u0131nacakt\u0131r. Kamu \u00e7al\u0131\u015fma alan\u0131nda, fayda-maliyet analizi ve di\u011fer y&ouml;ntemlerle etkinlik ve \u015feffafl\u0131k art\u0131r\u0131lacakt\u0131r. Bu \u00e7er\u00e7evede hayat\u0131 kolayla\u015ft\u0131ran altyap\u0131 hizmetlerinin sa\u011flanmas\u0131 ve kalitesinin art\u0131r\u0131lmas\u0131na, elektronik ve bili\u015fim altyap\u0131 sistemlerinin yenilenmesine, enformasyon teknolojilerinin adaptasyonuna, \u00e7evre dostu sosyo-ekonomik yap\u0131lar\u0131n olu\u015fturulmas\u0131na, kamu g&uuml;ven ve huzurunun sa\u011flanmas\u0131na, b&ouml;lgesel i\u015fbirli\u011finin g&uuml;\u00e7lendirilmesine &ouml;zel &ouml;nem verilecektir. <\/font><\/span><\/p>\n<p align=\"justify\"><span style=\"FONT-SIZE: 10pt; FONT-FAMILY: Verdana\"><font face=\"tahoma,arial,helvetica,sans-serif\">De\u011ferli milletvekilleri,<\/font><\/span><\/p>\n<p align=\"justify\"><span style=\"FONT-SIZE: 10pt; FONT-FAMILY: Verdana\"><font face=\"tahoma,arial,helvetica,sans-serif\">Ekonomide olumlu sinerjik bir ortam olu\u015fturmak b&uuml;y&uuml;k &ouml;l\u00e7&uuml;de, yo\u011fun ve karma\u015f\u0131k ili\u015fkilere sahip ekonomik yap\u0131da ileri ve geri ba\u011flant\u0131lar\u0131n sa\u011fl\u0131kl\u0131 \u015fekilde belirlenmesine buna y&ouml;nelik politikalar &uuml;retilmesine ba\u011fl\u0131 bulunmaktad\u0131r. <\/font><\/span><\/p>\n<p align=\"justify\"><span style=\"FONT-SIZE: 10pt; FONT-FAMILY: Verdana\"><font face=\"tahoma,arial,helvetica,sans-serif\">Toplumsal imkan ve kaynaklar ekonomik performans\u0131 m&uuml;mk&uuml;n olan en y&uuml;ksek d&uuml;zeye \u00e7\u0131karmak amac\u0131yla en etkin \u015fekilde kullan\u0131lacakt\u0131r. Bu \u00e7er\u00e7evede kamu birimlerinin organizasyonu ve kamusal mal ve hizmet &uuml;retim s&uuml;re\u00e7lerinde bir dizi iyile\u015ftirme yap\u0131lacakt\u0131r. <\/font><\/span><\/p>\n<p align=\"justify\"><span style=\"FONT-SIZE: 10pt; FONT-FAMILY: Verdana\"><font face=\"tahoma,arial,helvetica,sans-serif\">Kamunun sundu\u011fu mal ve hizmetlerde maliyetler, &uuml;retim d&uuml;zeyi ve toplumsal tercihler aras\u0131ndaki ili\u015fkiye, kaynaklar\u0131n daha verimli bir \u015fekilde kullan\u0131m\u0131na &ouml;zel &ouml;nem verilecektir. <br \/>Ekonominin i\u00e7 ve d\u0131\u015f performans\u0131n\u0131 art\u0131rmak amac\u0131yla tutarl\u0131 ve do\u011fru olarak form&uuml;le edilmi\u015f, alternatif maliyetleri detayl\u0131 bir \u015fekilde belirlenmi\u015f ekonomik politikalar uygulanacakt\u0131r.<\/font><\/span><\/p>\n<p align=\"justify\"><span style=\"FONT-SIZE: 10pt; FONT-FAMILY: Verdana\"><font face=\"tahoma,arial,helvetica,sans-serif\">58. h&uuml;k&uuml;met d&ouml;neminde, H&uuml;k&uuml;met Program\u0131&#8217;nda yer alan ve Acil Eylem Plan\u0131 kapsam\u0131nda y&uuml;r&uuml;t&uuml;len karar ve uygulamalara devam edilecektir. <\/font><\/span><\/p>\n<p align=\"justify\"><span style=\"FONT-SIZE: 10pt; FONT-FAMILY: Verdana\"><font face=\"tahoma,arial,helvetica,sans-serif\">Tar\u0131m sekt&ouml;r&uuml;nde verimlili\u011fin ve &uuml;retimin art\u0131r\u0131lmas\u0131, &uuml;retici gelirlerinin istikrara kavu\u015fturulmas\u0131, bu kesime y&ouml;nelik te\u015fviklerin rasyonel kullan\u0131lmas\u0131, hayvanc\u0131l\u0131k potansiyelinin yeniden canland\u0131r\u0131lmas\u0131 ve en &uuml;st d&uuml;zeye \u00e7\u0131kar\u0131lmas\u0131, ulusal ormanc\u0131l\u0131k politikas\u0131 do\u011frultusunda uzun vadeli bir ana plan haz\u0131rlanarak, gerekli destek ve te\u015fviklerin sa\u011flanmas\u0131 temel amac\u0131m\u0131zd\u0131r. Alternatif &uuml;r&uuml;n projesi ile &uuml;retimin i\u00e7 ve d\u0131\u015f Pazar talebine g&ouml;re y&ouml;nlendirilmesi sa\u011flanacakt\u0131r. <\/font><\/span><\/p>\n<p align=\"justify\"><span style=\"FONT-SIZE: 10pt; FONT-FAMILY: Verdana\"><font face=\"tahoma,arial,helvetica,sans-serif\">Tar\u0131m, Ormanc\u0131l\u0131k ve Hayvanc\u0131l\u0131k &uuml;r&uuml;nlerinin d&uuml;nya piyasalar\u0131na arz\u0131 te\u015fvik edilecek, sekt&ouml;r&uuml;n kendi-kendine yeterlili\u011fine destek verilerek yoksullu\u011fun ortadan kald\u0131r\u0131lmas\u0131na a\u011f\u0131rl\u0131k verilecek, karma ve alternatif tar\u0131msal &uuml;retim metotlar\u0131 te\u015fvik edilerek, tar\u0131m sekt&ouml;r&uuml;nde \u00e7e\u015fitlenme ve farkl\u0131la\u015fma sa\u011flanacak, tar\u0131m sekt&ouml;r&uuml;ne daha rekabet\u00e7i yap\u0131 kazand\u0131rmak amac\u0131yla, piyasa fiyatlar\u0131na duyarl\u0131 &uuml;retim sistemlerinin olu\u015fmas\u0131na imkan sa\u011flanacakt\u0131r. Sekt&ouml;r&uuml;n piyasa yap\u0131s\u0131n\u0131n g&uuml;\u00e7lendirilmesi i\u00e7in gerekli yasal ve kurumsal d&uuml;zenlemeler yap\u0131lacakt\u0131r. <\/font><\/span><\/p>\n<p align=\"justify\"><span style=\"FONT-SIZE: 10pt; FONT-FAMILY: Verdana\"><font face=\"tahoma,arial,helvetica,sans-serif\">Tar\u0131m sekt&ouml;r&uuml; politikalar\u0131, istihdam ve sosyal politikalar olarak ele al\u0131nacak, katma de\u011fer art\u0131\u015f\u0131na odakl\u0131 destek ve te\u015fvikler sa\u011flanacakt\u0131r. GAP bir b&uuml;t&uuml;n olarak de\u011ferlendirilecek ve toprak reformu ile birlikte b&ouml;lgenin ekonomik alt yap\u0131s\u0131 yeniden planlanacak ve sonu\u00e7land\u0131r\u0131lacakt\u0131r. GAP idaresi bu b&ouml;lgeye nakledilecektir.<br \/>Ulusal kalk\u0131nma hedefleri ve stratejileri \u0131\u015f\u0131\u011f\u0131nda sanayinin yeniden yap\u0131land\u0131rma s&uuml;reci h\u0131zland\u0131r\u0131lacakt\u0131r. Hedef end&uuml;strilerin &ouml;nceliklerinin belirlenmesinde mevcut olanaklar ve kapasiteler, end&uuml;striyel yetenekler, piyasa f\u0131rsatlar\u0131 ve uzun d&ouml;nem rekabet olas\u0131l\u0131\u011f\u0131 g&ouml;z &ouml;n&uuml;nde bulundurulacakt\u0131r. Patent, marka ve end&uuml;striyel tasar\u0131mlarla ilgili haklar korunacak ve s\u0131nai m&uuml;lkiyet alan\u0131nda yap\u0131lacak yat\u0131r\u0131mlar desteklenecektir. Ayr\u0131ca, organize sanayi b&ouml;lgeleri, nitelikli sanayi b&ouml;lgeleri ve k&uuml;\u00e7&uuml;k sanayi sitelerine gereken &ouml;nem verilecektir. <\/font><\/span><\/p>\n<p align=\"justify\"><span style=\"FONT-SIZE: 10pt; FONT-FAMILY: Verdana\"><font face=\"tahoma,arial,helvetica,sans-serif\">B&ouml;lgesel sanayinin rekabet derecesi iyile\u015ftirilecek ve standartlar\u0131 art\u0131r\u0131lacakt\u0131r. Ekonominin d\u0131\u015fa a\u00e7\u0131lmas\u0131nda ve &ouml;demeler dengesinin olumlu y&ouml;nde bir trend izlemesinde, imalat sanayinin uluslararas\u0131 mal ve hizmet ticaretindeki performans\u0131 b&uuml;y&uuml;k &ouml;nem ta\u015f\u0131maktad\u0131r. <\/font><\/span><\/p>\n<p align=\"justify\"><span style=\"FONT-SIZE: 10pt; FONT-FAMILY: Verdana\"><br \/><font face=\"tahoma,arial,helvetica,sans-serif\">\u0130malat sanayinin d\u0131\u015f rekabet g&uuml;c&uuml;n&uuml;n art\u0131r\u0131lmas\u0131, mukayeseli avantajlar, alternatif maliyetler, ticaret hadleri ve serbest ticaretin rol&uuml; ve &ouml;nemi dikkate al\u0131narak de\u011ferlendirilecektir. Bu \u00e7er\u00e7evede sorunun demokratik piyasa ko\u015fullar\u0131nda \u00e7&ouml;z&uuml;m&uuml;ne a\u011f\u0131rl\u0131k verilecektir. B&uuml;y&uuml;k sanayi kurulu\u015flar\u0131n\u0131n yurtd\u0131\u015f\u0131nda faaliyette bulunarak rekabet g&uuml;\u00e7lerini d\u0131\u015f piyasalara ta\u015f\u0131malar\u0131 te\u015fvik edilecektir. <\/font><\/span><\/p>\n<p align=\"justify\"><span style=\"FONT-SIZE: 10pt; FONT-FAMILY: Verdana\"><font face=\"tahoma,arial,helvetica,sans-serif\">T&uuml;rkiye, tarihi ve k&uuml;lt&uuml;rel birikimiyle, farkl\u0131 do\u011fal g&uuml;zellikleri ve misafirperver insanlar\u0131yla b&uuml;y&uuml;k bir turizm potansiyeline sahiptir. H&uuml;k&uuml;metimiz, T&uuml;rkiye&#8217;nin bu potansiyelinin tamam\u0131n\u0131 turizmin hizmetine sunmak i\u00e7in bilin\u00e7li \u00e7al\u0131\u015fma yap\u0131lmas\u0131 gerekti\u011fine inanmaktad\u0131r. T&uuml;rkiye&#8217;de turizm gelirlerinin art\u0131r\u0131lmas\u0131 ve turistik b&ouml;lgelerin \u00e7e\u015fitlendirilmesi d&uuml;nyadaki ekonomik, sosyal, k&uuml;lt&uuml;rel geli\u015fmelerin yak\u0131ndan izlenmesine ve turizm potansiyelimizin etkin bir bi\u00e7imde tan\u0131t\u0131m\u0131na ba\u011fl\u0131d\u0131r. <br \/>Bir turizm &uuml;lkesi olarak &#8220;T&uuml;rkiye&#8221; markas\u0131n\u0131n olu\u015fturulmas\u0131na d&ouml;n&uuml;k tan\u0131tma projelerine &ouml;nem verilecek, bu projelerin &ouml;zellikle d\u0131\u015f ticaret ve yabanc\u0131 sermaye politikalar\u0131m\u0131z ile koordinasyonu g&ouml;zetilecektir. &Uuml;lkemizin zengin turizm potansiyeli harekete ge\u00e7irilerek d&uuml;nya turizm pastas\u0131nda &ouml;nemli bir yer tutan i\u015f-kongre, fuar, spor ve k&uuml;lt&uuml;r turizmi alanlar\u0131nda, dinlence turizminde &uuml;lkemizin zengin turizm potansiyelini geli\u015ftirecek ad\u0131mlar at\u0131lacakt\u0131r.<\/font><\/span><\/p>\n<p align=\"justify\"><span style=\"FONT-SIZE: 10pt; FONT-FAMILY: Verdana\"><font face=\"tahoma,arial,helvetica,sans-serif\">Bilgi toplumuna ge\u00e7i\u015f s&uuml;recinde olduk\u00e7a &ouml;nemli olan ula\u015f\u0131m ve ileti\u015fim, ekonomik birimlerin demokratik bir ortam i\u00e7inde faaliyette bulunmalar\u0131 ve &ouml;zg&uuml;rle\u015fmeleri bak\u0131m\u0131ndan son derece &ouml;nemlidir. Ula\u015f\u0131m sistemimiz; deniz ta\u015f\u0131mac\u0131l\u0131\u011f\u0131 ve demiryolu i\u015fletmecili\u011fi &ouml;ncelikli olmak &uuml;zere haz\u0131rlanmakta olan Ula\u015f\u0131m Ana Plan\u0131 \u00e7er\u00e7evesinde kara ve hava ula\u015f\u0131m\u0131 ile de bir b&uuml;t&uuml;nl&uuml;k i\u00e7ersinde ele al\u0131narak ula\u015f\u0131m modlar\u0131 aras\u0131nda denge sa\u011flanacakt\u0131r. \u0130leti\u015fim alan\u0131nda serbestle\u015ftirme ve &ouml;zelle\u015ftirme \u00e7al\u0131\u015fmalar\u0131na ve sekt&ouml;rle ilgili mevzuat d&uuml;zenlemelerine h\u0131z verilecektir.<br \/>Hedeflenen 15.000 km b&ouml;l&uuml;nm&uuml;\u015f yol \u00e7al\u0131\u015fmalar\u0131na zor mevsim \u015fartlar\u0131na ra\u011fmen, s&uuml;ratle ba\u015flanm\u0131\u015f olup devam etmektedir. Her t&uuml;rl&uuml; haberle\u015fme ve ileti\u015fim imkanlar\u0131n\u0131n &uuml;lkenin her yerle\u015fim birimine ula\u015fmas\u0131 sa\u011flanacakt\u0131r.<\/font><\/span><\/p>\n<p align=\"justify\"><span style=\"FONT-SIZE: 10pt; FONT-FAMILY: Verdana\"><font face=\"tahoma,arial,helvetica,sans-serif\">Milli gelirin, istihdam\u0131n ve ekonominin d\u0131\u015fa a\u00e7\u0131lma s&uuml;recindeki faaliyetlerin b&uuml;y&uuml;k bir k\u0131sm\u0131 hizmetler sekt&ouml;r&uuml; taraf\u0131ndan ger\u00e7ekle\u015ftirilmektedir. Bu kapsamda i\u00e7 ve d\u0131\u015f ticaret, i\u00e7 ve d\u0131\u015f m&uuml;teahhitlik hizmetleri, turizm, i\u00e7 ve d\u0131\u015f ta\u015f\u0131mac\u0131l\u0131k son derece &ouml;nemlidir. Bu sekt&ouml;rlerin ekonomiye katk\u0131lar\u0131n\u0131n, ekonomik prensipler \u00e7er\u00e7evesinde art\u0131r\u0131lmas\u0131na y&ouml;nelik d&uuml;zenleme ve uygulamalara yer verilecektir.<\/font><\/span><\/p>\n<p align=\"justify\"><span style=\"FONT-SIZE: 10pt; FONT-FAMILY: Verdana\"><font face=\"tahoma,arial,helvetica,sans-serif\">\u00c7al\u0131\u015fma hayat\u0131 ile ilgili mevzuata ulusal ve uluslararas\u0131 geli\u015fmeler \u0131\u015f\u0131\u011f\u0131nda g&uuml;n&uuml;n ko\u015fullar\u0131na uygun bir yap\u0131 kazand\u0131r\u0131lacakt\u0131r. <br \/>\u0130\u015fsizlik sadece &ouml;nemli bir &uuml;retim fakt&ouml;r&uuml;n&uuml;n israf\u0131 de\u011fil ayn\u0131 zamanda b&uuml;y&uuml;k &ouml;l\u00e7&uuml;de bir insanl\u0131k problemi olarak ele al\u0131nacakt\u0131r.\u0130\u015fsizli\u011fin \u00e7&ouml;z&uuml;m&uuml;nde sadece toplam talebin y&ouml;netiminde kullan\u0131lan para ve maliye politikalar\u0131 de\u011fil bunlarla birlikte arz yanl\u0131 politikalar da kullan\u0131lacakt\u0131r. <\/font><\/span><\/p>\n<p align=\"justify\"><span style=\"FONT-SIZE: 10pt; FONT-FAMILY: Verdana\"><font face=\"tahoma,arial,helvetica,sans-serif\">Sosyal g&uuml;venlik kurulu\u015flar\u0131nda, norm ve standart birli\u011fi sa\u011flanacak, uluslar aras\u0131 s&ouml;zle\u015fmeler ve sosyal g&uuml;venli\u011fin temel ilkeleri \u00e7er\u00e7evesinde \u00e7a\u011fda\u015f, b&uuml;t&uuml;nle\u015ftirilmi\u015f bir sosyal g&uuml;venlik a\u011f\u0131 kurulacakt\u0131r. <\/font><\/span><\/p>\n<p align=\"justify\"><span style=\"FONT-SIZE: 10pt; FONT-FAMILY: Verdana\"><font face=\"tahoma,arial,helvetica,sans-serif\">\u0130\u015fg&uuml;c&uuml; piyasalar\u0131n\u0131n yap\u0131s\u0131 ve &ouml;zellikleri son y\u0131llarda &ouml;nemli &ouml;l\u00e7&uuml;de de\u011fi\u015fime u\u011framaktad\u0131r. \u0130stihdam\u0131n ve i\u015fsizli\u011fin end&uuml;striyel ve mesleki da\u011f\u0131l\u0131m\u0131, istihdam stat&uuml;s&uuml; ge\u00e7mi\u015f d&ouml;nemlere g&ouml;re farkl\u0131 bir trende girmektedir. Bu nedenle, i\u015f\u00e7i ve i\u015fveren kurulu\u015flar\u0131n\u0131n rol ve fonksiyonlar\u0131n\u0131n etkinli\u011fini art\u0131r\u0131c\u0131 ortam olu\u015fturulacakt\u0131r. <\/font><\/span><\/p>\n<p align=\"justify\"><span style=\"FONT-SIZE: 10pt; FONT-FAMILY: Verdana\"><font face=\"tahoma,arial,helvetica,sans-serif\">\u00c7evrenin sermaye stoku olarak ele al\u0131nmas\u0131 gereken hava, \u0131s\u0131, su, mineral ve di\u011ferleri t&uuml;m ekonomik birimlerin faaliyetlerinin yap\u0131 ve kalitesini do\u011frudan etkilemektedir. Bu konuda duyarl\u0131l\u0131k art\u0131r\u0131lacak ve s&ouml;z konusu stokta de\u011fi\u015fim yaratan \u00e7evresel yap\u0131da k&ouml;t&uuml;ye gidi\u015f, g&uuml;r&uuml;lt&uuml;, kirlenme ve de\u011fi\u015fim maliyetlerini belirlemek amac\u0131yla sosyal refah a\u011f\u0131rl\u0131kl\u0131 yakla\u015f\u0131m geli\u015ftirilecektir. Bu \u00e7er\u00e7evede ekonomik birimlere sosyal sorumluluk yakla\u015f\u0131m\u0131 benimsetilecektir.<\/font><\/span><\/p>\n<p align=\"justify\"><span style=\"FONT-SIZE: 10pt; FONT-FAMILY: Verdana\"><font face=\"tahoma,arial,helvetica,sans-serif\">Enerji kaynaklar\u0131n\u0131n t&uuml;m&uuml;nden en etkin ve verimli bir \u015fekilde yararlan\u0131lacakt\u0131r. Enerji dar bo\u011faz\u0131n\u0131n olu\u015fmamas\u0131 i\u00e7in maliyet ve fiyatlamay\u0131 da dikkate alan bir planlama yap\u0131lacak, \u00e7evreci n&uuml;kleer enerji kaynaklar\u0131 da devreye sokulacakt\u0131r. Yurtd\u0131\u015f\u0131 enerji kaynaklar\u0131 ve bunun imkanlar\u0131 ekonomik kriterler g&ouml;z ard\u0131 edilmeden \u00e7e\u015fitlendirilerek de\u011ferlendirilecektir. <\/font><\/span><\/p>\n<p align=\"justify\"><span style=\"FONT-SIZE: 10pt; FONT-FAMILY: Verdana\"><font face=\"tahoma,arial,helvetica,sans-serif\">H&uuml;k&uuml;metimizin enerji politikas\u0131n\u0131n temelinde ulusal \u00e7\u0131karlar\u0131m\u0131z\u0131 koruyarak enerji arz\u0131n\u0131n g&uuml;venli\u011fini ve devaml\u0131l\u0131\u011f\u0131n\u0131 sa\u011flamak, serbest rekabete dayal\u0131 bir enerji piyasas\u0131 olu\u015fturmak ve duyarl\u0131 oldu\u011fumuz \u00e7evreyi ve insan sa\u011fl\u0131\u011f\u0131n\u0131 korumak bulunmaktad\u0131r. Ayn\u0131 zamanda T&uuml;rkiye&#8217;yi bir enerji k&ouml;pr&uuml;s&uuml; haline getirebilmek i\u00e7in h&uuml;k&uuml;metimiz azami \u00e7aba i\u00e7inde olacakt\u0131r.<\/font><\/span><\/p>\n<p align=\"justify\"><span style=\"FONT-SIZE: 10pt; FONT-FAMILY: Verdana\"><font face=\"tahoma,arial,helvetica,sans-serif\">Yer alt\u0131 kaynaklar\u0131m\u0131z\u0131n zenginli\u011fi &uuml;lkemize mukayeseli bir &uuml;st&uuml;nl&uuml;k sa\u011flamaktad\u0131r. H&uuml;k&uuml;metimiz zengin yer alt\u0131 kaynaklar\u0131m\u0131z\u0131n &uuml;lke geli\u015fmesine arzu edilen bir d&uuml;zeyde katk\u0131da bulunmas\u0131 i\u00e7in ulusal \u00e7\u0131karlar\u0131m\u0131z\u0131 &ouml;ne \u00e7\u0131kararak etkin bir madencilik program\u0131n\u0131 s&uuml;ratle uygulamaya koymak iste\u011findedir. <\/font><\/span><\/p>\n<p align=\"justify\"><span style=\"FONT-SIZE: 10pt; FONT-FAMILY: Verdana\"><font face=\"tahoma,arial,helvetica,sans-serif\">T&uuml;keticinin korunmas\u0131nda en etkin y&ouml;ntem ve yakla\u015f\u0131mlar h\u0131zl\u0131 bir \u015fekilde uygulamaya konulacakt\u0131r. <br \/>Bu \u00e7er\u00e7evede yasal yap\u0131, sivil toplum kurulu\u015flar\u0131 ve t&uuml;keticiyi koruyan kurumlar\u0131n yayg\u0131nla\u015ft\u0131r\u0131lmas\u0131 ve desteklenmesi, &uuml;retim s&uuml;re\u00e7lerinde kalite anlay\u0131\u015f\u0131n\u0131n yayg\u0131nla\u015ft\u0131r\u0131lmas\u0131, t&uuml;keticilerin bilin\u00e7lendirilmesi &uuml;zerinde &ouml;nemle durulacakt\u0131r.<\/font><\/span><\/p>\n<p align=\"justify\"><span style=\"FONT-SIZE: 10pt; FONT-FAMILY: Verdana\"><font face=\"tahoma,arial,helvetica,sans-serif\">Devleti halka hizmet etme arac\u0131 olarak g&ouml;ren H&uuml;k&uuml;metimiz, bir s\u0131n\u0131f ve kesimin de\u011fil b&uuml;t&uuml;n vatanda\u015flar\u0131m\u0131z\u0131n refah ve mutlulu\u011funu sa\u011flayacak sosyal politikalar y&uuml;r&uuml;tecektir. Bu ba\u011flamda yoksullar, bak\u0131ma muhta\u00e7 ya\u015fl\u0131lar, \u00e7ocuklar ve i\u015fsizler i\u00e7in &ouml;zel programlar olu\u015fturulacak, zor durumdaki vatanda\u015flar\u0131m\u0131za, terkedilmi\u015f ve kimsesizlik duygusu ya\u015fat\u0131lmayacakt\u0131r. H&uuml;k&uuml;metimiz, i\u015fsizleri, fakirleri, d&uuml;\u015fk&uuml;nleri, hastalar\u0131, &ouml;z&uuml;rl&uuml;leri g&ouml;zeten, onlar\u0131n insan onuruna yak\u0131\u015facak \u015fekilde ya\u015famalar\u0131n\u0131 sa\u011flayacak bir sosyal devlet anlay\u0131\u015f\u0131n\u0131 uygulamaya koyacakt\u0131r.<\/font><\/span><\/p>\n<p align=\"justify\"><span style=\"FONT-SIZE: 10pt; FONT-FAMILY: Verdana\"><br \/><font face=\"tahoma,arial,helvetica,sans-serif\">H&uuml;k&uuml;metimize g&ouml;re e\u011fitim, her alandaki kalk\u0131nman\u0131n en &ouml;nemli unsurudur. Be\u015feri sermayeyi etkin kullanmayan toplumlar, rekabet \u015fanslar\u0131n\u0131 kaybetmeye mahkumdur. E\u011fitim alan\u0131nda olu\u015facak zaaflar, hi\u00e7bir alandaki &uuml;st&uuml;nl&uuml;kle giderilemez. Buna kar\u015f\u0131l\u0131k e\u011fitim alan\u0131nda yakalanacak &uuml;st&uuml;n seviyeler, di\u011fer t&uuml;m alanlar\u0131n toplam kalitesini y&uuml;kseltir. E\u011fitime bu bilin\u00e7le yakla\u015fan H&uuml;k&uuml;metimiz, bu alanda giderek artan zaaflar\u0131 gidermeyi &ouml;ncelikli hedeflerden saymaktad\u0131r.<\/font><\/span><\/p>\n<p align=\"justify\"><span style=\"FONT-SIZE: 10pt; FONT-FAMILY: Verdana\"><font face=\"tahoma,arial,helvetica,sans-serif\">E\u011fitim kalitesinin art\u0131r\u0131lmas\u0131, e\u011fitimde f\u0131rsat e\u015fitli\u011finin ger\u00e7ek anlamda sa\u011flanmas\u0131 ve e\u011fitim sisteminin ideolojik kavgalar\u0131n arenas\u0131 olmaktan \u00e7\u0131kar\u0131lmas\u0131 yetkin ve yetenekli bireylerin yeti\u015ftirilmesi a\u00e7\u0131s\u0131ndan son derece &ouml;nemlidir. Y&uuml;ksek &ouml;\u011fretim kurumlar\u0131 dahil, e\u011fitim-&ouml;\u011fretim kurumlar\u0131m\u0131z\u0131n ihtiya\u00e7lara uygun e\u011fitim-&ouml;\u011fretim hizmeti sunmas\u0131, etkin e\u011fitim ve istihdam planlar\u0131n\u0131n yap\u0131lmas\u0131na ba\u011fl\u0131d\u0131r. <\/font><\/span><\/p>\n<p align=\"justify\"><span style=\"FONT-SIZE: 10pt; FONT-FAMILY: Verdana\"><font face=\"tahoma,arial,helvetica,sans-serif\">Bu nedenlerle H&uuml;k&uuml;metimiz, e\u011fitim alan\u0131nda k&ouml;kl&uuml; bir reform hareketine giri\u015fecektir. Her alanda oldu\u011fu gibi T&uuml;rk Milli E\u011fitim sisteminde de insan merkezli nitelikli bir e\u011fitim modeline ge\u00e7mek &uuml;zere, toplumun ihtiya\u00e7lar\u0131na ve \u00e7a\u011fda\u015f uygarl\u0131k gereklerine g&ouml;re yeniden yap\u0131lanma sa\u011flanacakt\u0131r. <\/font><\/span><\/p>\n<p align=\"justify\"><span style=\"FONT-SIZE: 10pt; FONT-FAMILY: Verdana\"><font face=\"tahoma,arial,helvetica,sans-serif\">Anayasam\u0131zda tan\u0131mlanan laiklik ilkesi, din ve vicdan h&uuml;rriyetine etkinlik ve i\u015flerlik kazand\u0131r\u0131larak, dinin, dini duygular\u0131n veya dince kutsal say\u0131lan de\u011ferlerin ve sembollerin siyasi veya ki\u015fisel \u00e7\u0131kar yahut n&uuml;fuz sa\u011flamak amac\u0131yla istismar edilmesi veya k&ouml;t&uuml;ye kullan\u0131lmas\u0131n\u0131 &ouml;nleyebilecek bir din e\u011fitimi ve &ouml;\u011fretimi, Anayasam\u0131zda tan\u0131mlanan \u00e7er\u00e7evede uygulamaya konulacakt\u0131r. <\/font><\/span><\/p>\n<p align=\"justify\"><span style=\"FONT-SIZE: 10pt; FONT-FAMILY: Verdana\"><font face=\"tahoma,arial,helvetica,sans-serif\">&Ouml;\u011fretmenlik mesle\u011finin toplumda hak etti\u011fi itibar\u0131 yakalayabilmesi i\u00e7in &ouml;\u011fretmenlerin niteliklerinin y&uuml;kseltilmesine paralel olarak \u00e7al\u0131\u015fma \u015fartlar\u0131 iyile\u015ftirilecektir. <br \/>E\u011fitim ve &ouml;\u011frenim hakk\u0131n\u0131n kullan\u0131lmas\u0131n\u0131n &ouml;n&uuml;ndeki engeller kald\u0131r\u0131lacak; e\u011fitim, hayat boyu s&uuml;recek bir s&uuml;re\u00e7 olarak kabul ve te\u015fvik edilerek, kademeler aras\u0131nda yatay ve dikey ge\u00e7i\u015f imkanlar\u0131 sa\u011flanacakt\u0131r.<\/font><\/span><\/p>\n<p align=\"justify\"><span style=\"FONT-SIZE: 10pt; FONT-FAMILY: Verdana\"><font face=\"tahoma,arial,helvetica,sans-serif\">H&uuml;k&uuml;metimiz, &uuml;niversitelerin \u00e7a\u011fda\u015f anlamda &ouml;\u011fretim ve ara\u015ft\u0131rma kurumu olmalar\u0131n\u0131 sa\u011flayacak d&uuml;zenlemeleri ger\u00e7ekle\u015ftirecektir. Y&uuml;ksek &Ouml;\u011fretim Kurumu (Y&Ouml;K), &uuml;niversiteler aras\u0131nda koordinasyon sa\u011flayan, standartlar belirleyen bir yap\u0131ya kavu\u015fturulacak; &uuml;niversiteler idari ve akademik &ouml;zerkli\u011fi olan, &ouml;\u011fretim elemanlar\u0131 ve &ouml;\u011frencilerin serbest\u00e7e bilimsel faaliyette bulundu\u011fu, ara\u015ft\u0131rma ve &ouml;\u011fretim kurumlar\u0131 d&uuml;zeyine \u00e7\u0131kar\u0131lacakt\u0131r. <\/font><\/span><\/p>\n<p align=\"justify\"><span style=\"FONT-SIZE: 10pt; FONT-FAMILY: Verdana\"><font face=\"tahoma,arial,helvetica,sans-serif\">&Uuml;niversiteler, her \u00e7e\u015fit d&uuml;\u015f&uuml;ncenin demokratik bir ortamda, ho\u015fg&ouml;r&uuml; i\u00e7inde &ouml;\u011fretilip tart\u0131\u015f\u0131ld\u0131\u011f\u0131, yasaklar\u0131n ve s\u0131n\u0131rlamalar\u0131n olmad\u0131\u011f\u0131 &ouml;zg&uuml;r bir foruma d&ouml;n&uuml;\u015ft&uuml;r&uuml;lecektir. <br \/>Mesleki ve teknik e\u011fitime talebi d&uuml;\u015f&uuml;ren, haks\u0131z ve adaletsiz uygulamalara sebep olan mevcut &uuml;niversiteye yerle\u015ftirme sistemi, yar\u0131\u015fmay\u0131 te\u015fvik edecek ve adaleti sa\u011flayacak \u015fekilde de\u011fi\u015ftirilecektir. Meslek e\u011fitimi veren meslek y&uuml;ksek okullar\u0131, meslek standartlar\u0131na uyumlu niteliklere sahip insang&uuml;c&uuml; yeti\u015ftirecek bir \u015fekilde yeniden ele al\u0131nacakt\u0131r.<\/font><\/span><\/p>\n<p align=\"justify\"><span style=\"FONT-SIZE: 10pt; FONT-FAMILY: Verdana\"><font face=\"tahoma,arial,helvetica,sans-serif\">H&uuml;k&uuml;metimiz, milli de\u011ferlerin, birey, aile ve toplumu ayakta tutan manevi dinamiklerin korunup geli\u015ftirilmesi konusunda azami gayret i\u00e7erisinde olacakt\u0131r. Milli k&uuml;lt&uuml;r&uuml;m&uuml;zdeki esas yap\u0131y\u0131, &uuml;sl\u00fbbu koruyarak evrensel de\u011ferlerle milli k&uuml;lt&uuml;r&uuml;m&uuml;z aras\u0131ndaki etkile\u015fimi en &uuml;st noktaya \u00e7\u0131karmay\u0131 ama\u00e7lamakta, ger\u00e7ek bir \u00e7a\u011fda\u015f k&uuml;lt&uuml;r atmosferi olu\u015fturman\u0131n bu yoldan ge\u00e7ti\u011fine inan\u0131lmaktad\u0131r. Bu iki alan\u0131, \u00e7at\u0131\u015fma konusu olmaktan \u00e7\u0131kar\u0131p, her iki unsurun zenginliklerinden birlikte yararlanmak, k&uuml;lt&uuml;r politikam\u0131z\u0131n temelidir. <\/font><\/span><\/p>\n<p align=\"justify\"><span style=\"FONT-SIZE: 10pt; FONT-FAMILY: Verdana\"><font face=\"tahoma,arial,helvetica,sans-serif\">H&uuml;k&uuml;metimiz, k&uuml;lt&uuml;r&uuml;n ta\u015f\u0131y\u0131c\u0131 unsurlar\u0131 olan dil, edebiyat, folklor, musiki, plastik sanatlar, etnografya, sinema, temsili sanatlar alanlar\u0131ndaki mevcut yap\u0131y\u0131, yakla\u015f\u0131m ve anlay\u0131\u015f\u0131 eksik ve sa\u011fl\u0131ks\u0131z bulmaktad\u0131r. B&uuml;t&uuml;n bu alanlarda konunun uzmanlar\u0131n\u0131n ve sivil toplum &ouml;rg&uuml;tlerinin de g&ouml;r&uuml;\u015flerinden yararlan\u0131larak yeni ve doyurucu politikalar geli\u015ftirilecektir. Ayr\u0131ca H&uuml;k&uuml;metimiz k&uuml;lt&uuml;rel miras\u0131n korunmas\u0131na azami hassasiyet g&ouml;sterecektir.<\/font><\/span><\/p>\n<p align=\"justify\"><span style=\"FONT-SIZE: 10pt; FONT-FAMILY: Verdana\"><font face=\"tahoma,arial,helvetica,sans-serif\">Mevcut sa\u011fl\u0131k sistemi b&uuml;t&uuml;n y&ouml;nleriyle \u00e7a\u011fda\u015f geli\u015fmelerin gerisinde kalm\u0131\u015f; maliyetler, sistem ka\u00e7aklar\u0131 nedeniyle \u00e7ok artm\u0131\u015f, sa\u011fl\u0131k hizmetleri ula\u015f\u0131lamaz hale gelmi\u015f, standart birli\u011fi kalmam\u0131\u015ft\u0131r. Sa\u011fl\u0131kl\u0131 bir nesil yeti\u015ftirebilmek i\u00e7in, sa\u011fl\u0131k hizmetlerinin t&uuml;m vatanda\u015flar\u0131n ula\u015fabilece\u011fi bir yap\u0131ya kavu\u015fturulmas\u0131 ka\u00e7\u0131n\u0131lmaz hale gelmi\u015ftir. <\/font><\/span><\/p>\n<p align=\"justify\"><span style=\"FONT-SIZE: 10pt; FONT-FAMILY: Verdana\"><font face=\"tahoma,arial,helvetica,sans-serif\">Sosyal g&uuml;venlik kurulu\u015flar\u0131n\u0131n as\u0131l yapmas\u0131 gereken i\u015flerini engelleyen sa\u011fl\u0131k i\u015fleri ile u\u011fra\u015fmas\u0131, bu kurulu\u015flar\u0131 da verimsiz hale getirmi\u015ftir. Mevcut sa\u011fl\u0131k sistemimiz, kurumsal yap\u0131, i\u015fleyi\u015f, personel yap\u0131s\u0131 ve da\u011f\u0131l\u0131m\u0131 itibariyle ihtiyaca cevap veremeyecek hale gelmi\u015ftir. H&uuml;k&uuml;metimiz, k&ouml;kl&uuml; de\u011fi\u015fiklikler yaparak herkesin ula\u015fabilece\u011fi nitelikli ve etkin \u00e7al\u0131\u015fan bir sa\u011fl\u0131k sistemini olu\u015fturmakta kararl\u0131d\u0131r. <\/font><\/span><\/p>\n<p align=\"justify\"><span style=\"FONT-SIZE: 10pt; FONT-FAMILY: Verdana\"><font face=\"tahoma,arial,helvetica,sans-serif\">Devlet, herkesin temel sa\u011fl\u0131k hizmetlerini, gerekirse &ouml;zel sekt&ouml;rle i\u015fbirli\u011fi yaparak yerine getirecektir. Etkin ve kaliteli bir sa\u011fl\u0131k sistemi, nitelikli bir toplum i\u00e7in vazge\u00e7ilmezdir. H&uuml;k&uuml;metimiz, sa\u011fl\u0131k hizmetlerinin yerine getirilmesini sosyal devlet anlay\u0131\u015f\u0131n\u0131n vazge\u00e7ilmez unsurlar\u0131 aras\u0131nda g&ouml;rmektedir. Sa\u011fl\u0131k hizmetleri b&uuml;t&uuml;nsel bir anlay\u0131\u015fla ele al\u0131nacak, yeni bir yap\u0131lanma ve i\u015fbirli\u011fine gidilecektir. <\/font><\/span><\/p>\n<p align=\"justify\"><span style=\"FONT-SIZE: 10pt; FONT-FAMILY: Verdana\"><font face=\"tahoma,arial,helvetica,sans-serif\">Aile, toplumun temeli ve toplumsal dayan\u0131\u015fman\u0131n olu\u015fmas\u0131nda rol oynayan &ouml;nemli bir kurumdur. Toplumsal mutluluk, dayan\u0131\u015fma, bar\u0131\u015f, sevgi ve sayg\u0131n\u0131n yolu aileden ge\u00e7er. Ya\u015fanan b&uuml;t&uuml;n olumsuzluklara ve ekonomik s\u0131k\u0131nt\u0131lara ra\u011fmen toplum olarak ayakta duru\u015fumuzu b&uuml;y&uuml;k \u00e7apta sa\u011flam aile yap\u0131m\u0131za bor\u00e7lu oldu\u011fumuz a\u00e7\u0131kt\u0131r. H&uuml;k&uuml;metimiz aile merkezli politikalara &ouml;ncelik verecektir.<\/font><\/span><\/p>\n<p align=\"justify\"><span style=\"FONT-SIZE: 10pt; FONT-FAMILY: Verdana\"><font face=\"tahoma,arial,helvetica,sans-serif\">Kad\u0131nlar\u0131m\u0131z sadece toplumumuzun yar\u0131s\u0131n\u0131 olu\u015fturduklar\u0131 i\u00e7in de\u011fil, birey ve toplumun geli\u015fimi ile sa\u011fl\u0131kl\u0131 nesillerin yeti\u015ftirilmesinde &ouml;zel bir konuma sahiptirler. Y\u0131llar\u0131n ihmali sonucu biriken her t&uuml;rl&uuml; sorunlar\u0131yla ilgilenilmesi, H&uuml;k&uuml;metimizin &ouml;ncelik verdi\u011fi bir konudur. <\/font><\/span><\/p>\n<p align=\"justify\"><span style=\"FONT-SIZE: 10pt; FONT-FAMILY: Verdana\"><font face=\"tahoma,arial,helvetica,sans-serif\">Gen\u00e7lik, &uuml;lkenin sadece zenginli\u011fi de\u011fil, ayn\u0131 zamanda dinamizminin ve de\u011fi\u015fim potansiyelinin de kayna\u011f\u0131d\u0131r. Dolay\u0131s\u0131yla gen\u00e7 n&uuml;fusa sahip olmak T&uuml;rkiye i\u00e7in b&uuml;y&uuml;k bir imkand\u0131r. <br \/>H&uuml;k&uuml;metimiz, toplumun gen\u00e7lere, gen\u00e7lerin de T&uuml;rkiye&#8217;ye g&uuml;venini sa\u011flamay\u0131 temel hedefleri aras\u0131nda g&ouml;rmektedir. <\/font><\/span><\/p>\n<p align=\"justify\"><span style=\"FONT-SIZE: 10pt; FONT-FAMILY: Verdana\"><font face=\"tahoma,arial,helvetica,sans-serif\">Se\u00e7ilme ya\u015f\u0131 25&#8217; e indirilecektir. &Ouml;zg&uuml;r d&uuml;\u015f&uuml;nceli, kendi ba\u015f\u0131na karar verebilen, sorgulayan, kendi toplumunun ve evrensel do\u011frulardan haberdar olan ve hayat\u0131n g&uuml;\u00e7l&uuml;kleri ile ba\u015f edebilecek donan\u0131ml\u0131 ve yetenekli gen\u00e7ler yeti\u015ftirmek &ouml;nemli hedeflerimiz aras\u0131ndad\u0131r. D&uuml;nyan\u0131n ve T&uuml;rkiye&#8217;nin geli\u015fen ve de\u011fi\u015fen \u015fartlar\u0131 dikkate al\u0131narak yeni bir spor politikas\u0131 olu\u015fturulacakt\u0131r. Sporun her dal\u0131nda uluslar aras\u0131 standartlar\u0131 yakalamak i\u00e7in her t&uuml;rl&uuml; destek verilecektir. <\/font><\/span><\/p>\n<p align=\"justify\"><span style=\"FONT-SIZE: 10pt; FONT-FAMILY: Verdana\"><font face=\"tahoma,arial,helvetica,sans-serif\">&Ouml;zg&uuml;r, ba\u011f\u0131ms\u0131z, \u00e7ok sesli bir yaz\u0131l\u0131 ve g&ouml;rsel bas\u0131n, demokratik rejimin &ouml;nemli g&uuml;vencelerinden biridir. Yaz\u0131l\u0131 ve g&ouml;rsel bas\u0131n sekt&ouml;r&uuml;nde tekelle\u015fme ve kartelle\u015fmenin &ouml;nlenmesi i\u00e7in ilgili mevzuat yeniden d&uuml;zenlenecektir. <br \/>Medyan\u0131n, toplumun ihtiya\u00e7lar\u0131n\u0131 &ouml;n planda tutan yay\u0131nlar yapmas\u0131 &ouml;zendirilecektir. &Ouml;zel hayat\u0131n ve &ouml;zel haberle\u015fmenin g&uuml;venli\u011fi ile ilgili her t&uuml;rl&uuml; teknik ve yasal &ouml;nlemler al\u0131nacakt\u0131r.<\/font><\/span><\/p>\n<p align=\"justify\"><span style=\"FONT-SIZE: 10pt; FONT-FAMILY: Verdana\"><font face=\"tahoma,arial,helvetica,sans-serif\">\u00c7a\u011f\u0131m\u0131z\u0131n devlet anlay\u0131\u015f\u0131nda, &ouml;z&uuml;rl&uuml;lerin kendi kendine yetmesi, belli bir bilgi ve k&uuml;lt&uuml;r d&uuml;zeyine ula\u015fmas\u0131, meslek edinip &uuml;retken hale gelmesi ve \u00e7evresiyle sa\u011fl\u0131kl\u0131 ili\u015fkiler kurarak toplumsal hayata kat\u0131lmas\u0131n\u0131n sa\u011flanmas\u0131 devlete y&uuml;klenen anayasal bir g&ouml;revdir. Devlet, &ouml;z&uuml;rl&uuml; vatanda\u015flar\u0131n\u0131n e\u011fitim, rehabilitasyon, sa\u011fl\u0131k, hukuk, y&ouml;netim gibi alanlardaki ihtiya\u00e7lar\u0131n\u0131 kar\u015f\u0131lamak suretiyle, ba\u015fkalar\u0131na en az muhta\u00e7 olarak ya\u015famalar\u0131n\u0131 sa\u011flayacakt\u0131r. &#8220;Bedensel ve zihinsel &ouml;z&uuml;rleri nedeniyle insanlar aras\u0131nda ay\u0131r\u0131m yap\u0131lmas\u0131na izin verilmeyecektir&#8221; ilkesi, H&uuml;k&uuml;metimizin &ouml;z&uuml;rl&uuml;lerle ilgili politikas\u0131n\u0131n temelini olu\u015fturacakt\u0131r. Bunlar\u0131n ger\u00e7ekle\u015ftirilmesi i\u00e7in her t&uuml;rl&uuml; tedbir al\u0131nacakt\u0131r.<\/font><\/span><\/p>\n<p align=\"justify\"><span style=\"FONT-SIZE: 10pt; FONT-FAMILY: Verdana\"><font face=\"tahoma,arial,helvetica,sans-serif\">Bir &uuml;lkedeki y&ouml;netimin kalitesini ve toplumun medeniyet dairesindeki konumunu, ne t&uuml;r kentler &uuml;retti\u011fi belirler. Bu nedenle kentle\u015fme ve konut meselesi teknik muhtevas\u0131n\u0131n \u00e7ok &ouml;tesinde anlamlara sahiptir. Sa\u011fl\u0131ks\u0131z ve \u00e7irkin \u015fehirle\u015fmenin &ouml;n&uuml;ne ge\u00e7ilerek, \u015fehirlerin ya\u015fanabilir mekanlar haline getirilmesi H&uuml;k&uuml;metimizin temel &ouml;nceliklerinden birisi olacakt\u0131r. Gecekondu b&ouml;lgelerinde ya\u015fayanlara y&ouml;nelik ucuz konutlar &uuml;retilecektir. Uzun vadeli programlar ile \u015fehirlerin ya\u015fanabilir, sa\u011fl\u0131kl\u0131, ula\u015f\u0131m ve altyap\u0131 sorunlar\u0131 \u00e7&ouml;z&uuml;lm&uuml;\u015f \u00e7evre g&uuml;zelli\u011fi ta\u015f\u0131yan mekanlar olmas\u0131 i\u00e7in gerekli d&uuml;zenlemeler yap\u0131lacakt\u0131r.<\/font><\/span><\/p>\n<p align=\"justify\"><span style=\"FONT-SIZE: 10pt; FONT-FAMILY: Verdana\"><font face=\"tahoma,arial,helvetica,sans-serif\">De\u011ferli Milletvekilleri<\/font><\/span><\/p>\n<p align=\"justify\"><span style=\"FONT-SIZE: 10pt; FONT-FAMILY: Verdana\"><font face=\"tahoma,arial,helvetica,sans-serif\">Her y&uuml;zy\u0131l, bilinen bir takvimle ba\u015flamakla beraber, siyasi tarih\u00e7iler takvimsel g&ouml;stergeden \u00e7ok, ge\u00e7mi\u015f y&uuml;zy\u0131ldan kalma paradigmay\u0131 ortadan kald\u0131rarak, yeni bir siyasal paradigmay\u0131 ikame eden &ouml;nemli bir olay\u0131, yeni y&uuml;zy\u0131l\u0131n ba\u015flang\u0131\u00e7 noktas\u0131 olarak al\u0131rlar. <br \/>Bu y&uuml;zy\u0131l\u0131 siyasal olarak ba\u015flatan olay, ku\u015fkusuz, 11 Eyl&uuml;l ismiyle bilinen sars\u0131c\u0131 olayd\u0131r. Bu olayla beraber, yeni bir d&uuml;nya d&uuml;zeninin kurulmas\u0131na do\u011fru gidildi\u011fi, ortak bir kanaat haline gelmi\u015ftir. 1990&#8217;l\u0131 y\u0131llarda \u00e7ift kutuplu d&uuml;nyadan tek kutuplu d&uuml;zene ge\u00e7mi\u015f olan d&uuml;nya sistemi, tek kutuplu g&uuml;\u00e7 d&uuml;zeninin sanc\u0131lar\u0131n\u0131, bu y&uuml;zy\u0131l\u0131n ba\u015f\u0131nda \u00e7ekmeye ba\u015flam\u0131\u015ft\u0131r. <\/font><\/span><\/p>\n<p align=\"justify\"><span style=\"FONT-SIZE: 10pt; FONT-FAMILY: Verdana\"><font face=\"tahoma,arial,helvetica,sans-serif\">Varoldu\u011fu g&uuml;nden beri, d&uuml;nya g&uuml;\u00e7 sisteminin merkezi bir &ouml;gesi olagelmi\u015f olan T&uuml;rkiyemiz de bu yeni durumdan do\u011fal olarak etkilenmektedir. T&uuml;rkiye&#8217;nin b&ouml;lgesel hayat sahas\u0131 \u00e7ok riskli bir jeo-politi\u011fe kar\u015f\u0131l\u0131k gelmektedir. Bu da T&uuml;rkiye&#8217;de i\u00e7 politika ve d\u0131\u015f politika eksenleri aras\u0131ndaki mesafeyi ortadan kald\u0131rmaktad\u0131r. T&uuml;rkiye&#8217;nin i\u00e7 politik dinamikleri ile d\u0131\u015f politik dinamikleri d&uuml;nyan\u0131n pek\u00e7ok &uuml;lkesinden daha fazla etkile\u015fim i\u00e7indedir. <br \/>T&uuml;rkiyemizin d\u0131\u015f politikas\u0131 halk\u0131m\u0131z\u0131n yedi\u011fi ekme\u011fi do\u011frudan etkilemekte, i\u00e7 siyasetin g&uuml;\u00e7l&uuml; ve kaliteli olmas\u0131 &uuml;lkemizin b&ouml;lgesel ve k&uuml;resel \u00e7\u0131karlar\u0131n\u0131n teminat\u0131 olmaktad\u0131r.<\/font><\/span><\/p>\n<p align=\"justify\"><span style=\"FONT-SIZE: 10pt; FONT-FAMILY: Verdana\"><font face=\"tahoma,arial,helvetica,sans-serif\">De\u011fi\u015fen b&ouml;lgesel ve k&uuml;resel ger\u00e7ekler kar\u015f\u0131s\u0131nda, T&uuml;rkiye&#8217;nin d\u0131\u015f politika &ouml;nceliklerini yeniden tan\u0131mlamas\u0131 ve bu ger\u00e7ekler ile ulusal \u00e7\u0131karlar\u0131 aras\u0131nda yeni bir denge olu\u015fturmas\u0131 gerekmektedir.<br \/>Bu \u00e7er\u00e7evede h&uuml;k&uuml;metimiz, birinci Ak Parti H&uuml;k&uuml;metinin, ger\u00e7ek\u00e7i ve vizyonel d\u0131\u015f politika yakla\u015f\u0131m\u0131n\u0131 s&uuml;rd&uuml;rmek ve daha da geli\u015ftirmek kararl\u0131l\u0131\u011f\u0131ndad\u0131r.<br \/>Aziz milletimizin b&uuml;y&uuml;k tarihsel y&uuml;r&uuml;y&uuml;\u015f&uuml;n&uuml;n m&uuml;tevaz\u0131 ama g&uuml;\u00e7l&uuml; bir ifadesi olan H&uuml;k&uuml;metimiz;<br \/>&#8226; T&uuml;rkiye&#8217;nin d\u0131\u015f politikas\u0131n\u0131 uzun vadeli bir perspektifle, yeni dinamiklere dayanan b&ouml;lgesel ve k&uuml;resel konjonkt&uuml;rle uyumlu hale getirecektir.<br \/>&#8226; T&uuml;rkiye, bulundu\u011fu b&ouml;lgede bir istikrar unsurudur. Bu niteli\u011fiyle, \u00e7evresindeki kriz b&ouml;lgelerinde daha fazla inisiyatif alacak ve krizlerin \u00e7&ouml;z&uuml;m&uuml;ne daha somut katk\u0131 sa\u011flamaya \u00e7al\u0131\u015facakt\u0131r. <\/font><\/span><\/p>\n<p align=\"justify\"><span style=\"FONT-SIZE: 10pt; FONT-FAMILY: Verdana\"><font face=\"tahoma,arial,helvetica,sans-serif\">Nitekim Irak krizine d&ouml;n&uuml;k olarak birinci Ak Parti H&uuml;k&uuml;meti&#8217;nin geli\u015ftirdi\u011fi yakla\u015f\u0131m, d&uuml;nyan\u0131n &ouml;n&uuml;ne ciddi bir model koyma ba\u015far\u0131s\u0131n\u0131 g&ouml;stermi\u015f ve takdir toplam\u0131\u015ft\u0131r. Bundan sonra da, T&uuml;rkiye&#8217;nin ulusal \u00e7\u0131karlar\u0131yla ilgili b&ouml;lge ve k\u0131ta &ouml;l\u00e7ekli geli\u015fmeleri sadece izleyen de\u011fil, ayn\u0131 zamanda y&ouml;nlendiren aktif bir diplomasi takip edilecektir.<br \/>&#8226; Irak krizi konusunda birinci Ak Parti H&uuml;k&uuml;metinin ortaya koydu\u011fu performans, ikinci Ak Parti H&uuml;k&uuml;meti d&ouml;neminde de aynen s&uuml;rd&uuml;r&uuml;lecektir. <\/font><\/span><\/p>\n<p align=\"justify\"><span style=\"FONT-SIZE: 10pt; FONT-FAMILY: Verdana\"><font face=\"tahoma,arial,helvetica,sans-serif\">11 Eyl&uuml;l olaylar\u0131ndan sonra, ABD&#8217;nin k&uuml;resel ter&ouml;re kar\u015f\u0131 m&uuml;cadele anlay\u0131\u015f\u0131na destek veren partimiz, k&uuml;resel ter&ouml;rle m&uuml;cadele i\u00e7in ortak zeminler olu\u015fturulmas\u0131 gerekti\u011fini T&uuml;rkiye&#8217;de ifade eden ilk parti olmu\u015ftur. Partimizin kurdu\u011fu h&uuml;k&uuml;metler bu anlay\u0131\u015fa sahiptir. Bununla beraber, k&uuml;resel ter&ouml;rle m&uuml;cadele konusunda ortaya \u00e7\u0131kan kafa kar\u0131\u015f\u0131kl\u0131\u011f\u0131n\u0131n ve y&ouml;ntem yanl\u0131\u015flar\u0131n\u0131n da kayg\u0131 verici oldu\u011funu d&uuml;\u015f&uuml;n&uuml;yoruz. <br \/>&#8226; Bu \u00e7er\u00e7evede 11 Eyl&uuml;l sonras\u0131 t\u0131rmanma e\u011filimi g&ouml;steren dinler ve k&uuml;lt&uuml;rler aras\u0131 gerilimlerin azalt\u0131lmas\u0131 ve k&uuml;resel bir bar\u0131\u015f ortam\u0131n\u0131n sa\u011flanabilmesi i\u00e7in aktif \u00e7aba sarf edilecektir. K&uuml;lt&uuml;rel \u00e7o\u011fulculu\u011fa ve diyaloga dayal\u0131 zengin tarihi birikimimiz bu do\u011frultuda harekete ge\u00e7irilecektir.<br \/>&#8226; Birinci Ak Parti H&uuml;k&uuml;meti, k&uuml;resel siyaset dinamiklerini sarsan ve d&uuml;nya devletlerinin ortak platformlar\u0131 olan &ouml;rg&uuml;tleri yeni kriz y&ouml;netimiyle tan\u0131\u015ft\u0131ran Irak merkezli sorun kar\u015f\u0131s\u0131nda, uluslararas\u0131 toplumun bir par\u00e7as\u0131 olma sorumlulu\u011fu ile \u00e7ok &ouml;zel bir co\u011frafyada ya\u015faman\u0131n getirdi\u011fi g&uuml;venlik risklerini dengeleyen ve harmanlayan bir etkinlik &uuml;retmi\u015ftir. \u0130kinci Ak Parti H&uuml;k&uuml;meti de, ayn\u0131 siyasal mant\u0131\u011f\u0131 devam ettirecektir.<br \/>&#8226; H&uuml;k&uuml;metimiz; kom\u015fumuz Irak&#8217;la ilgili belirsizli\u011fin sona ermesinden yanad\u0131r. Irak sorununun BM kararlar\u0131 \u00e7er\u00e7evesinde \u00e7&ouml;z&uuml;lmesini temenni etmekteyiz. Fakat, sorunun genel \u00e7er\u00e7evesi ile T&uuml;rkiye&#8217;ye d&ouml;n&uuml;k y&uuml;z&uuml; aras\u0131ndaki makas fark\u0131n\u0131n a\u00e7\u0131ld\u0131\u011f\u0131 ve bunun siyasi, askeri ve ekonomik menfaatlerimizi tehdit etme e\u011filimine girdi\u011fi durumlarda, devletimizin bekas\u0131 ve milletimizin selameti i\u00e7in, kendi &ouml;zel durumumuza en uygun kararlar\u0131 en h\u0131zl\u0131 bi\u00e7imde alacakt\u0131r. H&uuml;k&uuml;metimiz Irak&#8217;\u0131n toprak b&uuml;t&uuml;nl&uuml;\u011f&uuml;ne ve siyasi birli\u011finin korunmas\u0131na b&uuml;y&uuml;k &ouml;nem atfetmektedir. <br \/>Irak&#8217;\u0131n yer alt\u0131 ve yer &uuml;st&uuml; kaynaklar\u0131n\u0131n t&uuml;m Irak halk\u0131na ait oldu\u011funu d&uuml;\u015f&uuml;nmekteyiz. Irak&#8217;\u0131n asli unsuru olan T&uuml;rkmenler&#8217;in, Araplar&#8217;\u0131n, K&uuml;rtler&#8217;in ve di\u011fer topluluklar\u0131n bar\u0131\u015f i\u00e7inde ya\u015famas\u0131 arzumuzdur. Irak&#8217;\u0131n toprak b&uuml;t&uuml;nl&uuml;\u011f&uuml;n&uuml;n bozulmas\u0131 Orta-Do\u011fu&#8217;daki t&uuml;m dengeleri de\u011fi\u015ftirecektir. H&uuml;k&uuml;metimiz, Irak y&ouml;netiminin Birle\u015fmi\u015f Milletler kararlar\u0131n\u0131 tam olarak uygulamas\u0131ndan, kitle imha silahlar\u0131ndan ar\u0131nm\u0131\u015f, kom\u015fular\u0131yla bar\u0131\u015f i\u00e7inde ya\u015fayan bir Irak&#8217;\u0131n uluslararas\u0131 toplum i\u00e7indeki yerini almas\u0131ndan ve sorununun bar\u0131\u015f\u00e7\u0131 y&ouml;nden \u00e7&ouml;z&uuml;m&uuml;nden yanad\u0131r.<br \/>&#8226; H&uuml;k&uuml;metimiz, Irak krizi sebebiyle yeni g&uuml;ndemlerle donanan, ABD ile tarihsel derinli\u011fe ve kar\u015f\u0131l\u0131kl\u0131 sayg\u0131ya dayal\u0131 ili\u015fkilerini, bundan sonra da en dinamik bi\u00e7imde s&uuml;rd&uuml;recektir. Devletimiz ile ABD aras\u0131nda, Irak krizinin alg\u0131lan\u0131\u015f\u0131 ve krize d&ouml;n&uuml;k yakla\u015f\u0131m bak\u0131m\u0131ndan belli farklar olmas\u0131 do\u011fald\u0131r. Ku\u015fkusuz her &uuml;lke, her olay\u0131 kendi siyasal pozisyonuna g&ouml;re de\u011ferlendirecektir. G&uuml;ncel ve konjonkt&uuml;rel bir g&uuml;ndem olan Irak krizi konusundaki kimi farkl\u0131l\u0131klara ra\u011fmen, temel stratejik ve siyasi ger\u00e7ek, T&uuml;rkiye ile ABD aras\u0131ndaki m&uuml;ttefiklik ili\u015fkisidir. <br \/>H&uuml;k&uuml;metimiz, ABD ile m&uuml;ttefik olman\u0131n &ouml;nemine ve i\u015flevine uygun bir etkinlik &uuml;retmeyi &ouml;nemsemektedir. H&uuml;k&uuml;metimiz, ABD&#8217;yle ili\u015fkilerimizi ve i\u015fbirli\u011fimizi, halklar\u0131m\u0131z\u0131n kar\u015f\u0131l\u0131kl\u0131 yarar ve \u00e7\u0131karlar\u0131 do\u011frultusunda ve b&ouml;lgesel istikrar\u0131n da bir boyutunu te\u015fkil edecek bi\u00e7imde en &uuml;st d&uuml;zeye \u00e7\u0131karmak arzusundad\u0131r.<br \/>De\u011ferli Milletvekilleri,<br \/>&#8226; T&uuml;rkiye, Avrupa siyasi de\u011ferler sisteminin bir par\u00e7as\u0131d\u0131r. <\/font><\/span><\/p>\n<p align=\"justify\"><span style=\"FONT-SIZE: 10pt; FONT-FAMILY: Verdana\"><br \/><font face=\"tahoma,arial,helvetica,sans-serif\">Avrupa &uuml;lkeleriyle ili\u015fkiler T&uuml;rkiye&#8217;nin d\u0131\u015f politika g&uuml;ndeminde en &uuml;st s\u0131ralarda yer almaya bundan sonra da devam edecektir.<br \/>&#8226; T&uuml;rkiye&#8217;nin Avrupa Birli\u011fine tam &uuml;yeli\u011fi H&uuml;k&uuml;metimizin hedeflerinin ba\u015f\u0131nda gelmektedir. 3 Kas\u0131m se\u00e7imlerinden ba\u015far\u0131yla \u00e7\u0131kar \u00e7\u0131kmaz, AB konusunda ciddi bir etkinlik &uuml;rettik ve 2004 Aral\u0131k ay\u0131na m&uuml;zakere i\u00e7in m&uuml;zakere tarihi alma ba\u015far\u0131s\u0131 Ak Parti h&uuml;k&uuml;meti d&ouml;neminde ba\u015far\u0131lm\u0131\u015ft\u0131r.<br \/>H&uuml;k&uuml;metimiz, Kopenhag kriterlerini tam olarak yerine getirme konusunda kararl\u0131d\u0131r. <br \/>T&uuml;rkiye&#8217;nin Avrupa Birli\u011fi ailesi i\u00e7erisinde hak etti\u011fi yeri en k\u0131sa zamanda almas\u0131n\u0131n iki tarafa getirece\u011fi kazan\u0131mlar\u0131n yan\u0131 s\u0131ra Avrupa k\u0131tas\u0131n\u0131n &ouml;tesinde bar\u0131\u015f, istikrar ve g&uuml;venlik y&ouml;nlerinden olumlu sonu\u00e7lar do\u011furaca\u011f\u0131 ku\u015fkusuzdur.<br \/>&#8226; Bu \u00e7er\u00e7evede, TBMM taraf\u0131ndan ger\u00e7ekle\u015ftirilmi\u015f olan uyum yasalar\u0131n\u0131n g&uuml;\u00e7lendirilmesi ve mevzuat\u0131m\u0131z\u0131n temel hak ve &ouml;zg&uuml;rl&uuml;kler a\u00e7\u0131s\u0131ndan bir b&uuml;t&uuml;n olarak geli\u015ftirilmesi sa\u011flanacakt\u0131r. Ayr\u0131ca, reformlar\u0131n uygulamaya tam olarak yans\u0131mas\u0131 ve uygulay\u0131c\u0131lar taraf\u0131ndan da &ouml;z&uuml;msenmesi konusunda her ge\u00e7en g&uuml;n artan bir kararl\u0131l\u0131k g&ouml;sterilecektir.<br \/>De\u011ferli Milletvekilleri,<br \/>&#8226; T&uuml;rkiye&#8217;nin NATO b&uuml;nyesinde bug&uuml;ne kadar ortaya koydu\u011fu katk\u0131ya paralel olarak, yeni Avrupa Savunma Stratejisi \u00e7er\u00e7evesinde olu\u015fturulan Avrupa G&uuml;venlik ve Savunma Kavram\u0131 (AGSK) i\u00e7inde hak etti\u011fi yeri birinci Ak Parti iktidar\u0131 d&ouml;neminde alm\u0131\u015ft\u0131r. Muhtemel her t&uuml;rl&uuml; tehdidi cayd\u0131rmada ve b&ouml;lgesel ve k&uuml;resel bar\u0131\u015f, istikrar ve g&uuml;venli\u011fin sa\u011flanmas\u0131nda \u00e7ok &ouml;nemli bir rol oynayan Silahl\u0131 Kuvvetlerimizin NATO ve BM ba\u015fta olmak &uuml;zere, d\u0131\u015f &ouml;rg&uuml;tlerdeki faaliyetlere devam etmesi i\u00e7in gereken imkanlar\u0131 s&uuml;rekli geli\u015ftirmek H&uuml;k&uuml;metimizin &ouml;ncelikleri aras\u0131ndad\u0131r..<br \/>&#8226; Bu ba\u011flamda, g&uuml;venlik kavram\u0131 temelindeki hassasiyetimizin alt\u0131n\u0131 \u00e7izmek isterim. G&uuml;venlik, bir devletin en asli ve vazge\u00e7ilmez i\u015flevidir. T&uuml;rkiye&#8217;nin co\u011frafi konumu ve b&ouml;lgede meydana gelen geli\u015fmeler dikkate al\u0131nd\u0131\u011f\u0131nda, g&uuml;venlik ve savunma konular\u0131nda H&uuml;k&uuml;metimizin \u00e7ok daha duyarl\u0131 olaca\u011f\u0131 a\u00e7\u0131kt\u0131r. G&uuml;venli\u011fimiz ve savunmam\u0131z neyi gerektiriyorsa, bu konuda hi\u00e7bir fedakarl\u0131ktan ka\u00e7\u0131n\u0131lmayacakt\u0131r.<\/font><\/span><\/p>\n<p align=\"justify\"><span style=\"FONT-SIZE: 10pt; FONT-FAMILY: Verdana\"><font face=\"tahoma,arial,helvetica,sans-serif\">De\u011ferli Milletvekilleri,<br \/>&#8226; \u0130yi kom\u015fuluk ili\u015fkileri i\u00e7inde Rusya Federasyonu ile, k&uuml;lt&uuml;rel yak\u0131nl\u0131\u011f\u0131m\u0131z \u00e7er\u00e7evesinde Orta-Asya ve Kafkasya &uuml;lkelerinde taraflar\u0131n \u00e7\u0131karlar\u0131n\u0131 zedelemeyen, i\u015fbirli\u011fine dayal\u0131 ili\u015fkiler s&uuml;rd&uuml;r&uuml;lecektir. H&uuml;k&uuml;metimiz, Rusya Federasyonu ile ili\u015fkilerini azamile\u015ftirmeyi &ouml;nceleyen Avrasya perspektifini titizlikle geli\u015ftirecektir.<br \/>&#8226; Kom\u015fumuz Yunanistan ile ili\u015fkilerimizi, has\u0131ml\u0131k \u00e7er\u00e7evesinde de\u011fil, iki &uuml;lke halklar\u0131na da fayda sa\u011flayacak bir sinerjiyi &uuml;retecek rekabet temelinde kurma konusunda kararl\u0131y\u0131z.<br \/>Yunanistan ile kar\u015f\u0131l\u0131kl\u0131 ekonomik \u00e7\u0131karlara dayanan ili\u015fkiler art\u0131r\u0131larak s&uuml;rd&uuml;r&uuml;lecek ve bu ili\u015fkilerin olu\u015fturaca\u011f\u0131 g&uuml;ven ortam\u0131 sayesinde, daha karma\u015f\u0131k olan siyasi sorunlar\u0131n \u00e7&ouml;z&uuml;m&uuml; i\u00e7in zemin haz\u0131rlanacakt\u0131r.<br \/>De\u011ferli Milletvekilleri,<br \/>&#8226; H&uuml;k&uuml;metimiz, K\u0131br\u0131s sorununa mutlaka bir \u00e7&ouml;z&uuml;m bulunmas\u0131n\u0131n gere\u011fine inanmaktad\u0131r. Bu \u00e7&ouml;z&uuml;mde, gelecekte adadaki T&uuml;rk varl\u0131\u011f\u0131n\u0131 tehlikeye sokacak hi\u00e7 bir giri\u015fime m&uuml;saade edilmeyecektir. <\/font><\/span><\/p>\n<p align=\"justify\"><span style=\"FONT-SIZE: 10pt; FONT-FAMILY: Verdana\"><br \/><font face=\"tahoma,arial,helvetica,sans-serif\">Lahey&#8217;de gelinen noktan\u0131n bir t\u0131kanmaya d&ouml;n&uuml;\u015fmemesi ve yeni ileti\u015fim kanallar\u0131n\u0131n ve \u00e7&ouml;z&uuml;m modellerinin ara\u015ft\u0131r\u0131lmas\u0131 i\u00e7in hassasiyetimizi koruyoruz, ba\u015fta AB &uuml;lkeleri ve Yunanistan olmak &uuml;zere t&uuml;m siyasal odaklar\u0131 \u00e7&ouml;z&uuml;m, diyalog ve kal\u0131c\u0131 bar\u0131\u015f temelinde hassas olmaya davet ediyoruz. Bu \u00e7er\u00e7evede BM Genel Sekreteri&#8217;nin haz\u0131rlam\u0131\u015f oldu\u011fu plan\u0131n masada oldu\u011funa dair a\u00e7\u0131klamas\u0131, taraflar\u0131n arzusu durumunda \u00e7&ouml;z&uuml;m s&uuml;recine yard\u0131mc\u0131 olaca\u011f\u0131n\u0131 ifade etmesi ve KKTC Cumhurba\u015fkan\u0131 Say\u0131n Denkta\u015f&#8217;\u0131n Rum taraf\u0131n\u0131 m&uuml;zakereye \u00e7a\u011f\u0131ran beyan\u0131 H&uuml;k&uuml;metimizce kay\u0131t alt\u0131na al\u0131nm\u0131\u015ft\u0131r.<br \/>&#8226; Orta Asya T&uuml;rk Cumhuriyetleri ile tarihi, k&uuml;lt&uuml;rel ve sosyal yak\u0131nl\u0131\u011f\u0131m\u0131za ra\u011fmen, T&uuml;rkiye&#8217;nin bu &uuml;lkelerle ili\u015fkilerinde beklentileri kar\u015f\u0131layamad\u0131\u011f\u0131 bir ger\u00e7ektir. H&uuml;k&uuml;metimiz, T&uuml;rk Cumhuriyetleriyle ili\u015fkilerin en ileri noktaya ta\u015f\u0131narak b&ouml;lgenin geni\u015f bir i\u015fbirli\u011fi alan\u0131na d&ouml;n&uuml;\u015ft&uuml;r&uuml;lmesi i\u00e7in \u00e7aba sarf edecektir.<br \/>&#8226; Orta-Do\u011fu&#8217;da akan kan, t&uuml;m d&uuml;nya kamuoyunu oldu\u011fu gibi, bu b&ouml;lge ile yak\u0131n k&uuml;lt&uuml;rel ve tarihi ili\u015fkileri olan T&uuml;rk halk\u0131n\u0131 da &uuml;zmekte ve endi\u015feye sevk etmektedir. <\/font><\/span><\/p>\n<p align=\"justify\"><span style=\"FONT-SIZE: 10pt; FONT-FAMILY: Verdana\"><font face=\"tahoma,arial,helvetica,sans-serif\">H&uuml;k&uuml;metimiz, din ve \u0131rk ay\u0131r\u0131m\u0131 yapmaks\u0131z\u0131n, kime ait olursa olsun d&ouml;k&uuml;len kan\u0131n ve g&ouml;z ya\u015f\u0131n\u0131n acilen durdurulmas\u0131n\u0131 sa\u011flayacak tek yolun, kal\u0131c\u0131 bir bar\u0131\u015ftan ge\u00e7ti\u011fine inanmaktad\u0131r. T&uuml;rkiye, Filistin&#8217;de Birle\u015fmi\u015f Milletler kararlar\u0131 do\u011frultusunda ve Filistin halk\u0131n\u0131n s&uuml;regelen ac\u0131lar\u0131n\u0131 dindirecek \u015fekilde bar\u0131\u015f\u0131n tesisine y&ouml;nelik \u00e7abalar\u0131 desteklemeye devam edecektir. Bu \u00e7er\u00e7evede, ABD Ba\u015fkan\u0131 Say\u0131n George W. Bush&#8217;un 14 Mart 2003 tarihinde yapt\u0131\u011f\u0131 a\u00e7\u0131klamada zikredilen yol haritas\u0131 ve reform vizyonu H&uuml;k&uuml;metimizce de desteklenmektedir. <\/font><\/span><\/p>\n<p align=\"justify\"><span style=\"FONT-SIZE: 10pt; FONT-FAMILY: Verdana\"><font face=\"tahoma,arial,helvetica,sans-serif\">T&uuml;rkiye Filistin ve \u0130srail taraflar\u0131yla iyi ili\u015fkilerini s&uuml;rd&uuml;rerek bar\u0131\u015f\u0131n tesisine y&ouml;nelik \u00e7abalara katk\u0131da bulunma imkan\u0131na sahip olacakt\u0131r.<br \/>&#8226; Balkan politikam\u0131z, b&ouml;lgedeki &uuml;lkelerle tarihi, k&uuml;lt&uuml;rel ve ekonomik ili\u015fkilerimiz \u0131\u015f\u0131\u011f\u0131nda geli\u015ftirilecek, gerekirse yeniden \u015fekillendirilecektir. B&ouml;lge i\u00e7indeki gerilimi d&uuml;\u015f&uuml;rmek ve bar\u0131\u015f ortam\u0131n\u0131 kal\u0131c\u0131 k\u0131labilmek amac\u0131yla ortak \u00e7\u0131kar alanlar\u0131 olu\u015fturmak i\u00e7in ekonomi a\u011f\u0131rl\u0131kl\u0131 projeler geli\u015ftirilecektir.<\/font><\/span><\/p>\n<p align=\"justify\"><span style=\"FONT-SIZE: 10pt; FONT-FAMILY: Verdana\"><br \/><font face=\"tahoma,arial,helvetica,sans-serif\">De\u011ferli Milletvekilleri,<br \/>&#8226; H&uuml;k&uuml;metimiz, T&uuml;rkiye&#8217;nin \u0130slam D&uuml;nyas\u0131yla ili\u015fkilerine &ouml;zel bir &ouml;nem vermektedir. Bir yandan bu &uuml;lkelerle ikili i\u015fbirli\u011fimizin art\u0131r\u0131lmas\u0131, &ouml;te yandan \u0130slam Konferans\u0131 &Ouml;rg&uuml;t&uuml;&#8217;n&uuml;n (\u0130K&Ouml;) uluslararas\u0131 alanda daha sayg\u0131n yer edinebilmesi ve inisiyatif alabilen dinamik bir yap\u0131ya kavu\u015fturulmas\u0131 i\u00e7in \u00e7aba sarf edecektir. Yine bu ba\u011flamda, ba\u015fkanl\u0131\u011f\u0131n\u0131 Cumhurba\u015fkan\u0131m\u0131z\u0131n yapt\u0131\u011f\u0131 \u0130K&Ouml;, Ekonomik ve Ticari \u0130\u015fbirli\u011fi Daimi Komitesi&#8217;nin (\u0130SEDAK) faaliyetlerine daha somut i\u00e7erik kazand\u0131rmaya \u00e7al\u0131\u015facakt\u0131r.<br \/>&#8226; Geni\u015f bir kat\u0131l\u0131mla kurulan Karadeniz Ekonomik \u0130\u015fbirli\u011fi Te\u015fkilat\u0131&#8217;n\u0131n (KE\u0130T), b&ouml;lge &uuml;lkelerine yeni i\u015fbirli\u011fi imkanlar\u0131 vaat eden potansiyelinin harekete ge\u00e7irilmesi i\u00e7in \u00e7aba sarf edecektir.<br \/>&#8226; \u00c7in Halk Cumhuriyeti ve Japonya ile kar\u015f\u0131l\u0131kl\u0131 sayg\u0131 ve verimli i\u015fbirli\u011fi temelinde geli\u015fmekte olan ili\u015fkilerimizin bu do\u011frultuda daha da ileri g&ouml;t&uuml;r&uuml;lmesine \u00e7al\u0131\u015f\u0131lacakt\u0131r. Nitekim 2003 y\u0131l\u0131, Japonya&#8217;da &#8220;T&uuml;rkiye Y\u0131l\u0131&#8221; ilan edilmi\u015ftir.<\/font><\/span><\/p>\n<p align=\"justify\"><span style=\"FONT-SIZE: 10pt; FONT-FAMILY: Verdana\"><br \/><font face=\"tahoma,arial,helvetica,sans-serif\">&#8226; D\u0131\u015f politikam\u0131z\u0131n geleneksel Atlantik ve Avrupa boyutlar\u0131n\u0131n yan\u0131nda, Avrasya eksenli politikan\u0131n geli\u015ftirilmesi yolundaki \u00e7abalar s&uuml;rd&uuml;r&uuml;lecektir. Bu ba\u011flamda, Ekonomik \u0130\u015fbirli\u011fi Te\u015fkilat\u0131 (ECO) \u00e7er\u00e7evesindeki i\u015fbirli\u011fi g&uuml;\u00e7lendirilecektir.<br \/>&#8226; T&uuml;rkiye&#8217;nin &uuml;yesi oldu\u011fu uluslararas\u0131 &ouml;rg&uuml;tler ve ECO ve KE\u0130B gibi b&ouml;lgesel ekonomik i\u015fbirli\u011fi \u00e7abalar\u0131 aras\u0131nda rasyonel ve sistematik bir koordinasyon sa\u011flanacakt\u0131r.<br \/>&#8226; Kafkasya&#8217;da so\u011fuk sava\u015f d&ouml;nemi \u015fartlanmalar\u0131 bir yana b\u0131rak\u0131larak i\u015fbirli\u011fi imkanlar\u0131 aranacak, zengin yer alt\u0131 ve yer &uuml;st&uuml; kaynaklar\u0131na sahip olan bu b&ouml;lgenin, Orta-Do\u011fu ve Balkanlar&#8217;la ekonomik a\u00e7\u0131dan b&uuml;t&uuml;nle\u015fmesine katk\u0131da bulunmaya \u00e7al\u0131\u015facakt\u0131r.<br \/>&#8226; Yurt d\u0131\u015f\u0131nda ya\u015fayan T&uuml;rk vatanda\u015flar\u0131n\u0131n, bulunduklar\u0131 &uuml;lkelerdeki haklar\u0131n\u0131n daha fazla korunmas\u0131 i\u00e7in \u00e7aba sarf edilecek, gerek o &uuml;lkelerde gerekse T&uuml;rkiye&#8217;de kar\u015f\u0131la\u015ft\u0131klar\u0131 sorunlar\u0131n ortadan kald\u0131r\u0131lmas\u0131 i\u00e7in mevcut mekanizmalar\u0131 daha etkin bi\u00e7imde i\u015fletecektir.<br \/>De\u011ferli Milletvekilleri<br \/>Ak Parti H&uuml;k&uuml;metleri, &uuml;lkemizin ihtiya\u00e7 duydu\u011fu \u00e7a\u011fda\u015f ve dinamik h&uuml;k&uuml;met mant\u0131\u011f\u0131n\u0131 ortaya \u00e7\u0131karmakla kalmam\u0131\u015f; bundan daha &ouml;nemli ve kal\u0131c\u0131 olarak, ya\u015fad\u0131\u011f\u0131m\u0131z \u00e7a\u011fla uyumlu olmayan bir siyaset k&uuml;lt&uuml;r&uuml;n&uuml; de geride b\u0131rakarak, her bak\u0131mdan yeni bir siyaset d&ouml;nemini ba\u015flatm\u0131\u015ft\u0131r.<br \/>Bu yeni d&ouml;nemi, eskinin kavram, kal\u0131p ve al\u0131\u015fkanl\u0131klar\u0131 ile de\u011ferlendirmek, anlamak ve sorgulamak yakla\u015f\u0131m\u0131na ba\u011fl\u0131 kalanlar, toplumun dinamizminin ve de\u011fi\u015fim iradesinin uza\u011f\u0131na d&uuml;\u015ferek, verimsiz ve sonu\u00e7suz bir siyasal \u00e7aba i\u00e7inde kalmaya mahkum olacaklard\u0131r.<\/font><\/span><\/p>\n<p align=\"justify\"><span style=\"FONT-SIZE: 10pt; FONT-FAMILY: Verdana\"><font face=\"tahoma,arial,helvetica,sans-serif\">Bu yeni d&ouml;nem, evrensel standartlar ve hukukun &uuml;st&uuml;nl&uuml;\u011f&uuml; i\u00e7inde milletimizin iradesine ve geli\u015fme arzusuna dayal\u0131 yeni anlay\u0131\u015f, kavray\u0131\u015f, tutum ve y&ouml;ntemlerle siyaseti in\u015fa edenlerin d&ouml;nemi olacakt\u0131r.<\/font><\/span><\/p>\n<p align=\"justify\"><span style=\"FONT-SIZE: 10pt; FONT-FAMILY: Verdana\"><font face=\"tahoma,arial,helvetica,sans-serif\">Bu yeni siyaset anlay\u0131\u015f\u0131 i\u00e7in de siz de\u011ferli milletvekillerine sunmu\u015f oldu\u011fum bu program\u0131n h\u0131zla de\u011fi\u015fen, rekabetin artt\u0131\u011f\u0131, etkin ve kat\u0131l\u0131mc\u0131 bir y&ouml;netimin eskisinden de &ouml;nemli hale geldi\u011fi bir d&uuml;nyada, &uuml;lkemizin hak etti\u011fi yere gelmesinde &ouml;nemli katk\u0131 sa\u011flayaca\u011f\u0131na inanc\u0131m\u0131z tamd\u0131r.<br \/>T&uuml;rkiye&#8217;nin ortak akl\u0131n\u0131n ve vicdan\u0131n\u0131n ifadesi olan H&uuml;k&uuml;metimiz, Aziz Milletimizin ve Y&uuml;ce Meclisimizin g&uuml;venine lay\u0131k olmaya \u00e7al\u0131\u015facakt\u0131r.<br \/>Gayret bizden, destek aziz milletimizden ve ba\u015far\u0131 Y&uuml;ce Allah&#8217;tand\u0131r.<\/font><\/span><\/p>\n<\/blockquote>\n<p style=\"MARGIN-TOP: 0px; MARGIN-BOTTOM: 0px\" align=\"center\"><font face=\"tahoma,arial,helvetica,sans-serif\">&nbsp;<\/font><\/p>\n","protected":false},"excerpt":{"rendered":"<p>&nbsp; Ba\u015fbakan RECEP TAYY\u0130P ERDO\u011eAN Taraf\u0131ndan TBMM&#8217;ne Sunulan59&#8217;uncu H&uuml;k&uuml;met Program\u013118 MART 2003 Say\u0131n Ba\u015fkan, De\u011ferli Milletvekilleri, &nbsp;&nbsp;&nbsp;&nbsp;&nbsp; Cumhuriyetimizin 59&#8217;uncu, Ak Parti&#8217;nin 2&#8217;nci H&uuml;k&uuml;meti ad\u0131na aziz milletimizi ve bu b&uuml;y&uuml;k milletin siz de\u011ferli vekillerini sayg\u0131lar\u0131mla selaml\u0131yorum. &nbsp;&nbsp;&nbsp;&nbsp;&nbsp; S&ouml;zlerime ba\u015flarken, ba\u015fta Cumhuriyetimizin banisi Gazi Mustafa Kemal Atat&uuml;rk olmak &uuml;zere, aziz milletimize hizmet etmi\u015f t&uuml;m de\u011ferlerimizi \u015f&uuml;kranla an\u0131yorum. &hellip;<\/p>\n","protected":false},"author":2,"featured_media":0,"comment_status":"open","ping_status":"open","sticky":false,"template":"","format":"standard","meta":{"footnotes":""},"categories":[1],"tags":[],"class_list":["post-2","post","type-post","status-publish","format-standard","hentry","category-uncategorized"],"_links":{"self":[{"href":"https:\/\/www.ramazanbasak.com.tr\/index.php?rest_route=\/wp\/v2\/posts\/2","targetHints":{"allow":["GET"]}}],"collection":[{"href":"https:\/\/www.ramazanbasak.com.tr\/index.php?rest_route=\/wp\/v2\/posts"}],"about":[{"href":"https:\/\/www.ramazanbasak.com.tr\/index.php?rest_route=\/wp\/v2\/types\/post"}],"author":[{"embeddable":true,"href":"https:\/\/www.ramazanbasak.com.tr\/index.php?rest_route=\/wp\/v2\/users\/2"}],"replies":[{"embeddable":true,"href":"https:\/\/www.ramazanbasak.com.tr\/index.php?rest_route=%2Fwp%2Fv2%2Fcomments&post=2"}],"version-history":[{"count":0,"href":"https:\/\/www.ramazanbasak.com.tr\/index.php?rest_route=\/wp\/v2\/posts\/2\/revisions"}],"wp:attachment":[{"href":"https:\/\/www.ramazanbasak.com.tr\/index.php?rest_route=%2Fwp%2Fv2%2Fmedia&parent=2"}],"wp:term":[{"taxonomy":"category","embeddable":true,"href":"https:\/\/www.ramazanbasak.com.tr\/index.php?rest_route=%2Fwp%2Fv2%2Fcategories&post=2"},{"taxonomy":"post_tag","embeddable":true,"href":"https:\/\/www.ramazanbasak.com.tr\/index.php?rest_route=%2Fwp%2Fv2%2Ftags&post=2"}],"curies":[{"name":"wp","href":"https:\/\/api.w.org\/{rel}","templated":true}]}}