{"id":201,"date":"2010-01-25T22:00:00","date_gmt":"2010-01-25T19:00:00","guid":{"rendered":"https:\/\/www.ramazanbasak.com.tr\/basak-in-gap-kalkinma-idaresine-ziyareti"},"modified":"2010-01-25T22:00:00","modified_gmt":"2010-01-25T19:00:00","slug":"basak-in-gap-kalkinma-idaresine-ziyareti","status":"publish","type":"post","link":"https:\/\/www.ramazanbasak.com.tr\/?p=201","title":{"rendered":"BA\u015eAK&#8217; IN GAP KALKINMA \u0130DARES\u0130NE Z\u0130YARET\u0130&#8230;"},"content":{"rendered":"<p><img loading=\"lazy\" decoding=\"async\" class=\" size-full wp-image-200\" width=\"200\" height=\"138\" alt=\"\" src=\"https:\/\/www.ramazanbasak.com.tr\/wp-content\/uploads\/2010\/01\/12359.jpg\" \/><\/p>\n<p>&nbsp;<\/p>\n<p><strong>&nbsp;Ak Parti \u015eanl\u0131urfa Milletvekili Ramazan Ba\u015fak ziyaretlerine devam ediyor. <\/strong> <\/p>\n<p><strong>&nbsp;&nbsp;&nbsp;&nbsp;&nbsp;&nbsp;&nbsp;&nbsp;&nbsp;&nbsp;&nbsp;&nbsp;&nbsp;&nbsp;&nbsp;&nbsp;&nbsp; Ak Parti \u015eanl\u0131urfa Milletvekili Ramazan Ba\u015fak ziyaretlerine devam ediyor.Ak Parti \u015eanl\u0131urfa Milletvekili Ramazan Ba\u015fak d\u00fcn &nbsp;bir grup Ak&nbsp;&nbsp;Partili ile birlikte GAP b\u00f6lge kalk\u0131nma idaresi&rsquo;ni ziyarette bulunarak, \u00e7al\u0131\u015fmalar hakk\u0131nda bilgi ald\u0131. Vekil Ba\u015fak GAP b\u00f6lge kalk\u0131nma idaresi ba\u015fkan\u0131 Sadrettin Karahocagil ile yapt\u0131\u011f\u0131 g\u00f6r\u00fc\u015fmede bilgi al\u0131\u015f veri\u015fi edindi.<br \/> &nbsp;&nbsp;&nbsp;&nbsp;&nbsp;&nbsp;&nbsp;&nbsp;&nbsp;&nbsp;&nbsp;&nbsp;&nbsp;&nbsp;&nbsp;&nbsp;&nbsp; Ak Parti \u015eanl\u0131urfa Milletvekili Ramazan Ba\u015fak; GAP idaresi sadece \u015eanl\u0131urfa i\u00e7in veya GAP&rsquo;\u0131 b\u00fcnyesinde bar\u0131nd\u0131ran dokuz ilimiz i\u00e7in de\u011fil, T\u00fcrkiye&rsquo;deki seksen bir il, yetmi\u015f iki milyon insan i\u00e7in \u00f6nemli olan GAP projesinin sosyal k\u00fclt\u00fcrel aya\u011f\u0131nda \u00e7ok b\u00fcy\u00fck bir \u00f6neme sahip oldu\u011funu belirtti.<\/strong><\/p>\n<div style=\"text-indent: 35.4pt\">&nbsp;GAP b\u00f6lge Kalk\u0131nma \u0130daresi Ba\u015fkan\u0131 Sadrettin Karahocagil ise Ak Parti \u015eanl\u0131urfa Milletvekili Ramazan Ba\u015fak ve beraberindeki ekibe ziyaretlerinden dolay\u0131 te\u015fekk\u00fcr etti.<\/div>\n<p><div style=\"text-indent: 35.4pt\">&nbsp;<\/div>\n<div style=\"text-indent: 35.4pt\">&nbsp;<\/div><\/p>\n","protected":false},"excerpt":{"rendered":"<p>&nbsp; &nbsp;Ak Parti \u015eanl\u0131urfa Milletvekili Ramazan Ba\u015fak ziyaretlerine devam ediyor. &nbsp;&nbsp;&nbsp;&nbsp;&nbsp;&nbsp;&nbsp;&nbsp;&nbsp;&nbsp;&nbsp;&nbsp;&nbsp;&nbsp;&nbsp;&nbsp;&nbsp; Ak Parti \u015eanl\u0131urfa Milletvekili Ramazan Ba\u015fak ziyaretlerine devam ediyor.Ak Parti \u015eanl\u0131urfa Milletvekili Ramazan Ba\u015fak d\u00fcn &nbsp;bir grup Ak&nbsp;&nbsp;Partili ile birlikte GAP b\u00f6lge kalk\u0131nma idaresi&rsquo;ni ziyarette bulunarak, \u00e7al\u0131\u015fmalar hakk\u0131nda bilgi ald\u0131. Vekil Ba\u015fak GAP b\u00f6lge kalk\u0131nma idaresi ba\u015fkan\u0131 Sadrettin Karahocagil ile yapt\u0131\u011f\u0131 g\u00f6r\u00fc\u015fmede bilgi al\u0131\u015f &hellip;<\/p>\n","protected":false},"author":2,"featured_media":200,"comment_status":"open","ping_status":"open","sticky":false,"template":"","format":"standard","meta":{"footnotes":""},"categories":[8],"tags":[],"class_list":["post-201","post","type-post","status-publish","format-standard","has-post-thumbnail","hentry","category-haberler-haberler"],"_links":{"self":[{"href":"https:\/\/www.ramazanbasak.com.tr\/index.php?rest_route=\/wp\/v2\/posts\/201","targetHints":{"allow":["GET"]}}],"collection":[{"href":"https:\/\/www.ramazanbasak.com.tr\/index.php?rest_route=\/wp\/v2\/posts"}],"about":[{"href":"https:\/\/www.ramazanbasak.com.tr\/index.php?rest_route=\/wp\/v2\/types\/post"}],"author":[{"embeddable":true,"href":"https:\/\/www.ramazanbasak.com.tr\/index.php?rest_route=\/wp\/v2\/users\/2"}],"replies":[{"embeddable":true,"href":"https:\/\/www.ramazanbasak.com.tr\/index.php?rest_route=%2Fwp%2Fv2%2Fcomments&post=201"}],"version-history":[{"count":0,"href":"https:\/\/www.ramazanbasak.com.tr\/index.php?rest_route=\/wp\/v2\/posts\/201\/revisions"}],"wp:featuredmedia":[{"embeddable":true,"href":"https:\/\/www.ramazanbasak.com.tr\/index.php?rest_route=\/wp\/v2\/media\/200"}],"wp:attachment":[{"href":"https:\/\/www.ramazanbasak.com.tr\/index.php?rest_route=%2Fwp%2Fv2%2Fmedia&parent=201"}],"wp:term":[{"taxonomy":"category","embeddable":true,"href":"https:\/\/www.ramazanbasak.com.tr\/index.php?rest_route=%2Fwp%2Fv2%2Fcategories&post=201"},{"taxonomy":"post_tag","embeddable":true,"href":"https:\/\/www.ramazanbasak.com.tr\/index.php?rest_route=%2Fwp%2Fv2%2Ftags&post=201"}],"curies":[{"name":"wp","href":"https:\/\/api.w.org\/{rel}","templated":true}]}}