{"id":203,"date":"2010-01-26T22:00:00","date_gmt":"2010-01-26T19:00:00","guid":{"rendered":"https:\/\/www.ramazanbasak.com.tr\/ogrenciler-bizim-herseyimiz"},"modified":"2010-01-26T22:00:00","modified_gmt":"2010-01-26T19:00:00","slug":"ogrenciler-bizim-herseyimiz","status":"publish","type":"post","link":"https:\/\/www.ramazanbasak.com.tr\/?p=203","title":{"rendered":"\u00d6\u011eRENC\u0130LER B\u0130Z\u0130M HER\u015eEY\u0130M\u0130Z&#8230;"},"content":{"rendered":"<p><img loading=\"lazy\" decoding=\"async\" class=\" size-full wp-image-202\" alt=\"\" width=\"200\" height=\"138\" src=\"https:\/\/www.ramazanbasak.com.tr\/wp-content\/uploads\/2010\/01\/12376.jpg\" \/><\/p>\n<p>&nbsp;<\/p>\n<p><strong>Ak Parti \u015eanl\u0131urfa Milletvekili Ramazan Ba\u015fak \u0130l Milli E\u011fitim M\u00fcd\u00fcr\u00fc&rsquo;n\u00fc ziyaret ederek yap\u0131lan \u00e7al\u0131\u015fmalar hakk\u0131nda bilgi ald\u0131. <\/strong><\/p>\n<p>&nbsp;<\/p>\n<p><strong> <!--more-->  <\/strong><\/p>\n<p>&nbsp;<\/p>\n<p><strong>&nbsp;&nbsp;&nbsp;&nbsp;&nbsp;&nbsp;&nbsp;&nbsp;&nbsp;&nbsp;&nbsp;&nbsp;&nbsp;&nbsp;&nbsp; Ak Parti \u015eanl\u0131urfa Milletvekili Ramazan Ba\u015fak \u0130l Milli E\u011fitim M\u00fcd\u00fcr\u00fc&rsquo;n\u00fc ziyaret ederek yap\u0131lan \u00e7al\u0131\u015fmalar hakk\u0131nda bilgi ald\u0131.<\/strong><\/p>\n<p> &nbsp;&nbsp;&nbsp;&nbsp;&nbsp;&nbsp;&nbsp;&nbsp;&nbsp;&nbsp;&nbsp;&nbsp;&nbsp;&nbsp;&nbsp;Milli E\u011fitim m\u00fcd\u00fcr\u00fcnden bilgi alan Vekil Ba\u015fak, Urfa&rsquo;da e\u011fitime \u00e7ok \u00f6nem verdiklerini ve e\u011fitimin kendileri i\u00e7in, \u015eanl\u0131urfa&rsquo;n\u0131n okumas\u0131 i\u00e7in birinci \u00f6ncelikleri oldu\u011funu&nbsp; \u00f6\u011frencilerimiz i\u00e7in, onlar\u0131n gelecekleri i\u00e7in bizlerin el&nbsp;ele verip var g\u00fcc\u00fcm\u00fczle \u00e7al\u0131\u015fmam\u0131z ve sorunlar\u0131 \u00fcstesinden gelmemiz laz\u0131m.&#8217;dedi.<\/p>\n<p> &nbsp;&nbsp;&nbsp;&nbsp;&nbsp;&nbsp;&nbsp;&nbsp;&nbsp;&nbsp;&nbsp;&nbsp;&nbsp; \u00d6te yandan \u0130l Milli E\u011fitim m\u00fcd\u00fcr\u00fc Hanifi \u015eahin, &lsquo;\u015eanl\u0131urfa&rsquo;n\u0131n en \u00f6nemli eksikliklerinden biri olan k\u00f6y okullar\u0131 ilgili \u00f6nemli ba\u015far\u0131lara imza att\u0131klar\u0131n\u0131, \u015fuana kadar yap\u0131m\u0131 biten yakla\u015f\u0131k bine yak\u0131n dersli\u011fin, k\u00f6ydeki \u00f6\u011frencilerine kazand\u0131rd\u0131klar\u0131n\u0131 belirtti.<\/p>\n","protected":false},"excerpt":{"rendered":"<p>&nbsp; Ak Parti \u015eanl\u0131urfa Milletvekili Ramazan Ba\u015fak \u0130l Milli E\u011fitim M\u00fcd\u00fcr\u00fc&rsquo;n\u00fc ziyaret ederek yap\u0131lan \u00e7al\u0131\u015fmalar hakk\u0131nda bilgi ald\u0131. &nbsp; &nbsp; &nbsp;&nbsp;&nbsp;&nbsp;&nbsp;&nbsp;&nbsp;&nbsp;&nbsp;&nbsp;&nbsp;&nbsp;&nbsp;&nbsp;&nbsp; Ak Parti \u015eanl\u0131urfa Milletvekili Ramazan Ba\u015fak \u0130l Milli E\u011fitim M\u00fcd\u00fcr\u00fc&rsquo;n\u00fc ziyaret ederek yap\u0131lan \u00e7al\u0131\u015fmalar hakk\u0131nda bilgi ald\u0131. &nbsp;&nbsp;&nbsp;&nbsp;&nbsp;&nbsp;&nbsp;&nbsp;&nbsp;&nbsp;&nbsp;&nbsp;&nbsp;&nbsp;&nbsp;Milli E\u011fitim m\u00fcd\u00fcr\u00fcnden bilgi alan Vekil Ba\u015fak, Urfa&rsquo;da e\u011fitime \u00e7ok \u00f6nem verdiklerini ve e\u011fitimin kendileri i\u00e7in, \u015eanl\u0131urfa&rsquo;n\u0131n &hellip;<\/p>\n","protected":false},"author":2,"featured_media":202,"comment_status":"open","ping_status":"open","sticky":false,"template":"","format":"standard","meta":{"footnotes":""},"categories":[8],"tags":[],"class_list":["post-203","post","type-post","status-publish","format-standard","has-post-thumbnail","hentry","category-haberler-haberler"],"_links":{"self":[{"href":"https:\/\/www.ramazanbasak.com.tr\/index.php?rest_route=\/wp\/v2\/posts\/203","targetHints":{"allow":["GET"]}}],"collection":[{"href":"https:\/\/www.ramazanbasak.com.tr\/index.php?rest_route=\/wp\/v2\/posts"}],"about":[{"href":"https:\/\/www.ramazanbasak.com.tr\/index.php?rest_route=\/wp\/v2\/types\/post"}],"author":[{"embeddable":true,"href":"https:\/\/www.ramazanbasak.com.tr\/index.php?rest_route=\/wp\/v2\/users\/2"}],"replies":[{"embeddable":true,"href":"https:\/\/www.ramazanbasak.com.tr\/index.php?rest_route=%2Fwp%2Fv2%2Fcomments&post=203"}],"version-history":[{"count":0,"href":"https:\/\/www.ramazanbasak.com.tr\/index.php?rest_route=\/wp\/v2\/posts\/203\/revisions"}],"wp:featuredmedia":[{"embeddable":true,"href":"https:\/\/www.ramazanbasak.com.tr\/index.php?rest_route=\/wp\/v2\/media\/202"}],"wp:attachment":[{"href":"https:\/\/www.ramazanbasak.com.tr\/index.php?rest_route=%2Fwp%2Fv2%2Fmedia&parent=203"}],"wp:term":[{"taxonomy":"category","embeddable":true,"href":"https:\/\/www.ramazanbasak.com.tr\/index.php?rest_route=%2Fwp%2Fv2%2Fcategories&post=203"},{"taxonomy":"post_tag","embeddable":true,"href":"https:\/\/www.ramazanbasak.com.tr\/index.php?rest_route=%2Fwp%2Fv2%2Ftags&post=203"}],"curies":[{"name":"wp","href":"https:\/\/api.w.org\/{rel}","templated":true}]}}