{"id":204,"date":"2010-01-27T22:00:00","date_gmt":"2010-01-27T19:00:00","guid":{"rendered":"https:\/\/www.ramazanbasak.com.tr\/basak-cozdu"},"modified":"2010-01-27T22:00:00","modified_gmt":"2010-01-27T19:00:00","slug":"basak-cozdu","status":"publish","type":"post","link":"https:\/\/www.ramazanbasak.com.tr\/?p=204","title":{"rendered":"BA\u015eAK \u00c7\u00d6ZD\u00dc&#8230;"},"content":{"rendered":"<p><img loading=\"lazy\" decoding=\"async\" class=\" size-full wp-image-81\" width=\"200\" height=\"133\" alt=\"\" src=\"https:\/\/www.ramazanbasak.com.tr\/wp-content\/uploads\/2008\/02\/9.jpg\" \/><\/p>\n<p>&nbsp;<\/p>\n<p><strong>TBMM ile S\u0131rbistan Cumhuriyeti Meclis Dostluk Grubu Ba\u015fkan\u0131 \u015eanl\u0131urfa Milletvekili Ramazan Ba\u015fak, S\u0131rbistan&rsquo; da tutuklu bulunduklar\u0131 iddia edilen hem\u015ferilerimizle ilgili bir a\u00e7\u0131klama yapt\u0131.<\/strong><\/p>\n<p>&nbsp;<\/p>\n<p><strong> <!--more-->  <\/strong><\/p>\n<p>&nbsp;<\/p>\n<div>Sorunun ortaya \u00e7\u0131kt\u0131\u011f\u0131 ilk g\u00fcnden beri bu konunun takip\u00e7isi olan Ramazan Ba\u015fak, S\u0131rbistan Cumhuriyeti yetkilileri ve D\u0131\u015fi\u015fleri Bakanl\u0131\u011f\u0131m\u0131z nezdinde t\u00fcm giri\u015fimlerde bulundu\u011funu ve i\u015fin ger\u00e7ek y\u00fcz\u00fcn\u00fcn bahsi ge\u00e7en hem\u015ferilerimizin vize almadan S\u0131rbistan&rsquo; a girmelerinden kaynakland\u0131\u011f\u0131n\u0131 ve Ramazan Ba\u015fak kendilerinin&nbsp;\u00e7abalar\u0131 sonucu t\u00fcm vatanda\u015flar\u0131m\u0131z\u0131n serbest b\u0131rak\u0131ld\u0131\u011f\u0131n\u0131 ve \u015fu anda hi\u00e7bir vatanda\u015f\u0131m\u0131z\u0131n tutuklu olmad\u0131\u011f\u0131n\u0131 s\u00f6yledi. Bu konuyla ilgili de ayr\u0131nt\u0131l\u0131 bilgi verdi.<\/div>\n<div>&nbsp;<\/div>\n<div>S\u0131n\u0131r g\u00fcvenli\u011fi ihlali gerek\u00e7esiyle 23.12.2009 da 5 ki\u015filik bir grup (Ferhat U\u00e7ar, Erdal \u00d6zmak, Mahmut G\u00fczel, Bekir \u00d6zer ve Fehmi \u00d6zer) S\u0131rbistan makamlar\u0131nca tutuklanm\u0131\u015f 20 g\u00fcn hapis cezas\u0131 verilmi\u015f olup ard\u0131ndan serbest b\u0131rak\u0131lm\u0131\u015flard\u0131r.<\/div>\n<div>&nbsp;<\/div>\n<div>Ayn\u0131 gerek\u00e7eyle 4 ocak 2010 da 3 ki\u015filik ba\u015fka bir grup ( \u00d6zcan K\u0131z\u0131ko\u011flu, G\u00f6khan K\u0131z\u0131ko\u011flu ve Yunus Emre Cang\u00fcven) S\u0131rbistan makamlar\u0131nca vizesiz giri\u015f nedeniyle yakalanm\u0131\u015f ve 10 g\u00fcnl\u00fck hapis cezas\u0131n\u0131n ard\u0131ndan serbest b\u0131rak\u0131lm\u0131\u015flard\u0131r.<\/div>\n<div>&nbsp;<\/div>\n<div>13 ocak 2010 tarihinde bu sefer 4 ki\u015filik bir grup ( Yasin Olcay, B\u00fclent Olcay, Cuma Olcay ve Fahri Uzun) yine S\u0131rbistan&rsquo; a vizesiz ka\u00e7ak olarak girmek istemi\u015fler s\u0131n\u0131r g\u00fcvenli\u011fi ihlalinden S\u0131rbistan makamlar\u0131nca yakalan\u0131p 21 ocak 2010 tarihine kadar hapis cezas\u0131 alm\u0131\u015flar ve akabinde serbest b\u0131rak\u0131lm\u0131\u015flard\u0131r.<\/div>\n<div>&nbsp;<\/div>\n<div>Yukar\u0131daki ilgili ki\u015filerin ge\u00e7erli pasaportlarr\u0131 olmakla beraber vizeleri olmad\u0131\u011f\u0131 i\u00e7in yakaland\u0131klar\u0131 ve S\u0131rbistan kanunlar\u0131na g\u00f6re ceza ald\u0131klar\u0131, bunun sonucunda serbest b\u0131rak\u0131lm\u0131\u015f ve kendilerine S\u0131rbistan&rsquo; dan ayr\u0131lmalar\u0131 i\u00e7in 3 g\u00fcnl\u00fck s\u00fcre tan\u0131nm\u0131\u015ft\u0131r.<\/div>\n<div>&nbsp;<\/div>\n<div>\u015eu anda D\u0131\u015fi\u015fleri Bakanl\u0131\u011f\u0131 Konsolosluk Dairesinden, T\u00fcrkiye&rsquo; nin Belgrad B\u00fcy\u00fckel\u00e7imiz S\u00fcha Umar ve S\u0131rbistan&rsquo; \u0131n T\u00fcrkiye B\u00fcy\u00fckel\u00e7isi Viladimir \u00c7urgus dan al\u0131nan bilgiler \u0131\u015f\u0131\u011f\u0131nda S\u0131rbistan Cumhuriyeti i\u00e7erisinde tutuklu herhangi bir vatanda\u015f\u0131m\u0131z bulunmamaktad\u0131r. Ayr\u0131ca hi\u00e7bir vatanda\u015f\u0131m\u0131zdan tutuklu oldu\u011funa veya ayr\u0131lmak i\u00e7in herhangi bir talep b\u00fcy\u00fckel\u00e7ili\u011fimize gelmemi\u015ftir.<\/div>\n<div>&nbsp;<\/div>\n<p><span style=\"font-size: 12pt\">Bir\u00e7ok kanalda da a\u00e7\u0131klamalarda bulunan Ba\u015fak T\u00fcrkiye-S\u0131rbistan Parlamentolar Aras\u0131 Dostluk Grubu Ba\u015fkan\u0131 olarak vatanda\u015flar\u0131m\u0131z\u0131n g\u00fcvenli\u011fi hususunda hi\u00e7bir \u015fekilde endi\u015fe verecek bir konu bulunmad\u0131\u011f\u0131n\u0131n bilinmesini isterim dedi.<\/span><\/p>\n","protected":false},"excerpt":{"rendered":"<p>&nbsp; TBMM ile S\u0131rbistan Cumhuriyeti Meclis Dostluk Grubu Ba\u015fkan\u0131 \u015eanl\u0131urfa Milletvekili Ramazan Ba\u015fak, S\u0131rbistan&rsquo; da tutuklu bulunduklar\u0131 iddia edilen hem\u015ferilerimizle ilgili bir a\u00e7\u0131klama yapt\u0131. &nbsp; &nbsp; Sorunun ortaya \u00e7\u0131kt\u0131\u011f\u0131 ilk g\u00fcnden beri bu konunun takip\u00e7isi olan Ramazan Ba\u015fak, S\u0131rbistan Cumhuriyeti yetkilileri ve D\u0131\u015fi\u015fleri Bakanl\u0131\u011f\u0131m\u0131z nezdinde t\u00fcm giri\u015fimlerde bulundu\u011funu ve i\u015fin ger\u00e7ek y\u00fcz\u00fcn\u00fcn bahsi ge\u00e7en hem\u015ferilerimizin &hellip;<\/p>\n","protected":false},"author":2,"featured_media":81,"comment_status":"open","ping_status":"open","sticky":false,"template":"","format":"standard","meta":{"footnotes":""},"categories":[8],"tags":[],"class_list":["post-204","post","type-post","status-publish","format-standard","has-post-thumbnail","hentry","category-haberler-haberler"],"_links":{"self":[{"href":"https:\/\/www.ramazanbasak.com.tr\/index.php?rest_route=\/wp\/v2\/posts\/204","targetHints":{"allow":["GET"]}}],"collection":[{"href":"https:\/\/www.ramazanbasak.com.tr\/index.php?rest_route=\/wp\/v2\/posts"}],"about":[{"href":"https:\/\/www.ramazanbasak.com.tr\/index.php?rest_route=\/wp\/v2\/types\/post"}],"author":[{"embeddable":true,"href":"https:\/\/www.ramazanbasak.com.tr\/index.php?rest_route=\/wp\/v2\/users\/2"}],"replies":[{"embeddable":true,"href":"https:\/\/www.ramazanbasak.com.tr\/index.php?rest_route=%2Fwp%2Fv2%2Fcomments&post=204"}],"version-history":[{"count":0,"href":"https:\/\/www.ramazanbasak.com.tr\/index.php?rest_route=\/wp\/v2\/posts\/204\/revisions"}],"wp:featuredmedia":[{"embeddable":true,"href":"https:\/\/www.ramazanbasak.com.tr\/index.php?rest_route=\/wp\/v2\/media\/81"}],"wp:attachment":[{"href":"https:\/\/www.ramazanbasak.com.tr\/index.php?rest_route=%2Fwp%2Fv2%2Fmedia&parent=204"}],"wp:term":[{"taxonomy":"category","embeddable":true,"href":"https:\/\/www.ramazanbasak.com.tr\/index.php?rest_route=%2Fwp%2Fv2%2Fcategories&post=204"},{"taxonomy":"post_tag","embeddable":true,"href":"https:\/\/www.ramazanbasak.com.tr\/index.php?rest_route=%2Fwp%2Fv2%2Ftags&post=204"}],"curies":[{"name":"wp","href":"https:\/\/api.w.org\/{rel}","templated":true}]}}