{"id":206,"date":"2010-02-03T13:44:03","date_gmt":"2010-02-03T10:44:03","guid":{"rendered":"https:\/\/www.ramazanbasak.com.tr\/basak-turkiye-ye-seslendi"},"modified":"2010-02-03T13:44:03","modified_gmt":"2010-02-03T10:44:03","slug":"basak-turkiye-ye-seslendi","status":"publish","type":"post","link":"https:\/\/www.ramazanbasak.com.tr\/?p=206","title":{"rendered":"BA\u015eAK T\u00dcRK\u0130YE&#8217; YE SESLEND\u0130&#8230;"},"content":{"rendered":"<p><img loading=\"lazy\" decoding=\"async\" class=\" size-full wp-image-205\" width=\"200\" height=\"138\" alt=\"\" src=\"https:\/\/www.ramazanbasak.com.tr\/wp-content\/uploads\/2010\/02\/12567.jpg\" \/><\/p>\n<p>&nbsp;<\/p>\n<p><strong>Ak Parti \u015fanl\u0131urfa Milletvekili Ramazan Ba\u015fak AKSU TV&#8217;de yay\u0131nlanan 33.g\u00fcn program\u0131na konuk olarak T\u00fcrkiye&#8217;ye seslendi. <\/strong><\/p>\n<p>&nbsp;<\/p>\n<p><strong> <!--more-->  <\/strong><\/p>\n<p><strong> <\/p>\n<p>Ak Parti \u015fanl\u0131urfa Milletvekili Ramazan Ba\u015fak AKSU TV&#8217;ye konuk olarak T\u00fcrkiye&#8217;ye seslendi.<\/p>\n<p> &nbsp;<\/p>\n<p>&nbsp;&nbsp;&nbsp;Ak Parti h\u00fck\u00fcmetinin iktidar oldu\u011fu g\u00fcnden bug\u00fcne yapm\u0131\u015f oldu\u011fu, Ak Parti Genel Ba\u015fkan\u0131 Recep Tayyip Erdo\u011fan ba\u015fta olmak \u00fczere, T\u00fcrkiye&#8217;ye yapm\u0131\u015f olduklar\u0131 hizmetleri, Ak Parti \u015eanl\u0131urfa milletvekili Ramazan&nbsp;Ba\u015fak AKSU TV&#8217;ye \u00e7\u0131karak&nbsp;T\u00fcrkiye&#8217;de ya\u015fayan t\u00fcm&nbsp;vatanda\u015flara iletti.<\/p>\n<p> &nbsp;<\/p>\n<p>&nbsp;&nbsp;2009 de\u011ferlendirmesini yapan Ba\u015fak &#8216;Ak Partinin iktidar oldu\u011fu g\u00fcnden 3 kas\u0131m 2002&#8217;den bug\u00fcne kadar t\u00fcm milletvekilleriyle birlikte ilk se\u00e7ildi\u011fimiz andan itibaren T\u00fcrkiye&#8217;de ya\u015fayan yetmi\u015f iki milyon insan\u0131n&nbsp;hak ettikleri ya\u015fam standartlar\u0131 i\u00e7in dolu dolu ge\u00e7ti\u011fine inan\u0131yorum. Ama buna ra\u011fmen 2009 y\u0131l\u0131n\u0131n \u00f6nemli bir \u00f6zelli\u011fi daha var, karde\u015flik projesi dedi\u011fimiz, birilerinin k\u00fcrt meselesi dedi\u011fi, ama biz birle\u015fme dedi\u011fimiz, t\u00fcrkiyenin y\u0131llard\u0131r zincirlere&nbsp;vuruldu\u011fu Ak Parti h\u00fck\u00fcmeti o zinciri k\u0131rd\u0131\u011f\u0131n\u0131 belirtti.&#8217;&nbsp;<\/p>\n<p> <\/strong><\/p>\n","protected":false},"excerpt":{"rendered":"<p>&nbsp; Ak Parti \u015fanl\u0131urfa Milletvekili Ramazan Ba\u015fak AKSU TV&#8217;de yay\u0131nlanan 33.g\u00fcn program\u0131na konuk olarak T\u00fcrkiye&#8217;ye seslendi. &nbsp; Ak Parti \u015fanl\u0131urfa Milletvekili Ramazan Ba\u015fak AKSU TV&#8217;ye konuk olarak T\u00fcrkiye&#8217;ye seslendi. &nbsp; &nbsp;&nbsp;&nbsp;Ak Parti h\u00fck\u00fcmetinin iktidar oldu\u011fu g\u00fcnden bug\u00fcne yapm\u0131\u015f oldu\u011fu, Ak Parti Genel Ba\u015fkan\u0131 Recep Tayyip Erdo\u011fan ba\u015fta olmak \u00fczere, T\u00fcrkiye&#8217;ye yapm\u0131\u015f olduklar\u0131 hizmetleri, Ak Parti &hellip;<\/p>\n","protected":false},"author":2,"featured_media":205,"comment_status":"open","ping_status":"open","sticky":false,"template":"","format":"standard","meta":{"footnotes":""},"categories":[8],"tags":[],"class_list":["post-206","post","type-post","status-publish","format-standard","has-post-thumbnail","hentry","category-haberler-haberler"],"_links":{"self":[{"href":"https:\/\/www.ramazanbasak.com.tr\/index.php?rest_route=\/wp\/v2\/posts\/206","targetHints":{"allow":["GET"]}}],"collection":[{"href":"https:\/\/www.ramazanbasak.com.tr\/index.php?rest_route=\/wp\/v2\/posts"}],"about":[{"href":"https:\/\/www.ramazanbasak.com.tr\/index.php?rest_route=\/wp\/v2\/types\/post"}],"author":[{"embeddable":true,"href":"https:\/\/www.ramazanbasak.com.tr\/index.php?rest_route=\/wp\/v2\/users\/2"}],"replies":[{"embeddable":true,"href":"https:\/\/www.ramazanbasak.com.tr\/index.php?rest_route=%2Fwp%2Fv2%2Fcomments&post=206"}],"version-history":[{"count":0,"href":"https:\/\/www.ramazanbasak.com.tr\/index.php?rest_route=\/wp\/v2\/posts\/206\/revisions"}],"wp:featuredmedia":[{"embeddable":true,"href":"https:\/\/www.ramazanbasak.com.tr\/index.php?rest_route=\/wp\/v2\/media\/205"}],"wp:attachment":[{"href":"https:\/\/www.ramazanbasak.com.tr\/index.php?rest_route=%2Fwp%2Fv2%2Fmedia&parent=206"}],"wp:term":[{"taxonomy":"category","embeddable":true,"href":"https:\/\/www.ramazanbasak.com.tr\/index.php?rest_route=%2Fwp%2Fv2%2Fcategories&post=206"},{"taxonomy":"post_tag","embeddable":true,"href":"https:\/\/www.ramazanbasak.com.tr\/index.php?rest_route=%2Fwp%2Fv2%2Ftags&post=206"}],"curies":[{"name":"wp","href":"https:\/\/api.w.org\/{rel}","templated":true}]}}