{"id":208,"date":"2010-02-13T11:09:59","date_gmt":"2010-02-13T08:09:59","guid":{"rendered":"https:\/\/www.ramazanbasak.com.tr\/basak-buyukelciyi-agirladi%e2%80%a6"},"modified":"2010-02-13T11:09:59","modified_gmt":"2010-02-13T08:09:59","slug":"basak-buyukelciyi-agirladi%e2%80%a6","status":"publish","type":"post","link":"https:\/\/www.ramazanbasak.com.tr\/?p=208","title":{"rendered":"BA\u015eAK B\u00dcY\u00dcKEL\u00c7\u0130Y\u0130 A\u011eIRLADI\u2026"},"content":{"rendered":"<p><img loading=\"lazy\" decoding=\"async\" class=\" size-full wp-image-207\" width=\"200\" height=\"133\" alt=\"\" src=\"https:\/\/www.ramazanbasak.com.tr\/wp-content\/uploads\/2010\/02\/dsc_9389.jpg\" srcset=\"https:\/\/www.ramazanbasak.com.tr\/wp-content\/uploads\/2010\/02\/dsc_9389.jpg 800w, https:\/\/www.ramazanbasak.com.tr\/wp-content\/uploads\/2010\/02\/dsc_9389-300x200.jpg 300w, https:\/\/www.ramazanbasak.com.tr\/wp-content\/uploads\/2010\/02\/dsc_9389-768x511.jpg 768w\" sizes=\"auto, (max-width: 200px) 100vw, 200px\" \/><\/p>\n<p>&nbsp;<\/p>\n<p><strong>Ba\u015fak; S\u0131rbistan&rsquo; da tutukland\u0131\u011f\u0131 iddia edilen hem\u015ferilerimizle ilgili ilk a\u011f\u0131zdan bilgi ald\u0131.<\/strong><\/p>\n<p>&nbsp;<\/p>\n<p><strong> <!--more-->  <\/strong><\/p>\n<p>&nbsp;<\/p>\n<p>&nbsp;<\/p>\n<div>Ge\u00e7en hafta tutuklu bulundu\u011fu iddia edilen hem\u015ferilerimizle ilgili konu\u015fulan yemekte Ramazan Ba\u015fak, b\u00fcy\u00fckel\u00e7iden son durum ile ilgili bilgi ald\u0131. Hi\u00e7bir vatanda\u015f\u0131m\u0131z\u0131n tutuklu olmad\u0131\u011f\u0131n\u0131, hi\u00e7 kimsenin bu y\u00f6nde endi\u015fe etmemesini, iki \u00fclke olarak bu konuda hassas olduklar\u0131n\u0131 ifade etti.<\/div>\n<div>&nbsp;<\/div>\n<div>TBMM-S\u0131rbistan Parlamentosu Dostluk Grubu Ba\u015fkan\u0131 \u015eanl\u0131urfa Milletvekili Ramazan Ba\u015fak TBMM de S\u0131rbistan B\u00fcy\u00fckel\u00e7isi Vladimir Curgus&rsquo; u misafir etti.<\/div>\n<div>&nbsp;<\/div>\n<div>Yemekte bir araya gelen dostluk grubu ba\u015fkan\u0131 Ramazan Ba\u015fak, ba\u015fkan yard\u0131mc\u0131s\u0131 \u00c7ank\u0131r\u0131 Milletvekili Dr. Nurettin Akman ve b\u00fcy\u00fckel\u00e7i, T\u00fcrkiye S\u0131rbistan aras\u0131ndaki ili\u015fkilerini de de\u011ferlendirdiler. \u0130ki \u00fclke aras\u0131nda dostlu\u011fun peki\u015fmesi, ticaretin artmas\u0131 ve ekonomik ili\u015fkilerin iyile\u015ftirilmesi y\u00f6n\u00fcnde g\u00f6r\u00fc\u015f al\u0131\u015fveri\u015finde bulunulan yemekte Ramazan Ba\u015fak, dostluk grubu ba\u015fkan\u0131 olarak \u00f6n\u00fcm\u00fczdeki g\u00fcnlerde TBMM ye gelecek T\u00fcrkiye ile S\u0131rbistan aras\u0131ndaki serbest ticaret antla\u015fmas\u0131 kanununa \u00f6nem verdiklerini ve kanunu meclisten ge\u00e7irdikten sonra S\u0131rbistan Parlamentosunun da ayn\u0131 kapsamdaki kendi kanunlar\u0131n\u0131 ge\u00e7irip iki \u00fclkenin ekonomik ili\u015fkilerinin artt\u0131r\u0131laca\u011f\u0131na de\u011findi. S\u0131rbistan&rsquo; la ticaret hacminin geli\u015fmesinin T\u00fcrkiye&rsquo; ye katk\u0131 sa\u011flayaca\u011f\u0131n\u0131 yabanc\u0131 sermayenin T\u00fcrkiye&rsquo; ye girece\u011fini s\u00f6yledi. Bu ticaret antla\u015fmas\u0131yla d\u00fc\u015f\u00fck seviyedeki ihracat\u0131n \u00f6nemli bir seviyeye y\u00fckselece\u011fini bunu da kendi iktidarlar\u0131 d\u00f6neminde oldu\u011funu ve Ak Parti ile S\u0131rbistan&rsquo; la olan ili\u015fkilerin her ge\u00e7en g\u00fcn daha iyiye gitti\u011fini iki \u00fclke aras\u0131ndaki ge\u00e7mi\u015fte ya\u015fanan sorunlar\u0131n g\u00fcn ge\u00e7tik\u00e7e a\u015f\u0131ld\u0131\u011f\u0131n\u0131 ifade etti. B\u00fcy\u00fckel\u00e7i Curgus da bu d\u00fc\u015f\u00fcncelere kat\u0131ld\u0131\u011f\u0131n\u0131 son d\u00f6nemde iki \u00fclke aras\u0131nda \u00e7ok b\u00fcy\u00fck yol kat edildi\u011fini bunun i\u00e7in de eme\u011fi ge\u00e7en herkese \u015f\u00fckranlar\u0131n\u0131 sundu.<\/div>\n<div>&nbsp;<\/div>\n<div>B\u00fcy\u00fckel\u00e7i kendilerini misafir ettikleri i\u00e7in Ramazan Ba\u015fak&rsquo; a te\u015fekk\u00fcrlerini sunarken kendilerinin de beklediklerini s\u00f6yleyerek TBMM den ayr\u0131ld\u0131.<\/div>\n","protected":false},"excerpt":{"rendered":"<p>&nbsp; Ba\u015fak; S\u0131rbistan&rsquo; da tutukland\u0131\u011f\u0131 iddia edilen hem\u015ferilerimizle ilgili ilk a\u011f\u0131zdan bilgi ald\u0131. &nbsp; &nbsp; &nbsp; Ge\u00e7en hafta tutuklu bulundu\u011fu iddia edilen hem\u015ferilerimizle ilgili konu\u015fulan yemekte Ramazan Ba\u015fak, b\u00fcy\u00fckel\u00e7iden son durum ile ilgili bilgi ald\u0131. Hi\u00e7bir vatanda\u015f\u0131m\u0131z\u0131n tutuklu olmad\u0131\u011f\u0131n\u0131, hi\u00e7 kimsenin bu y\u00f6nde endi\u015fe etmemesini, iki \u00fclke olarak bu konuda hassas olduklar\u0131n\u0131 ifade etti. &nbsp; &hellip;<\/p>\n","protected":false},"author":2,"featured_media":207,"comment_status":"open","ping_status":"open","sticky":false,"template":"","format":"standard","meta":{"footnotes":""},"categories":[8],"tags":[],"class_list":["post-208","post","type-post","status-publish","format-standard","has-post-thumbnail","hentry","category-haberler-haberler"],"_links":{"self":[{"href":"https:\/\/www.ramazanbasak.com.tr\/index.php?rest_route=\/wp\/v2\/posts\/208","targetHints":{"allow":["GET"]}}],"collection":[{"href":"https:\/\/www.ramazanbasak.com.tr\/index.php?rest_route=\/wp\/v2\/posts"}],"about":[{"href":"https:\/\/www.ramazanbasak.com.tr\/index.php?rest_route=\/wp\/v2\/types\/post"}],"author":[{"embeddable":true,"href":"https:\/\/www.ramazanbasak.com.tr\/index.php?rest_route=\/wp\/v2\/users\/2"}],"replies":[{"embeddable":true,"href":"https:\/\/www.ramazanbasak.com.tr\/index.php?rest_route=%2Fwp%2Fv2%2Fcomments&post=208"}],"version-history":[{"count":0,"href":"https:\/\/www.ramazanbasak.com.tr\/index.php?rest_route=\/wp\/v2\/posts\/208\/revisions"}],"wp:featuredmedia":[{"embeddable":true,"href":"https:\/\/www.ramazanbasak.com.tr\/index.php?rest_route=\/wp\/v2\/media\/207"}],"wp:attachment":[{"href":"https:\/\/www.ramazanbasak.com.tr\/index.php?rest_route=%2Fwp%2Fv2%2Fmedia&parent=208"}],"wp:term":[{"taxonomy":"category","embeddable":true,"href":"https:\/\/www.ramazanbasak.com.tr\/index.php?rest_route=%2Fwp%2Fv2%2Fcategories&post=208"},{"taxonomy":"post_tag","embeddable":true,"href":"https:\/\/www.ramazanbasak.com.tr\/index.php?rest_route=%2Fwp%2Fv2%2Ftags&post=208"}],"curies":[{"name":"wp","href":"https:\/\/api.w.org\/{rel}","templated":true}]}}