{"id":228,"date":"2010-02-28T22:00:00","date_gmt":"2010-02-28T19:00:00","guid":{"rendered":"https:\/\/www.ramazanbasak.com.tr\/sanliurfa-nin-meclisteki-sesi"},"modified":"2010-02-28T22:00:00","modified_gmt":"2010-02-28T19:00:00","slug":"sanliurfa-nin-meclisteki-sesi","status":"publish","type":"post","link":"https:\/\/www.ramazanbasak.com.tr\/?p=228","title":{"rendered":"\u015eanl\u0131urfa&#8217; n\u0131n Meclisteki Sesi"},"content":{"rendered":"<p><img loading=\"lazy\" decoding=\"async\" class=\" size-full wp-image-227\" width=\"160\" height=\"119\" alt=\"\" src=\"https:\/\/www.ramazanbasak.com.tr\/wp-content\/uploads\/2010\/02\/t707833879_328209963879_1328.jpg\" \/><\/p>\n<p>&nbsp;<\/p>\n<p><strong>Ak Parti \u015eanl\u0131urfa Milletvekili Ramazan Ba\u015fak bug\u00fcn&nbsp; mecliste T\u00fcrkiye ile S\u0131rbistan aras\u0131ndaki serbest ticaret anla\u015fmas\u0131 ile ilgili konu\u015ftu. Ba\u015fak konu\u015fmas\u0131nda iki \u00fclke aras\u0131ndaki ticaret hacminin geli\u015ftirilmesi ile ilgili bilgi verdi. Kendisinin de S\u0131rbistana yap\u0131lan d\u0131\u015f gezilere kat\u0131ld\u0131\u011f\u0131n\u0131 ve s\u0131cak paran\u0131n \u00fclke ekonomisine kazand\u0131r\u0131lmas\u0131 i\u00e7in \u00e7aba sarfettiklerini kaydetti. En son Cumhurba\u015fkan\u0131m\u0131z ile beraber yapt\u0131klar\u0131 geziden de bahseden Ba\u015fak, o gezide T\u00fcrkiye&#8217; nin S\u0131rbistan&#8217; a olan ihracat\u0131n\u0131n geli\u015ftirilmesi i\u00e7in lobi \u00e7al\u0131\u015fmalar\u0131 yapt\u0131klar\u0131n\u0131 s\u00f6yledi. \u015eanl\u0131urfa&#8217; ya da yabanc\u0131 sermayenin gelmesi ile ilgili \u015eanl\u0131urfa tan\u0131t\u0131m\u0131n\u0131 da yapt\u0131\u011f\u0131n\u0131 s\u00f6zlerine ekledi.<\/strong><\/p>\n","protected":false},"excerpt":{"rendered":"<p>&nbsp; Ak Parti \u015eanl\u0131urfa Milletvekili Ramazan Ba\u015fak bug\u00fcn&nbsp; mecliste T\u00fcrkiye ile S\u0131rbistan aras\u0131ndaki serbest ticaret anla\u015fmas\u0131 ile ilgili konu\u015ftu. Ba\u015fak konu\u015fmas\u0131nda iki \u00fclke aras\u0131ndaki ticaret hacminin geli\u015ftirilmesi ile ilgili bilgi verdi. Kendisinin de S\u0131rbistana yap\u0131lan d\u0131\u015f gezilere kat\u0131ld\u0131\u011f\u0131n\u0131 ve s\u0131cak paran\u0131n \u00fclke ekonomisine kazand\u0131r\u0131lmas\u0131 i\u00e7in \u00e7aba sarfettiklerini kaydetti. En son Cumhurba\u015fkan\u0131m\u0131z ile beraber yapt\u0131klar\u0131 geziden &hellip;<\/p>\n","protected":false},"author":2,"featured_media":227,"comment_status":"open","ping_status":"open","sticky":false,"template":"","format":"standard","meta":{"footnotes":""},"categories":[1],"tags":[],"class_list":["post-228","post","type-post","status-publish","format-standard","has-post-thumbnail","hentry","category-uncategorized"],"_links":{"self":[{"href":"https:\/\/www.ramazanbasak.com.tr\/index.php?rest_route=\/wp\/v2\/posts\/228","targetHints":{"allow":["GET"]}}],"collection":[{"href":"https:\/\/www.ramazanbasak.com.tr\/index.php?rest_route=\/wp\/v2\/posts"}],"about":[{"href":"https:\/\/www.ramazanbasak.com.tr\/index.php?rest_route=\/wp\/v2\/types\/post"}],"author":[{"embeddable":true,"href":"https:\/\/www.ramazanbasak.com.tr\/index.php?rest_route=\/wp\/v2\/users\/2"}],"replies":[{"embeddable":true,"href":"https:\/\/www.ramazanbasak.com.tr\/index.php?rest_route=%2Fwp%2Fv2%2Fcomments&post=228"}],"version-history":[{"count":0,"href":"https:\/\/www.ramazanbasak.com.tr\/index.php?rest_route=\/wp\/v2\/posts\/228\/revisions"}],"wp:featuredmedia":[{"embeddable":true,"href":"https:\/\/www.ramazanbasak.com.tr\/index.php?rest_route=\/wp\/v2\/media\/227"}],"wp:attachment":[{"href":"https:\/\/www.ramazanbasak.com.tr\/index.php?rest_route=%2Fwp%2Fv2%2Fmedia&parent=228"}],"wp:term":[{"taxonomy":"category","embeddable":true,"href":"https:\/\/www.ramazanbasak.com.tr\/index.php?rest_route=%2Fwp%2Fv2%2Fcategories&post=228"},{"taxonomy":"post_tag","embeddable":true,"href":"https:\/\/www.ramazanbasak.com.tr\/index.php?rest_route=%2Fwp%2Fv2%2Ftags&post=228"}],"curies":[{"name":"wp","href":"https:\/\/api.w.org\/{rel}","templated":true}]}}