{"id":230,"date":"2010-03-06T07:05:31","date_gmt":"2010-03-06T04:05:31","guid":{"rendered":"https:\/\/www.ramazanbasak.com.tr\/basak-esnafi-yalniz-birakmiyor"},"modified":"2010-03-06T07:05:31","modified_gmt":"2010-03-06T04:05:31","slug":"basak-esnafi-yalniz-birakmiyor","status":"publish","type":"post","link":"https:\/\/www.ramazanbasak.com.tr\/?p=230","title":{"rendered":"BA\u015eAK ESNAFI YALNIZ BIRAKMIYOR"},"content":{"rendered":"<p><img loading=\"lazy\" decoding=\"async\" class=\" size-full wp-image-229\" width=\"257\" height=\"189\" alt=\"\" src=\"https:\/\/www.ramazanbasak.com.tr\/wp-content\/uploads\/2010\/03\/utim.bmp\" \/><\/p>\n<p>&nbsp;<\/p>\n<p><strong>Ak Parti \u015eanl\u0131urfa Milletvekili Ramazan Ba\u015fak \u015eUT\u0130M esnaf\u0131n\u0131n yan\u0131nda. <\/strong><\/p>\n<p>&nbsp;<\/p>\n<p><strong> <!--more-->  <\/strong><\/p>\n<p><strong> <\/p>\n<p>Ak Parti \u015eanl\u0131urfa Milletvekili Ramazan Ba\u015fak \u015eUT\u0130M esnaf\u0131na ziyarette bulundu.<\/p>\n<p>&nbsp;<\/p>\n<p>Ak Parti \u015eanl\u0131urfa Milletvekili Ramazan Ba\u015fak,&nbsp;\u015eUT\u0130M&#8217;de bulunan esnaf\u0131n d\u00fckkanlar\u0131n\u0131 ziyaret ederek sorunlar\u0131n\u0131 dinledi. \u015eUT\u0130M Sebzeciler dernek ba\u015fkan\u0131 Faruk Akba\u015f, \u015eUT\u0130M perakendeciler dernek ba\u015fkan\u0131 halil korkmaz, \u015eile pazar\u0131 dernek ba\u015fkan\u0131 mahmut akar ve \u00e7ok say\u0131da esnafla bir araya gelen Ba\u015fak orada&nbsp;halka hizmet veren esnafla, urfa i\u00e7in ne yapabilinir&nbsp;gerek&nbsp;tar\u0131m konusunda gerekse&nbsp;ekonomi konusunda, \u015eUT\u0130M esnaf\u0131 ile birlikte \u00e7\u00f6z\u00fcm \u00fcrettiler.<\/p>\n<p> Ak Parti \u015eanl\u0131urfa Milletvekili Ramazan Ba\u015fak, emek bir \u015fehrin her\u015feyi demek, esnaf bizim her\u015feyimizdir diyen Ba\u015fak esnaf\u0131m\u0131z\u0131n s\u00fcrekli yan\u0131nday\u0131z onlar i\u00e7in elimizden ne geliyorsa daha fazlas\u0131n\u0131 yapaca\u011f\u0131z&#8217; Dedi.<\/p>\n<p> \u015eUT\u0130M sebzeciler dernek ba\u015fkan\u0131 Faruk Akba\u015f ise Ak Parti \u015eanl\u0131urfa Milletvekili Ramazan Ba\u015fak&#8217;\u0131 bizleri ziyaretlerinden dolay\u0131&nbsp; memnuniyet duyduklar\u0131n\u0131 belirtti.<\/p>\n<p>\u00d6te yandan yar\u0131n top\u00e7u meydan\u0131nda yap\u0131lacak olan, demokratik a\u00e7\u0131l\u0131mla ilgili ilk mitingini ger\u00e7ekle\u015ftirecek olan Ba\u015fbakan Recep Tayyip Erdo\u011fan&#8217;n\u0131n demokratik a\u00e7\u0131l\u0131mla ilgili \u00f6nemli konulara de\u011finece\u011fini belirten Ba\u015fak t\u00fcm urfal\u0131 halk\u0131n mitinge kat\u0131lmas\u0131n\u0131 istedi.<br \/> &nbsp;<\/p>\n<p> <\/strong><\/p>\n","protected":false},"excerpt":{"rendered":"<p>&nbsp; Ak Parti \u015eanl\u0131urfa Milletvekili Ramazan Ba\u015fak \u015eUT\u0130M esnaf\u0131n\u0131n yan\u0131nda. &nbsp; Ak Parti \u015eanl\u0131urfa Milletvekili Ramazan Ba\u015fak \u015eUT\u0130M esnaf\u0131na ziyarette bulundu. &nbsp; Ak Parti \u015eanl\u0131urfa Milletvekili Ramazan Ba\u015fak,&nbsp;\u015eUT\u0130M&#8217;de bulunan esnaf\u0131n d\u00fckkanlar\u0131n\u0131 ziyaret ederek sorunlar\u0131n\u0131 dinledi. \u015eUT\u0130M Sebzeciler dernek ba\u015fkan\u0131 Faruk Akba\u015f, \u015eUT\u0130M perakendeciler dernek ba\u015fkan\u0131 halil korkmaz, \u015eile pazar\u0131 dernek ba\u015fkan\u0131 mahmut akar ve \u00e7ok &hellip;<\/p>\n","protected":false},"author":2,"featured_media":229,"comment_status":"open","ping_status":"open","sticky":false,"template":"","format":"standard","meta":{"footnotes":""},"categories":[8],"tags":[],"class_list":["post-230","post","type-post","status-publish","format-standard","has-post-thumbnail","hentry","category-haberler-haberler"],"_links":{"self":[{"href":"https:\/\/www.ramazanbasak.com.tr\/index.php?rest_route=\/wp\/v2\/posts\/230","targetHints":{"allow":["GET"]}}],"collection":[{"href":"https:\/\/www.ramazanbasak.com.tr\/index.php?rest_route=\/wp\/v2\/posts"}],"about":[{"href":"https:\/\/www.ramazanbasak.com.tr\/index.php?rest_route=\/wp\/v2\/types\/post"}],"author":[{"embeddable":true,"href":"https:\/\/www.ramazanbasak.com.tr\/index.php?rest_route=\/wp\/v2\/users\/2"}],"replies":[{"embeddable":true,"href":"https:\/\/www.ramazanbasak.com.tr\/index.php?rest_route=%2Fwp%2Fv2%2Fcomments&post=230"}],"version-history":[{"count":0,"href":"https:\/\/www.ramazanbasak.com.tr\/index.php?rest_route=\/wp\/v2\/posts\/230\/revisions"}],"wp:featuredmedia":[{"embeddable":true,"href":"https:\/\/www.ramazanbasak.com.tr\/index.php?rest_route=\/wp\/v2\/media\/229"}],"wp:attachment":[{"href":"https:\/\/www.ramazanbasak.com.tr\/index.php?rest_route=%2Fwp%2Fv2%2Fmedia&parent=230"}],"wp:term":[{"taxonomy":"category","embeddable":true,"href":"https:\/\/www.ramazanbasak.com.tr\/index.php?rest_route=%2Fwp%2Fv2%2Fcategories&post=230"},{"taxonomy":"post_tag","embeddable":true,"href":"https:\/\/www.ramazanbasak.com.tr\/index.php?rest_route=%2Fwp%2Fv2%2Ftags&post=230"}],"curies":[{"name":"wp","href":"https:\/\/api.w.org\/{rel}","templated":true}]}}