{"id":232,"date":"2010-03-11T22:00:00","date_gmt":"2010-03-11T19:00:00","guid":{"rendered":"https:\/\/www.ramazanbasak.com.tr\/basak-8-gunun-konugu-oldu"},"modified":"2010-03-11T22:00:00","modified_gmt":"2010-03-11T19:00:00","slug":"basak-8-gunun-konugu-oldu","status":"publish","type":"post","link":"https:\/\/www.ramazanbasak.com.tr\/?p=232","title":{"rendered":"BA\u015eAK 8. G\u00dcN\u00dcN KONU\u011eU OLDU&#8230;"},"content":{"rendered":"<p><img loading=\"lazy\" decoding=\"async\" class=\" size-full wp-image-231\" width=\"257\" height=\"189\" alt=\"\" src=\"https:\/\/www.ramazanbasak.com.tr\/wp-content\/uploads\/2010\/03\/tv8.bmp\" \/><\/p>\n<p><strong>Ak Parti \u015eanl\u0131urfa Milletvekili Ramazan Ba\u015fak d\u00fcn ak\u015fam 23.15 de TV8 in 8. G\u00fcn program\u0131na konuk oldu. Ba\u015fak muhalefete y\u00fcklendi. <\/strong><\/p>\n<p><strong> <!--more-->  <\/strong><\/p>\n<p>&nbsp;<\/p>\n<div style=\"margin: 0in 0in 0pt\"><span style=\"font-size: 12px\">Ak Parti \u015eanl\u0131urfa Milletvekili Ramazan Ba\u015fak d\u00fcn ak\u015fam 23.15 de TV8 in 8. G\u00fcn program\u0131na konuk oldu. Ba\u015fak muhalefete y\u00fcklendi.<\/span><\/div>\n<div style=\"margin: 0in 0in 0pt\"><span style=\"font-size: 12px\">&nbsp;<\/span><\/div>\n<div style=\"margin: 0in 0in 0pt\"><span style=\"font-size: 12px\"><span style=\"color: #313131\">Vekil Ba\u015fak, 8. g\u00fcn program\u0131nda yorumcu Gazeteci Nazl\u0131 \u0131l\u0131cak, Haluk \u015eahin ve Canda\u015f I\u015f\u0131k&rsquo;la birlikte T\u00fcrkiye&rsquo;nin aylard\u0131r g\u00fcndeminde olan Demokratik A\u00e7\u0131l\u0131m, Anayasa de\u011fi\u015fikli\u011fi, referandum hakk\u0131nda bilgi al\u0131\u015fveri\u015finde bulundular.<\/span><\/span><\/div>\n<p><span style=\"font-size: 12px\"><br \/> <\/span><span style=\"font-size: 12px\">Ak Parti \u015eanl\u0131urfa Milletvekili Ramazan Ba\u015fak, ana muhalefete y\u00fcklendi. K\u00fcrt sorunu muhalefetin \u00e7\u00f6zemeyece\u011fini s\u00f6yledi. Programda gergin anlar ya\u015fand\u0131. <\/span><\/p>\n","protected":false},"excerpt":{"rendered":"<p>Ak Parti \u015eanl\u0131urfa Milletvekili Ramazan Ba\u015fak d\u00fcn ak\u015fam 23.15 de TV8 in 8. G\u00fcn program\u0131na konuk oldu. Ba\u015fak muhalefete y\u00fcklendi. &nbsp; Ak Parti \u015eanl\u0131urfa Milletvekili Ramazan Ba\u015fak d\u00fcn ak\u015fam 23.15 de TV8 in 8. G\u00fcn program\u0131na konuk oldu. Ba\u015fak muhalefete y\u00fcklendi. &nbsp; Vekil Ba\u015fak, 8. g\u00fcn program\u0131nda yorumcu Gazeteci Nazl\u0131 \u0131l\u0131cak, Haluk \u015eahin ve Canda\u015f &hellip;<\/p>\n","protected":false},"author":2,"featured_media":231,"comment_status":"open","ping_status":"open","sticky":false,"template":"","format":"standard","meta":{"footnotes":""},"categories":[8],"tags":[],"class_list":["post-232","post","type-post","status-publish","format-standard","has-post-thumbnail","hentry","category-haberler-haberler"],"_links":{"self":[{"href":"https:\/\/www.ramazanbasak.com.tr\/index.php?rest_route=\/wp\/v2\/posts\/232","targetHints":{"allow":["GET"]}}],"collection":[{"href":"https:\/\/www.ramazanbasak.com.tr\/index.php?rest_route=\/wp\/v2\/posts"}],"about":[{"href":"https:\/\/www.ramazanbasak.com.tr\/index.php?rest_route=\/wp\/v2\/types\/post"}],"author":[{"embeddable":true,"href":"https:\/\/www.ramazanbasak.com.tr\/index.php?rest_route=\/wp\/v2\/users\/2"}],"replies":[{"embeddable":true,"href":"https:\/\/www.ramazanbasak.com.tr\/index.php?rest_route=%2Fwp%2Fv2%2Fcomments&post=232"}],"version-history":[{"count":0,"href":"https:\/\/www.ramazanbasak.com.tr\/index.php?rest_route=\/wp\/v2\/posts\/232\/revisions"}],"wp:featuredmedia":[{"embeddable":true,"href":"https:\/\/www.ramazanbasak.com.tr\/index.php?rest_route=\/wp\/v2\/media\/231"}],"wp:attachment":[{"href":"https:\/\/www.ramazanbasak.com.tr\/index.php?rest_route=%2Fwp%2Fv2%2Fmedia&parent=232"}],"wp:term":[{"taxonomy":"category","embeddable":true,"href":"https:\/\/www.ramazanbasak.com.tr\/index.php?rest_route=%2Fwp%2Fv2%2Fcategories&post=232"},{"taxonomy":"post_tag","embeddable":true,"href":"https:\/\/www.ramazanbasak.com.tr\/index.php?rest_route=%2Fwp%2Fv2%2Ftags&post=232"}],"curies":[{"name":"wp","href":"https:\/\/api.w.org\/{rel}","templated":true}]}}