{"id":234,"date":"2010-03-14T22:00:00","date_gmt":"2010-03-14T19:00:00","guid":{"rendered":"https:\/\/www.ramazanbasak.com.tr\/basak-a-tugiad-dan-buyuk-odul"},"modified":"2010-03-14T22:00:00","modified_gmt":"2010-03-14T19:00:00","slug":"basak-a-tugiad-dan-buyuk-odul","status":"publish","type":"post","link":"https:\/\/www.ramazanbasak.com.tr\/?p=234","title":{"rendered":"BA\u015eAK&#8217; A T\u00dcG\u0130AD&#8217; DAN B\u00dcY\u00dcK \u00d6D\u00dcL&#8230;"},"content":{"rendered":"<p><img loading=\"lazy\" decoding=\"async\" class=\" size-full wp-image-233\" width=\"260\" height=\"189\" alt=\"\" src=\"https:\/\/www.ramazanbasak.com.tr\/wp-content\/uploads\/2010\/03\/tgad.bmp\" \/><\/p>\n<p>&nbsp;<\/p>\n<p><strong>T\u00dcG\u0130AD taraf\u0131ndan ger\u00e7ekle\u015ftirilen y\u0131l\u0131n siyaset\u00e7isi ve i\u015fadamlar\u0131na verilen \u00f6d\u00fcl t\u00f6renine kat\u0131lan \u015eanl\u0131urfa Milletvekili y\u0131l\u0131n prestij \u00f6d\u00fcl\u00fcne lay\u0131k g\u00f6r\u00fcld\u00fc. <\/strong><\/p>\n<p>&nbsp;<\/p>\n<p><strong>T\u00dcG\u0130AD taraf\u0131ndan ger\u00e7ekle\u015ftirilen y\u0131l\u0131n siyaset\u00e7isi ve i\u015fadamlar\u0131na verilen \u00f6d\u00fcl t\u00f6renine kat\u0131lan \u015eanl\u0131urfa Milletvekili y\u0131l\u0131n prestij \u00f6d\u00fcl\u00fcne lay\u0131k g\u00f6r\u00fcld\u00fc. Gecede Ba\u015fbakan Yard\u0131mc\u0131s\u0131 B\u00fclent Ar\u0131n\u00e7 ve Cemil \u00c7i\u00e7ek de \u00f6d\u00fcl ald\u0131. <\/strong> <!--more-->  <\/p>\n<p> &nbsp;<\/p>\n<div>Bir\u00e7ok siyaset\u00e7i, b\u00fcrokrat ve \u00fcnl\u00fcn\u00fcn kat\u0131ld\u0131\u011f\u0131 \u00f6d\u00fcl gecesinde Ba\u015fbakan Yard\u0131mc\u0131lar\u0131 B\u00fclent Ar\u0131n\u00e7 ve Cemil \u00c7i\u00e7ek ile birlikte Ramazan Ba\u015fak&rsquo; ta ayn\u0131 \u00f6d\u00fcl\u00fcn sahibi oldu. \u00d6d\u00fcl\u00fcn\u00fc al\u0131rken konu\u015fma yapan Ba\u015fak, konu\u015fmas\u0131nda kendisine verilen bu \u00f6d\u00fcle siyaset\u00e7i ve i\u015f adam\u0131 olarak lay\u0131k olmaya \u00e7al\u0131\u015faca\u011f\u0131na, \u015eanl\u0131urfa ve T\u00fcrkiye i\u00e7in her zaman \u00e7ok \u00e7aba sarf edece\u011fini ifade etti. \u00d6d\u00fcl t\u00f6reninden sonra k\u0131sa bir a\u00e7\u0131klama da yapan Ba\u015fak, \u015eanl\u0131urfal\u0131 bir siyaset\u00e7i ve i\u015f adam\u0131 olarak bu \u00f6d\u00fcl\u00fc almaktan b\u00fcy\u00fck bir mutluluk ve onur duydu\u011funu, \u00f6d\u00fcl\u00fc kendisi i\u00e7in de\u011fil b\u00fct\u00fcn \u015eanl\u0131urfal\u0131lar ad\u0131na ald\u0131\u011f\u0131n\u0131 s\u00f6yleyerek \u015eanl\u0131urfa halk\u0131n\u0131n deste\u011fiyle buralara geldi\u011fini, bu vesileyle b\u00fct\u00fcn hem\u015ferilerine vermi\u015f olduklar\u0131 destekten dolay\u0131 \u00e7ok te\u015fekk\u00fcr etti. Her zaman onlar i\u00e7in daha fazla \u00e7al\u0131\u015faca\u011f\u0131n\u0131, daha iyi hizmet etmek i\u00e7in elinden gelenin en iyisini yapmaya gayret edece\u011fini belirterek b\u00fct\u00fcn hem\u015ferilerine selam sayg\u0131 ve en derin h\u00fcrmetlerini sundu\u011funu a\u00e7\u0131klad\u0131.<\/div>\n","protected":false},"excerpt":{"rendered":"<p>&nbsp; T\u00dcG\u0130AD taraf\u0131ndan ger\u00e7ekle\u015ftirilen y\u0131l\u0131n siyaset\u00e7isi ve i\u015fadamlar\u0131na verilen \u00f6d\u00fcl t\u00f6renine kat\u0131lan \u015eanl\u0131urfa Milletvekili y\u0131l\u0131n prestij \u00f6d\u00fcl\u00fcne lay\u0131k g\u00f6r\u00fcld\u00fc. &nbsp; T\u00dcG\u0130AD taraf\u0131ndan ger\u00e7ekle\u015ftirilen y\u0131l\u0131n siyaset\u00e7isi ve i\u015fadamlar\u0131na verilen \u00f6d\u00fcl t\u00f6renine kat\u0131lan \u015eanl\u0131urfa Milletvekili y\u0131l\u0131n prestij \u00f6d\u00fcl\u00fcne lay\u0131k g\u00f6r\u00fcld\u00fc. Gecede Ba\u015fbakan Yard\u0131mc\u0131s\u0131 B\u00fclent Ar\u0131n\u00e7 ve Cemil \u00c7i\u00e7ek de \u00f6d\u00fcl ald\u0131. &nbsp; Bir\u00e7ok siyaset\u00e7i, b\u00fcrokrat ve \u00fcnl\u00fcn\u00fcn &hellip;<\/p>\n","protected":false},"author":2,"featured_media":233,"comment_status":"open","ping_status":"open","sticky":false,"template":"","format":"standard","meta":{"footnotes":""},"categories":[8],"tags":[],"class_list":["post-234","post","type-post","status-publish","format-standard","has-post-thumbnail","hentry","category-haberler-haberler"],"_links":{"self":[{"href":"https:\/\/www.ramazanbasak.com.tr\/index.php?rest_route=\/wp\/v2\/posts\/234","targetHints":{"allow":["GET"]}}],"collection":[{"href":"https:\/\/www.ramazanbasak.com.tr\/index.php?rest_route=\/wp\/v2\/posts"}],"about":[{"href":"https:\/\/www.ramazanbasak.com.tr\/index.php?rest_route=\/wp\/v2\/types\/post"}],"author":[{"embeddable":true,"href":"https:\/\/www.ramazanbasak.com.tr\/index.php?rest_route=\/wp\/v2\/users\/2"}],"replies":[{"embeddable":true,"href":"https:\/\/www.ramazanbasak.com.tr\/index.php?rest_route=%2Fwp%2Fv2%2Fcomments&post=234"}],"version-history":[{"count":0,"href":"https:\/\/www.ramazanbasak.com.tr\/index.php?rest_route=\/wp\/v2\/posts\/234\/revisions"}],"wp:featuredmedia":[{"embeddable":true,"href":"https:\/\/www.ramazanbasak.com.tr\/index.php?rest_route=\/wp\/v2\/media\/233"}],"wp:attachment":[{"href":"https:\/\/www.ramazanbasak.com.tr\/index.php?rest_route=%2Fwp%2Fv2%2Fmedia&parent=234"}],"wp:term":[{"taxonomy":"category","embeddable":true,"href":"https:\/\/www.ramazanbasak.com.tr\/index.php?rest_route=%2Fwp%2Fv2%2Fcategories&post=234"},{"taxonomy":"post_tag","embeddable":true,"href":"https:\/\/www.ramazanbasak.com.tr\/index.php?rest_route=%2Fwp%2Fv2%2Ftags&post=234"}],"curies":[{"name":"wp","href":"https:\/\/api.w.org\/{rel}","templated":true}]}}