{"id":237,"date":"2010-03-22T22:00:00","date_gmt":"2010-03-22T19:00:00","guid":{"rendered":"https:\/\/www.ramazanbasak.com.tr\/basak-yilin-milletvekili"},"modified":"2010-03-22T22:00:00","modified_gmt":"2010-03-22T19:00:00","slug":"basak-yilin-milletvekili","status":"publish","type":"post","link":"https:\/\/www.ramazanbasak.com.tr\/?p=237","title":{"rendered":"BA\u015eAK; YILIN M\u0130LLETVEK\u0130L\u0130&#8230;"},"content":{"rendered":"<p><img loading=\"lazy\" decoding=\"async\" class=\" size-full wp-image-236\" width=\"257\" height=\"189\" alt=\"\" src=\"https:\/\/www.ramazanbasak.com.tr\/wp-content\/uploads\/2010\/03\/byk%20avrasya.bmp\" \/><\/p>\n<p><strong>Ak Parti \u015eanl\u0131urfa Milletvekili B\u00fcy\u00fck Avrasya Birli\u011fi taraf\u0131ndan d\u00fczenlenen \u00f6d\u00fcl t\u00f6reninde siyaset alan\u0131nda y\u0131l\u0131n en b\u00fcy\u00fck \u00f6d\u00fcl\u00fcne lay\u0131k g\u00f6r\u00fcld\u00fc.<\/strong><\/p>\n<p>&nbsp;<\/p>\n<p>&nbsp;<\/p>\n<div style=\"margin: 0in 0in 0pt\">Ak Parti \u015eanl\u0131urfa Milletvekili B\u00fcy\u00fck Avrasya Birli\u011fi taraf\u0131ndan d\u00fczenlenen \u00f6d\u00fcl t\u00f6reninde siyaset alan\u0131nda y\u0131l\u0131n en b\u00fcy\u00fck \u00f6d\u00fcl\u00fcne lay\u0131k g\u00f6r\u00fcld\u00fc.<\/div>\n<div style=\"margin: 0in 0in 0pt\">&nbsp; <!--more-->  <\/p>\n<p>&nbsp;<\/p>\n<p>&nbsp;<\/p>\n<div style=\"margin: 0in 0in 0pt\">Milletvekili Ramazan Ba\u015fak bu anlaml\u0131 ve b\u00fcy\u00fck \u00f6d\u00fcl B\u00fcy\u00fck Avrasya Birli\u011finden geldi. D\u00fczenlenen organizasyonda BBP Genel Ba\u015fkan\u0131, \u00c7ank\u0131r\u0131, Kastamonu Milletvekilleri ve y\u0131l i\u00e7indeki hizmetlerinden dolay\u0131 bir\u00e7ok b\u00fcrokratla beraber baz\u0131 b\u00fcy\u00fck \u015firketler de \u00f6d\u00fcle lay\u0131k g\u00f6r\u00fcld\u00fcler.<\/div>\n<div style=\"margin: 0in 0in 0pt\">&nbsp;<\/div>\n<div style=\"margin: 0in 0in 0pt\">Uluslararas\u0131 alanda yapm\u0131\u015f oldu\u011fu faaliyetlerden \u00f6t\u00fcr\u00fc siyaset\u00e7iler aras\u0131nda y\u0131l\u0131n en b\u00fcy\u00fck \u00f6d\u00fcl\u00fcne lay\u0131k g\u00f6r\u00fclen Ba\u015fak gecede yapt\u0131\u011f\u0131 konu\u015fma da birlik, beraberlik ve karde\u015flik \u00e7a\u011fr\u0131s\u0131nda bulundu. Bunun \u00f6n\u00fcn\u00fcn a\u00e7\u0131lmas\u0131 i\u00e7in iktidarlar\u0131n\u0131n ve \u00f6zellikle ba\u015fbakan\u0131n hi\u00e7bir fedakarl\u0131ktan ka\u00e7\u0131nmad\u0131\u011f\u0131n\u0131 ifade etti. Ak Parti iktidar\u0131n\u0131n dostluk, karde\u015flik ve beraberlik ortam\u0131n\u0131 getirmek i\u00e7in \u00e7abalad\u0131\u011f\u0131n\u0131, kendilerini hi\u00e7 kimseden farkl\u0131 ve \u00fcst\u00fcn g\u00f6rmediklerini ve herkesi bu projelerin ger\u00e7ekle\u015fmesi i\u00e7in davet ettiklerini, beraber hareket etmek istediklerini s\u00f6zlerine ekledi. Herkesin bu ta\u015f\u0131n alt\u0131na elini koymas\u0131 gerekti\u011fini vurgulayarak, bar\u0131\u015f ve dostluk temennileriyle herkese sevgi, sayg\u0131 ve h\u00fcrmetlerini sunarak ayr\u0131ld\u0131.<\/div>\n<\/p><\/div>\n","protected":false},"excerpt":{"rendered":"<p>Ak Parti \u015eanl\u0131urfa Milletvekili B\u00fcy\u00fck Avrasya Birli\u011fi taraf\u0131ndan d\u00fczenlenen \u00f6d\u00fcl t\u00f6reninde siyaset alan\u0131nda y\u0131l\u0131n en b\u00fcy\u00fck \u00f6d\u00fcl\u00fcne lay\u0131k g\u00f6r\u00fcld\u00fc. &nbsp; &nbsp; Ak Parti \u015eanl\u0131urfa Milletvekili B\u00fcy\u00fck Avrasya Birli\u011fi taraf\u0131ndan d\u00fczenlenen \u00f6d\u00fcl t\u00f6reninde siyaset alan\u0131nda y\u0131l\u0131n en b\u00fcy\u00fck \u00f6d\u00fcl\u00fcne lay\u0131k g\u00f6r\u00fcld\u00fc. &nbsp; &nbsp; &nbsp; Milletvekili Ramazan Ba\u015fak bu anlaml\u0131 ve b\u00fcy\u00fck \u00f6d\u00fcl B\u00fcy\u00fck Avrasya Birli\u011finden geldi. &hellip;<\/p>\n","protected":false},"author":2,"featured_media":236,"comment_status":"open","ping_status":"open","sticky":false,"template":"","format":"standard","meta":{"footnotes":""},"categories":[8],"tags":[],"class_list":["post-237","post","type-post","status-publish","format-standard","has-post-thumbnail","hentry","category-haberler-haberler"],"_links":{"self":[{"href":"https:\/\/www.ramazanbasak.com.tr\/index.php?rest_route=\/wp\/v2\/posts\/237","targetHints":{"allow":["GET"]}}],"collection":[{"href":"https:\/\/www.ramazanbasak.com.tr\/index.php?rest_route=\/wp\/v2\/posts"}],"about":[{"href":"https:\/\/www.ramazanbasak.com.tr\/index.php?rest_route=\/wp\/v2\/types\/post"}],"author":[{"embeddable":true,"href":"https:\/\/www.ramazanbasak.com.tr\/index.php?rest_route=\/wp\/v2\/users\/2"}],"replies":[{"embeddable":true,"href":"https:\/\/www.ramazanbasak.com.tr\/index.php?rest_route=%2Fwp%2Fv2%2Fcomments&post=237"}],"version-history":[{"count":0,"href":"https:\/\/www.ramazanbasak.com.tr\/index.php?rest_route=\/wp\/v2\/posts\/237\/revisions"}],"wp:featuredmedia":[{"embeddable":true,"href":"https:\/\/www.ramazanbasak.com.tr\/index.php?rest_route=\/wp\/v2\/media\/236"}],"wp:attachment":[{"href":"https:\/\/www.ramazanbasak.com.tr\/index.php?rest_route=%2Fwp%2Fv2%2Fmedia&parent=237"}],"wp:term":[{"taxonomy":"category","embeddable":true,"href":"https:\/\/www.ramazanbasak.com.tr\/index.php?rest_route=%2Fwp%2Fv2%2Fcategories&post=237"},{"taxonomy":"post_tag","embeddable":true,"href":"https:\/\/www.ramazanbasak.com.tr\/index.php?rest_route=%2Fwp%2Fv2%2Ftags&post=237"}],"curies":[{"name":"wp","href":"https:\/\/api.w.org\/{rel}","templated":true}]}}