{"id":238,"date":"2010-03-25T22:00:00","date_gmt":"2010-03-25T19:00:00","guid":{"rendered":"https:\/\/www.ramazanbasak.com.tr\/basak-toplulastirma-tamam"},"modified":"2010-03-25T22:00:00","modified_gmt":"2010-03-25T19:00:00","slug":"basak-toplulastirma-tamam","status":"publish","type":"post","link":"https:\/\/www.ramazanbasak.com.tr\/?p=238","title":{"rendered":"BA\u015eAK: TOPLULA\u015eTIRMA TAMAM&#8230;"},"content":{"rendered":"<p><img loading=\"lazy\" decoding=\"async\" class=\" size-full wp-image-162\" width=\"200\" height=\"195\" alt=\"\" src=\"https:\/\/www.ramazanbasak.com.tr\/wp-content\/uploads\/2009\/11\/rbaak1.jpg\" \/><\/p>\n<p>&nbsp;<\/p>\n<p><strong>Ak Parti \u015eanl\u0131urfa Mv. Ramazan Ba\u015fak 40 y\u0131ll\u0131k hasretin bitti\u011fini \u015eanl\u0131urfa merkez, Ak\u00e7akale, Birecik, Bozova ve Suru\u00e7 ve k\u00f6ylerini kapsayan toplula\u015ft\u0131rma ihalesinin tamamland\u0131\u011f\u0131 m\u00fcjdesini verdi.  <!--more-->  <\/strong><\/p>\n<p>&nbsp;<\/p>\n<div>Daha \u00f6nceden Bozova Pompaj Sulama 2. k\u0131s\u0131m ve G\u00fcn\u0131\u015f\u0131k Ana Kanal \u0130halelerindeki mali tekliflerin al\u0131nd\u0131\u011f\u0131 ve k\u0131sa s\u00fcre i\u00e7inde in\u015faata ba\u015flanaca\u011f\u0131 m\u00fcjdesini veren Ba\u015fak, yine \u015eanl\u0131urfa merkez, Ak\u00e7akale merkez, Birecik merkez, Bozova merkez ve Suru\u00e7 merkez ve k\u00f6yleri i\u00e7in \u00e7ok b\u00fcy\u00fck \u00f6nem arz eden toplula\u015ft\u0131rma da 6. ve 7. k\u0131s\u0131m ihalelerinin tamamland\u0131\u011f\u0131 haberini verdi. Ba\u015fak, teklifleri kabul edilen Pehlivan+Asil konsorsiyumu ile Bor A.\u015e. firmalar\u0131n\u0131n 17 g\u00fcnl\u00fck itiraz s\u00fcresi sonras\u0131nda bir itiraz olmad\u0131\u011f\u0131 takdirde toplula\u015ft\u0131rmaya ba\u015flayacaklar\u0131n\u0131 bildirdi.<\/div>\n<p> 6. K\u0131s\u0131mda <span style=\"color: black\">55.056 Ha<\/span><span style=\"color: black\"> Alanda Arazi Toplula\u015ft\u0131rmas\u0131 ve 1.170 Km Tarlai\u00e7i Yol Yap\u0131m\u0131 yap\u0131lacak olan \u015eanl\u0131urfa<\/span><span style=\"color: black\">Merkez Ge\u00e7it, Kaplan, Karata\u015f, K\u0131rkma\u011fara, Olukyan\u0131, Suru\u00e7 \u0130l\u00e7esi Merkez, Ak\u00f6ren,K\u00fc\u00e7\u00fck Kendirci,Yukar\u0131 Aybast\u0131,Alanyurt, A.Oylum, Aybast\u0131, Bilge, Binatl\u0131, Boztepe, B\u00fcy\u00fcksergen, B\u00fcy\u00fckziyaret, Yal\u0131nca, Yalp\u0131, Yat\u0131rtepe, Y\u0131ld\u0131z, Yo\u011furt\u00e7u, Yolcular, Y\u00f6nl\u00fc, \u00c7anak\u00e7\u0131, Karah\u00f6y\u00fck, \u00c7aykara, Karak\u00f6y, \u00c7engelli, Keberli, Dinlence, K\u0131z\u0131lh\u00fcy\u00fck, Ekili, K\u00f6seler, Eskice, K\u00fc\u00e7\u00fcksergen, G\u00f6le\u00e7, K\u00fc\u00e7\u00fckziyaret, H\u00fcy\u00fckyan\u0131,Yaz\u0131k\u00f6y,Kurutepe, Kap\u0131c\u0131, Mertismail, Oymakl\u0131, Top\u00e7ular, \u00dcvecik, Karadut, Mollahamza, \u00d6zl\u00fcce, \u00dc\u00e7p\u0131nar, Uysall\u0131, \u00d6l\u00e7ektepe, Onbirnisan, Tav\u015fan, Ulud\u00fcz, Uzg\u00f6ren K\u00f6yleriyle, 7. k\u0131s\u0131m da yer alan &nbsp;45.317 ha alanda arazi toplula\u015ft\u0131rmas\u0131 &nbsp;ve 650 km tarlai\u00e7i yol yap\u0131m\u0131 kapsam\u0131ndaki \u015eanl\u0131urfa \u0130li Merkez Alt\u0131nba\u015fak, A\u015fa\u011f\u0131hamedan, Atl\u0131konak k\u00f6yleri, Ak\u00e7akale \u0130l\u00e7esi U\u011furta\u015f, Boybeyi, Yusufbey, Milk\u00f6y, \u00c7ak\u0131rlar, Yediyol, \u015eehitNusret, B\u00fcy\u00fcknaneli, Edebey, Dorumali,Ya\u011fmuralan,Nimet,G\u00fcnda\u015f ve G\u00fcven\u00e7 k\u00f6ylerinin yap\u0131m i\u015fleri ger\u00e7ekle\u015ftirilecektir.<\/span><\/p>\n<p> <span style=\"color: black\">40 y\u0131ll\u0131k r\u00fcyay\u0131 ger\u00e7ekle\u015ftirdiklerini s\u00f6yleyen Ba\u015fak, bu i\u015fin ger\u00e7ekle\u015fmesi kendilerine nasip oldu\u011fu i\u00e7in b\u00fcy\u00fck bir onur ve gurur duyduklar\u0131n\u0131 ifade etti. Bu \u00e7al\u0131\u015fmada eme\u011fi ge\u00e7en milletvekili arkada\u015flar\u0131na ve b\u00fcrokratlara te\u015fekk\u00fcr eden Ba\u015fak, bu vesileyle t\u00fcm hem\u015ferilerine toplula\u015ft\u0131rman\u0131n hay\u0131rl\u0131 olmas\u0131 temennisiyle sevgi, sayg\u0131 ve h\u00fcrmetlerini sundu.<\/span><\/p>\n","protected":false},"excerpt":{"rendered":"<p>&nbsp; Ak Parti \u015eanl\u0131urfa Mv. Ramazan Ba\u015fak 40 y\u0131ll\u0131k hasretin bitti\u011fini \u015eanl\u0131urfa merkez, Ak\u00e7akale, Birecik, Bozova ve Suru\u00e7 ve k\u00f6ylerini kapsayan toplula\u015ft\u0131rma ihalesinin tamamland\u0131\u011f\u0131 m\u00fcjdesini verdi. &nbsp; Daha \u00f6nceden Bozova Pompaj Sulama 2. k\u0131s\u0131m ve G\u00fcn\u0131\u015f\u0131k Ana Kanal \u0130halelerindeki mali tekliflerin al\u0131nd\u0131\u011f\u0131 ve k\u0131sa s\u00fcre i\u00e7inde in\u015faata ba\u015flanaca\u011f\u0131 m\u00fcjdesini veren Ba\u015fak, yine \u015eanl\u0131urfa merkez, Ak\u00e7akale &hellip;<\/p>\n","protected":false},"author":2,"featured_media":162,"comment_status":"open","ping_status":"open","sticky":false,"template":"","format":"standard","meta":{"footnotes":""},"categories":[8],"tags":[],"class_list":["post-238","post","type-post","status-publish","format-standard","has-post-thumbnail","hentry","category-haberler-haberler"],"_links":{"self":[{"href":"https:\/\/www.ramazanbasak.com.tr\/index.php?rest_route=\/wp\/v2\/posts\/238","targetHints":{"allow":["GET"]}}],"collection":[{"href":"https:\/\/www.ramazanbasak.com.tr\/index.php?rest_route=\/wp\/v2\/posts"}],"about":[{"href":"https:\/\/www.ramazanbasak.com.tr\/index.php?rest_route=\/wp\/v2\/types\/post"}],"author":[{"embeddable":true,"href":"https:\/\/www.ramazanbasak.com.tr\/index.php?rest_route=\/wp\/v2\/users\/2"}],"replies":[{"embeddable":true,"href":"https:\/\/www.ramazanbasak.com.tr\/index.php?rest_route=%2Fwp%2Fv2%2Fcomments&post=238"}],"version-history":[{"count":0,"href":"https:\/\/www.ramazanbasak.com.tr\/index.php?rest_route=\/wp\/v2\/posts\/238\/revisions"}],"wp:featuredmedia":[{"embeddable":true,"href":"https:\/\/www.ramazanbasak.com.tr\/index.php?rest_route=\/wp\/v2\/media\/162"}],"wp:attachment":[{"href":"https:\/\/www.ramazanbasak.com.tr\/index.php?rest_route=%2Fwp%2Fv2%2Fmedia&parent=238"}],"wp:term":[{"taxonomy":"category","embeddable":true,"href":"https:\/\/www.ramazanbasak.com.tr\/index.php?rest_route=%2Fwp%2Fv2%2Fcategories&post=238"},{"taxonomy":"post_tag","embeddable":true,"href":"https:\/\/www.ramazanbasak.com.tr\/index.php?rest_route=%2Fwp%2Fv2%2Ftags&post=238"}],"curies":[{"name":"wp","href":"https:\/\/api.w.org\/{rel}","templated":true}]}}