{"id":240,"date":"2010-03-26T22:00:00","date_gmt":"2010-03-26T19:00:00","guid":{"rendered":"https:\/\/www.ramazanbasak.com.tr\/basak-esnafi-gezdi"},"modified":"2010-03-26T22:00:00","modified_gmt":"2010-03-26T19:00:00","slug":"basak-esnafi-gezdi","status":"publish","type":"post","link":"https:\/\/www.ramazanbasak.com.tr\/?p=240","title":{"rendered":"BA\u015eAK ESNAFI GEZD\u0130&#8230;"},"content":{"rendered":"<p><img loading=\"lazy\" decoding=\"async\" class=\" size-full wp-image-239\" width=\"200\" height=\"135\" alt=\"\" src=\"https:\/\/www.ramazanbasak.com.tr\/wp-content\/uploads\/2010\/03\/esnaf.bmp\" srcset=\"https:\/\/www.ramazanbasak.com.tr\/wp-content\/uploads\/2010\/03\/esnaf.bmp 289w, https:\/\/www.ramazanbasak.com.tr\/wp-content\/uploads\/2010\/03\/esnaf-220x150.jpg 220w\" sizes=\"auto, (max-width: 200px) 100vw, 200px\" \/><\/p>\n<p><strong>Ak Parti \u015eanl\u0131urfa Milletvekili Ramazan Ba\u015fak, Birecik \u0130l\u00e7esinde Esnaf\u0131n sorunlar\u0131n\u0131 dinledi, Partisinin A\u00e7\u0131l\u0131m Anayasa de\u011fi\u015fimini anlatt\u0131.  <!--more-->  <\/strong><\/p>\n<p><strong> <\/p>\n<p>Ak Parti \u015eanl\u0131urfa Milletvekili Ramazan Ba\u015fak haftasonu tatilini memleketi \u015eanl\u0131urfa&#8217;da ge\u00e7iriyor. TBMM&#8217;de \u00e7al\u0131\u015fmalara verilen en k\u00fc\u00e7\u00fck ara tatilde memleketi \u015fanl\u0131urfa&#8217;ya en \u00e7ok gelen Milletvekili olan Ramazan Ba\u015fak d\u00fcn mesaisinin tamam\u0131n\u0131 Birecik il\u00e7esinde ge\u00e7irdi.<\/p>\n<p> lk olarak Birecik il\u00e7esine ba\u011fl\u0131 K\u00f6ma\u011f\u0131l k\u00f6y\u00fcne giden ak Parti \u015eanl\u0131urfa Milletvekili Ramazan Ba\u015fak,burada k\u00f6y halk\u0131 ile bir araya gelerek sorunlar\u0131 dinledi. K\u00f6y muhtar\u0131 ba\u015fta olmak \u00fczere k\u00f6yl\u00fclere bir s\u00fcre sohbet eden Ba\u015fak daha sonra onuruna verilen \u00f6\u011flen yeme\u011fine kat\u0131ld\u0131. Ak Parti \u015eanl\u0131urfa Milletvekili Ramazan Ba\u015fak daha sonra beraberinde ki bir grup parti ile birlikte Birecik il\u00e7e merkezine ge\u00e7ti. Birecik il\u00e7esinde bulunan esnaf gezisine \u00e7\u0131kan Ba\u015fak burada esnafla sohbet etme imkan\u0131n\u0131 buldu.Ak Partinin \u00e7\u0131karmay\u0131 d\u00fc\u015f\u00fcnd\u00fc\u011f\u00fc Anayasa paketi ve demokratik a\u00e7\u0131l\u0131m konusunda esnaf\u0131n \u00e7ekincelerine&nbsp; cevap veren ba\u015fak , esnaf taraf\u0131ndan partilerine olan g\u00fcvenden dolay\u0131 memnun ayr\u0131ld\u0131.<\/p>\n<p> <\/strong><\/p>\n","protected":false},"excerpt":{"rendered":"<p>Ak Parti \u015eanl\u0131urfa Milletvekili Ramazan Ba\u015fak, Birecik \u0130l\u00e7esinde Esnaf\u0131n sorunlar\u0131n\u0131 dinledi, Partisinin A\u00e7\u0131l\u0131m Anayasa de\u011fi\u015fimini anlatt\u0131. Ak Parti \u015eanl\u0131urfa Milletvekili Ramazan Ba\u015fak haftasonu tatilini memleketi \u015eanl\u0131urfa&#8217;da ge\u00e7iriyor. TBMM&#8217;de \u00e7al\u0131\u015fmalara verilen en k\u00fc\u00e7\u00fck ara tatilde memleketi \u015fanl\u0131urfa&#8217;ya en \u00e7ok gelen Milletvekili olan Ramazan Ba\u015fak d\u00fcn mesaisinin tamam\u0131n\u0131 Birecik il\u00e7esinde ge\u00e7irdi. lk olarak Birecik il\u00e7esine ba\u011fl\u0131 K\u00f6ma\u011f\u0131l &hellip;<\/p>\n","protected":false},"author":2,"featured_media":239,"comment_status":"open","ping_status":"open","sticky":false,"template":"","format":"standard","meta":{"footnotes":""},"categories":[8],"tags":[],"class_list":["post-240","post","type-post","status-publish","format-standard","has-post-thumbnail","hentry","category-haberler-haberler"],"_links":{"self":[{"href":"https:\/\/www.ramazanbasak.com.tr\/index.php?rest_route=\/wp\/v2\/posts\/240","targetHints":{"allow":["GET"]}}],"collection":[{"href":"https:\/\/www.ramazanbasak.com.tr\/index.php?rest_route=\/wp\/v2\/posts"}],"about":[{"href":"https:\/\/www.ramazanbasak.com.tr\/index.php?rest_route=\/wp\/v2\/types\/post"}],"author":[{"embeddable":true,"href":"https:\/\/www.ramazanbasak.com.tr\/index.php?rest_route=\/wp\/v2\/users\/2"}],"replies":[{"embeddable":true,"href":"https:\/\/www.ramazanbasak.com.tr\/index.php?rest_route=%2Fwp%2Fv2%2Fcomments&post=240"}],"version-history":[{"count":0,"href":"https:\/\/www.ramazanbasak.com.tr\/index.php?rest_route=\/wp\/v2\/posts\/240\/revisions"}],"wp:featuredmedia":[{"embeddable":true,"href":"https:\/\/www.ramazanbasak.com.tr\/index.php?rest_route=\/wp\/v2\/media\/239"}],"wp:attachment":[{"href":"https:\/\/www.ramazanbasak.com.tr\/index.php?rest_route=%2Fwp%2Fv2%2Fmedia&parent=240"}],"wp:term":[{"taxonomy":"category","embeddable":true,"href":"https:\/\/www.ramazanbasak.com.tr\/index.php?rest_route=%2Fwp%2Fv2%2Fcategories&post=240"},{"taxonomy":"post_tag","embeddable":true,"href":"https:\/\/www.ramazanbasak.com.tr\/index.php?rest_route=%2Fwp%2Fv2%2Ftags&post=240"}],"curies":[{"name":"wp","href":"https:\/\/api.w.org\/{rel}","templated":true}]}}