{"id":242,"date":"2010-03-27T22:00:00","date_gmt":"2010-03-27T19:00:00","guid":{"rendered":"https:\/\/www.ramazanbasak.com.tr\/basak-hastalarin-yaninda"},"modified":"2010-03-27T22:00:00","modified_gmt":"2010-03-27T19:00:00","slug":"basak-hastalarin-yaninda","status":"publish","type":"post","link":"https:\/\/www.ramazanbasak.com.tr\/?p=242","title":{"rendered":"BA\u015eAK HASTALARIN YANINDA&#8230;"},"content":{"rendered":"<p><img loading=\"lazy\" decoding=\"async\" class=\" alignleft size-full wp-image-241\" align=\"left\" width=\"200\" height=\"135\" alt=\"\" src=\"https:\/\/www.ramazanbasak.com.tr\/wp-content\/uploads\/2010\/03\/hasta.bmp\" srcset=\"https:\/\/www.ramazanbasak.com.tr\/wp-content\/uploads\/2010\/03\/hasta.bmp 289w, https:\/\/www.ramazanbasak.com.tr\/wp-content\/uploads\/2010\/03\/hasta-220x150.jpg 220w\" sizes=\"auto, (max-width: 200px) 100vw, 200px\" \/><\/p>\n<p><strong>Ak Parti \u015eanl\u0131urfa Milletvekili Ramazan Ba\u015fak urfa halk\u0131n\u0131 yaln\u0131z b\u0131rakm\u0131yor  <!--more-->  <\/strong><\/p>\n<p>&nbsp;<\/p>\n<p>Ak Parti \u015eanl\u0131urfa Milletvekili Ramazan Ba\u015fak, Birecik kaymakam\u0131 Ozan Balc\u0131&rsquo;y\u0131 makam\u0131nda ziyaret ederek Birecik&rsquo;te yap\u0131lan \u00e7al\u0131\u015fmalar hakk\u0131nda bilgiler edindi. Ak Parti \u00f6nc\u00fcl\u00fc\u011f\u00fcnde yap\u0131lm\u0131\u015f olan projeleri yerinde denetleyen ba\u015fak &lsquo;Birecik \u015eanl\u0131urfa&rsquo;n\u0131n incisidir, il\u00e7elerimizin ne sorunlar\u0131 varsa onlar\u0131 halletmeye \u00e7al\u0131\u015faca\u011f\u0131z dedi. Birecik il\u00e7e kaymakam\u0131 Ozan Balc\u0131 ise Ak Parti \u015eanl\u0131urfa Milletvekili Ramazan Ba\u015fak&rsquo;a ziyaretlerinden dolay\u0131 te\u015fekk\u00fcrlerini iletti. Daha sonra Birecik Devlet Hastanesine ge\u00e7en Ba\u015fak orada ki hastalar\u0131 ziyaret ederek Hastane doktorlar\u0131na ve personellerine \u00e7al\u0131\u015fmalar\u0131ndan dolay\u0131 ba\u015far\u0131lar diledi. Birecik Devlet Hastanesi Ba\u015fhekim&rsquo;i ise Ak Parti \u015eanl\u0131urfa Milletvekili Ramazan Ba\u015fak&rsquo;a buraya kadar gelip hastanenin sorunlar\u0131n\u0131 bizzat kendilerinden dinledikleri i\u00e7in mutluluk duyduklar\u0131n\u0131 s\u00f6yledi. <br \/> &nbsp;<\/p>\n","protected":false},"excerpt":{"rendered":"<p>Ak Parti \u015eanl\u0131urfa Milletvekili Ramazan Ba\u015fak urfa halk\u0131n\u0131 yaln\u0131z b\u0131rakm\u0131yor &nbsp; Ak Parti \u015eanl\u0131urfa Milletvekili Ramazan Ba\u015fak, Birecik kaymakam\u0131 Ozan Balc\u0131&rsquo;y\u0131 makam\u0131nda ziyaret ederek Birecik&rsquo;te yap\u0131lan \u00e7al\u0131\u015fmalar hakk\u0131nda bilgiler edindi. Ak Parti \u00f6nc\u00fcl\u00fc\u011f\u00fcnde yap\u0131lm\u0131\u015f olan projeleri yerinde denetleyen ba\u015fak &lsquo;Birecik \u015eanl\u0131urfa&rsquo;n\u0131n incisidir, il\u00e7elerimizin ne sorunlar\u0131 varsa onlar\u0131 halletmeye \u00e7al\u0131\u015faca\u011f\u0131z dedi. Birecik il\u00e7e kaymakam\u0131 Ozan Balc\u0131 &hellip;<\/p>\n","protected":false},"author":2,"featured_media":241,"comment_status":"open","ping_status":"open","sticky":false,"template":"","format":"standard","meta":{"footnotes":""},"categories":[8],"tags":[],"class_list":["post-242","post","type-post","status-publish","format-standard","has-post-thumbnail","hentry","category-haberler-haberler"],"_links":{"self":[{"href":"https:\/\/www.ramazanbasak.com.tr\/index.php?rest_route=\/wp\/v2\/posts\/242","targetHints":{"allow":["GET"]}}],"collection":[{"href":"https:\/\/www.ramazanbasak.com.tr\/index.php?rest_route=\/wp\/v2\/posts"}],"about":[{"href":"https:\/\/www.ramazanbasak.com.tr\/index.php?rest_route=\/wp\/v2\/types\/post"}],"author":[{"embeddable":true,"href":"https:\/\/www.ramazanbasak.com.tr\/index.php?rest_route=\/wp\/v2\/users\/2"}],"replies":[{"embeddable":true,"href":"https:\/\/www.ramazanbasak.com.tr\/index.php?rest_route=%2Fwp%2Fv2%2Fcomments&post=242"}],"version-history":[{"count":0,"href":"https:\/\/www.ramazanbasak.com.tr\/index.php?rest_route=\/wp\/v2\/posts\/242\/revisions"}],"wp:featuredmedia":[{"embeddable":true,"href":"https:\/\/www.ramazanbasak.com.tr\/index.php?rest_route=\/wp\/v2\/media\/241"}],"wp:attachment":[{"href":"https:\/\/www.ramazanbasak.com.tr\/index.php?rest_route=%2Fwp%2Fv2%2Fmedia&parent=242"}],"wp:term":[{"taxonomy":"category","embeddable":true,"href":"https:\/\/www.ramazanbasak.com.tr\/index.php?rest_route=%2Fwp%2Fv2%2Fcategories&post=242"},{"taxonomy":"post_tag","embeddable":true,"href":"https:\/\/www.ramazanbasak.com.tr\/index.php?rest_route=%2Fwp%2Fv2%2Ftags&post=242"}],"curies":[{"name":"wp","href":"https:\/\/api.w.org\/{rel}","templated":true}]}}