{"id":244,"date":"2010-03-29T22:00:00","date_gmt":"2010-03-29T19:00:00","guid":{"rendered":"https:\/\/www.ramazanbasak.com.tr\/basak-umreciler-rahat-olsun"},"modified":"2010-03-29T22:00:00","modified_gmt":"2010-03-29T19:00:00","slug":"basak-umreciler-rahat-olsun","status":"publish","type":"post","link":"https:\/\/www.ramazanbasak.com.tr\/?p=244","title":{"rendered":"BA\u015eAK; &#8216;UMREC\u0130LER RAHAT OLSUN&#8217;&#8230;"},"content":{"rendered":"<p><strong><img loading=\"lazy\" decoding=\"async\" class=\" alignleft size-full wp-image-243\" align=\"left\" width=\"200\" height=\"135\" alt=\"\" src=\"https:\/\/www.ramazanbasak.com.tr\/wp-content\/uploads\/2010\/03\/umre.bmp\" \/>Umreye giden \u015eanl\u0131urfa kafilesinin Suudiarabistan&#8217;da mahsur kalmas\u0131 \u00fczerine Ak Parti \u015eanl\u0131urfa Milletvekili Ramazan Ba\u015fak bu sabah Diyanet \u0130\u015fleri Ba\u015fkanl\u0131\u011f\u0131na gitti. <\/strong><\/p>\n<p>&nbsp;<\/p>\n<p><strong> <!--more-->  <\/strong><\/p>\n<p><strong> <\/p>\n<p>Mekke&#8217;nin Almasa otelinde mahsur kalan Urfal\u0131 Umrecilerin ma\u011fduriyetinin giderilmeye \u00e7al\u0131\u015f\u0131ld\u0131\u011f\u0131 \u00f6\u011frenildi. d\u00fcn yapt\u0131\u011f\u0131m\u0131z haber \u00fczerine bug\u00fcn Ak Parti \u015eanl\u0131urfa Milletvekili Ramazan Ba\u015fak&#8217;\u0131n urfa&#8217;l\u0131 Umreciler i\u00e7in u\u011fra\u015ft\u0131\u011f\u0131 \u00f6\u011frenildi.Bug\u00fcn \u0130lk olarak \u015eanl\u0131urfa M\u00fcft\u00fcl\u00fc\u011f\u00fcn\u00fc arayan Milletvekili Ba\u015fak, daha sonra Diyaneti\u015fleri Ba\u015fkanl\u0131\u011f\u0131na giderek yetkililerle g\u00f6r\u00fc\u015ft\u00fc.<\/p>\n<p> \u015eanl\u0131urfa&#8217;dan umreye giden 250 vatanda\u015f\u0131n ma\u011fduriyet ya\u015famas\u0131ndan dolay\u0131 \u00fcz\u00fcnt\u00fclerini Diyaneti\u015fleri Ba\u015fkanl\u0131\u011f\u0131na aktaran Ba\u015fak&#8217; hem\u015fehrilerimiz kutsal topraklara giderek burada dini vecibelerini yerine getirirken, ma\u011fdur olmu\u015flarsa bu ma\u011fduriyet giderilmelidir, bu anlmada ilk olarak Suudiarabistanda bulunan Diyaneti\u015fleri yetkilileri ve Mekkede bulunan D\u0131\u015f \u0130\u015fleri Bakanl\u0131\u011f\u0131n\u0131n yetkilileri ile g\u00f6r\u00fc\u015fmeler yap\u0131lm\u0131\u015ft\u0131r, \u015fayet her hangi bir sorun ya\u015fayan vatanda\u015f\u0131m\u0131z varsa l\u00fctfen bize ula\u015fs\u0131nlar,&#8217;dedi.<\/p>\n<p> &nbsp;23 mart tarihinde Urfa&rsquo;dan u\u00e7ak kald\u0131rmak s\u00fcretiyle anla\u015fma yap\u0131lan firma fireyi ilk g\u00fcn vererek urfal\u0131 umre hac\u0131lar\u0131 ma\u011fdur etmi\u015fti.. Puan tur yetkilisi birinci g\u00fcn ayarlamas\u0131 gereken u\u00e7aklar\u0131 ayarlayamay\u0131nca 167 ki\u015finin 141&rsquo;ni ilk u\u00e7akla Umreye g\u00f6t\u00fcrm\u00fc\u015ft\u00fc.<\/p>\n<p> <\/strong><\/p>\n","protected":false},"excerpt":{"rendered":"<p>Umreye giden \u015eanl\u0131urfa kafilesinin Suudiarabistan&#8217;da mahsur kalmas\u0131 \u00fczerine Ak Parti \u015eanl\u0131urfa Milletvekili Ramazan Ba\u015fak bu sabah Diyanet \u0130\u015fleri Ba\u015fkanl\u0131\u011f\u0131na gitti. &nbsp; Mekke&#8217;nin Almasa otelinde mahsur kalan Urfal\u0131 Umrecilerin ma\u011fduriyetinin giderilmeye \u00e7al\u0131\u015f\u0131ld\u0131\u011f\u0131 \u00f6\u011frenildi. d\u00fcn yapt\u0131\u011f\u0131m\u0131z haber \u00fczerine bug\u00fcn Ak Parti \u015eanl\u0131urfa Milletvekili Ramazan Ba\u015fak&#8217;\u0131n urfa&#8217;l\u0131 Umreciler i\u00e7in u\u011fra\u015ft\u0131\u011f\u0131 \u00f6\u011frenildi.Bug\u00fcn \u0130lk olarak \u015eanl\u0131urfa M\u00fcft\u00fcl\u00fc\u011f\u00fcn\u00fc arayan Milletvekili Ba\u015fak, &hellip;<\/p>\n","protected":false},"author":2,"featured_media":243,"comment_status":"open","ping_status":"open","sticky":false,"template":"","format":"standard","meta":{"footnotes":""},"categories":[8],"tags":[],"class_list":["post-244","post","type-post","status-publish","format-standard","has-post-thumbnail","hentry","category-haberler-haberler"],"_links":{"self":[{"href":"https:\/\/www.ramazanbasak.com.tr\/index.php?rest_route=\/wp\/v2\/posts\/244","targetHints":{"allow":["GET"]}}],"collection":[{"href":"https:\/\/www.ramazanbasak.com.tr\/index.php?rest_route=\/wp\/v2\/posts"}],"about":[{"href":"https:\/\/www.ramazanbasak.com.tr\/index.php?rest_route=\/wp\/v2\/types\/post"}],"author":[{"embeddable":true,"href":"https:\/\/www.ramazanbasak.com.tr\/index.php?rest_route=\/wp\/v2\/users\/2"}],"replies":[{"embeddable":true,"href":"https:\/\/www.ramazanbasak.com.tr\/index.php?rest_route=%2Fwp%2Fv2%2Fcomments&post=244"}],"version-history":[{"count":0,"href":"https:\/\/www.ramazanbasak.com.tr\/index.php?rest_route=\/wp\/v2\/posts\/244\/revisions"}],"wp:featuredmedia":[{"embeddable":true,"href":"https:\/\/www.ramazanbasak.com.tr\/index.php?rest_route=\/wp\/v2\/media\/243"}],"wp:attachment":[{"href":"https:\/\/www.ramazanbasak.com.tr\/index.php?rest_route=%2Fwp%2Fv2%2Fmedia&parent=244"}],"wp:term":[{"taxonomy":"category","embeddable":true,"href":"https:\/\/www.ramazanbasak.com.tr\/index.php?rest_route=%2Fwp%2Fv2%2Fcategories&post=244"},{"taxonomy":"post_tag","embeddable":true,"href":"https:\/\/www.ramazanbasak.com.tr\/index.php?rest_route=%2Fwp%2Fv2%2Ftags&post=244"}],"curies":[{"name":"wp","href":"https:\/\/api.w.org\/{rel}","templated":true}]}}