{"id":246,"date":"2010-03-31T22:00:00","date_gmt":"2010-03-31T19:00:00","guid":{"rendered":"https:\/\/www.ramazanbasak.com.tr\/basak-tan-ozur-dilediler"},"modified":"2010-03-31T22:00:00","modified_gmt":"2010-03-31T19:00:00","slug":"basak-tan-ozur-dilediler","status":"publish","type":"post","link":"https:\/\/www.ramazanbasak.com.tr\/?p=246","title":{"rendered":"BA\u015eAK&#8217; TAN \u00d6Z\u00dcR D\u0130LED\u0130LER&#8230;"},"content":{"rendered":"<p><img loading=\"lazy\" decoding=\"async\" class=\" alignleft size-full wp-image-245\" align=\"left\" width=\"200\" height=\"135\" alt=\"\" src=\"https:\/\/www.ramazanbasak.com.tr\/wp-content\/uploads\/2010\/03\/zr.bmp\" srcset=\"https:\/\/www.ramazanbasak.com.tr\/wp-content\/uploads\/2010\/03\/zr.bmp 289w, https:\/\/www.ramazanbasak.com.tr\/wp-content\/uploads\/2010\/03\/zr-220x150.jpg 220w\" sizes=\"auto, (max-width: 200px) 100vw, 200px\" \/><\/p>\n<p><strong>Ak Parti \u015eanl\u0131urfa Milletvekili Ramazan Ba\u015fak&#8217;\u0131n Personel al\u0131m i\u00e7in dan\u0131\u015fman\u0131 g\u00f6ndermedi\u011fi, bir Urfa&#8217;l\u0131 B\u00fcrokrat\u0131n atamas\u0131n\u0131n bir t\u00fcrl\u00fc yap\u0131lmamas\u0131 \u00fczerine g\u00f6nderdi\u011fi ortaya \u00e7\u0131kt\u0131.  <!--more-->  <\/strong><\/p>\n<p><strong> <\/p>\n<p>Ak Parti \u015eanl\u0131urfa Milletvekili Ramazan Ba\u015fak&#8217;\u0131n Tar\u0131m Reformu Genel M\u00fcd\u00fcrl\u00fc\u011f\u00fcne i\u015f\u00e7i al\u0131m\u0131 de\u011fil, bir b\u00fcrokrat\u0131n atamas\u0131n\u0131n bir t\u00fcrl\u00fc yetkililer taraf\u0131ndan yap\u0131lmamas\u0131 \u00fczerine dan\u0131\u015fman\u0131n\u0131 bilgi almak i\u00e7in g\u00f6nderdi\u011fi ortaya \u00e7\u0131kt\u0131.D\u00fcn bir \u00e7ok haber sitesinde&nbsp; Ak Parti \u015eanl\u0131urfa Milletvekili Ramazan Ba\u015fak &#8216;\u0131n Tar\u0131m Bakanl\u0131\u011f\u0131n\u0131 i\u015f\u00e7i al\u0131m\u0131 i\u00e7in bask\u0131n d\u00fczenledi\u011fi y\u00f6n\u00fcnde \u00e7\u0131kan haberlere cevap geldi.<\/p>\n<p> Ba\u015fak ilkkez olay\u0131n ayr\u0131nt\u0131lar\u0131n\u0131 anlatt\u0131. \u015eanl\u0131urfa Tar\u0131m Reform B\u00f6lge M\u00fcd\u00fcrl\u00fc\u011f\u00fcnde bir Urfa&#8217;l\u0131n\u0131n&nbsp; hakl\u0131 olmas\u0131na ra\u011fmen bir t\u00fcrl\u00fc atamas\u0131n\u0131n yap\u0131lmamas\u0131 \u00fczerine&nbsp; Genel M\u00fcd\u00fcrl\u00fc\u011fe bildirdi\u011fi, daire Ba\u015fkanl\u0131\u011f\u0131na bildirmesine ra\u011fmen atama konusunda bir t\u00fcrl\u00fc i\u015flem yap\u0131lmad\u0131\u011f\u0131, bunun \u00fczerine&nbsp; Ba\u015fak&#8217;\u0131n dan\u0131\u015fman\u0131n\u0131 Tar\u0131m Reform Genel M\u00fcd\u00fcrl\u00fc\u011f\u00fcne g\u00f6ndererek bilgi almas\u0131n\u0131 istedi. Genel M\u00fcd\u00fcrl\u00fckte bilgi alamayan Dan\u0131\u015fman Daire ba\u015fkan\u0131ndan&nbsp; Milletvekiline bilgi vermesini istedi.5-6 ay boyunca Urfa&#8217;l\u0131 B\u00fcrokrat\u0131n atamas\u0131n\u0131 yapmaktan ka\u00e7\u0131nan Daire Ba\u015fkan\u0131&nbsp; telefonu almay\u0131nca,dan\u0131\u015fman ile daire Ba\u015fkan\u0131 aras\u0131nda s\u00f6zl\u00fc tart\u0131\u015fma \u00e7\u0131kt\u0131. Milletvekili Ramazan Ba\u015fak ile g\u00f6r\u00fc\u015fen dan\u0131\u015fman tart\u0131\u015ft\u0131klar\u0131n\u0131 s\u00f6yleyince, olaylar\u0131n b\u00fcy\u00fcmemesi i\u00e7in Ba\u015fak&#8217;\u0131n Tar\u0131m Reform Genel M\u00fcd\u00fcrl\u00fc\u011f\u00fcne geldi. Burada yetkililerle g\u00f6r\u00fc\u015fen Ba\u015fak&#8217; siz neden bir hem\u015fehrimizin i\u015fini yapm\u0131yorsunuz, gerek\u00e7eniz ne? neden cevap vermiyorsunuz dan\u0131\u015fman\u0131m\u0131 yollad\u0131m siz yine a\u00e7\u0131klama yapm\u0131yorsunuz&#8217;dedi.<\/p>\n<p> Ankara&#8217;da korumas\u0131z gezdi\u011fini belirten Ak Parti \u015eanl\u0131urfa Milletvekili Ramazan Ba\u015fak&#8217; Ben bir hem\u015fehrimizin hakl\u0131 olmas\u0131na ra\u011fmen bir t\u00fcrl\u00fc atamas\u0131n\u0131n yap\u0131lmamas\u0131n\u0131 \u00f6\u011frenmek istedim, urfal\u0131 b\u00fcrokrat\u0131n yak\u0131nlar\u0131 ve kendisi 3-5 ayd\u0131r biz Milletvekillerine hakl\u0131 tepkilerini s\u00f6yledi.Bende dan\u0131\u015fman\u0131m\u0131 yollad\u0131m ve bilgi sahibi olmas\u0131n\u0131 istedim, ancak dan\u0131\u015fman\u0131ma bilgi verilmedi\u011fi gibi haks\u0131z bir ele\u015ftiriye maruz kald\u0131, beni arad\u0131, bende olaylar\u0131n daha da b\u00fcy\u00fcmemesi i\u00e7in Genel M\u00fcd\u00fcrl\u00fc\u011fe geldim, hi\u00e7 bir kuruma bask\u0131n yap\u0131lmad\u0131, geli\u015fmeler tarafl\u0131 bir \u015fekilde abart\u0131lara yay\u0131lm\u0131\u015ft\u0131r&#8217;dedi. \u00f6te yandan Tar\u0131m Reform Genel M\u00fcd\u00fcr\u00fc ve daire ba\u015fkan\u0131n\u0131n&nbsp;&nbsp; Ak Parti \u015eanl\u0131urfa Milletvekilini ar\u0131yarak kendisinden \u00f6z\u00fcr diledi\u011fi \u00f6\u011frenildi.<\/p>\n<p> \u00d6te yandan Urfa&#8217;l\u0131 b\u00fcrokrat\u0131n Babas\u0131 A.\u00d6 ise&#8217; O\u011flumun atamas\u0131n\u0131n yap\u0131lmas\u0131 gerekiyordu, Urfa&#8217;l\u0131 t\u00fcm Milletvekillerine gittim, ancak Ramazan Ba\u015fak bizim hakl\u0131 olmam\u0131z durumunda yard\u0131mc\u0131 olaca\u011f\u0131n\u0131 s\u00f6yledi, fakat Genel M\u00fcd\u00fcrl\u00fckte O\u011flumun atamas\u0131 bir t\u00fcrl\u00fc yap\u0131lmad\u0131 bunun \u00fczerine&nbsp; Milletvekilimiz Ba\u015fak&#8217;\u0131n dan\u0131\u015fman\u0131 giderek bilgi istedi, her hangi bir i\u015f\u00e7i al\u0131m\u0131 de\u011fil tamamen bir atamad\u0131r, olay\u0131 fark\u0131 y\u00f6ne \u00e7ekmenin anlam\u0131 yoktur, Milletvekili Ba\u015fak, hem\u015fehrisininin hakk\u0131n\u0131 aram\u0131\u015ft\u0131r&#8217;dedi.<\/p>\n<p> <\/strong><\/p>\n","protected":false},"excerpt":{"rendered":"<p>Ak Parti \u015eanl\u0131urfa Milletvekili Ramazan Ba\u015fak&#8217;\u0131n Personel al\u0131m i\u00e7in dan\u0131\u015fman\u0131 g\u00f6ndermedi\u011fi, bir Urfa&#8217;l\u0131 B\u00fcrokrat\u0131n atamas\u0131n\u0131n bir t\u00fcrl\u00fc yap\u0131lmamas\u0131 \u00fczerine g\u00f6nderdi\u011fi ortaya \u00e7\u0131kt\u0131. Ak Parti \u015eanl\u0131urfa Milletvekili Ramazan Ba\u015fak&#8217;\u0131n Tar\u0131m Reformu Genel M\u00fcd\u00fcrl\u00fc\u011f\u00fcne i\u015f\u00e7i al\u0131m\u0131 de\u011fil, bir b\u00fcrokrat\u0131n atamas\u0131n\u0131n bir t\u00fcrl\u00fc yetkililer taraf\u0131ndan yap\u0131lmamas\u0131 \u00fczerine dan\u0131\u015fman\u0131n\u0131 bilgi almak i\u00e7in g\u00f6nderdi\u011fi ortaya \u00e7\u0131kt\u0131.D\u00fcn bir \u00e7ok haber sitesinde&nbsp; &hellip;<\/p>\n","protected":false},"author":2,"featured_media":245,"comment_status":"open","ping_status":"open","sticky":false,"template":"","format":"standard","meta":{"footnotes":""},"categories":[8],"tags":[],"class_list":["post-246","post","type-post","status-publish","format-standard","has-post-thumbnail","hentry","category-haberler-haberler"],"_links":{"self":[{"href":"https:\/\/www.ramazanbasak.com.tr\/index.php?rest_route=\/wp\/v2\/posts\/246","targetHints":{"allow":["GET"]}}],"collection":[{"href":"https:\/\/www.ramazanbasak.com.tr\/index.php?rest_route=\/wp\/v2\/posts"}],"about":[{"href":"https:\/\/www.ramazanbasak.com.tr\/index.php?rest_route=\/wp\/v2\/types\/post"}],"author":[{"embeddable":true,"href":"https:\/\/www.ramazanbasak.com.tr\/index.php?rest_route=\/wp\/v2\/users\/2"}],"replies":[{"embeddable":true,"href":"https:\/\/www.ramazanbasak.com.tr\/index.php?rest_route=%2Fwp%2Fv2%2Fcomments&post=246"}],"version-history":[{"count":0,"href":"https:\/\/www.ramazanbasak.com.tr\/index.php?rest_route=\/wp\/v2\/posts\/246\/revisions"}],"wp:featuredmedia":[{"embeddable":true,"href":"https:\/\/www.ramazanbasak.com.tr\/index.php?rest_route=\/wp\/v2\/media\/245"}],"wp:attachment":[{"href":"https:\/\/www.ramazanbasak.com.tr\/index.php?rest_route=%2Fwp%2Fv2%2Fmedia&parent=246"}],"wp:term":[{"taxonomy":"category","embeddable":true,"href":"https:\/\/www.ramazanbasak.com.tr\/index.php?rest_route=%2Fwp%2Fv2%2Fcategories&post=246"},{"taxonomy":"post_tag","embeddable":true,"href":"https:\/\/www.ramazanbasak.com.tr\/index.php?rest_route=%2Fwp%2Fv2%2Ftags&post=246"}],"curies":[{"name":"wp","href":"https:\/\/api.w.org\/{rel}","templated":true}]}}