{"id":247,"date":"2010-04-06T22:00:00","date_gmt":"2010-04-06T19:00:00","guid":{"rendered":"https:\/\/www.ramazanbasak.com.tr\/basak-polisin-bayramini-kutladi"},"modified":"2010-04-06T22:00:00","modified_gmt":"2010-04-06T19:00:00","slug":"basak-polisin-bayramini-kutladi","status":"publish","type":"post","link":"https:\/\/www.ramazanbasak.com.tr\/?p=247","title":{"rendered":"BA\u015eAK POL\u0130S\u0130N BAYRAMINI KUTLADI&#8230;"},"content":{"rendered":"<p><img loading=\"lazy\" decoding=\"async\" class=\" alignleft size-full wp-image-65\" align=\"left\" width=\"150\" height=\"150\" alt=\"\" src=\"https:\/\/www.ramazanbasak.com.tr\/wp-content\/uploads\/2008\/06\/2.jpg\" \/><\/p>\n<p><strong>Ak Parti \u015eanl\u0131urfa Milletvekili Ramazan Ba\u015fak, Polis Te\u015fkilat\u0131n\u0131n 165.y\u0131l d\u00f6n\u00fcm\u00fc nedeni ile bir kutlama mesaj\u0131 yay\u0131mlad\u0131. <!--more-->  <\/strong><\/p>\n<p>&nbsp;<\/p>\n<div style=\"margin: 0cm 0cm 10pt\">Ak Parti \u015eanl\u0131urfa Milletvekili Ramazan Ba\u015fak , Polis haftas\u0131 dolay\u0131s\u0131 ile bir mesaj yay\u0131nlad\u0131. Ba\u015fak ,Kutlama mesaj\u0131nda; &ldquo;Polis Te\u015fkilat\u0131n\u0131n kurulu\u015funun 165.y\u0131ld\u00f6n\u00fcm\u00fc m\u00fcnasebeti ile, \u00dclkemizin d\u00f6rt bir taraf\u0131nda b\u00fcy\u00fck bir \u00f6zveri ile \u00e7al\u0131\u015fan ve bu u\u011furda hi\u00e7bir fedakarl\u0131ktan ka\u00e7mayan T\u00fcrk Polisinin Bayram\u0131 kutlu Olsun&rsquo;dedi. Ak Parti \u015eanl\u0131urfa Milletvekili Ramazan Ba\u015fak yay\u0131mlad\u0131\u011f\u0131 mesaj\u0131nda<\/div>\n<div style=\"margin: 0cm 0cm 10pt\">&lsquo;T\u00fcrkiye Cumhuriyeti Devletimizin \u00dclkesi ve milletiyle b\u00f6l\u00fcnmez b\u00fct\u00fcnl\u00fc\u011f\u00fcn\u00fc, halk\u0131m\u0131z\u0131n can ve mal g\u00fcvenli\u011fini sa\u011flamak; huzur ve asayi\u015fi temin etmek, su\u00e7 i\u015flenmesini \u00f6nlemek ve su\u00e7lular\u0131 adalete teslim etmek gibi \u00f6nemli g\u00f6revleri bulunan ve bu g\u00f6revleri ba\u015far\u0131yla yerine getiren Polis Te\u015fkilat\u0131m\u0131za m\u00fcte\u015fekkiriz. \u00c7a\u011fda\u015f bir Devlet olman\u0131n en \u00f6nemli gereklerinden birisi insan hak ve \u00f6zg\u00fcrl\u00fcklerinin \u00f6n\u00fcndeki engellerin kald\u0131r\u0131lmas\u0131 ve hukukun \u00fcst\u00fcnl\u00fc\u011f\u00fc prensibinin sosyal ve siyasal alanda egemen k\u0131l\u0131nmas\u0131d\u0131r. Demokratik ve modern &nbsp;bir Devlet i\u00e7in ya\u015famsal \u00f6neme sahip bu temel ilkelerimiz uygulamaya ge\u00e7irilmesinde T\u00fcrk polis Te\u015fkilat\u0131m\u0131z \u00f6nemli bir rol almaktad\u0131r.. 165 y\u0131ll\u0131k bir kurum k\u00fclt\u00fcr\u00fcne sahip olan te\u015fkilat\u0131m\u0131z\u0131n bunu ba\u015faraca\u011f\u0131na inanc\u0131m\u0131z tamd\u0131r. Bu duygu ve d\u00fc\u015f\u00fcncelerimle Polis bayram\u0131n\u0131 kutlarken g\u00f6rev yapan Emniyet g\u00fc\u00e7lerimize kolayl\u0131klar ve G\u00f6revini yerine getirirken \u015fehit olan g\u00fcvenlik g\u00fc\u00e7lerimize Allah&quot;tan Rahmet, yak\u0131nlar\u0131na sab\u0131r ve ba\u015fsa\u011fl\u0131\u011f\u0131 diliyorum.dedi.<\/div>\n","protected":false},"excerpt":{"rendered":"<p>Ak Parti \u015eanl\u0131urfa Milletvekili Ramazan Ba\u015fak, Polis Te\u015fkilat\u0131n\u0131n 165.y\u0131l d\u00f6n\u00fcm\u00fc nedeni ile bir kutlama mesaj\u0131 yay\u0131mlad\u0131. &nbsp; Ak Parti \u015eanl\u0131urfa Milletvekili Ramazan Ba\u015fak , Polis haftas\u0131 dolay\u0131s\u0131 ile bir mesaj yay\u0131nlad\u0131. Ba\u015fak ,Kutlama mesaj\u0131nda; &ldquo;Polis Te\u015fkilat\u0131n\u0131n kurulu\u015funun 165.y\u0131ld\u00f6n\u00fcm\u00fc m\u00fcnasebeti ile, \u00dclkemizin d\u00f6rt bir taraf\u0131nda b\u00fcy\u00fck bir \u00f6zveri ile \u00e7al\u0131\u015fan ve bu u\u011furda hi\u00e7bir fedakarl\u0131ktan ka\u00e7mayan &hellip;<\/p>\n","protected":false},"author":2,"featured_media":65,"comment_status":"open","ping_status":"open","sticky":false,"template":"","format":"standard","meta":{"footnotes":""},"categories":[8],"tags":[],"class_list":["post-247","post","type-post","status-publish","format-standard","has-post-thumbnail","hentry","category-haberler-haberler"],"_links":{"self":[{"href":"https:\/\/www.ramazanbasak.com.tr\/index.php?rest_route=\/wp\/v2\/posts\/247","targetHints":{"allow":["GET"]}}],"collection":[{"href":"https:\/\/www.ramazanbasak.com.tr\/index.php?rest_route=\/wp\/v2\/posts"}],"about":[{"href":"https:\/\/www.ramazanbasak.com.tr\/index.php?rest_route=\/wp\/v2\/types\/post"}],"author":[{"embeddable":true,"href":"https:\/\/www.ramazanbasak.com.tr\/index.php?rest_route=\/wp\/v2\/users\/2"}],"replies":[{"embeddable":true,"href":"https:\/\/www.ramazanbasak.com.tr\/index.php?rest_route=%2Fwp%2Fv2%2Fcomments&post=247"}],"version-history":[{"count":0,"href":"https:\/\/www.ramazanbasak.com.tr\/index.php?rest_route=\/wp\/v2\/posts\/247\/revisions"}],"wp:featuredmedia":[{"embeddable":true,"href":"https:\/\/www.ramazanbasak.com.tr\/index.php?rest_route=\/wp\/v2\/media\/65"}],"wp:attachment":[{"href":"https:\/\/www.ramazanbasak.com.tr\/index.php?rest_route=%2Fwp%2Fv2%2Fmedia&parent=247"}],"wp:term":[{"taxonomy":"category","embeddable":true,"href":"https:\/\/www.ramazanbasak.com.tr\/index.php?rest_route=%2Fwp%2Fv2%2Fcategories&post=247"},{"taxonomy":"post_tag","embeddable":true,"href":"https:\/\/www.ramazanbasak.com.tr\/index.php?rest_route=%2Fwp%2Fv2%2Ftags&post=247"}],"curies":[{"name":"wp","href":"https:\/\/api.w.org\/{rel}","templated":true}]}}